{"id":14590,"date":"2023-05-22T16:55:54","date_gmt":"2023-05-22T16:55:54","guid":{"rendered":"https:\/\/delfoscba.com.ar\/\/dev\/\/?p=14590"},"modified":"2023-05-22T17:00:37","modified_gmt":"2023-05-22T17:00:37","slug":"como-impacta-la-confirmacion-de-que-cfk-no-sera-candidata-segun-las-encuestas-nacionales","status":"publish","type":"post","link":"https:\/\/delfoscba.com.ar\/dev\/politica\/como-impacta-la-confirmacion-de-que-cfk-no-sera-candidata-segun-las-encuestas-nacionales\/","title":{"rendered":"C\u00f3mo impacta la confirmaci\u00f3n de que CFK no ser\u00e1 candidata, seg\u00fan las encuestas nacionales"},"content":{"rendered":"\t\t<div data-elementor-type=\"wp-post\" data-elementor-id=\"14590\" class=\"elementor elementor-14590\" data-elementor-post-type=\"post\">\n\t\t\t\t\t\t<section class=\"elementor-section elementor-top-section elementor-element elementor-element-41498b4 elementor-section-height-min-height elementor-section-boxed elementor-section-height-default elementor-section-items-middle\" data-id=\"41498b4\" data-element_type=\"section\" data-e-type=\"section\" data-settings=\"{&quot;background_background&quot;:&quot;classic&quot;}\">\n\t\t\t\t\t\t\t<div class=\"elementor-background-overlay\"><\/div>\n\t\t\t\t\t\t\t<div class=\"elementor-container elementor-column-gap-no\">\n\t\t\t\t\t<div class=\"elementor-column elementor-col-100 elementor-top-column elementor-element elementor-element-a18ac89\" data-id=\"a18ac89\" data-element_type=\"column\" data-e-type=\"column\">\n\t\t\t<div class=\"elementor-widget-wrap elementor-element-populated\">\n\t\t\t\t\t\t<div class=\"elementor-element elementor-element-e493600 elementor-widget elementor-widget-heading\" data-id=\"e493600\" data-element_type=\"widget\" data-e-type=\"widget\" data-widget_type=\"heading.default\">\n\t\t\t\t\t<h2 class=\"elementor-heading-title elementor-size-large\">POL\u00cdTICA<\/h2>\t\t\t\t<\/div>\n\t\t\t\t\t<\/div>\n\t\t<\/div>\n\t\t\t\t\t<\/div>\n\t\t<\/section>\n\t\t\t\t<section class=\"elementor-section elementor-top-section elementor-element elementor-element-7dafb6e4 elementor-section-boxed elementor-section-height-default elementor-section-height-default\" data-id=\"7dafb6e4\" data-element_type=\"section\" data-e-type=\"section\">\n\t\t\t\t\t\t<div class=\"elementor-container elementor-column-gap-default\">\n\t\t\t\t\t<div class=\"elementor-column elementor-col-100 elementor-top-column elementor-element elementor-element-38ae5a14\" data-id=\"38ae5a14\" data-element_type=\"column\" data-e-type=\"column\">\n\t\t\t<div class=\"elementor-widget-wrap elementor-element-populated\">\n\t\t\t\t\t\t<div class=\"elementor-element elementor-element-f8a3207 elementor-widget elementor-widget-author-box\" data-id=\"f8a3207\" data-element_type=\"widget\" data-e-type=\"widget\" data-widget_type=\"author-box.default\">\n\t\t\t\t\t\t\t<div class=\"elementor-author-box\">\n\t\t\t\t\t\t\t<a href=\"https:\/\/delfoscba.com.ar\/\/dev\/\/nosotros\/\" class=\"elementor-author-box__avatar\">\n\t\t\t\t\t<img decoding=\"async\" src=\"https:\/\/delfoscba.com.ar\/dev\/wp-content\/uploads\/2021\/02\/norman-250x250-1.jpg\" alt=\"Picture of Norman Berra\" loading=\"lazy\">\n\t\t\t\t<\/a>\n\t\t\t\n\t\t\t<div class=\"elementor-author-box__text\">\n\t\t\t\t\t\t\t\t\t<a href=\"https:\/\/delfoscba.com.ar\/\/dev\/\/nosotros\/\">\n\t\t\t\t\t\t<h4 class=\"elementor-author-box__name\">\n\t\t\t\t\t\t\tNorman Berra\t\t\t\t\t\t<\/h4>\n\t\t\t\t\t<\/a>\n\t\t\t\t\n\t\t\t\t\t\t\t\t\t<div class=\"elementor-author-box__bio\">\n\t\t\t\t\t\t<p>L\u00edder de Proyectos<\/p>\n\t\t\t\t\t<\/div>\n\t\t\t\t\n\t\t\t\t\t\t\t<\/div>\n\t\t<\/div>\n\t\t\t\t\t\t<\/div>\n\t\t\t\t<div class=\"elementor-element elementor-element-7aefe4b4 elementor-widget elementor-widget-text-editor\" data-id=\"7aefe4b4\" data-element_type=\"widget\" data-e-type=\"widget\" data-widget_type=\"text-editor.default\">\n\t\t\t\t\t\t\t\t\t<p><a href=\"https:\/\/delfoscba.com.ar\/\/dev\/\/wp-content\/uploads\/2023\/05\/1-2-3.jpg\"><img fetchpriority=\"high\" decoding=\"async\" class=\"aligncenter wp-image-14591 size-large\" src=\"https:\/\/delfoscba.com.ar\/\/dev\/\/wp-content\/uploads\/2023\/05\/1-2-3-1024x575.jpg\" alt=\"\" width=\"1024\" height=\"575\" srcset=\"https:\/\/delfoscba.com.ar\/dev\/wp-content\/uploads\/2023\/05\/1-2-3-1024x575.jpg 1024w, https:\/\/delfoscba.com.ar\/dev\/wp-content\/uploads\/2023\/05\/1-2-3-300x169.jpg 300w, https:\/\/delfoscba.com.ar\/dev\/wp-content\/uploads\/2023\/05\/1-2-3-768x431.jpg 768w, https:\/\/delfoscba.com.ar\/dev\/wp-content\/uploads\/2023\/05\/1-2-3-1536x863.jpg 1536w, https:\/\/delfoscba.com.ar\/dev\/wp-content\/uploads\/2023\/05\/1-2-3-1080x607.jpg 1080w, https:\/\/delfoscba.com.ar\/dev\/wp-content\/uploads\/2023\/05\/1-2-3.jpg 1652w\" sizes=\"(max-width: 1024px) 100vw, 1024px\" \/><\/a><\/p><p>A fines de 2022, la vicepresidenta Cristina Fern\u00e1ndez plante\u00f3 que el contexto proscriptivo en su contra desde el Poder Judicial la hac\u00eda desistir de participar en el turno electoral de este a\u00f1o. En ese momento, la consultora D\u00b4Alessio\/IROL midi\u00f3 las primeras repercusiones de ese anuncio: 17% de los electores a nivel pa\u00eds consider\u00f3 que eso le deba m\u00e1s competitividad al peronismo, para poco m\u00e1s de la mitad quedaba igual de competitivo y 28% consideraba que pod\u00eda mermarla (gr\u00e1fico arriba). La mayor preocupaci\u00f3n se daba al interior del Frente de Todos (FDT): 41% de sus votantes en 2021 cre\u00edan que eso pod\u00eda mermar el caudal del oficialismo, mientras que 45% que no esperaba cambios. Dentro de Juntos por el Cambio (JXC), casi 60% consideraba que el peronismo segu\u00eda igual de competitivo sin ella y 23% que pod\u00eda mermarla, mientras que tres de cada cuatro libertarios consideraban que la competitividad no ser\u00eda afectada (gr\u00e1fico abajo).<\/p><p><a href=\"https:\/\/delfoscba.com.ar\/\/dev\/\/wp-content\/uploads\/2023\/05\/2-2-3.jpg\"><img decoding=\"async\" class=\"aligncenter wp-image-14592 size-large\" src=\"https:\/\/delfoscba.com.ar\/\/dev\/\/wp-content\/uploads\/2023\/05\/2-2-3-1024x575.jpg\" alt=\"\" width=\"1024\" height=\"575\" srcset=\"https:\/\/delfoscba.com.ar\/dev\/wp-content\/uploads\/2023\/05\/2-2-3-1024x575.jpg 1024w, https:\/\/delfoscba.com.ar\/dev\/wp-content\/uploads\/2023\/05\/2-2-3-300x169.jpg 300w, https:\/\/delfoscba.com.ar\/dev\/wp-content\/uploads\/2023\/05\/2-2-3-768x431.jpg 768w, https:\/\/delfoscba.com.ar\/dev\/wp-content\/uploads\/2023\/05\/2-2-3-1536x863.jpg 1536w, https:\/\/delfoscba.com.ar\/dev\/wp-content\/uploads\/2023\/05\/2-2-3-1080x607.jpg 1080w, https:\/\/delfoscba.com.ar\/dev\/wp-content\/uploads\/2023\/05\/2-2-3.jpg 1652w\" sizes=\"(max-width: 1024px) 100vw, 1024px\" \/><\/a><\/p><p>Seg\u00fan el mismo estudio, 42% ve\u00eda probable que ante esa situaci\u00f3n surgieran en el peronismo figuras m\u00e1s competitivas, vs 55% que lo cre\u00eda poco o no definitivamente (gr\u00e1fico abajo).<\/p><p><a href=\"https:\/\/delfoscba.com.ar\/\/dev\/\/wp-content\/uploads\/2023\/05\/3-2-3.jpg\"><img decoding=\"async\" class=\"aligncenter wp-image-14593 size-large\" src=\"https:\/\/delfoscba.com.ar\/\/dev\/\/wp-content\/uploads\/2023\/05\/3-2-3-1024x575.jpg\" alt=\"\" width=\"1024\" height=\"575\" srcset=\"https:\/\/delfoscba.com.ar\/dev\/wp-content\/uploads\/2023\/05\/3-2-3-1024x575.jpg 1024w, https:\/\/delfoscba.com.ar\/dev\/wp-content\/uploads\/2023\/05\/3-2-3-300x169.jpg 300w, https:\/\/delfoscba.com.ar\/dev\/wp-content\/uploads\/2023\/05\/3-2-3-768x431.jpg 768w, https:\/\/delfoscba.com.ar\/dev\/wp-content\/uploads\/2023\/05\/3-2-3-1536x863.jpg 1536w, https:\/\/delfoscba.com.ar\/dev\/wp-content\/uploads\/2023\/05\/3-2-3-1080x607.jpg 1080w, https:\/\/delfoscba.com.ar\/dev\/wp-content\/uploads\/2023\/05\/3-2-3.jpg 1652w\" sizes=\"(max-width: 1024px) 100vw, 1024px\" \/><\/a><\/p><p>En este caso, el mayor optimismo acumulado se ve\u00eda al interior del FDT: 53% de las opiniones. Dentro de JXC, apenas 36% cre\u00eda lo mismo, y s\u00f3lo el 21% de los libertarios (gr\u00e1fico abajo).<\/p><p><a href=\"https:\/\/delfoscba.com.ar\/\/dev\/\/wp-content\/uploads\/2023\/05\/4-2-3.jpg\"><img loading=\"lazy\" decoding=\"async\" class=\"aligncenter wp-image-14594 size-large\" src=\"https:\/\/delfoscba.com.ar\/\/dev\/\/wp-content\/uploads\/2023\/05\/4-2-3-1024x575.jpg\" alt=\"\" width=\"1024\" height=\"575\" srcset=\"https:\/\/delfoscba.com.ar\/dev\/wp-content\/uploads\/2023\/05\/4-2-3-1024x575.jpg 1024w, https:\/\/delfoscba.com.ar\/dev\/wp-content\/uploads\/2023\/05\/4-2-3-300x169.jpg 300w, https:\/\/delfoscba.com.ar\/dev\/wp-content\/uploads\/2023\/05\/4-2-3-768x431.jpg 768w, https:\/\/delfoscba.com.ar\/dev\/wp-content\/uploads\/2023\/05\/4-2-3-1536x863.jpg 1536w, https:\/\/delfoscba.com.ar\/dev\/wp-content\/uploads\/2023\/05\/4-2-3-1080x607.jpg 1080w, https:\/\/delfoscba.com.ar\/dev\/wp-content\/uploads\/2023\/05\/4-2-3.jpg 1652w\" sizes=\"(max-width: 1024px) 100vw, 1024px\" \/><\/a><\/p><p>Sin embargo, por ese entonces apenas 26% de los electores pensaba que CFK se mantendr\u00eda firme en su postura, vs 61% que cre\u00eda susceptible un cambio ante un \u201coperativo clamor\u201d (gr\u00e1fico abajo).<\/p><p><a href=\"https:\/\/delfoscba.com.ar\/\/dev\/\/wp-content\/uploads\/2023\/05\/5-2-3.jpg\"><img loading=\"lazy\" decoding=\"async\" class=\"aligncenter wp-image-14595 size-large\" src=\"https:\/\/delfoscba.com.ar\/\/dev\/\/wp-content\/uploads\/2023\/05\/5-2-3-1024x575.jpg\" alt=\"\" width=\"1024\" height=\"575\" srcset=\"https:\/\/delfoscba.com.ar\/dev\/wp-content\/uploads\/2023\/05\/5-2-3-1024x575.jpg 1024w, https:\/\/delfoscba.com.ar\/dev\/wp-content\/uploads\/2023\/05\/5-2-3-300x169.jpg 300w, https:\/\/delfoscba.com.ar\/dev\/wp-content\/uploads\/2023\/05\/5-2-3-768x431.jpg 768w, https:\/\/delfoscba.com.ar\/dev\/wp-content\/uploads\/2023\/05\/5-2-3-1536x863.jpg 1536w, https:\/\/delfoscba.com.ar\/dev\/wp-content\/uploads\/2023\/05\/5-2-3-1080x607.jpg 1080w, https:\/\/delfoscba.com.ar\/dev\/wp-content\/uploads\/2023\/05\/5-2-3.jpg 1652w\" sizes=\"(max-width: 1024px) 100vw, 1024px\" \/><\/a><\/p><p>Dentro del FDT, 52% cre\u00eda que la vicepresidenta mantendr\u00eda su postura, pero 4 de cada 10 ve\u00edan posible un cambio; en tanto, dentro de los votantes opositores de JXC casi 8 de cada 10 pensaban que ella pod\u00eda revisar su posici\u00f3n, misma proporci\u00f3n que entre libertarios (gr\u00e1fico abajo).<\/p><p><a href=\"https:\/\/delfoscba.com.ar\/\/dev\/\/wp-content\/uploads\/2023\/05\/6-2-3.jpg\"><img loading=\"lazy\" decoding=\"async\" class=\"aligncenter wp-image-14596 size-large\" src=\"https:\/\/delfoscba.com.ar\/\/dev\/\/wp-content\/uploads\/2023\/05\/6-2-3-1024x575.jpg\" alt=\"\" width=\"1024\" height=\"575\" srcset=\"https:\/\/delfoscba.com.ar\/dev\/wp-content\/uploads\/2023\/05\/6-2-3-1024x575.jpg 1024w, https:\/\/delfoscba.com.ar\/dev\/wp-content\/uploads\/2023\/05\/6-2-3-300x169.jpg 300w, https:\/\/delfoscba.com.ar\/dev\/wp-content\/uploads\/2023\/05\/6-2-3-768x431.jpg 768w, https:\/\/delfoscba.com.ar\/dev\/wp-content\/uploads\/2023\/05\/6-2-3-1536x863.jpg 1536w, https:\/\/delfoscba.com.ar\/dev\/wp-content\/uploads\/2023\/05\/6-2-3-1080x607.jpg 1080w, https:\/\/delfoscba.com.ar\/dev\/wp-content\/uploads\/2023\/05\/6-2-3.jpg 1652w\" sizes=\"(max-width: 1024px) 100vw, 1024px\" \/><\/a><\/p><p>M\u00e1s recientemente, en febrero pasado, la consultora Escenarios tambi\u00e9n sond\u00f3 el tema a nivel nacional: casi 33% de los electores se identific\u00f3 con la frase de que el anuncio de CFK le impact\u00f3 mucho pues hubiera querido votarla, mientras que casi 56% dijo que no tuvo impacto pues no pensaba hacerlo (gr\u00e1fico abajo). El primer guarismo se ubica en el orden de magnitud del caudal aproximado que alcanza el FDT con ella como figura competitiva en el promedio de las \u00faltimas 10 encuestas, lo que da cuenta de la relativa vitalidad del oficialismo pese a la crisis de coyuntura.<\/p><p><a href=\"https:\/\/delfoscba.com.ar\/\/dev\/\/wp-content\/uploads\/2023\/05\/7-1-2.jpg\"><img loading=\"lazy\" decoding=\"async\" class=\"aligncenter wp-image-14597 size-large\" src=\"https:\/\/delfoscba.com.ar\/\/dev\/\/wp-content\/uploads\/2023\/05\/7-1-2-1024x723.jpg\" alt=\"\" width=\"1024\" height=\"723\" srcset=\"https:\/\/delfoscba.com.ar\/dev\/wp-content\/uploads\/2023\/05\/7-1-2-1024x723.jpg 1024w, https:\/\/delfoscba.com.ar\/dev\/wp-content\/uploads\/2023\/05\/7-1-2-300x212.jpg 300w, https:\/\/delfoscba.com.ar\/dev\/wp-content\/uploads\/2023\/05\/7-1-2-768x542.jpg 768w, https:\/\/delfoscba.com.ar\/dev\/wp-content\/uploads\/2023\/05\/7-1-2-1080x762.jpg 1080w, https:\/\/delfoscba.com.ar\/dev\/wp-content\/uploads\/2023\/05\/7-1-2.jpg 1288w\" sizes=\"(max-width: 1024px) 100vw, 1024px\" \/><\/a><\/p><p>Seg\u00fan el mismo estudio, 26,1% de los electores cre\u00eda que la vicepresidente mantendr\u00eda su postura, contra casi 52% que no (gr\u00e1fico abajo).<\/p><p><a href=\"https:\/\/delfoscba.com.ar\/\/dev\/\/wp-content\/uploads\/2023\/05\/8-2.jpg\"><img loading=\"lazy\" decoding=\"async\" class=\"aligncenter wp-image-14598 size-large\" src=\"https:\/\/delfoscba.com.ar\/\/dev\/\/wp-content\/uploads\/2023\/05\/8-2-1024x723.jpg\" alt=\"\" width=\"1024\" height=\"723\" srcset=\"https:\/\/delfoscba.com.ar\/dev\/wp-content\/uploads\/2023\/05\/8-2-1024x723.jpg 1024w, https:\/\/delfoscba.com.ar\/dev\/wp-content\/uploads\/2023\/05\/8-2-300x212.jpg 300w, https:\/\/delfoscba.com.ar\/dev\/wp-content\/uploads\/2023\/05\/8-2-768x542.jpg 768w, https:\/\/delfoscba.com.ar\/dev\/wp-content\/uploads\/2023\/05\/8-2-1080x762.jpg 1080w, https:\/\/delfoscba.com.ar\/dev\/wp-content\/uploads\/2023\/05\/8-2.jpg 1288w\" sizes=\"(max-width: 1024px) 100vw, 1024px\" \/><\/a><\/p><p>En abril pasado, cuando el presidente Alberto Fern\u00e1ndez anunci\u00f3 que no ser\u00eda candidato, D\u00b4Alessio\/IROL volvi\u00f3 sobre el mismo tema: aunque 6 de cada 10 electores cre\u00edan que CFK no se presentar\u00eda, casi un tercio a\u00fan pensaba que s\u00ed. Dentro del FDT 42% sosten\u00eda esa creencia, contra 50% que se pronunciaba en contrario. En tanto, entre los votantes opositores, incluidos los de JXC y libertarios, predominaba la negativa (gr\u00e1fico abajo). La persistencia de la esperanza de que pod\u00eda reconsiderar su decisi\u00f3n permite entender c\u00f3mo el \u201coperativo clamor\u201d ha podido sostenerse tantos meses despu\u00e9s de su primer anuncio.<\/p><p><a href=\"https:\/\/delfoscba.com.ar\/\/dev\/\/wp-content\/uploads\/2023\/05\/9-2.jpg\"><img loading=\"lazy\" decoding=\"async\" class=\"aligncenter wp-image-14599 size-full\" src=\"https:\/\/delfoscba.com.ar\/\/dev\/\/wp-content\/uploads\/2023\/05\/9-2.jpg\" alt=\"\" width=\"720\" height=\"349\" srcset=\"https:\/\/delfoscba.com.ar\/dev\/wp-content\/uploads\/2023\/05\/9-2.jpg 720w, https:\/\/delfoscba.com.ar\/dev\/wp-content\/uploads\/2023\/05\/9-2-300x145.jpg 300w\" sizes=\"(max-width: 720px) 100vw, 720px\" \/><\/a><\/p><p>En ese marco, casi 6 de cada 10 electores consideraban que dentro del FDT competir\u00edan varios candidatos distintos en las primarias abiertas, simult\u00e1neas y obligatorias (PASO), mientras que casi 4 de cada 10 cre\u00edan en una candidatura de unidad; independientemente del color pol\u00edtico, en todos los casos la idea de candidato \u00fanico era minoritaria (gr\u00e1fico abajo).<\/p><p><a href=\"https:\/\/delfoscba.com.ar\/\/dev\/\/wp-content\/uploads\/2023\/05\/10-1.jpg\"><img loading=\"lazy\" decoding=\"async\" class=\"aligncenter wp-image-14600 size-full\" src=\"https:\/\/delfoscba.com.ar\/\/dev\/\/wp-content\/uploads\/2023\/05\/10-1.jpg\" alt=\"\" width=\"720\" height=\"349\" srcset=\"https:\/\/delfoscba.com.ar\/dev\/wp-content\/uploads\/2023\/05\/10-1.jpg 720w, https:\/\/delfoscba.com.ar\/dev\/wp-content\/uploads\/2023\/05\/10-1-300x145.jpg 300w\" sizes=\"(max-width: 720px) 100vw, 720px\" \/><\/a><\/p><p>Finalmente, la encuesta nacional de Federico Gonz\u00e1lez &amp; Asociados cerrada la semana pasada indag\u00f3 los sentimientos asociados a la decisi\u00f3n de la vicepresidenta: casi 38% se inclin\u00f3 por alegr\u00eda, 29,3% por alivio y 19,4% por indiferencia; fuera del top 3, le siguen tristeza con 10%, desilusi\u00f3n roza el 8%, desamparo ronda el 6% y sorpresa roza el 5%, con casi 14% de ns\/nc (gr\u00e1fico abajo). As\u00ed, los sentimientos con una resonancia emotiva cercana al pesimismo alcanzan casi 24%, guarismo que se ubica en el orden de magnitud del n\u00facleo duro kirchnerista, que sostiene la aspiraci\u00f3n de que ella sea candidata a contrapelo del contexto. En este marco se recrea la expectativa pol\u00edtica respecto al discurso de CFK en el acto previsto para este 25 de mayo, dado que el rol de la vicepresidenta como \u201cgran electora\u201d dentro del oficialismo puede hacer una diferencia de cara al armado para las PASO de agosto.<\/p><p><a href=\"https:\/\/delfoscba.com.ar\/\/dev\/\/wp-content\/uploads\/2023\/05\/11-1.jpg\"><img loading=\"lazy\" decoding=\"async\" class=\"aligncenter wp-image-14601 size-large\" src=\"https:\/\/delfoscba.com.ar\/\/dev\/\/wp-content\/uploads\/2023\/05\/11-1-1024x576.jpg\" alt=\"\" width=\"1024\" height=\"576\" srcset=\"https:\/\/delfoscba.com.ar\/dev\/wp-content\/uploads\/2023\/05\/11-1-1024x576.jpg 1024w, https:\/\/delfoscba.com.ar\/dev\/wp-content\/uploads\/2023\/05\/11-1-300x169.jpg 300w, https:\/\/delfoscba.com.ar\/dev\/wp-content\/uploads\/2023\/05\/11-1-768x432.jpg 768w, https:\/\/delfoscba.com.ar\/dev\/wp-content\/uploads\/2023\/05\/11-1-1080x607.jpg 1080w, https:\/\/delfoscba.com.ar\/dev\/wp-content\/uploads\/2023\/05\/11-1.jpg 1466w\" sizes=\"(max-width: 1024px) 100vw, 1024px\" \/><\/a><\/p>\t\t\t\t\t\t\t\t<\/div>\n\t\t\t\t\t<\/div>\n\t\t<\/div>\n\t\t\t\t\t<\/div>\n\t\t<\/section>\n\t\t\t\t<section class=\"elementor-section elementor-top-section elementor-element elementor-element-b28ac47 elementor-section-height-min-height elementor-section-boxed elementor-section-height-default elementor-section-items-middle\" data-id=\"b28ac47\" data-element_type=\"section\" data-e-type=\"section\" data-settings=\"{&quot;background_background&quot;:&quot;classic&quot;}\">\n\t\t\t\t\t\t\t<div class=\"elementor-background-overlay\"><\/div>\n\t\t\t\t\t\t\t<div class=\"elementor-container elementor-column-gap-default\">\n\t\t\t\t\t<div class=\"elementor-column elementor-col-100 elementor-top-column elementor-element elementor-element-88fba06\" data-id=\"88fba06\" data-element_type=\"column\" data-e-type=\"column\">\n\t\t\t<div class=\"elementor-widget-wrap elementor-element-populated\">\n\t\t\t\t\t\t<div class=\"elementor-element elementor-element-7e65226 elementor-widget elementor-widget-heading\" data-id=\"7e65226\" data-element_type=\"widget\" data-e-type=\"widget\" data-widget_type=\"heading.default\">\n\t\t\t\t\t<h2 class=\"elementor-heading-title elementor-size-large\">Seguinos en nuestras redes<\/h2>\t\t\t\t<\/div>\n\t\t\t\t<div class=\"elementor-element elementor-element-c37b7ef elementor-shape-circle e-grid-align-tablet-center e-grid-align-mobile-center e-grid-align-left elementor-grid-0 elementor-widget elementor-widget-social-icons\" data-id=\"c37b7ef\" data-element_type=\"widget\" data-e-type=\"widget\" data-widget_type=\"social-icons.default\">\n\t\t\t\t\t\t\t<div class=\"elementor-social-icons-wrapper elementor-grid\" role=\"list\">\n\t\t\t\t\t\t\t<span class=\"elementor-grid-item\" role=\"listitem\">\n\t\t\t\t\t<a class=\"elementor-icon elementor-social-icon elementor-social-icon-facebook-f elementor-repeater-item-lf5yt4c\" href=\"https:\/\/www.facebook.com\/ConsultoraDelfos\" target=\"_blank\">\n\t\t\t\t\t\t<span class=\"elementor-screen-only\">Facebook-f<\/span>\n\t\t\t\t\t\t<i aria-hidden=\"true\" class=\"fab fa-facebook-f\"><\/i>\t\t\t\t\t<\/a>\n\t\t\t\t<\/span>\n\t\t\t\t\t\t\t<span class=\"elementor-grid-item\" role=\"listitem\">\n\t\t\t\t\t<a class=\"elementor-icon elementor-social-icon elementor-social-icon-twitter elementor-repeater-item-01xie82\" href=\"https:\/\/twitter.com\/delfoscba\" target=\"_blank\">\n\t\t\t\t\t\t<span class=\"elementor-screen-only\">Twitter<\/span>\n\t\t\t\t\t\t<i aria-hidden=\"true\" class=\"fab fa-twitter\"><\/i>\t\t\t\t\t<\/a>\n\t\t\t\t<\/span>\n\t\t\t\t\t\t\t<span class=\"elementor-grid-item\" role=\"listitem\">\n\t\t\t\t\t<a class=\"elementor-icon elementor-social-icon elementor-social-icon-linkedin elementor-repeater-item-grhvqhn\" target=\"_blank\">\n\t\t\t\t\t\t<span class=\"elementor-screen-only\">Linkedin<\/span>\n\t\t\t\t\t\t<i aria-hidden=\"true\" class=\"fab fa-linkedin\"><\/i>\t\t\t\t\t<\/a>\n\t\t\t\t<\/span>\n\t\t\t\t\t<\/div>\n\t\t\t\t\t\t<\/div>\n\t\t\t\t\t<\/div>\n\t\t<\/div>\n\t\t\t\t\t<\/div>\n\t\t<\/section>\n\t\t\t\t<\/div>\n\t\t","protected":false},"excerpt":{"rendered":"<p>Escenarios sin Cristina pre y pos anuncio. C\u00f3mo se reconfigura el Frente de Todos y la pol\u00edtica nacional.<\/p>\n","protected":false},"author":2,"featured_media":14602,"comment_status":"open","ping_status":"open","sticky":false,"template":"","format":"standard","meta":{"_acf_changed":false,"footnotes":""},"categories":[3],"tags":[526,922,39,619,258,1003,40,38,606,264,1008,934,348,128,403,97,246,712,929,230,992,368,1009,454,369,1007,354,743,180,977,356,404,978,569,547,57,188,247,994,755,997,935,488,607],"class_list":["post-14590","post","type-post","status-publish","format-standard","has-post-thumbnail","hentry","category-politica","tag-526","tag-america","tag-argentina","tag-argentino","tag-bullrich","tag-bussi","tag-consultora","tag-cordoba","tag-corte","tag-cristina","tag-dalessio","tag-data","tag-datos","tag-delfos","tag-derecha","tag-elecciones","tag-encuestas","tag-escenarios","tag-espanol","tag-estadistica","tag-fallo","tag-fdt","tag-federico-gonzalez","tag-fernandez","tag-frente-de-todos","tag-irol","tag-juntos-por-el-cambio","tag-jxc","tag-kirchner","tag-la-libertad-avanza","tag-larreta","tag-liberales","tag-lla","tag-milei","tag-nacional","tag-norman-berra","tag-opinion-publica","tag-paso","tag-poder","tag-politico","tag-proyeccion","tag-statistics","tag-sudamerica","tag-suprema","et-has-post-format-content","et_post_format-et-post-format-standard"],"acf":[],"_links":{"self":[{"href":"https:\/\/delfoscba.com.ar\/dev\/wp-json\/wp\/v2\/posts\/14590","targetHints":{"allow":["GET"]}}],"collection":[{"href":"https:\/\/delfoscba.com.ar\/dev\/wp-json\/wp\/v2\/posts"}],"about":[{"href":"https:\/\/delfoscba.com.ar\/dev\/wp-json\/wp\/v2\/types\/post"}],"author":[{"embeddable":true,"href":"https:\/\/delfoscba.com.ar\/dev\/wp-json\/wp\/v2\/users\/2"}],"replies":[{"embeddable":true,"href":"https:\/\/delfoscba.com.ar\/dev\/wp-json\/wp\/v2\/comments?post=14590"}],"version-history":[{"count":4,"href":"https:\/\/delfoscba.com.ar\/dev\/wp-json\/wp\/v2\/posts\/14590\/revisions"}],"predecessor-version":[{"id":14606,"href":"https:\/\/delfoscba.com.ar\/dev\/wp-json\/wp\/v2\/posts\/14590\/revisions\/14606"}],"wp:featuredmedia":[{"embeddable":true,"href":"https:\/\/delfoscba.com.ar\/dev\/wp-json\/wp\/v2\/media\/14602"}],"wp:attachment":[{"href":"https:\/\/delfoscba.com.ar\/dev\/wp-json\/wp\/v2\/media?parent=14590"}],"wp:term":[{"taxonomy":"category","embeddable":true,"href":"https:\/\/delfoscba.com.ar\/dev\/wp-json\/wp\/v2\/categories?post=14590"},{"taxonomy":"post_tag","embeddable":true,"href":"https:\/\/delfoscba.com.ar\/dev\/wp-json\/wp\/v2\/tags?post=14590"}],"curies":[{"name":"wp","href":"https:\/\/api.w.org\/{rel}","templated":true}]}}