{"id":14656,"date":"2023-06-05T14:07:26","date_gmt":"2023-06-05T14:07:26","guid":{"rendered":"https:\/\/delfoscba.com.ar\/\/dev\/\/?p=14656"},"modified":"2023-06-05T14:12:56","modified_gmt":"2023-06-05T14:12:56","slug":"dado-un-escenario-de-tres-cuartos-de-cara-a-las-paso-como-podria-perfilarse-la-primera-vuelta-presidencial-de-octubre","status":"publish","type":"post","link":"https:\/\/delfoscba.com.ar\/dev\/politica\/dado-un-escenario-de-tres-cuartos-de-cara-a-las-paso-como-podria-perfilarse-la-primera-vuelta-presidencial-de-octubre\/","title":{"rendered":"Dado un escenario de tres cuartos de cara a las Paso, \u00bfc\u00f3mo podr\u00eda perfilarse la primera vuelta presidencial de octubre?"},"content":{"rendered":"\t\t<div data-elementor-type=\"wp-post\" data-elementor-id=\"14656\" class=\"elementor elementor-14656\" data-elementor-post-type=\"post\">\n\t\t\t\t\t\t<section class=\"elementor-section elementor-top-section elementor-element elementor-element-41498b4 elementor-section-height-min-height elementor-section-boxed elementor-section-height-default elementor-section-items-middle\" data-id=\"41498b4\" data-element_type=\"section\" data-e-type=\"section\" data-settings=\"{&quot;background_background&quot;:&quot;classic&quot;}\">\n\t\t\t\t\t\t\t<div class=\"elementor-background-overlay\"><\/div>\n\t\t\t\t\t\t\t<div class=\"elementor-container elementor-column-gap-no\">\n\t\t\t\t\t<div class=\"elementor-column elementor-col-100 elementor-top-column elementor-element elementor-element-a18ac89\" data-id=\"a18ac89\" data-element_type=\"column\" data-e-type=\"column\">\n\t\t\t<div class=\"elementor-widget-wrap elementor-element-populated\">\n\t\t\t\t\t\t<div class=\"elementor-element elementor-element-e493600 elementor-widget elementor-widget-heading\" data-id=\"e493600\" data-element_type=\"widget\" data-e-type=\"widget\" data-widget_type=\"heading.default\">\n\t\t\t\t\t<h2 class=\"elementor-heading-title elementor-size-large\">POL\u00cdTICA<\/h2>\t\t\t\t<\/div>\n\t\t\t\t\t<\/div>\n\t\t<\/div>\n\t\t\t\t\t<\/div>\n\t\t<\/section>\n\t\t\t\t<section class=\"elementor-section elementor-top-section elementor-element elementor-element-7dafb6e4 elementor-section-boxed elementor-section-height-default elementor-section-height-default\" data-id=\"7dafb6e4\" data-element_type=\"section\" data-e-type=\"section\">\n\t\t\t\t\t\t<div class=\"elementor-container elementor-column-gap-default\">\n\t\t\t\t\t<div class=\"elementor-column elementor-col-100 elementor-top-column elementor-element elementor-element-38ae5a14\" data-id=\"38ae5a14\" data-element_type=\"column\" data-e-type=\"column\">\n\t\t\t<div class=\"elementor-widget-wrap elementor-element-populated\">\n\t\t\t\t\t\t<div class=\"elementor-element elementor-element-f8a3207 elementor-widget elementor-widget-author-box\" data-id=\"f8a3207\" data-element_type=\"widget\" data-e-type=\"widget\" data-widget_type=\"author-box.default\">\n\t\t\t\t\t\t\t<div class=\"elementor-author-box\">\n\t\t\t\t\t\t\t<a href=\"https:\/\/delfoscba.com.ar\/\/dev\/\/nosotros\/\" class=\"elementor-author-box__avatar\">\n\t\t\t\t\t<img decoding=\"async\" src=\"https:\/\/delfoscba.com.ar\/dev\/wp-content\/uploads\/2021\/02\/norman-250x250-1.jpg\" alt=\"Picture of Norman Berra\" loading=\"lazy\">\n\t\t\t\t<\/a>\n\t\t\t\n\t\t\t<div class=\"elementor-author-box__text\">\n\t\t\t\t\t\t\t\t\t<a href=\"https:\/\/delfoscba.com.ar\/\/dev\/\/nosotros\/\">\n\t\t\t\t\t\t<h4 class=\"elementor-author-box__name\">\n\t\t\t\t\t\t\tNorman Berra\t\t\t\t\t\t<\/h4>\n\t\t\t\t\t<\/a>\n\t\t\t\t\n\t\t\t\t\t\t\t\t\t<div class=\"elementor-author-box__bio\">\n\t\t\t\t\t\t<p>L\u00edder de Proyectos<\/p>\n\t\t\t\t\t<\/div>\n\t\t\t\t\n\t\t\t\t\t\t\t<\/div>\n\t\t<\/div>\n\t\t\t\t\t\t<\/div>\n\t\t\t\t<div class=\"elementor-element elementor-element-7aefe4b4 elementor-widget elementor-widget-text-editor\" data-id=\"7aefe4b4\" data-element_type=\"widget\" data-e-type=\"widget\" data-widget_type=\"text-editor.default\">\n\t\t\t\t\t\t\t\t\t<p><a href=\"https:\/\/delfoscba.com.ar\/\/dev\/\/wp-content\/uploads\/2023\/06\/1.jpg\"><img fetchpriority=\"high\" decoding=\"async\" class=\"aligncenter wp-image-14663 size-large\" src=\"https:\/\/delfoscba.com.ar\/\/dev\/\/wp-content\/uploads\/2023\/06\/1-1024x1024.jpg\" alt=\"\" width=\"1024\" height=\"1024\" srcset=\"https:\/\/delfoscba.com.ar\/dev\/wp-content\/uploads\/2023\/06\/1-1024x1024.jpg 1024w, https:\/\/delfoscba.com.ar\/dev\/wp-content\/uploads\/2023\/06\/1-300x300.jpg 300w, https:\/\/delfoscba.com.ar\/dev\/wp-content\/uploads\/2023\/06\/1-150x150.jpg 150w, https:\/\/delfoscba.com.ar\/dev\/wp-content\/uploads\/2023\/06\/1-768x768.jpg 768w, https:\/\/delfoscba.com.ar\/dev\/wp-content\/uploads\/2023\/06\/1-440x440.jpg 440w, https:\/\/delfoscba.com.ar\/dev\/wp-content\/uploads\/2023\/06\/1.jpg 1080w\" sizes=\"(max-width: 1024px) 100vw, 1024px\" \/><\/a><\/p><p>En las primarias abiertas, simult\u00e1neas y obligatorias (PASO) de 2019, el Frente de Todos (FDT) obtuvo 49,79% de los votos y Juntos por el Cambio (JXC) 31,80%, y la tercera fuerza (Consenso Federal) apenas 8,15%. As\u00ed, la PASO mostr\u00f3 una fuerte polarizaci\u00f3n, con m\u00e1s de 80% para las dos fuerzas principales. En las PASO de 2015, el Frente para la Victoria (FPV) obtuvo 38,67%, Cambiemos 30,12% y Unidos por una Nueva Alternativa (UNA) 20,57%, un escenario menos polarizado. En la nota de la semana pasada, vimos que las \u00faltimas encuestas arrojan un escenario de tres cuartos sim\u00e9tricos: JXC 27%, LLA y el FDT en 25%; fuera del podio, el peronismo no K ronda el 4% y el FIT el 3%. Esa paridad dificulta pronosticar cu\u00e1l podr\u00eda ser la fuerza m\u00e1s votada el 13 de agosto y cu\u00e1l oferta ser\u00eda la m\u00e1s competitiva de cara a la primera vuelta. En Juntos, la disputa se centra en Patricia Bullrich (13% de intenci\u00f3n de voto) y Horacio Rodr\u00edguez Larreta (casi 11%); salvo que se fracture esa fuerza, el candidato presidencial saldr\u00eda del PRO, excluyendo a los radicales. En el FDT, el ministro de Econom\u00eda Sergio Massa es quien m\u00e1s mide (ronda 13%). Un primer escenario de cara a la primera vuelta ser\u00eda Massa\/Javier Milei\/Bullrich: seg\u00fan una encuesta reciente de Zuban C\u00f3rdoba &amp; Asociados, Massa alcanzar\u00eda 26,6% vs 26% de Milei (empate t\u00e9cnico) y 20,4% de Bullrich; Juan Schiaretti (la figura m\u00e1s competitiva del peronismo no K) alcanzar\u00eda casi 6% y Myriam Bregman (FIT) casi 3% (gr\u00e1fico arriba).<\/p><p><a href=\"https:\/\/delfoscba.com.ar\/\/dev\/\/wp-content\/uploads\/2023\/06\/2.jpg\"><img decoding=\"async\" class=\"aligncenter wp-image-14662 size-large\" src=\"https:\/\/delfoscba.com.ar\/\/dev\/\/wp-content\/uploads\/2023\/06\/2-1024x1024.jpg\" alt=\"\" width=\"1024\" height=\"1024\" srcset=\"https:\/\/delfoscba.com.ar\/dev\/wp-content\/uploads\/2023\/06\/2-1024x1024.jpg 1024w, https:\/\/delfoscba.com.ar\/dev\/wp-content\/uploads\/2023\/06\/2-300x300.jpg 300w, https:\/\/delfoscba.com.ar\/dev\/wp-content\/uploads\/2023\/06\/2-150x150.jpg 150w, https:\/\/delfoscba.com.ar\/dev\/wp-content\/uploads\/2023\/06\/2-768x768.jpg 768w, https:\/\/delfoscba.com.ar\/dev\/wp-content\/uploads\/2023\/06\/2-440x440.jpg 440w, https:\/\/delfoscba.com.ar\/dev\/wp-content\/uploads\/2023\/06\/2.jpg 1080w\" sizes=\"(max-width: 1024px) 100vw, 1024px\" \/><\/a><\/p><p>Un segundo escenario de cara a la primera vuelta podr\u00eda ser Massa (28%) vs Milei (22%) vs Rodr\u00edguez Larreta (24%), seg\u00fan el mismo informe. En este caso, el empate t\u00e9cnico se traslada al segundo lugar, Schiaretti sigue en torno al 6% y Bregman por debajo del 3% (gr\u00e1fico arriba). Esto sugiere que Rodr\u00edguez Larreta podr\u00eda ser relativamente m\u00e1s competitivo que Bullrich en\u00a0 octubre y Juntos tendr\u00eda mejores chances de definir la presidencia en una segunda vuelta frente a Massa como carta oficialista pero, como la leve ventaja de 2 pp sobre el candidato de LLA no resulta estad\u00edsticamente significativa, tampoco podr\u00eda descartarse un ballotage entre Massa y Milei.<\/p><p><a href=\"https:\/\/delfoscba.com.ar\/\/dev\/\/wp-content\/uploads\/2023\/06\/3.jpg\"><img decoding=\"async\" class=\"aligncenter wp-image-14661 size-large\" src=\"https:\/\/delfoscba.com.ar\/\/dev\/\/wp-content\/uploads\/2023\/06\/3-1024x575.jpg\" alt=\"\" width=\"1024\" height=\"575\" srcset=\"https:\/\/delfoscba.com.ar\/dev\/wp-content\/uploads\/2023\/06\/3-1024x575.jpg 1024w, https:\/\/delfoscba.com.ar\/dev\/wp-content\/uploads\/2023\/06\/3-300x168.jpg 300w, https:\/\/delfoscba.com.ar\/dev\/wp-content\/uploads\/2023\/06\/3-768x431.jpg 768w, https:\/\/delfoscba.com.ar\/dev\/wp-content\/uploads\/2023\/06\/3-1080x606.jpg 1080w, https:\/\/delfoscba.com.ar\/dev\/wp-content\/uploads\/2023\/06\/3.jpg 1468w\" sizes=\"(max-width: 1024px) 100vw, 1024px\" \/><\/a><\/p><p>La \u00faltima encuesta de Federico Gonz\u00e1lez y Asociados (FGA) muestra un panorama distinto: con Bullrich vencedora en las primarias de JXC, de cara a la primera vuelta la ex ministra de Seguridad rondar\u00eda 33%, Massa en 25,2% y Milei 24,1% (gr\u00e1fico arriba). En este caso, el empate t\u00e9cnico en el segundo lugar abre la posibilidad de que tanto el FDT como LLA pasen a segunda vuelta como de que se queden afuera. La izquierda se confirma en torno al 3%, pero el peronismo no K en este informe tiene una performance m\u00e1s d\u00e9bil que en el estudio de Zuban C\u00f3rdoba.<\/p><p><a href=\"https:\/\/delfoscba.com.ar\/\/dev\/\/wp-content\/uploads\/2023\/06\/4.jpg\"><img loading=\"lazy\" decoding=\"async\" class=\"aligncenter wp-image-14660 size-large\" src=\"https:\/\/delfoscba.com.ar\/\/dev\/\/wp-content\/uploads\/2023\/06\/4-1024x575.jpg\" alt=\"\" width=\"1024\" height=\"575\" srcset=\"https:\/\/delfoscba.com.ar\/dev\/wp-content\/uploads\/2023\/06\/4-1024x575.jpg 1024w, https:\/\/delfoscba.com.ar\/dev\/wp-content\/uploads\/2023\/06\/4-300x168.jpg 300w, https:\/\/delfoscba.com.ar\/dev\/wp-content\/uploads\/2023\/06\/4-768x431.jpg 768w, https:\/\/delfoscba.com.ar\/dev\/wp-content\/uploads\/2023\/06\/4-1080x606.jpg 1080w, https:\/\/delfoscba.com.ar\/dev\/wp-content\/uploads\/2023\/06\/4.jpg 1468w\" sizes=\"(max-width: 1024px) 100vw, 1024px\" \/><\/a><\/p><p>El escenario alternativo de FGA, con Rodr\u00edguez Larreta venciendo las primarias de Juntos, lo ubica con 23,1% de los\u00a0 votos, a Massa nuevamente con 25,2% y Milei en casi 28% (gr\u00e1fico arriba). Aqu\u00ed, el triple empate t\u00e9cnico abre la posibilidad de que cualquiera pase a segunda vuelta tanto como de quedarse afuera. La izquierda vuelve a rondar el 3% y el peronismo no K sigue por debajo del 3%.<\/p><p><a href=\"https:\/\/delfoscba.com.ar\/\/dev\/\/wp-content\/uploads\/2023\/06\/5.jpg\"><img loading=\"lazy\" decoding=\"async\" class=\"aligncenter wp-image-14659 size-large\" src=\"https:\/\/delfoscba.com.ar\/\/dev\/\/wp-content\/uploads\/2023\/06\/5-1024x575.jpg\" alt=\"\" width=\"1024\" height=\"575\" srcset=\"https:\/\/delfoscba.com.ar\/dev\/wp-content\/uploads\/2023\/06\/5-1024x575.jpg 1024w, https:\/\/delfoscba.com.ar\/dev\/wp-content\/uploads\/2023\/06\/5-300x168.jpg 300w, https:\/\/delfoscba.com.ar\/dev\/wp-content\/uploads\/2023\/06\/5-768x431.jpg 768w, https:\/\/delfoscba.com.ar\/dev\/wp-content\/uploads\/2023\/06\/5.jpg 1048w\" sizes=\"(max-width: 1024px) 100vw, 1024px\" \/><\/a><\/p><p>La \u00faltima encuesta de CELAG s\u00f3lo mide para la primera vuelta a Milei como candidato y los sellos de las dem\u00e1s fuerzas: LLA alcanza 29,3%, vs 26,1% del FDT y 24,6% de JXC, un escenario de triple empate t\u00e9cnico. Cualquiera del podio podr\u00eda pasar a segunda vuelta tanto como quedarse afuera; un candidato peronista por fuera del FDT rondar\u00eda el 6%, lo mismo que un radical disidente de Juntos, mientras que la izquierda alcanza 3,5% (gr\u00e1fico arriba).<\/p><p><a href=\"https:\/\/delfoscba.com.ar\/\/dev\/\/wp-content\/uploads\/2023\/06\/6.jpg\"><img loading=\"lazy\" decoding=\"async\" class=\"aligncenter wp-image-14658 size-full\" src=\"https:\/\/delfoscba.com.ar\/\/dev\/\/wp-content\/uploads\/2023\/06\/6.jpg\" alt=\"\" width=\"900\" height=\"506\" srcset=\"https:\/\/delfoscba.com.ar\/dev\/wp-content\/uploads\/2023\/06\/6.jpg 900w, https:\/\/delfoscba.com.ar\/dev\/wp-content\/uploads\/2023\/06\/6-300x169.jpg 300w, https:\/\/delfoscba.com.ar\/dev\/wp-content\/uploads\/2023\/06\/6-768x432.jpg 768w\" sizes=\"(max-width: 900px) 100vw, 900px\" \/><\/a><\/p><p>Gran parte de la incertidumbre se debe a que si LLA supera el umbral del 20% en las PASO, quedar\u00eda como una fuerza m\u00e1s competitiva que UNA en 2015. El corrimiento de JXC a la derecha, lejos de obturar el crecimiento de Milei, lo potenci\u00f3, al punto de que el resultado de la interna entre Rodr\u00edguez Larreta y Bullrich depende tanto del comportamiento de los electores permeables a la alianza como de la atracci\u00f3n que el libertario ejerce sobre ellos, pues captura una proporci\u00f3n de ex votantes de esa fuerza del 34% seg\u00fan Opinaia (contra 14% que captura del FDT; gr\u00e1fico arriba). Por eso, una interna cada vez m\u00e1s encarnizada en JXC podr\u00eda darle a Milei el pase a segunda vuelta frente al oficialismo. En resumen, del repaso de las \u00faltimas encuestas se puede concluir: 1) el FDT, al menos con Massa como candidato (ya sea vencedor de las primarias o bien como candidato de unidad) se mantiene competitivo en los escenarios de PASO y primera vuelta 2) en Juntos, la disputa entre Bullrich y Larreta no est\u00e1 zanjada, pues no hay consenso en las mediciones respecto a su performance en las PASO ni en primera vuelta 3) Milei se mantiene competitivo tanto en PASO como en primera vuelta 4) la competitividad de Milei afecta m\u00e1s a Juntos que al FDT, puesto que cuando m\u00e1s mide el libertario, menos tiende a medir la principal fuerza opositora 5) hoy, nadie tiene garantizado, ni mucho menos, el pase a segunda vuelta 6) mientras m\u00e1s disputada sea la PASO entre Bullrich y Larreta, m\u00e1s chances hay de que Milei gane el pase al ballotage, pues si la ex ministra le gana gana las primarias quiz\u00e1 no pueda retener el voto moderado de Juntos y tendr\u00eda que volver a medirse en primera vuelta con un Milei resiliente, mientas que si gana Rodr\u00edguez Larreta quiz\u00e1 no pueda retener el voto m\u00e1s duro y en primera vuelta competir\u00eda nuevamente con un Milei probablemente consolidado.<\/p>\t\t\t\t\t\t\t\t<\/div>\n\t\t\t\t\t<\/div>\n\t\t<\/div>\n\t\t\t\t\t<\/div>\n\t\t<\/section>\n\t\t\t\t<section class=\"elementor-section elementor-top-section elementor-element elementor-element-b28ac47 elementor-section-height-min-height elementor-section-boxed elementor-section-height-default elementor-section-items-middle\" data-id=\"b28ac47\" data-element_type=\"section\" data-e-type=\"section\" data-settings=\"{&quot;background_background&quot;:&quot;classic&quot;}\">\n\t\t\t\t\t\t\t<div class=\"elementor-background-overlay\"><\/div>\n\t\t\t\t\t\t\t<div class=\"elementor-container elementor-column-gap-default\">\n\t\t\t\t\t<div class=\"elementor-column elementor-col-100 elementor-top-column elementor-element elementor-element-88fba06\" data-id=\"88fba06\" data-element_type=\"column\" data-e-type=\"column\">\n\t\t\t<div class=\"elementor-widget-wrap elementor-element-populated\">\n\t\t\t\t\t\t<div class=\"elementor-element elementor-element-7e65226 elementor-widget elementor-widget-heading\" data-id=\"7e65226\" data-element_type=\"widget\" data-e-type=\"widget\" data-widget_type=\"heading.default\">\n\t\t\t\t\t<h2 class=\"elementor-heading-title elementor-size-large\">Seguinos en nuestras redes<\/h2>\t\t\t\t<\/div>\n\t\t\t\t<div class=\"elementor-element elementor-element-c37b7ef elementor-shape-circle e-grid-align-tablet-center e-grid-align-mobile-center e-grid-align-left elementor-grid-0 elementor-widget elementor-widget-social-icons\" data-id=\"c37b7ef\" data-element_type=\"widget\" data-e-type=\"widget\" data-widget_type=\"social-icons.default\">\n\t\t\t\t\t\t\t<div class=\"elementor-social-icons-wrapper elementor-grid\" role=\"list\">\n\t\t\t\t\t\t\t<span class=\"elementor-grid-item\" role=\"listitem\">\n\t\t\t\t\t<a class=\"elementor-icon elementor-social-icon elementor-social-icon-facebook-f elementor-repeater-item-lf5yt4c\" href=\"https:\/\/www.facebook.com\/ConsultoraDelfos\" target=\"_blank\">\n\t\t\t\t\t\t<span class=\"elementor-screen-only\">Facebook-f<\/span>\n\t\t\t\t\t\t<i aria-hidden=\"true\" class=\"fab fa-facebook-f\"><\/i>\t\t\t\t\t<\/a>\n\t\t\t\t<\/span>\n\t\t\t\t\t\t\t<span class=\"elementor-grid-item\" role=\"listitem\">\n\t\t\t\t\t<a class=\"elementor-icon elementor-social-icon elementor-social-icon-twitter elementor-repeater-item-01xie82\" href=\"https:\/\/twitter.com\/delfoscba\" target=\"_blank\">\n\t\t\t\t\t\t<span class=\"elementor-screen-only\">Twitter<\/span>\n\t\t\t\t\t\t<i aria-hidden=\"true\" class=\"fab fa-twitter\"><\/i>\t\t\t\t\t<\/a>\n\t\t\t\t<\/span>\n\t\t\t\t\t\t\t<span class=\"elementor-grid-item\" role=\"listitem\">\n\t\t\t\t\t<a class=\"elementor-icon elementor-social-icon elementor-social-icon-linkedin elementor-repeater-item-grhvqhn\" target=\"_blank\">\n\t\t\t\t\t\t<span class=\"elementor-screen-only\">Linkedin<\/span>\n\t\t\t\t\t\t<i aria-hidden=\"true\" class=\"fab fa-linkedin\"><\/i>\t\t\t\t\t<\/a>\n\t\t\t\t<\/span>\n\t\t\t\t\t<\/div>\n\t\t\t\t\t\t<\/div>\n\t\t\t\t\t<\/div>\n\t\t<\/div>\n\t\t\t\t\t<\/div>\n\t\t<\/section>\n\t\t\t\t<\/div>\n\t\t","protected":false},"excerpt":{"rendered":"<p>Alternativas oficialistas y opositoras, diferencias en las proyecciones y lucha por el electorado de derecha<\/p>\n","protected":false},"author":2,"featured_media":14657,"comment_status":"open","ping_status":"open","sticky":false,"template":"","format":"standard","meta":{"_acf_changed":false,"footnotes":""},"categories":[3],"tags":[526,922,39,619,258,998,307,40,38,606,264,934,348,695,128,403,97,246,712,929,230,368,1031,454,369,1032,1024,402,354,743,180,977,356,404,978,140,259,569,547,57,1033,188,247,994,755,997,1023,306,717,935,488,1030],"class_list":["post-14656","post","type-post","status-publish","format-standard","has-post-thumbnail","hentry","category-politica","tag-526","tag-america","tag-argentina","tag-argentino","tag-bullrich","tag-celag","tag-cfk","tag-consultora","tag-cordoba","tag-corte","tag-cristina","tag-data","tag-datos","tag-de-pedro","tag-delfos","tag-derecha","tag-elecciones","tag-encuestas","tag-escenarios","tag-espanol","tag-estadistica","tag-fdt","tag-federico","tag-fernandez","tag-frente-de-todos","tag-gonzalez","tag-grabois","tag-izquierda","tag-juntos-por-el-cambio","tag-jxc","tag-kirchner","tag-la-libertad-avanza","tag-larreta","tag-liberales","tag-lla","tag-macri","tag-massa","tag-milei","tag-nacional","tag-norman-berra","tag-opinaia","tag-opinion-publica","tag-paso","tag-poder","tag-politico","tag-proyeccion","tag-rossi","tag-schiaretti","tag-sergio","tag-statistics","tag-sudamerica","tag-zuban","et-has-post-format-content","et_post_format-et-post-format-standard"],"acf":[],"_links":{"self":[{"href":"https:\/\/delfoscba.com.ar\/dev\/wp-json\/wp\/v2\/posts\/14656","targetHints":{"allow":["GET"]}}],"collection":[{"href":"https:\/\/delfoscba.com.ar\/dev\/wp-json\/wp\/v2\/posts"}],"about":[{"href":"https:\/\/delfoscba.com.ar\/dev\/wp-json\/wp\/v2\/types\/post"}],"author":[{"embeddable":true,"href":"https:\/\/delfoscba.com.ar\/dev\/wp-json\/wp\/v2\/users\/2"}],"replies":[{"embeddable":true,"href":"https:\/\/delfoscba.com.ar\/dev\/wp-json\/wp\/v2\/comments?post=14656"}],"version-history":[{"count":7,"href":"https:\/\/delfoscba.com.ar\/dev\/wp-json\/wp\/v2\/posts\/14656\/revisions"}],"predecessor-version":[{"id":14670,"href":"https:\/\/delfoscba.com.ar\/dev\/wp-json\/wp\/v2\/posts\/14656\/revisions\/14670"}],"wp:featuredmedia":[{"embeddable":true,"href":"https:\/\/delfoscba.com.ar\/dev\/wp-json\/wp\/v2\/media\/14657"}],"wp:attachment":[{"href":"https:\/\/delfoscba.com.ar\/dev\/wp-json\/wp\/v2\/media?parent=14656"}],"wp:term":[{"taxonomy":"category","embeddable":true,"href":"https:\/\/delfoscba.com.ar\/dev\/wp-json\/wp\/v2\/categories?post=14656"},{"taxonomy":"post_tag","embeddable":true,"href":"https:\/\/delfoscba.com.ar\/dev\/wp-json\/wp\/v2\/tags?post=14656"}],"curies":[{"name":"wp","href":"https:\/\/api.w.org\/{rel}","templated":true}]}}