{"id":14764,"date":"2023-07-01T00:53:32","date_gmt":"2023-07-01T00:53:32","guid":{"rendered":"https:\/\/delfoscba.com.ar\/\/dev\/\/?p=14764"},"modified":"2023-07-03T14:46:07","modified_gmt":"2023-07-03T14:46:07","slug":"escenarios-por-formulas-hacia-las-paso-de-agosto","status":"publish","type":"post","link":"https:\/\/delfoscba.com.ar\/dev\/politica\/escenarios-por-formulas-hacia-las-paso-de-agosto\/","title":{"rendered":"Escenarios por f\u00f3rmulas hacia las PASO de agosto"},"content":{"rendered":"\t\t<div data-elementor-type=\"wp-post\" data-elementor-id=\"14764\" class=\"elementor elementor-14764\" data-elementor-post-type=\"post\">\n\t\t\t\t\t\t<section class=\"elementor-section elementor-top-section elementor-element elementor-element-41498b4 elementor-section-height-min-height elementor-section-boxed elementor-section-height-default elementor-section-items-middle\" data-id=\"41498b4\" data-element_type=\"section\" data-e-type=\"section\" data-settings=\"{&quot;background_background&quot;:&quot;classic&quot;}\">\n\t\t\t\t\t\t\t<div class=\"elementor-background-overlay\"><\/div>\n\t\t\t\t\t\t\t<div class=\"elementor-container elementor-column-gap-no\">\n\t\t\t\t\t<div class=\"elementor-column elementor-col-100 elementor-top-column elementor-element elementor-element-a18ac89\" data-id=\"a18ac89\" data-element_type=\"column\" data-e-type=\"column\">\n\t\t\t<div class=\"elementor-widget-wrap elementor-element-populated\">\n\t\t\t\t\t\t<div class=\"elementor-element elementor-element-e493600 elementor-widget elementor-widget-heading\" data-id=\"e493600\" data-element_type=\"widget\" data-e-type=\"widget\" data-widget_type=\"heading.default\">\n\t\t\t\t\t<h2 class=\"elementor-heading-title elementor-size-large\">POL\u00cdTICA<\/h2>\t\t\t\t<\/div>\n\t\t\t\t\t<\/div>\n\t\t<\/div>\n\t\t\t\t\t<\/div>\n\t\t<\/section>\n\t\t\t\t<section class=\"elementor-section elementor-top-section elementor-element elementor-element-7dafb6e4 elementor-section-boxed elementor-section-height-default elementor-section-height-default\" data-id=\"7dafb6e4\" data-element_type=\"section\" data-e-type=\"section\">\n\t\t\t\t\t\t<div class=\"elementor-container elementor-column-gap-default\">\n\t\t\t\t\t<div class=\"elementor-column elementor-col-100 elementor-top-column elementor-element elementor-element-38ae5a14\" data-id=\"38ae5a14\" data-element_type=\"column\" data-e-type=\"column\">\n\t\t\t<div class=\"elementor-widget-wrap elementor-element-populated\">\n\t\t\t\t\t\t<div class=\"elementor-element elementor-element-f8a3207 elementor-widget elementor-widget-author-box\" data-id=\"f8a3207\" data-element_type=\"widget\" data-e-type=\"widget\" data-widget_type=\"author-box.default\">\n\t\t\t\t\t\t\t<div class=\"elementor-author-box\">\n\t\t\t\t\t\t\t<a href=\"https:\/\/delfoscba.com.ar\/\/dev\/\/nosotros\/\" class=\"elementor-author-box__avatar\">\n\t\t\t\t\t<img decoding=\"async\" src=\"https:\/\/delfoscba.com.ar\/dev\/wp-content\/uploads\/2021\/02\/norman-250x250-1.jpg\" alt=\"Picture of Norman Berra\" loading=\"lazy\">\n\t\t\t\t<\/a>\n\t\t\t\n\t\t\t<div class=\"elementor-author-box__text\">\n\t\t\t\t\t\t\t\t\t<a href=\"https:\/\/delfoscba.com.ar\/\/dev\/\/nosotros\/\">\n\t\t\t\t\t\t<h4 class=\"elementor-author-box__name\">\n\t\t\t\t\t\t\tNorman Berra\t\t\t\t\t\t<\/h4>\n\t\t\t\t\t<\/a>\n\t\t\t\t\n\t\t\t\t\t\t\t\t\t<div class=\"elementor-author-box__bio\">\n\t\t\t\t\t\t<p>L\u00edder de Proyectos<\/p>\n\t\t\t\t\t<\/div>\n\t\t\t\t\n\t\t\t\t\t\t\t<\/div>\n\t\t<\/div>\n\t\t\t\t\t\t<\/div>\n\t\t\t\t<div class=\"elementor-element elementor-element-7aefe4b4 elementor-widget elementor-widget-text-editor\" data-id=\"7aefe4b4\" data-element_type=\"widget\" data-e-type=\"widget\" data-widget_type=\"text-editor.default\">\n\t\t\t\t\t\t\t\t\t<p><a href=\"https:\/\/delfoscba.com.ar\/\/dev\/\/wp-content\/uploads\/2023\/07\/1-1.jpg\"><img fetchpriority=\"high\" decoding=\"async\" class=\"aligncenter wp-image-14770 size-large\" src=\"https:\/\/delfoscba.com.ar\/\/dev\/\/wp-content\/uploads\/2023\/07\/1-1-1024x766.jpg\" alt=\"\" width=\"1024\" height=\"766\" srcset=\"https:\/\/delfoscba.com.ar\/dev\/wp-content\/uploads\/2023\/07\/1-1-1024x766.jpg 1024w, https:\/\/delfoscba.com.ar\/dev\/wp-content\/uploads\/2023\/07\/1-1-300x224.jpg 300w, https:\/\/delfoscba.com.ar\/dev\/wp-content\/uploads\/2023\/07\/1-1-768x574.jpg 768w, https:\/\/delfoscba.com.ar\/dev\/wp-content\/uploads\/2023\/07\/1-1-1080x807.jpg 1080w, https:\/\/delfoscba.com.ar\/dev\/wp-content\/uploads\/2023\/07\/1-1.jpg 1284w\" sizes=\"(max-width: 1024px) 100vw, 1024px\" \/><\/a><\/p><p><span style=\"font-weight: 400;\">Unos 30 d\u00edas atr\u00e1s, escribimos en este espacio: 1) el Frente de Todos (FDT), al menos con Sergio Massa como candidato (ya sea vencedor de las primarias o bien como prenda de unidad) se mantiene competitivo en los escenarios de primarias abiertas, simult\u00e1neas y obligatorias (PASO) y primera vuelta 2) en Juntos por el Cambio, la disputa entre Patricia Bullrich y Horacio Rodr\u00edguez Larreta no est\u00e1 zanjada 3) en ausencia de CFK, el ministro de Econom\u00eda ronda el 13% de intenci\u00f3n de voto y aventaja a las dem\u00e1s figuras del FDT. En poco m\u00e1s de una semana al cierre de junio, el FDT cambi\u00f3 de marca (ahora se denomina Uni\u00f3n por la Patria, UP) y resolvi\u00f3 una lista de unidad encabezada por su figura m\u00e1s competitiva, la del ministro de Econom\u00eda; si bien habilit\u00f3 una competencia acotada a Juan Grabois, desactiv\u00f3 las precandidaturas de Daniel Scioli y \u201cWado\u201d de Pedro, que podr\u00edan haber dividido el caudal oficialista en varios canales. En JXC se mantienen en competencia las figuras del PRO, que sacaban una clara ventaja a las provenientes de otras fuerzas de esa alianza. El primer efecto de estas definiciones queda claro al comparar dos fotos del antes y el despu\u00e9s: como midi\u00f3 consultora Opina a fines de mayo, Javier Milei era el candidato individualmente m\u00e1s votado (26%); si bien la sumatoria de fuerzas arrojaba un triple empate, la figura oficialista m\u00e1s potente del oficialismo (Massa) quedaba 12 puntos porcentuales detr\u00e1s del libertario y en empate t\u00e9cnico con la ex ministra de Seguridad por la posici\u00f3n de escolta (gr\u00e1fico arriba). Ahora, ya con el cierre de listas, CB Consultora reporta que Massa es el precandidato individualmente m\u00e1s votado (24,1%) y supera con comodidad a Grabois (5%) en UP, mientras que la posici\u00f3n de escolta es disputada en paridad por tres figuras: Bullrich (17,3%), Milei (17,2%) y Rodr\u00edguez Larreta (16,5%). En la sumatoria de fuerzas, JXC roza el 34% y aventaja a UP por 4,7 pp (empate t\u00e9cnico), mientras que LLA queda lejos de la pelea mayor, casi 12 pp detr\u00e1s del oficialismo. M\u00e1s lejos a\u00fan queda Juan Schiaretti (3,3%), en un cuarto pelot\u00f3n donde tambi\u00e9n compiten Guillermo Moreno (2,3%) y el Frente de Izquierda (1,6% con la sumatoria de dos listas; gr\u00e1fico abajo).\u00a0 <\/span><\/p><p><a href=\"https:\/\/delfoscba.com.ar\/\/dev\/\/wp-content\/uploads\/2023\/07\/2-1.jpg\"><img decoding=\"async\" class=\"aligncenter wp-image-14769 size-large\" src=\"https:\/\/delfoscba.com.ar\/\/dev\/\/wp-content\/uploads\/2023\/07\/2-1-1024x578.jpg\" alt=\"\" width=\"1024\" height=\"578\" srcset=\"https:\/\/delfoscba.com.ar\/dev\/wp-content\/uploads\/2023\/07\/2-1-1024x578.jpg 1024w, https:\/\/delfoscba.com.ar\/dev\/wp-content\/uploads\/2023\/07\/2-1-300x169.jpg 300w, https:\/\/delfoscba.com.ar\/dev\/wp-content\/uploads\/2023\/07\/2-1-768x433.jpg 768w, https:\/\/delfoscba.com.ar\/dev\/wp-content\/uploads\/2023\/07\/2-1-1080x609.jpg 1080w, https:\/\/delfoscba.com.ar\/dev\/wp-content\/uploads\/2023\/07\/2-1.jpg 1200w\" sizes=\"(max-width: 1024px) 100vw, 1024px\" \/><\/a><\/p><p><span style=\"font-weight: 400;\">Un panorama similar arroja la encuesta m\u00e1s reciente de Proyecci\u00f3n Consultores: Massa estira la ventaja sobre Grabois (30,3% vs 2,5%, 27,8 pp) y vuelve a quedar como el m\u00e1s votado individualmente. Bullrich estira la brecha sobre Rodr\u00edguez Larreta (20,6% vs 14,1%, 6,5 pp) y disputa con Milei la condici\u00f3n de escolta (la brecha de 1,8 pp entre ambos no resulta estad\u00edsticamente significativa). En la sumatoria de fuerzas, JXC roza el 35% y aventaja a UP por 1,9 pp (empate t\u00e9cnico y brecha m\u00e1s corta que la reportada por CB), mientras que LLA vuelve a quedar lejos de la pelea mayor, 11,5 pp detr\u00e1s del oficialismo. M\u00e1s rezagado aparece Schiaretti (casi 1%), en un cuarto pelot\u00f3n donde tambi\u00e9n compiten y el Frente de Izquierda (1,7%) y otras listas (1,4%; gr\u00e1fico abajo).\u00a0 <\/span><\/p><p><a href=\"https:\/\/delfoscba.com.ar\/\/dev\/\/wp-content\/uploads\/2023\/07\/3-1.jpg\"><img decoding=\"async\" class=\"aligncenter wp-image-14768 size-large\" src=\"https:\/\/delfoscba.com.ar\/\/dev\/\/wp-content\/uploads\/2023\/07\/3-1-1024x725.jpg\" alt=\"\" width=\"1024\" height=\"725\" srcset=\"https:\/\/delfoscba.com.ar\/dev\/wp-content\/uploads\/2023\/07\/3-1-1024x725.jpg 1024w, https:\/\/delfoscba.com.ar\/dev\/wp-content\/uploads\/2023\/07\/3-1-300x213.jpg 300w, https:\/\/delfoscba.com.ar\/dev\/wp-content\/uploads\/2023\/07\/3-1-768x544.jpg 768w, https:\/\/delfoscba.com.ar\/dev\/wp-content\/uploads\/2023\/07\/3-1-400x284.jpg 400w, https:\/\/delfoscba.com.ar\/dev\/wp-content\/uploads\/2023\/07\/3-1-1080x765.jpg 1080w, https:\/\/delfoscba.com.ar\/dev\/wp-content\/uploads\/2023\/07\/3-1.jpg 1200w\" sizes=\"(max-width: 1024px) 100vw, 1024px\" \/><\/a><\/p><p><span style=\"font-weight: 400;\">M\u00e1s all\u00e1 de sus matices, estas primeras dos mediciones posteriores al cierre de listas coinciden en lo central: 1) JXC disputa con UP la condici\u00f3n de primera fuerza, ambas en torno al 30% 2) Massa toma la delantera como precandidato individualmente m\u00e1s votado, lo que favorece la competitividad oficialista de cara a la primera vuelta de octubre 3) Milei est\u00e1 cerca del umbral del 20%, pero tercero y lejos del 30% 4) el panorama est\u00e1 m\u00e1s polarizado que hace un mes 5) en promedio, los indecisos rozan el 7%, por encima del cuarto pelot\u00f3n de fuerzas, que se ubican por debajo del 4%. Esto es consistente con el monitoreo de redes sociales de Taqui\u00f3n, que arroja un cierre de cierre de listas con claros ganadores en t\u00e9rminos de volumen de conversaci\u00f3n: Massa primero, escoltado por Bullrich; Rodr\u00edguez Larreta y Milei en tercer lugar. Grabois figura en cuarto t\u00e9rmino, mientras que Schiaretti, Moreno y las figuras de la izquierda aparecen relegadas (gr\u00e1fico abajo).<\/span><\/p><p><a href=\"https:\/\/delfoscba.com.ar\/\/dev\/\/wp-content\/uploads\/2023\/07\/4-1.jpg\"><img loading=\"lazy\" decoding=\"async\" class=\"aligncenter wp-image-14767 size-full\" src=\"https:\/\/delfoscba.com.ar\/\/dev\/\/wp-content\/uploads\/2023\/07\/4-1.jpg\" alt=\"\" width=\"432\" height=\"789\" srcset=\"https:\/\/delfoscba.com.ar\/dev\/wp-content\/uploads\/2023\/07\/4-1.jpg 432w, https:\/\/delfoscba.com.ar\/dev\/wp-content\/uploads\/2023\/07\/4-1-164x300.jpg 164w\" sizes=\"(max-width: 432px) 100vw, 432px\" \/><\/a><\/p><p><span style=\"font-weight: 400;\">La elecci\u00f3n de una figura moderada como la de Massa en UP perjudic\u00f3 claramente a dos precandidatos que tambi\u00e9n ven\u00edan apostando al centro electoral: Larreta en JXC y Schiaretti en Hacemos Unidos por Argentina. Adem\u00e1s, el gobernador cordob\u00e9s tampoco pudo capitalizar el triunfo en la elecci\u00f3n provincial del pasado domingo, puesto que la diferencia en el escrutinio provisorio termin\u00f3 siendo de 3 pp entre Mart\u00edn Llaryora y Luis Juez (gr\u00e1fico abajo).\u00a0<\/span><\/p><p><a href=\"https:\/\/delfoscba.com.ar\/\/dev\/\/wp-content\/uploads\/2023\/07\/5-1.jpg\"><img loading=\"lazy\" decoding=\"async\" class=\"aligncenter wp-image-14766 size-large\" src=\"https:\/\/delfoscba.com.ar\/\/dev\/\/wp-content\/uploads\/2023\/07\/5-1-1024x659.jpg\" alt=\"\" width=\"1024\" height=\"659\" srcset=\"https:\/\/delfoscba.com.ar\/dev\/wp-content\/uploads\/2023\/07\/5-1-1024x659.jpg 1024w, https:\/\/delfoscba.com.ar\/dev\/wp-content\/uploads\/2023\/07\/5-1-300x193.jpg 300w, https:\/\/delfoscba.com.ar\/dev\/wp-content\/uploads\/2023\/07\/5-1-768x495.jpg 768w, https:\/\/delfoscba.com.ar\/dev\/wp-content\/uploads\/2023\/07\/5-1.jpg 1056w\" sizes=\"(max-width: 1024px) 100vw, 1024px\" \/><\/a><\/p><p><span style=\"font-weight: 400;\">Eventualmente, el escrutinio definitivo puede estirar la diferencia por arriba de los 60 mil votos: seg\u00fan el conteo adicional de Hacemos Unidos por C\u00f3rdoba, la ventaja ser\u00eda de 62.368 votos (gr\u00e1fico abajo). En cualquier caso, Juez termin\u00f3 aceptando a rega\u00f1adientes la tercera derrota de su carrera por la gobernaci\u00f3n, pero hizo una elecci\u00f3n mejor de la esperada por HUXC.<\/span><\/p><p><a href=\"https:\/\/delfoscba.com.ar\/\/dev\/\/wp-content\/uploads\/2023\/07\/6-1.jpg\"><img loading=\"lazy\" decoding=\"async\" class=\"aligncenter wp-image-14765 size-large\" src=\"https:\/\/delfoscba.com.ar\/\/dev\/\/wp-content\/uploads\/2023\/07\/6-1-1024x576.jpg\" alt=\"\" width=\"1024\" height=\"576\" srcset=\"https:\/\/delfoscba.com.ar\/dev\/wp-content\/uploads\/2023\/07\/6-1-1024x576.jpg 1024w, https:\/\/delfoscba.com.ar\/dev\/wp-content\/uploads\/2023\/07\/6-1-300x169.jpg 300w, https:\/\/delfoscba.com.ar\/dev\/wp-content\/uploads\/2023\/07\/6-1-768x432.jpg 768w, https:\/\/delfoscba.com.ar\/dev\/wp-content\/uploads\/2023\/07\/6-1-1536x864.jpg 1536w, https:\/\/delfoscba.com.ar\/dev\/wp-content\/uploads\/2023\/07\/6-1-1080x608.jpg 1080w, https:\/\/delfoscba.com.ar\/dev\/wp-content\/uploads\/2023\/07\/6-1.jpg 1600w\" sizes=\"(max-width: 1024px) 100vw, 1024px\" \/><\/a><\/p>\t\t\t\t\t\t\t\t<\/div>\n\t\t\t\t\t<\/div>\n\t\t<\/div>\n\t\t\t\t\t<\/div>\n\t\t<\/section>\n\t\t\t\t<section class=\"elementor-section elementor-top-section elementor-element elementor-element-b28ac47 elementor-section-height-min-height elementor-section-boxed elementor-section-height-default elementor-section-items-middle\" data-id=\"b28ac47\" data-element_type=\"section\" data-e-type=\"section\" data-settings=\"{&quot;background_background&quot;:&quot;classic&quot;}\">\n\t\t\t\t\t\t\t<div class=\"elementor-background-overlay\"><\/div>\n\t\t\t\t\t\t\t<div class=\"elementor-container elementor-column-gap-default\">\n\t\t\t\t\t<div class=\"elementor-column elementor-col-100 elementor-top-column elementor-element elementor-element-88fba06\" data-id=\"88fba06\" data-element_type=\"column\" data-e-type=\"column\">\n\t\t\t<div class=\"elementor-widget-wrap elementor-element-populated\">\n\t\t\t\t\t\t<div class=\"elementor-element elementor-element-7e65226 elementor-widget elementor-widget-heading\" data-id=\"7e65226\" data-element_type=\"widget\" data-e-type=\"widget\" data-widget_type=\"heading.default\">\n\t\t\t\t\t<h2 class=\"elementor-heading-title elementor-size-large\">Seguinos en nuestras redes<\/h2>\t\t\t\t<\/div>\n\t\t\t\t<div class=\"elementor-element elementor-element-c37b7ef elementor-shape-circle e-grid-align-tablet-center e-grid-align-mobile-center e-grid-align-left elementor-grid-0 elementor-widget elementor-widget-social-icons\" data-id=\"c37b7ef\" data-element_type=\"widget\" data-e-type=\"widget\" data-widget_type=\"social-icons.default\">\n\t\t\t\t\t\t\t<div class=\"elementor-social-icons-wrapper elementor-grid\" role=\"list\">\n\t\t\t\t\t\t\t<span class=\"elementor-grid-item\" role=\"listitem\">\n\t\t\t\t\t<a class=\"elementor-icon elementor-social-icon elementor-social-icon-facebook-f elementor-repeater-item-lf5yt4c\" href=\"https:\/\/www.facebook.com\/ConsultoraDelfos\" target=\"_blank\">\n\t\t\t\t\t\t<span class=\"elementor-screen-only\">Facebook-f<\/span>\n\t\t\t\t\t\t<i aria-hidden=\"true\" class=\"fab fa-facebook-f\"><\/i>\t\t\t\t\t<\/a>\n\t\t\t\t<\/span>\n\t\t\t\t\t\t\t<span class=\"elementor-grid-item\" role=\"listitem\">\n\t\t\t\t\t<a class=\"elementor-icon elementor-social-icon elementor-social-icon-twitter elementor-repeater-item-01xie82\" href=\"https:\/\/twitter.com\/delfoscba\" target=\"_blank\">\n\t\t\t\t\t\t<span class=\"elementor-screen-only\">Twitter<\/span>\n\t\t\t\t\t\t<i aria-hidden=\"true\" class=\"fab fa-twitter\"><\/i>\t\t\t\t\t<\/a>\n\t\t\t\t<\/span>\n\t\t\t\t\t\t\t<span class=\"elementor-grid-item\" role=\"listitem\">\n\t\t\t\t\t<a class=\"elementor-icon elementor-social-icon elementor-social-icon-linkedin elementor-repeater-item-grhvqhn\" target=\"_blank\">\n\t\t\t\t\t\t<span class=\"elementor-screen-only\">Linkedin<\/span>\n\t\t\t\t\t\t<i aria-hidden=\"true\" class=\"fab fa-linkedin\"><\/i>\t\t\t\t\t<\/a>\n\t\t\t\t<\/span>\n\t\t\t\t\t<\/div>\n\t\t\t\t\t\t<\/div>\n\t\t\t\t\t<\/div>\n\t\t<\/div>\n\t\t\t\t\t<\/div>\n\t\t<\/section>\n\t\t\t\t<\/div>\n\t\t","protected":false},"excerpt":{"rendered":"<p>Con el foco puesto en las encuestas nacionales, analizamos el panorama de cara al primer turno de agosto<\/p>\n","protected":false},"author":2,"featured_media":14771,"comment_status":"open","ping_status":"open","sticky":false,"template":"","format":"standard","meta":{"_acf_changed":false,"footnotes":""},"categories":[3],"tags":[526,922,39,619,258,342,1052,307,40,38,264,934,348,128,1057,403,97,246,1056,712,1054,929,230,369,1041,383,354,743,291,977,356,404,978,583,140,569,547,57,188,247,1042,994,755,1055,997,306,935,488,1045,1044,1038,1053],"class_list":["post-14764","post","type-post","status-publish","format-standard","has-post-thumbnail","hentry","category-politica","tag-526","tag-america","tag-argentina","tag-argentino","tag-bullrich","tag-caba","tag-cb","tag-cfk","tag-consultora","tag-cordoba","tag-cristina","tag-data","tag-datos","tag-delfos","tag-demoras","tag-derecha","tag-elecciones","tag-encuestas","tag-escandalo","tag-escenarios","tag-escrutinio","tag-espanol","tag-estadistica","tag-frente-de-todos","tag-indecisos","tag-juez","tag-juntos-por-el-cambio","tag-jxc","tag-kirchnerismo","tag-la-libertad-avanza","tag-larreta","tag-liberales","tag-lla","tag-llaryora","tag-macri","tag-milei","tag-nacional","tag-norman-berra","tag-opinion-publica","tag-paso","tag-peronismo-federal","tag-poder","tag-politico","tag-provisorio","tag-proyeccion","tag-schiaretti","tag-statistics","tag-sudamerica","tag-taquion","tag-tendencias","tag-union-por-la-patria","tag-up","et-has-post-format-content","et_post_format-et-post-format-standard"],"acf":[],"_links":{"self":[{"href":"https:\/\/delfoscba.com.ar\/dev\/wp-json\/wp\/v2\/posts\/14764","targetHints":{"allow":["GET"]}}],"collection":[{"href":"https:\/\/delfoscba.com.ar\/dev\/wp-json\/wp\/v2\/posts"}],"about":[{"href":"https:\/\/delfoscba.com.ar\/dev\/wp-json\/wp\/v2\/types\/post"}],"author":[{"embeddable":true,"href":"https:\/\/delfoscba.com.ar\/dev\/wp-json\/wp\/v2\/users\/2"}],"replies":[{"embeddable":true,"href":"https:\/\/delfoscba.com.ar\/dev\/wp-json\/wp\/v2\/comments?post=14764"}],"version-history":[{"count":6,"href":"https:\/\/delfoscba.com.ar\/dev\/wp-json\/wp\/v2\/posts\/14764\/revisions"}],"predecessor-version":[{"id":14777,"href":"https:\/\/delfoscba.com.ar\/dev\/wp-json\/wp\/v2\/posts\/14764\/revisions\/14777"}],"wp:featuredmedia":[{"embeddable":true,"href":"https:\/\/delfoscba.com.ar\/dev\/wp-json\/wp\/v2\/media\/14771"}],"wp:attachment":[{"href":"https:\/\/delfoscba.com.ar\/dev\/wp-json\/wp\/v2\/media?parent=14764"}],"wp:term":[{"taxonomy":"category","embeddable":true,"href":"https:\/\/delfoscba.com.ar\/dev\/wp-json\/wp\/v2\/categories?post=14764"},{"taxonomy":"post_tag","embeddable":true,"href":"https:\/\/delfoscba.com.ar\/dev\/wp-json\/wp\/v2\/tags?post=14764"}],"curies":[{"name":"wp","href":"https:\/\/api.w.org\/{rel}","templated":true}]}}