{"id":14781,"date":"2023-07-07T21:55:57","date_gmt":"2023-07-07T21:55:57","guid":{"rendered":"https:\/\/delfoscba.com.ar\/\/dev\/\/?p=14781"},"modified":"2023-07-07T22:05:21","modified_gmt":"2023-07-07T22:05:21","slug":"polarizacion-incipiente-y-poco-espacio-para-el-peronismo-disidente","status":"publish","type":"post","link":"https:\/\/delfoscba.com.ar\/dev\/politica\/polarizacion-incipiente-y-poco-espacio-para-el-peronismo-disidente\/","title":{"rendered":"Polarizaci\u00f3n incipiente y poco espacio para el peronismo disidente"},"content":{"rendered":"\t\t<div data-elementor-type=\"wp-post\" data-elementor-id=\"14781\" class=\"elementor elementor-14781\" data-elementor-post-type=\"post\">\n\t\t\t\t\t\t<section class=\"elementor-section elementor-top-section elementor-element elementor-element-41498b4 elementor-section-height-min-height elementor-section-boxed elementor-section-height-default elementor-section-items-middle\" data-id=\"41498b4\" data-element_type=\"section\" data-e-type=\"section\" data-settings=\"{&quot;background_background&quot;:&quot;classic&quot;}\">\n\t\t\t\t\t\t\t<div class=\"elementor-background-overlay\"><\/div>\n\t\t\t\t\t\t\t<div class=\"elementor-container elementor-column-gap-no\">\n\t\t\t\t\t<div class=\"elementor-column elementor-col-100 elementor-top-column elementor-element elementor-element-a18ac89\" data-id=\"a18ac89\" data-element_type=\"column\" data-e-type=\"column\">\n\t\t\t<div class=\"elementor-widget-wrap elementor-element-populated\">\n\t\t\t\t\t\t<div class=\"elementor-element elementor-element-e493600 elementor-widget elementor-widget-heading\" data-id=\"e493600\" data-element_type=\"widget\" data-e-type=\"widget\" data-widget_type=\"heading.default\">\n\t\t\t\t\t<h2 class=\"elementor-heading-title elementor-size-large\">POL\u00cdTICA<\/h2>\t\t\t\t<\/div>\n\t\t\t\t\t<\/div>\n\t\t<\/div>\n\t\t\t\t\t<\/div>\n\t\t<\/section>\n\t\t\t\t<section class=\"elementor-section elementor-top-section elementor-element elementor-element-7dafb6e4 elementor-section-boxed elementor-section-height-default elementor-section-height-default\" data-id=\"7dafb6e4\" data-element_type=\"section\" data-e-type=\"section\">\n\t\t\t\t\t\t<div class=\"elementor-container elementor-column-gap-default\">\n\t\t\t\t\t<div class=\"elementor-column elementor-col-100 elementor-top-column elementor-element elementor-element-38ae5a14\" data-id=\"38ae5a14\" data-element_type=\"column\" data-e-type=\"column\">\n\t\t\t<div class=\"elementor-widget-wrap elementor-element-populated\">\n\t\t\t\t\t\t<div class=\"elementor-element elementor-element-f8a3207 elementor-widget elementor-widget-author-box\" data-id=\"f8a3207\" data-element_type=\"widget\" data-e-type=\"widget\" data-widget_type=\"author-box.default\">\n\t\t\t\t\t\t\t<div class=\"elementor-author-box\">\n\t\t\t\t\t\t\t<a href=\"https:\/\/delfoscba.com.ar\/\/dev\/\/nosotros\/\" class=\"elementor-author-box__avatar\">\n\t\t\t\t\t<img decoding=\"async\" src=\"https:\/\/delfoscba.com.ar\/dev\/wp-content\/uploads\/2021\/02\/norman-250x250-1.jpg\" alt=\"Picture of Norman Berra\" loading=\"lazy\">\n\t\t\t\t<\/a>\n\t\t\t\n\t\t\t<div class=\"elementor-author-box__text\">\n\t\t\t\t\t\t\t\t\t<a href=\"https:\/\/delfoscba.com.ar\/\/dev\/\/nosotros\/\">\n\t\t\t\t\t\t<h4 class=\"elementor-author-box__name\">\n\t\t\t\t\t\t\tNorman Berra\t\t\t\t\t\t<\/h4>\n\t\t\t\t\t<\/a>\n\t\t\t\t\n\t\t\t\t\t\t\t\t\t<div class=\"elementor-author-box__bio\">\n\t\t\t\t\t\t<p>L\u00edder de Proyectos<\/p>\n\t\t\t\t\t<\/div>\n\t\t\t\t\n\t\t\t\t\t\t\t<\/div>\n\t\t<\/div>\n\t\t\t\t\t\t<\/div>\n\t\t\t\t<div class=\"elementor-element elementor-element-7aefe4b4 elementor-widget elementor-widget-text-editor\" data-id=\"7aefe4b4\" data-element_type=\"widget\" data-e-type=\"widget\" data-widget_type=\"text-editor.default\">\n\t\t\t\t\t\t\t\t\t<p><a href=\"https:\/\/delfoscba.com.ar\/\/dev\/\/wp-content\/uploads\/2023\/07\/1-2.jpg\"><img fetchpriority=\"high\" decoding=\"async\" class=\"aligncenter wp-image-14782 size-large\" src=\"https:\/\/delfoscba.com.ar\/\/dev\/\/wp-content\/uploads\/2023\/07\/1-2-1024x575.jpg\" alt=\"\" width=\"1024\" height=\"575\" srcset=\"https:\/\/delfoscba.com.ar\/dev\/wp-content\/uploads\/2023\/07\/1-2-1024x575.jpg 1024w, https:\/\/delfoscba.com.ar\/dev\/wp-content\/uploads\/2023\/07\/1-2-300x168.jpg 300w, https:\/\/delfoscba.com.ar\/dev\/wp-content\/uploads\/2023\/07\/1-2-768x431.jpg 768w, https:\/\/delfoscba.com.ar\/dev\/wp-content\/uploads\/2023\/07\/1-2-1080x606.jpg 1080w, https:\/\/delfoscba.com.ar\/dev\/wp-content\/uploads\/2023\/07\/1-2.jpg 1468w\" sizes=\"(max-width: 1024px) 100vw, 1024px\" \/><\/a><\/p><p>En l\u00ednea con nuestra anterior nota en este espacio (*), las \u00faltimas mediciones realizadas luego del cierre de listas tienden a confirmar una incipiente polarizaci\u00f3n entre Uni\u00f3n por la Patria (UP) y Juntos por el Cambio. La Libertad Avanza (LLA) se ubica en tercer lugar y Hacemos por Nuestro Pa\u00eds (HXNP, que ayer se lanz\u00f3 en Buenos Aires y hoy lo hace en C\u00f3rdoba) figura lejos de la competencia mayor. La consultora Scidata realiz\u00f3 un an\u00e1lisis de la conversaci\u00f3n y las interacciones en redes sociales que permite indagar el impacto de la reconversi\u00f3n de la marca oficialista: el promedio de inter\u00e9s por los frentes electorales en la web marca un empate t\u00e9cnico entre UP y JXC, ambos con casi 40% de protagonismo digital, mientras que LLA alcanza 16,23% y el FIT ronda 4%. En tanto, los \u201cperonismos disidentes\u201d de Principios y Valores (PyV) y HxNP no llegan al 1% (gr\u00e1fico arriba). En t\u00e9rmino de nuevos seguidores, la flamante marca oficialista resulta la m\u00e1s beneficiada, con m\u00e1s de 44.000, en tanto que LLA acumula casi 40.000 en el \u00faltimo trimestre, contra casi 5.200 de JXC y menos de 1.000 del FIT (gr\u00e1fico abajo).<\/p><p><a href=\"https:\/\/delfoscba.com.ar\/\/dev\/\/wp-content\/uploads\/2023\/07\/2-2.jpg\"><img decoding=\"async\" class=\"aligncenter wp-image-14783 size-large\" src=\"https:\/\/delfoscba.com.ar\/\/dev\/\/wp-content\/uploads\/2023\/07\/2-2-1024x575.jpg\" alt=\"\" width=\"1024\" height=\"575\" srcset=\"https:\/\/delfoscba.com.ar\/dev\/wp-content\/uploads\/2023\/07\/2-2-1024x575.jpg 1024w, https:\/\/delfoscba.com.ar\/dev\/wp-content\/uploads\/2023\/07\/2-2-300x168.jpg 300w, https:\/\/delfoscba.com.ar\/dev\/wp-content\/uploads\/2023\/07\/2-2-768x431.jpg 768w, https:\/\/delfoscba.com.ar\/dev\/wp-content\/uploads\/2023\/07\/2-2-1080x606.jpg 1080w, https:\/\/delfoscba.com.ar\/dev\/wp-content\/uploads\/2023\/07\/2-2.jpg 1468w\" sizes=\"(max-width: 1024px) 100vw, 1024px\" \/><\/a><\/p><p>Seg\u00fan el mismo informe, la novedad del sello oficialista genera un respaldo al alza en Twitter, Facebook e Instagram (gr\u00e1fico abajo). \u00a0<\/p><p><a href=\"https:\/\/delfoscba.com.ar\/\/dev\/\/wp-content\/uploads\/2023\/07\/3-2.jpg\"><img decoding=\"async\" class=\"aligncenter wp-image-14784 size-large\" src=\"https:\/\/delfoscba.com.ar\/\/dev\/\/wp-content\/uploads\/2023\/07\/3-2-1024x575.jpg\" alt=\"\" width=\"1024\" height=\"575\" srcset=\"https:\/\/delfoscba.com.ar\/dev\/wp-content\/uploads\/2023\/07\/3-2-1024x575.jpg 1024w, https:\/\/delfoscba.com.ar\/dev\/wp-content\/uploads\/2023\/07\/3-2-300x168.jpg 300w, https:\/\/delfoscba.com.ar\/dev\/wp-content\/uploads\/2023\/07\/3-2-768x431.jpg 768w, https:\/\/delfoscba.com.ar\/dev\/wp-content\/uploads\/2023\/07\/3-2-1080x606.jpg 1080w, https:\/\/delfoscba.com.ar\/dev\/wp-content\/uploads\/2023\/07\/3-2.jpg 1468w\" sizes=\"(max-width: 1024px) 100vw, 1024px\" \/><\/a><\/p><p>\u00bfQu\u00e9 sucede con la variable intenci\u00f3n de voto? En este caso, hay matices. Seg\u00fan la \u00faltima encuesta de consultora Analog\u00edas, UP acumula 32,3% vs 32,7% de JXC: la brecha de 0,4 puntos porcentuales a favor de la principal fuerza opositora deja la disputa por la primera minor\u00eda electoral en situaci\u00f3n de empate t\u00e9cnico. Javier Milei, cabeza del binomio de LLA, roza el 18%, mientras que la f\u00f3rmula Juan Schiaretti-Florencio Randazzo ronda el 2% y Myriam Bregman-Nicol\u00e1s Del Ca\u00f1o el 1%, con casi 13% de indecisos (gr\u00e1fico abajo).<\/p><p><a href=\"https:\/\/delfoscba.com.ar\/\/dev\/\/wp-content\/uploads\/2023\/07\/4-2.jpg\"><img loading=\"lazy\" decoding=\"async\" class=\"aligncenter wp-image-14785 size-large\" src=\"https:\/\/delfoscba.com.ar\/\/dev\/\/wp-content\/uploads\/2023\/07\/4-2-1024x720.jpg\" alt=\"\" width=\"1024\" height=\"720\" srcset=\"https:\/\/delfoscba.com.ar\/dev\/wp-content\/uploads\/2023\/07\/4-2-1024x720.jpg 1024w, https:\/\/delfoscba.com.ar\/dev\/wp-content\/uploads\/2023\/07\/4-2-300x211.jpg 300w, https:\/\/delfoscba.com.ar\/dev\/wp-content\/uploads\/2023\/07\/4-2-768x540.jpg 768w, https:\/\/delfoscba.com.ar\/dev\/wp-content\/uploads\/2023\/07\/4-2-1080x760.jpg 1080w, https:\/\/delfoscba.com.ar\/dev\/wp-content\/uploads\/2023\/07\/4-2.jpg 1200w\" sizes=\"(max-width: 1024px) 100vw, 1024px\" \/><\/a><\/p><p>Con proyecci\u00f3n de indecisos, Clivajes tambi\u00e9n reporta un empate t\u00e9cnico en la disputa por la primera minor\u00eda electoral: casi 34% para Juntos vs 30,5% para UP, 18,4% para Milei, 3,4% para el FIT, y 2,6% para Schiaretti. En ese informe, Guillermo Moreno (PyV) roza el 2% y las dem\u00e1s listas no llegan individualmente al 1%, con un voto en blanco que ronda el 7% (gr\u00e1fico abajo).<\/p><p><a href=\"https:\/\/delfoscba.com.ar\/\/dev\/\/wp-content\/uploads\/2023\/07\/5-2.jpg\"><img loading=\"lazy\" decoding=\"async\" class=\"aligncenter wp-image-14786 size-large\" src=\"https:\/\/delfoscba.com.ar\/\/dev\/\/wp-content\/uploads\/2023\/07\/5-2-1024x575.jpg\" alt=\"\" width=\"1024\" height=\"575\" srcset=\"https:\/\/delfoscba.com.ar\/dev\/wp-content\/uploads\/2023\/07\/5-2-1024x575.jpg 1024w, https:\/\/delfoscba.com.ar\/dev\/wp-content\/uploads\/2023\/07\/5-2-300x169.jpg 300w, https:\/\/delfoscba.com.ar\/dev\/wp-content\/uploads\/2023\/07\/5-2-768x431.jpg 768w, https:\/\/delfoscba.com.ar\/dev\/wp-content\/uploads\/2023\/07\/5-2-1080x607.jpg 1080w, https:\/\/delfoscba.com.ar\/dev\/wp-content\/uploads\/2023\/07\/5-2.jpg 1100w\" sizes=\"(max-width: 1024px) 100vw, 1024px\" \/><\/a><\/p><p>La \u00faltima encuesta de Federico Gonz\u00e1lez &amp; Asociados reporta una brecha de 5 pp a favor de JXC sobre UP: 33,8% vs 28,8%. Milei ronda 17% y el FIT acumula 3,3%, mientras que Juan Schiaretti, Santiago C\u00faneo y\u00a0 Guillermo Moreno se ubican entre 1,5% y 1,9%. Hay casi 3% de voto en blanco y los indecisos rozan el 7% (gr\u00e1fico abajo).<\/p><p><a href=\"https:\/\/delfoscba.com.ar\/\/dev\/\/wp-content\/uploads\/2023\/07\/6-2.jpg\"><img loading=\"lazy\" decoding=\"async\" class=\"aligncenter wp-image-14787 size-large\" src=\"https:\/\/delfoscba.com.ar\/\/dev\/\/wp-content\/uploads\/2023\/07\/6-2-1024x576.jpg\" alt=\"\" width=\"1024\" height=\"576\" srcset=\"https:\/\/delfoscba.com.ar\/dev\/wp-content\/uploads\/2023\/07\/6-2-1024x576.jpg 1024w, https:\/\/delfoscba.com.ar\/dev\/wp-content\/uploads\/2023\/07\/6-2-300x169.jpg 300w, https:\/\/delfoscba.com.ar\/dev\/wp-content\/uploads\/2023\/07\/6-2-768x432.jpg 768w, https:\/\/delfoscba.com.ar\/dev\/wp-content\/uploads\/2023\/07\/6-2-1536x863.jpg 1536w, https:\/\/delfoscba.com.ar\/dev\/wp-content\/uploads\/2023\/07\/6-2-1080x607.jpg 1080w, https:\/\/delfoscba.com.ar\/dev\/wp-content\/uploads\/2023\/07\/6-2.jpg 1708w\" sizes=\"(max-width: 1024px) 100vw, 1024px\" \/><\/a><\/p><p>En cambio, el m\u00e1s reciente Term\u00f3metro Ciudadano de consultora Opinaia estira a 8 pp la ventaja de JXC sobre UP (32% a 24%), con Milei en 19%. Schiaretti y el FIT empatan en 3%, con 5% para otras listas, 4% de voto en blanco y 10% de indecisos (gr\u00e1fico abajo).<\/p><p><a href=\"https:\/\/delfoscba.com.ar\/\/dev\/\/wp-content\/uploads\/2023\/07\/7-1.jpg\"><img loading=\"lazy\" decoding=\"async\" class=\"aligncenter wp-image-14788 size-large\" src=\"https:\/\/delfoscba.com.ar\/\/dev\/\/wp-content\/uploads\/2023\/07\/7-1-1024x573.jpg\" alt=\"\" width=\"1024\" height=\"573\" srcset=\"https:\/\/delfoscba.com.ar\/dev\/wp-content\/uploads\/2023\/07\/7-1-1024x573.jpg 1024w, https:\/\/delfoscba.com.ar\/dev\/wp-content\/uploads\/2023\/07\/7-1-300x168.jpg 300w, https:\/\/delfoscba.com.ar\/dev\/wp-content\/uploads\/2023\/07\/7-1-768x430.jpg 768w, https:\/\/delfoscba.com.ar\/dev\/wp-content\/uploads\/2023\/07\/7-1-1080x605.jpg 1080w, https:\/\/delfoscba.com.ar\/dev\/wp-content\/uploads\/2023\/07\/7-1.jpg 1440w\" sizes=\"(max-width: 1024px) 100vw, 1024px\" \/><\/a><\/p><p>Finalmente, la ventaja m\u00e1s amplia a favor de JXC aparece en la medici\u00f3n de Observatorio Electoral Consultores: 40% para JXC vs 28% para UP (12 pp), con LLA en 15%, Moreno en 3% y empate entre Schiaretti-Randazzo y Bregman-Del Ca\u00f1o, ambos en 2%, con 8% de indecisos (gr\u00e1fico abajo).<\/p><p><a href=\"https:\/\/delfoscba.com.ar\/\/dev\/\/wp-content\/uploads\/2023\/07\/8.jpg\"><img loading=\"lazy\" decoding=\"async\" class=\"aligncenter wp-image-14789 size-full\" src=\"https:\/\/delfoscba.com.ar\/\/dev\/\/wp-content\/uploads\/2023\/07\/8.jpg\" alt=\"\" width=\"790\" height=\"553\" srcset=\"https:\/\/delfoscba.com.ar\/dev\/wp-content\/uploads\/2023\/07\/8.jpg 790w, https:\/\/delfoscba.com.ar\/dev\/wp-content\/uploads\/2023\/07\/8-300x210.jpg 300w, https:\/\/delfoscba.com.ar\/dev\/wp-content\/uploads\/2023\/07\/8-768x538.jpg 768w\" sizes=\"(max-width: 790px) 100vw, 790px\" \/><\/a><\/p><p>En s\u00edntesis, del an\u00e1lisis de estos seis estudios posteriores al cierre de f\u00f3rmulas se puede concluir: 1) el \u201crebranding\u201d oficialista fue exitoso, pues UP cuenta con protagonismo y visibilidad digital, y tambi\u00e9n es un sello competitivo en intenci\u00f3n de voto 2) la carrera hacia las primarias abiertas, simult\u00e1neas y obligatorias (PASO) del 13 de agosto se va polarizando entre UP y JXC 2) Milei se mantiene competitivo pero en tercer lugar, cerca del 20% de intenci\u00f3n de voto, muy por debajo del 30% que rondan las dos fuerzas principales que hoy disputan la primera minor\u00eda electoral 3) la brecha entre ellas var\u00eda desde un empate t\u00e9cnico en varias mediciones hasta un pico de 12 pp seg\u00fan Observatorio Electoral 4) en todos los casos, los \u201cperonismos disidentes\u201d que encabezan Schiaretti y Moreno aparecen por debajo del 5% de intenci\u00f3n de voto y lejos de la competencia mayor 5) esa posici\u00f3n \u00a0los hace vulnerables a la tendencia al \u201cvoto \u00fatil\u201d que suele generarse luego de las PASO.<\/p><p>(*) <a href=\"https:\/\/www.cba24n.com.ar\/argentina\/los-escenarios-por-formulas-hacia-las-primarias-de-agosto--segun-las-ultimas-encuestas-nacionales_a649ed0cc782502e952e54510)\">Los escenarios por f\u00f3rmulas hacia las primarias de agosto seg\u00fan las \u00faltimas encuestas nacionales<\/a><\/p>\t\t\t\t\t\t\t\t<\/div>\n\t\t\t\t\t<\/div>\n\t\t<\/div>\n\t\t\t\t\t<\/div>\n\t\t<\/section>\n\t\t\t\t<section class=\"elementor-section elementor-top-section elementor-element elementor-element-b28ac47 elementor-section-height-min-height elementor-section-boxed elementor-section-height-default elementor-section-items-middle\" data-id=\"b28ac47\" data-element_type=\"section\" data-e-type=\"section\" data-settings=\"{&quot;background_background&quot;:&quot;classic&quot;}\">\n\t\t\t\t\t\t\t<div class=\"elementor-background-overlay\"><\/div>\n\t\t\t\t\t\t\t<div class=\"elementor-container elementor-column-gap-default\">\n\t\t\t\t\t<div class=\"elementor-column elementor-col-100 elementor-top-column elementor-element elementor-element-88fba06\" data-id=\"88fba06\" data-element_type=\"column\" data-e-type=\"column\">\n\t\t\t<div class=\"elementor-widget-wrap elementor-element-populated\">\n\t\t\t\t\t\t<div class=\"elementor-element elementor-element-7e65226 elementor-widget elementor-widget-heading\" data-id=\"7e65226\" data-element_type=\"widget\" data-e-type=\"widget\" data-widget_type=\"heading.default\">\n\t\t\t\t\t<h2 class=\"elementor-heading-title elementor-size-large\">Seguinos en nuestras redes<\/h2>\t\t\t\t<\/div>\n\t\t\t\t<div class=\"elementor-element elementor-element-c37b7ef elementor-shape-circle e-grid-align-tablet-center e-grid-align-mobile-center e-grid-align-left elementor-grid-0 elementor-widget elementor-widget-social-icons\" data-id=\"c37b7ef\" data-element_type=\"widget\" data-e-type=\"widget\" data-widget_type=\"social-icons.default\">\n\t\t\t\t\t\t\t<div class=\"elementor-social-icons-wrapper elementor-grid\" role=\"list\">\n\t\t\t\t\t\t\t<span class=\"elementor-grid-item\" role=\"listitem\">\n\t\t\t\t\t<a class=\"elementor-icon elementor-social-icon elementor-social-icon-facebook-f elementor-repeater-item-lf5yt4c\" href=\"https:\/\/www.facebook.com\/ConsultoraDelfos\" target=\"_blank\">\n\t\t\t\t\t\t<span class=\"elementor-screen-only\">Facebook-f<\/span>\n\t\t\t\t\t\t<i aria-hidden=\"true\" class=\"fab fa-facebook-f\"><\/i>\t\t\t\t\t<\/a>\n\t\t\t\t<\/span>\n\t\t\t\t\t\t\t<span class=\"elementor-grid-item\" role=\"listitem\">\n\t\t\t\t\t<a class=\"elementor-icon elementor-social-icon elementor-social-icon-twitter elementor-repeater-item-01xie82\" href=\"https:\/\/twitter.com\/delfoscba\" target=\"_blank\">\n\t\t\t\t\t\t<span class=\"elementor-screen-only\">Twitter<\/span>\n\t\t\t\t\t\t<i aria-hidden=\"true\" class=\"fab fa-twitter\"><\/i>\t\t\t\t\t<\/a>\n\t\t\t\t<\/span>\n\t\t\t\t\t\t\t<span class=\"elementor-grid-item\" role=\"listitem\">\n\t\t\t\t\t<a class=\"elementor-icon elementor-social-icon elementor-social-icon-linkedin elementor-repeater-item-grhvqhn\" target=\"_blank\">\n\t\t\t\t\t\t<span class=\"elementor-screen-only\">Linkedin<\/span>\n\t\t\t\t\t\t<i aria-hidden=\"true\" class=\"fab fa-linkedin\"><\/i>\t\t\t\t\t<\/a>\n\t\t\t\t<\/span>\n\t\t\t\t\t<\/div>\n\t\t\t\t\t\t<\/div>\n\t\t\t\t\t<\/div>\n\t\t<\/div>\n\t\t\t\t\t<\/div>\n\t\t<\/section>\n\t\t\t\t<\/div>\n\t\t","protected":false},"excerpt":{"rendered":"<p>Milei se cae, Uni\u00f3n por la Patria eclipsa otros peronismos y Bullrich se distancia de Larreta<\/p>\n","protected":false},"author":2,"featured_media":14790,"comment_status":"open","ping_status":"open","sticky":false,"template":"","format":"standard","meta":{"_acf_changed":false,"footnotes":""},"categories":[3],"tags":[526,922,1061,39,619,258,342,307,999,40,38,264,934,348,128,1057,403,97,246,1056,712,1054,929,230,1009,369,1059,1060,1041,383,354,743,291,977,356,404,978,583,140,569,547,57,1062,1033,188,247,1042,994,755,1055,997,306,1058,935,488,1044,1038,1053],"class_list":["post-14781","post","type-post","status-publish","format-standard","has-post-thumbnail","hentry","category-politica","tag-526","tag-america","tag-analogias","tag-argentina","tag-argentino","tag-bullrich","tag-caba","tag-cfk","tag-clivajes","tag-consultora","tag-cordoba","tag-cristina","tag-data","tag-datos","tag-delfos","tag-demoras","tag-derecha","tag-elecciones","tag-encuestas","tag-escandalo","tag-escenarios","tag-escrutinio","tag-espanol","tag-estadistica","tag-federico-gonzalez","tag-frente-de-todos","tag-hacemos-por-nuestro-pais","tag-hxnp","tag-indecisos","tag-juez","tag-juntos-por-el-cambio","tag-jxc","tag-kirchnerismo","tag-la-libertad-avanza","tag-larreta","tag-liberales","tag-lla","tag-llaryora","tag-macri","tag-milei","tag-nacional","tag-norman-berra","tag-observatorio-electoral-consultores","tag-opinaia","tag-opinion-publica","tag-paso","tag-peronismo-federal","tag-poder","tag-politico","tag-provisorio","tag-proyeccion","tag-schiaretti","tag-scidata","tag-statistics","tag-sudamerica","tag-tendencias","tag-union-por-la-patria","tag-up","et-has-post-format-content","et_post_format-et-post-format-standard"],"acf":[],"_links":{"self":[{"href":"https:\/\/delfoscba.com.ar\/dev\/wp-json\/wp\/v2\/posts\/14781","targetHints":{"allow":["GET"]}}],"collection":[{"href":"https:\/\/delfoscba.com.ar\/dev\/wp-json\/wp\/v2\/posts"}],"about":[{"href":"https:\/\/delfoscba.com.ar\/dev\/wp-json\/wp\/v2\/types\/post"}],"author":[{"embeddable":true,"href":"https:\/\/delfoscba.com.ar\/dev\/wp-json\/wp\/v2\/users\/2"}],"replies":[{"embeddable":true,"href":"https:\/\/delfoscba.com.ar\/dev\/wp-json\/wp\/v2\/comments?post=14781"}],"version-history":[{"count":5,"href":"https:\/\/delfoscba.com.ar\/dev\/wp-json\/wp\/v2\/posts\/14781\/revisions"}],"predecessor-version":[{"id":14795,"href":"https:\/\/delfoscba.com.ar\/dev\/wp-json\/wp\/v2\/posts\/14781\/revisions\/14795"}],"wp:featuredmedia":[{"embeddable":true,"href":"https:\/\/delfoscba.com.ar\/dev\/wp-json\/wp\/v2\/media\/14790"}],"wp:attachment":[{"href":"https:\/\/delfoscba.com.ar\/dev\/wp-json\/wp\/v2\/media?parent=14781"}],"wp:term":[{"taxonomy":"category","embeddable":true,"href":"https:\/\/delfoscba.com.ar\/dev\/wp-json\/wp\/v2\/categories?post=14781"},{"taxonomy":"post_tag","embeddable":true,"href":"https:\/\/delfoscba.com.ar\/dev\/wp-json\/wp\/v2\/tags?post=14781"}],"curies":[{"name":"wp","href":"https:\/\/api.w.org\/{rel}","templated":true}]}}