{"id":14862,"date":"2023-07-21T23:42:47","date_gmt":"2023-07-21T23:42:47","guid":{"rendered":"https:\/\/delfoscba.com.ar\/\/dev\/\/?p=14862"},"modified":"2023-07-21T23:53:33","modified_gmt":"2023-07-21T23:53:33","slug":"la-interna-de-juntos-por-el-cambio-y-las-tendencias-en-union-por-la-patria","status":"publish","type":"post","link":"https:\/\/delfoscba.com.ar\/dev\/politica\/la-interna-de-juntos-por-el-cambio-y-las-tendencias-en-union-por-la-patria\/","title":{"rendered":"La interna de Juntos por el Cambio y las tendencias en Uni\u00f3n por la Patria"},"content":{"rendered":"\t\t<div data-elementor-type=\"wp-post\" data-elementor-id=\"14862\" class=\"elementor elementor-14862\" data-elementor-post-type=\"post\">\n\t\t\t\t\t\t<section class=\"elementor-section elementor-top-section elementor-element elementor-element-41498b4 elementor-section-height-min-height elementor-section-boxed elementor-section-height-default elementor-section-items-middle\" data-id=\"41498b4\" data-element_type=\"section\" data-e-type=\"section\" data-settings=\"{&quot;background_background&quot;:&quot;classic&quot;}\">\n\t\t\t\t\t\t\t<div class=\"elementor-background-overlay\"><\/div>\n\t\t\t\t\t\t\t<div class=\"elementor-container elementor-column-gap-no\">\n\t\t\t\t\t<div class=\"elementor-column elementor-col-100 elementor-top-column elementor-element elementor-element-a18ac89\" data-id=\"a18ac89\" data-element_type=\"column\" data-e-type=\"column\">\n\t\t\t<div class=\"elementor-widget-wrap elementor-element-populated\">\n\t\t\t\t\t\t<div class=\"elementor-element elementor-element-e493600 elementor-widget elementor-widget-heading\" data-id=\"e493600\" data-element_type=\"widget\" data-e-type=\"widget\" data-widget_type=\"heading.default\">\n\t\t\t\t\t<h2 class=\"elementor-heading-title elementor-size-large\">POL\u00cdTICA<\/h2>\t\t\t\t<\/div>\n\t\t\t\t\t<\/div>\n\t\t<\/div>\n\t\t\t\t\t<\/div>\n\t\t<\/section>\n\t\t\t\t<section class=\"elementor-section elementor-top-section elementor-element elementor-element-7dafb6e4 elementor-section-boxed elementor-section-height-default elementor-section-height-default\" data-id=\"7dafb6e4\" data-element_type=\"section\" data-e-type=\"section\">\n\t\t\t\t\t\t<div class=\"elementor-container elementor-column-gap-default\">\n\t\t\t\t\t<div class=\"elementor-column elementor-col-100 elementor-top-column elementor-element elementor-element-38ae5a14\" data-id=\"38ae5a14\" data-element_type=\"column\" data-e-type=\"column\">\n\t\t\t<div class=\"elementor-widget-wrap elementor-element-populated\">\n\t\t\t\t\t\t<div class=\"elementor-element elementor-element-f8a3207 elementor-widget elementor-widget-author-box\" data-id=\"f8a3207\" data-element_type=\"widget\" data-e-type=\"widget\" data-widget_type=\"author-box.default\">\n\t\t\t\t\t\t\t<div class=\"elementor-author-box\">\n\t\t\t\t\t\t\t<a href=\"https:\/\/delfoscba.com.ar\/\/dev\/\/nosotros\/\" class=\"elementor-author-box__avatar\">\n\t\t\t\t\t<img decoding=\"async\" src=\"https:\/\/delfoscba.com.ar\/dev\/wp-content\/uploads\/2021\/02\/norman-250x250-1.jpg\" alt=\"Picture of Norman Berra\" loading=\"lazy\">\n\t\t\t\t<\/a>\n\t\t\t\n\t\t\t<div class=\"elementor-author-box__text\">\n\t\t\t\t\t\t\t\t\t<a href=\"https:\/\/delfoscba.com.ar\/\/dev\/\/nosotros\/\">\n\t\t\t\t\t\t<h4 class=\"elementor-author-box__name\">\n\t\t\t\t\t\t\tNorman Berra\t\t\t\t\t\t<\/h4>\n\t\t\t\t\t<\/a>\n\t\t\t\t\n\t\t\t\t\t\t\t\t\t<div class=\"elementor-author-box__bio\">\n\t\t\t\t\t\t<p>L\u00edder de Proyectos<\/p>\n\t\t\t\t\t<\/div>\n\t\t\t\t\n\t\t\t\t\t\t\t<\/div>\n\t\t<\/div>\n\t\t\t\t\t\t<\/div>\n\t\t\t\t<div class=\"elementor-element elementor-element-7aefe4b4 elementor-widget elementor-widget-text-editor\" data-id=\"7aefe4b4\" data-element_type=\"widget\" data-e-type=\"widget\" data-widget_type=\"text-editor.default\">\n\t\t\t\t\t\t\t\t\t<p><a href=\"https:\/\/delfoscba.com.ar\/\/dev\/\/wp-content\/uploads\/2023\/07\/1-2-2.jpg\"><img fetchpriority=\"high\" decoding=\"async\" class=\"aligncenter wp-image-14869 size-full\" src=\"https:\/\/delfoscba.com.ar\/\/dev\/\/wp-content\/uploads\/2023\/07\/1-2-2.jpg\" alt=\"\" width=\"1004\" height=\"710\" srcset=\"https:\/\/delfoscba.com.ar\/dev\/wp-content\/uploads\/2023\/07\/1-2-2.jpg 1004w, https:\/\/delfoscba.com.ar\/dev\/wp-content\/uploads\/2023\/07\/1-2-2-300x212.jpg 300w, https:\/\/delfoscba.com.ar\/dev\/wp-content\/uploads\/2023\/07\/1-2-2-768x543.jpg 768w, https:\/\/delfoscba.com.ar\/dev\/wp-content\/uploads\/2023\/07\/1-2-2-400x284.jpg 400w\" sizes=\"(max-width: 1004px) 100vw, 1004px\" \/><\/a><\/p><p>En nuestra anterior nota en este espacio apuntamos que las \u00faltimas encuestas publicadas en julio perfilaban una disputa cerrada entre Maximiliano Pullaro y Carolina Losada en las primarias de Santa Fe que se celebraron este domingo 16. Sin embargo, el primero obtuvo 51,63% de los votos contra 34,20% de su contrincante en la interna y 14,18% de M\u00f3nica Fein: la brecha fue de 17,43 puntos porcentuales (pp), de una contundencia que no anticip\u00f3 ning\u00fan sondeo conocido. De hecho, hay que remontarse hasta principios de junio para encontrar una encuesta en la cual la brecha entre Pullaro y Losada estuviera en torno a los 10 pp: por esas fechas, Management &amp; Fit ubicaba al vencedor adelante por una ventaja de 9,6 pp (gr\u00e1fico arriba).<\/p><p><a href=\"https:\/\/delfoscba.com.ar\/\/dev\/\/wp-content\/uploads\/2023\/07\/2-2-2.jpg\"><img decoding=\"async\" class=\"aligncenter wp-image-14868 size-large\" src=\"https:\/\/delfoscba.com.ar\/\/dev\/\/wp-content\/uploads\/2023\/07\/2-2-2-1024x575.jpg\" alt=\"\" width=\"1024\" height=\"575\" srcset=\"https:\/\/delfoscba.com.ar\/dev\/wp-content\/uploads\/2023\/07\/2-2-2-1024x575.jpg 1024w, https:\/\/delfoscba.com.ar\/dev\/wp-content\/uploads\/2023\/07\/2-2-2-300x168.jpg 300w, https:\/\/delfoscba.com.ar\/dev\/wp-content\/uploads\/2023\/07\/2-2-2-768x431.jpg 768w, https:\/\/delfoscba.com.ar\/dev\/wp-content\/uploads\/2023\/07\/2-2-2-1080x606.jpg 1080w, https:\/\/delfoscba.com.ar\/dev\/wp-content\/uploads\/2023\/07\/2-2-2.jpg 1468w\" sizes=\"(max-width: 1024px) 100vw, 1024px\" \/><\/a><\/p><p>El resultado de esas primarias tiene relevancia nacional por dos razones: 1) se trata de la tercera victoria al hilo de aliados distritales de Horacio Rodr\u00edguez Larreta, que se suma a San Luis y San Juan, si bien en Santa Fe a\u00fan falta la elecci\u00f3n general de septiembre para consagrar al nuevo gobernador 2) actualiza el debate sobre las encuestas de intenci\u00f3n de voto de cara a las primarias abiertas, simult\u00e1neas y obligatorias (PASO) de agosto. Si en Santa Fe las aproximaciones al resultado fueron relativas, \u00bfcu\u00e1les encuestas estar\u00e1n m\u00e1s cerca de la tendencia nacional, aquellas que le dan amplia ventaja a Patricia Bullrich sobre el jefe de gobierno de la Ciudad Aut\u00f3noma de Buenos Aires (CABA), o las que perfilan un escenario re\u00f1ido? Veamos: seg\u00fan la \u00faltima medici\u00f3n de Clivajes, Bullrich tiene una leve brecha sobre Larreta; 17,40% a 16,50%, es decir, menos de 1 pp (gr\u00e1fico arriba).<\/p><p><a href=\"https:\/\/delfoscba.com.ar\/\/dev\/\/wp-content\/uploads\/2023\/07\/3-2-2.jpg\"><img decoding=\"async\" class=\"aligncenter wp-image-14867 size-full\" src=\"https:\/\/delfoscba.com.ar\/\/dev\/\/wp-content\/uploads\/2023\/07\/3-2-2.jpg\" alt=\"\" width=\"540\" height=\"960\" srcset=\"https:\/\/delfoscba.com.ar\/dev\/wp-content\/uploads\/2023\/07\/3-2-2.jpg 540w, https:\/\/delfoscba.com.ar\/dev\/wp-content\/uploads\/2023\/07\/3-2-2-169x300.jpg 169w\" sizes=\"(max-width: 540px) 100vw, 540px\" \/><\/a><\/p><p>En cambio, seg\u00fan Zuban C\u00f3rdoba, Larreta tiene una leve ventaja sobre la ex ministra: 16,4% a 13,3%, es decir, 3,1 pp (gr\u00e1fico arriba). En rigor, estas dos encuestas arrojan empate t\u00e9cnico entre esos dos precandidatos, dado que las brechas resultan estad\u00edsticamente no significativas. En la misma l\u00ednea, la \u00faltima medici\u00f3n de Opina Argentina reporta un empate, con ambas figuras de JXC en 15% (gr\u00e1fico abajo).<\/p><p><a href=\"https:\/\/delfoscba.com.ar\/\/dev\/\/wp-content\/uploads\/2023\/07\/4-2-2.jpg\"><img loading=\"lazy\" decoding=\"async\" class=\"aligncenter wp-image-14866 size-large\" src=\"https:\/\/delfoscba.com.ar\/\/dev\/\/wp-content\/uploads\/2023\/07\/4-2-2-1024x767.jpg\" alt=\"\" width=\"1024\" height=\"767\" srcset=\"https:\/\/delfoscba.com.ar\/dev\/wp-content\/uploads\/2023\/07\/4-2-2-1024x767.jpg 1024w, https:\/\/delfoscba.com.ar\/dev\/wp-content\/uploads\/2023\/07\/4-2-2-300x225.jpg 300w, https:\/\/delfoscba.com.ar\/dev\/wp-content\/uploads\/2023\/07\/4-2-2-768x575.jpg 768w, https:\/\/delfoscba.com.ar\/dev\/wp-content\/uploads\/2023\/07\/4-2-2-1080x809.jpg 1080w, https:\/\/delfoscba.com.ar\/dev\/wp-content\/uploads\/2023\/07\/4-2-2.jpg 1100w\" sizes=\"(max-width: 1024px) 100vw, 1024px\" \/><\/a><\/p><p>En cambio, la m\u00e1s reciente medici\u00f3n de Federico Gonz\u00e1lez &amp; Asociados (FGA) reporta una ventaja de 9,2 pp para Bullrich sobre Larreta: 21,5% vs 12,3% (gr\u00e1fico abajo). En este caso, la diferencia resulta estad\u00edsticamente significativa, ya fuera del empate t\u00e9cnico.<\/p><p><a href=\"https:\/\/delfoscba.com.ar\/\/dev\/\/wp-content\/uploads\/2023\/07\/5-2-1.jpg\"><img loading=\"lazy\" decoding=\"async\" class=\"aligncenter wp-image-14865 size-large\" src=\"https:\/\/delfoscba.com.ar\/\/dev\/\/wp-content\/uploads\/2023\/07\/5-2-1-1024x576.jpg\" alt=\"\" width=\"1024\" height=\"576\" srcset=\"https:\/\/delfoscba.com.ar\/dev\/wp-content\/uploads\/2023\/07\/5-2-1-1024x576.jpg 1024w, https:\/\/delfoscba.com.ar\/dev\/wp-content\/uploads\/2023\/07\/5-2-1-300x169.jpg 300w, https:\/\/delfoscba.com.ar\/dev\/wp-content\/uploads\/2023\/07\/5-2-1-768x432.jpg 768w, https:\/\/delfoscba.com.ar\/dev\/wp-content\/uploads\/2023\/07\/5-2-1-1536x863.jpg 1536w, https:\/\/delfoscba.com.ar\/dev\/wp-content\/uploads\/2023\/07\/5-2-1-1080x607.jpg 1080w, https:\/\/delfoscba.com.ar\/dev\/wp-content\/uploads\/2023\/07\/5-2-1.jpg 1708w\" sizes=\"(max-width: 1024px) 100vw, 1024px\" \/><\/a><\/p><p>M\u00e1s contundente a\u00fan, el \u00faltimo informe de Giacobbe (consultor cercana a Bullrich) estira la ventaja a 18,2 pp: 25,7% vs 7,5% (gr\u00e1fico abajo). Clave a tener en cuenta: mientras las tres encuestas nacionales que le dan una ventaja a Bullrich que oscila entre un m\u00ednimo de menos de 1 pp (empate t\u00e9cnico) a un m\u00e1ximo de 18,2 pp se basan en relevamientos online o telef\u00f3nicos, las dos mediciones que muestran un empate neto o una leve ventaja del jefe de gobierno de CABA (3,1 pp, estad\u00edsticamente no significativa) son presenciales, lo que sugiere que las primeras tienden a captar m\u00e1s electores intensos mientras las segundas representan m\u00e1s a votantes moderados, con lo cual la pol\u00e9mica entre los consultores est\u00e1 servida. Finalmente, respecto a la competencia en Uni\u00f3n por la Patria (UP), m\u00e1s all\u00e1 de los matices metodol\u00f3gicos, la tendencia es clara: la ventaja de Sergio Massa sobre Juan Grabois oscila entre un m\u00ednimo de 9,3 pp (seg\u00fan Giacobbe) a un m\u00e1ximo de 26,2 pp (seg\u00fan FGA). Las dos encuestas presenciales (Zuban C\u00f3rdoba y Opina) coinciden en que la brecha ronda los 23 pp.<\/p><p><a href=\"https:\/\/delfoscba.com.ar\/\/dev\/\/wp-content\/uploads\/2023\/07\/6-2-1.jpg\"><img loading=\"lazy\" decoding=\"async\" class=\"aligncenter wp-image-14864 size-large\" src=\"https:\/\/delfoscba.com.ar\/\/dev\/\/wp-content\/uploads\/2023\/07\/6-2-1-1024x723.jpg\" alt=\"\" width=\"1024\" height=\"723\" srcset=\"https:\/\/delfoscba.com.ar\/dev\/wp-content\/uploads\/2023\/07\/6-2-1-1024x723.jpg 1024w, https:\/\/delfoscba.com.ar\/dev\/wp-content\/uploads\/2023\/07\/6-2-1-300x212.jpg 300w, https:\/\/delfoscba.com.ar\/dev\/wp-content\/uploads\/2023\/07\/6-2-1-768x542.jpg 768w, https:\/\/delfoscba.com.ar\/dev\/wp-content\/uploads\/2023\/07\/6-2-1-1080x762.jpg 1080w, https:\/\/delfoscba.com.ar\/dev\/wp-content\/uploads\/2023\/07\/6-2-1.jpg 1288w\" sizes=\"(max-width: 1024px) 100vw, 1024px\" \/><\/a><\/p>\t\t\t\t\t\t\t\t<\/div>\n\t\t\t\t\t<\/div>\n\t\t<\/div>\n\t\t\t\t\t<\/div>\n\t\t<\/section>\n\t\t\t\t<section class=\"elementor-section elementor-top-section elementor-element elementor-element-b28ac47 elementor-section-height-min-height elementor-section-boxed elementor-section-height-default elementor-section-items-middle\" data-id=\"b28ac47\" data-element_type=\"section\" data-e-type=\"section\" data-settings=\"{&quot;background_background&quot;:&quot;classic&quot;}\">\n\t\t\t\t\t\t\t<div class=\"elementor-background-overlay\"><\/div>\n\t\t\t\t\t\t\t<div class=\"elementor-container elementor-column-gap-default\">\n\t\t\t\t\t<div class=\"elementor-column elementor-col-100 elementor-top-column elementor-element elementor-element-88fba06\" data-id=\"88fba06\" data-element_type=\"column\" data-e-type=\"column\">\n\t\t\t<div class=\"elementor-widget-wrap elementor-element-populated\">\n\t\t\t\t\t\t<div class=\"elementor-element elementor-element-7e65226 elementor-widget elementor-widget-heading\" data-id=\"7e65226\" data-element_type=\"widget\" data-e-type=\"widget\" data-widget_type=\"heading.default\">\n\t\t\t\t\t<h2 class=\"elementor-heading-title elementor-size-large\">Seguinos en nuestras redes<\/h2>\t\t\t\t<\/div>\n\t\t\t\t<div class=\"elementor-element elementor-element-c37b7ef elementor-shape-circle e-grid-align-tablet-center e-grid-align-mobile-center e-grid-align-left elementor-grid-0 elementor-widget elementor-widget-social-icons\" data-id=\"c37b7ef\" data-element_type=\"widget\" data-e-type=\"widget\" data-widget_type=\"social-icons.default\">\n\t\t\t\t\t\t\t<div class=\"elementor-social-icons-wrapper elementor-grid\" role=\"list\">\n\t\t\t\t\t\t\t<span class=\"elementor-grid-item\" role=\"listitem\">\n\t\t\t\t\t<a class=\"elementor-icon elementor-social-icon elementor-social-icon-facebook-f elementor-repeater-item-lf5yt4c\" href=\"https:\/\/www.facebook.com\/ConsultoraDelfos\" target=\"_blank\">\n\t\t\t\t\t\t<span class=\"elementor-screen-only\">Facebook-f<\/span>\n\t\t\t\t\t\t<i aria-hidden=\"true\" class=\"fab fa-facebook-f\"><\/i>\t\t\t\t\t<\/a>\n\t\t\t\t<\/span>\n\t\t\t\t\t\t\t<span class=\"elementor-grid-item\" role=\"listitem\">\n\t\t\t\t\t<a class=\"elementor-icon elementor-social-icon elementor-social-icon-twitter elementor-repeater-item-01xie82\" href=\"https:\/\/twitter.com\/delfoscba\" target=\"_blank\">\n\t\t\t\t\t\t<span class=\"elementor-screen-only\">Twitter<\/span>\n\t\t\t\t\t\t<i aria-hidden=\"true\" class=\"fab fa-twitter\"><\/i>\t\t\t\t\t<\/a>\n\t\t\t\t<\/span>\n\t\t\t\t\t\t\t<span class=\"elementor-grid-item\" role=\"listitem\">\n\t\t\t\t\t<a class=\"elementor-icon elementor-social-icon elementor-social-icon-linkedin elementor-repeater-item-grhvqhn\" target=\"_blank\">\n\t\t\t\t\t\t<span class=\"elementor-screen-only\">Linkedin<\/span>\n\t\t\t\t\t\t<i aria-hidden=\"true\" class=\"fab fa-linkedin\"><\/i>\t\t\t\t\t<\/a>\n\t\t\t\t<\/span>\n\t\t\t\t\t<\/div>\n\t\t\t\t\t\t<\/div>\n\t\t\t\t\t<\/div>\n\t\t<\/div>\n\t\t\t\t\t<\/div>\n\t\t<\/section>\n\t\t\t\t<\/div>\n\t\t","protected":false},"excerpt":{"rendered":"<p>Renovamos el an\u00e1lisis sobre las din\u00e1micas puertas adentro de los principales partidos pol\u00edticos nacionales<\/p>\n","protected":false},"author":2,"featured_media":14863,"comment_status":"open","ping_status":"open","sticky":false,"template":"","format":"standard","meta":{"_acf_changed":false,"footnotes":""},"categories":[3],"tags":[526,922,39,619,258,342,307,40,38,934,348,128,403,97,246,712,1054,929,230,369,1041,1086,354,743,291,356,404,140,569,547,57,188,247,994,755,997,488,1044,1038,1053],"class_list":["post-14862","post","type-post","status-publish","format-standard","has-post-thumbnail","hentry","category-politica","tag-526","tag-america","tag-argentina","tag-argentino","tag-bullrich","tag-caba","tag-cfk","tag-consultora","tag-cordoba","tag-data","tag-datos","tag-delfos","tag-derecha","tag-elecciones","tag-encuestas","tag-escenarios","tag-escrutinio","tag-espanol","tag-estadistica","tag-frente-de-todos","tag-indecisos","tag-interna","tag-juntos-por-el-cambio","tag-jxc","tag-kirchnerismo","tag-larreta","tag-liberales","tag-macri","tag-milei","tag-nacional","tag-norman-berra","tag-opinion-publica","tag-paso","tag-poder","tag-politico","tag-proyeccion","tag-sudamerica","tag-tendencias","tag-union-por-la-patria","tag-up","et-has-post-format-content","et_post_format-et-post-format-standard"],"acf":[],"_links":{"self":[{"href":"https:\/\/delfoscba.com.ar\/dev\/wp-json\/wp\/v2\/posts\/14862","targetHints":{"allow":["GET"]}}],"collection":[{"href":"https:\/\/delfoscba.com.ar\/dev\/wp-json\/wp\/v2\/posts"}],"about":[{"href":"https:\/\/delfoscba.com.ar\/dev\/wp-json\/wp\/v2\/types\/post"}],"author":[{"embeddable":true,"href":"https:\/\/delfoscba.com.ar\/dev\/wp-json\/wp\/v2\/users\/2"}],"replies":[{"embeddable":true,"href":"https:\/\/delfoscba.com.ar\/dev\/wp-json\/wp\/v2\/comments?post=14862"}],"version-history":[{"count":7,"href":"https:\/\/delfoscba.com.ar\/dev\/wp-json\/wp\/v2\/posts\/14862\/revisions"}],"predecessor-version":[{"id":14876,"href":"https:\/\/delfoscba.com.ar\/dev\/wp-json\/wp\/v2\/posts\/14862\/revisions\/14876"}],"wp:featuredmedia":[{"embeddable":true,"href":"https:\/\/delfoscba.com.ar\/dev\/wp-json\/wp\/v2\/media\/14863"}],"wp:attachment":[{"href":"https:\/\/delfoscba.com.ar\/dev\/wp-json\/wp\/v2\/media?parent=14862"}],"wp:term":[{"taxonomy":"category","embeddable":true,"href":"https:\/\/delfoscba.com.ar\/dev\/wp-json\/wp\/v2\/categories?post=14862"},{"taxonomy":"post_tag","embeddable":true,"href":"https:\/\/delfoscba.com.ar\/dev\/wp-json\/wp\/v2\/tags?post=14862"}],"curies":[{"name":"wp","href":"https:\/\/api.w.org\/{rel}","templated":true}]}}