{"id":15011,"date":"2023-09-04T15:14:51","date_gmt":"2023-09-04T15:14:51","guid":{"rendered":"https:\/\/delfoscba.com.ar\/\/dev\/\/?p=15011"},"modified":"2023-09-04T17:15:12","modified_gmt":"2023-09-04T17:15:12","slug":"quienes-tienen-mas-chances-de-entrar-al-ballotage","status":"publish","type":"post","link":"https:\/\/delfoscba.com.ar\/dev\/politica\/quienes-tienen-mas-chances-de-entrar-al-ballotage\/","title":{"rendered":"Qui\u00e9nes tienen m\u00e1s chances de entrar al ballotage"},"content":{"rendered":"\t\t<div data-elementor-type=\"wp-post\" data-elementor-id=\"15011\" class=\"elementor elementor-15011\" data-elementor-post-type=\"post\">\n\t\t\t\t\t\t<section class=\"elementor-section elementor-top-section elementor-element elementor-element-41498b4 elementor-section-height-min-height elementor-section-boxed elementor-section-height-default elementor-section-items-middle\" data-id=\"41498b4\" data-element_type=\"section\" data-e-type=\"section\" data-settings=\"{&quot;background_background&quot;:&quot;classic&quot;}\">\n\t\t\t\t\t\t\t<div class=\"elementor-background-overlay\"><\/div>\n\t\t\t\t\t\t\t<div class=\"elementor-container elementor-column-gap-no\">\n\t\t\t\t\t<div class=\"elementor-column elementor-col-100 elementor-top-column elementor-element elementor-element-a18ac89\" data-id=\"a18ac89\" data-element_type=\"column\" data-e-type=\"column\">\n\t\t\t<div class=\"elementor-widget-wrap elementor-element-populated\">\n\t\t\t\t\t\t<div class=\"elementor-element elementor-element-e493600 elementor-widget elementor-widget-heading\" data-id=\"e493600\" data-element_type=\"widget\" data-e-type=\"widget\" data-widget_type=\"heading.default\">\n\t\t\t\t\t<h2 class=\"elementor-heading-title elementor-size-large\">POL\u00cdTICA<\/h2>\t\t\t\t<\/div>\n\t\t\t\t\t<\/div>\n\t\t<\/div>\n\t\t\t\t\t<\/div>\n\t\t<\/section>\n\t\t\t\t<section class=\"elementor-section elementor-top-section elementor-element elementor-element-7dafb6e4 elementor-section-boxed elementor-section-height-default elementor-section-height-default\" data-id=\"7dafb6e4\" data-element_type=\"section\" data-e-type=\"section\">\n\t\t\t\t\t\t<div class=\"elementor-container elementor-column-gap-default\">\n\t\t\t\t\t<div class=\"elementor-column elementor-col-100 elementor-top-column elementor-element elementor-element-38ae5a14\" data-id=\"38ae5a14\" data-element_type=\"column\" data-e-type=\"column\">\n\t\t\t<div class=\"elementor-widget-wrap elementor-element-populated\">\n\t\t\t\t\t\t<div class=\"elementor-element elementor-element-f8a3207 elementor-widget elementor-widget-author-box\" data-id=\"f8a3207\" data-element_type=\"widget\" data-e-type=\"widget\" data-widget_type=\"author-box.default\">\n\t\t\t\t\t\t\t<div class=\"elementor-author-box\">\n\t\t\t\t\t\t\t<a href=\"https:\/\/delfoscba.com.ar\/\/dev\/\/nosotros\/\" class=\"elementor-author-box__avatar\">\n\t\t\t\t\t<img decoding=\"async\" src=\"https:\/\/delfoscba.com.ar\/dev\/wp-content\/uploads\/2021\/02\/norman-250x250-1.jpg\" alt=\"Picture of Norman Berra\" loading=\"lazy\">\n\t\t\t\t<\/a>\n\t\t\t\n\t\t\t<div class=\"elementor-author-box__text\">\n\t\t\t\t\t\t\t\t\t<a href=\"https:\/\/delfoscba.com.ar\/\/dev\/\/nosotros\/\">\n\t\t\t\t\t\t<h4 class=\"elementor-author-box__name\">\n\t\t\t\t\t\t\tNorman Berra\t\t\t\t\t\t<\/h4>\n\t\t\t\t\t<\/a>\n\t\t\t\t\n\t\t\t\t\t\t\t\t\t<div class=\"elementor-author-box__bio\">\n\t\t\t\t\t\t<p>L\u00edder de Proyectos<\/p>\n\t\t\t\t\t<\/div>\n\t\t\t\t\n\t\t\t\t\t\t\t<\/div>\n\t\t<\/div>\n\t\t\t\t\t\t<\/div>\n\t\t\t\t<div class=\"elementor-element elementor-element-7aefe4b4 elementor-widget elementor-widget-text-editor\" data-id=\"7aefe4b4\" data-element_type=\"widget\" data-e-type=\"widget\" data-widget_type=\"text-editor.default\">\n\t\t\t\t\t\t\t\t\t<p><a href=\"https:\/\/delfoscba.com.ar\/\/dev\/\/wp-content\/uploads\/2023\/09\/1-2.jpg\"><img fetchpriority=\"high\" decoding=\"async\" class=\"aligncenter wp-image-15012 size-full\" src=\"https:\/\/delfoscba.com.ar\/\/dev\/\/wp-content\/uploads\/2023\/09\/1-2.jpg\" alt=\"\" width=\"1024\" height=\"576\" srcset=\"https:\/\/delfoscba.com.ar\/dev\/wp-content\/uploads\/2023\/09\/1-2.jpg 1024w, https:\/\/delfoscba.com.ar\/dev\/wp-content\/uploads\/2023\/09\/1-2-300x169.jpg 300w, https:\/\/delfoscba.com.ar\/dev\/wp-content\/uploads\/2023\/09\/1-2-768x432.jpg 768w\" sizes=\"(max-width: 1024px) 100vw, 1024px\" \/><\/a><\/p><p>El escrutinio definitivo de las primarias abiertas, simult\u00e1neas y obligatorias (PASO) del 13 de agosto arroj\u00f3 una paridad entre las tres principales fuerzas mayor a la que hab\u00eda planteado el escrutinio provisorio (gr\u00e1fico arriba): casi 2,6 puntos porcentuales de diferencia entre La Libertad Avanza (LLA) y Uni\u00f3n por la Patria (UP). Sin embargo, esa paridad no se mantiene en las encuestas nacionales pos PASO de cara a la elecci\u00f3n de octubre. Como vimos en las dos notas anteriores de este mismo espacio, Javier Milei (LLA) se ubica primero con una intenci\u00f3n de voto de 35% o m\u00e1s, Sergio Massa (UP) segundo, por encima del 30%, mientras que Patricia Bullrich (Juntos por el Cambio, JXC) aparece tercera, por debajo del 30%. Fuera del podio, les siguen Schiaretti (Hacemos por Nuestro Pa\u00eds, HXNP), entre 3% y 4%, y Myriam Bregman, del Frente de Izquierda (FIT), con alrededor del 2%.<\/p><p><a href=\"https:\/\/delfoscba.com.ar\/\/dev\/\/wp-content\/uploads\/2023\/09\/2-2.jpg\"><img decoding=\"async\" class=\"aligncenter wp-image-15013 size-full\" src=\"https:\/\/delfoscba.com.ar\/\/dev\/\/wp-content\/uploads\/2023\/09\/2-2.jpg\" alt=\"\" width=\"862\" height=\"562\" srcset=\"https:\/\/delfoscba.com.ar\/dev\/wp-content\/uploads\/2023\/09\/2-2.jpg 862w, https:\/\/delfoscba.com.ar\/dev\/wp-content\/uploads\/2023\/09\/2-2-300x196.jpg 300w, https:\/\/delfoscba.com.ar\/dev\/wp-content\/uploads\/2023\/09\/2-2-768x501.jpg 768w\" sizes=\"(max-width: 862px) 100vw, 862px\" \/><\/a><\/p><p>Recientemente, aparecieron nuevas mediciones: seg\u00fan Analog\u00edas, Milei alcanza 32,1% de intenci\u00f3n de voto, Massa roza 27% y Bullrich 21%. En este caso, la candidata del FIT ronda el 5% y se ubica por delante del gobernador cordob\u00e9s, invirtiendo las posiciones que cada uno \u00a0obtuvo en las primarias (gr\u00e1fico arriba). La brecha entre el candidato de LLA y el oficialista es de 5,3 puntos porcentuales, en tanto que casi 6 pp separan al ministro de Econom\u00eda de la ex ministra de Seguridad; en cambio, la brecha entre Bregman y Schiaretti es de 1,7 pp, lo que deja la disputa por el cuarto lugar en empate t\u00e9cnico.<\/p><p><a href=\"https:\/\/delfoscba.com.ar\/\/dev\/\/wp-content\/uploads\/2023\/09\/3-2.jpg\"><img decoding=\"async\" class=\"aligncenter wp-image-15014 size-full\" src=\"https:\/\/delfoscba.com.ar\/\/dev\/\/wp-content\/uploads\/2023\/09\/3-2.jpg\" alt=\"\" width=\"862\" height=\"552\" srcset=\"https:\/\/delfoscba.com.ar\/dev\/wp-content\/uploads\/2023\/09\/3-2.jpg 862w, https:\/\/delfoscba.com.ar\/dev\/wp-content\/uploads\/2023\/09\/3-2-300x192.jpg 300w, https:\/\/delfoscba.com.ar\/dev\/wp-content\/uploads\/2023\/09\/3-2-768x492.jpg 768w\" sizes=\"(max-width: 862px) 100vw, 862px\" \/><\/a><\/p><p>El cruce por variables sociodemogr\u00e1ficas de Analog\u00edas arroja que Milei saca ventaja entre los electores masculinos y menores de 44 a\u00f1os, mientras que Massa toma la delantera entre votantes de 45 a 59 a\u00f1os y est\u00e1 en empate t\u00e9cnico con Bullrich entre los mayores de 60 (28,9% a 28%, respectivamente), que hasta 2021 eran un basti\u00f3n de JXC. Por nivel educativo, el candidato libertario hace su mayor diferencia entre los electores con estudios secundarios, donde le saca 8,8 pp de ventaja al ministro de Econom\u00eda (gr\u00e1fico arriba).<\/p><p><a href=\"https:\/\/delfoscba.com.ar\/\/dev\/\/wp-content\/uploads\/2023\/09\/4-2.jpg\"><img loading=\"lazy\" decoding=\"async\" class=\"aligncenter wp-image-15015 size-full\" src=\"https:\/\/delfoscba.com.ar\/\/dev\/\/wp-content\/uploads\/2023\/09\/4-2.jpg\" alt=\"\" width=\"1000\" height=\"563\" srcset=\"https:\/\/delfoscba.com.ar\/dev\/wp-content\/uploads\/2023\/09\/4-2.jpg 1000w, https:\/\/delfoscba.com.ar\/dev\/wp-content\/uploads\/2023\/09\/4-2-300x169.jpg 300w, https:\/\/delfoscba.com.ar\/dev\/wp-content\/uploads\/2023\/09\/4-2-768x432.jpg 768w\" sizes=\"(max-width: 1000px) 100vw, 1000px\" \/><\/a><\/p><p>En tanto, seg\u00fan la encuesta que Opinaia realiza sobre panel propio, Milei alcanza 35% y Massa est\u00e1 en empate t\u00e9cnico con Bullrich (25% a 23%, respectivamente). Entre Schiaretti y Bregman tambi\u00e9n hay una brecha de apenas 2 pp. Nuevamente, la ex ministra presenta problemas al analizar la transferencia de sufragios: mientras que el candidato libertario y el oficialista fidelizan alrededor del 90% de sus votos de las PASO, la ex ministra retiene 84% de su voto propio y s\u00f3lo 56% de los votos de Horacio Rodr\u00edguez Larreta, contra el 71% que Massa fideliza de Juan Grabois (gr\u00e1fico abajo).<\/p><p><a href=\"https:\/\/delfoscba.com.ar\/\/dev\/\/wp-content\/uploads\/2023\/09\/5-2.jpg\"><img loading=\"lazy\" decoding=\"async\" class=\"aligncenter wp-image-15016 size-large\" src=\"https:\/\/delfoscba.com.ar\/\/dev\/\/wp-content\/uploads\/2023\/09\/5-2-1024x575.jpg\" alt=\"\" width=\"1024\" height=\"575\" srcset=\"https:\/\/delfoscba.com.ar\/dev\/wp-content\/uploads\/2023\/09\/5-2-1024x575.jpg 1024w, https:\/\/delfoscba.com.ar\/dev\/wp-content\/uploads\/2023\/09\/5-2-300x168.jpg 300w, https:\/\/delfoscba.com.ar\/dev\/wp-content\/uploads\/2023\/09\/5-2-768x431.jpg 768w, https:\/\/delfoscba.com.ar\/dev\/wp-content\/uploads\/2023\/09\/5-2-1080x606.jpg 1080w, https:\/\/delfoscba.com.ar\/dev\/wp-content\/uploads\/2023\/09\/5-2.jpg 1468w\" sizes=\"(max-width: 1024px) 100vw, 1024px\" \/><\/a><\/p><p>Esa variable arroja tambi\u00e9n una situaci\u00f3n compleja para Schiaretti y Bregman, que s\u00f3lo retienen alrededor del 60% de los votos de las primarias, mientras que el resto de su caudal podr\u00eda migrar hacia otras opciones en octubre. Por otro lado, entre quienes en agosto votaron a otros partidos, 46% se muestra indeciso de cara a octubre y 19% podr\u00eda migrar a Massa; Milei y Bullrich empatan en 11%. Entre quienes votaron en blanco, casi 60% est\u00e1 indeciso, mientras que 17% podr\u00eda votar a LLA y 10% a UP. En tanto, entre los ausentes, un tercio se inclinar\u00eda por Milei, 27% se define indeciso, 16% podr\u00eda votar por Bullrich y 11% por Massa.<\/p><p><a href=\"https:\/\/delfoscba.com.ar\/\/dev\/\/wp-content\/uploads\/2023\/09\/6-2.jpg\"><img loading=\"lazy\" decoding=\"async\" class=\"aligncenter wp-image-15017 size-full\" src=\"https:\/\/delfoscba.com.ar\/\/dev\/\/wp-content\/uploads\/2023\/09\/6-2.jpg\" alt=\"\" width=\"912\" height=\"953\" srcset=\"https:\/\/delfoscba.com.ar\/dev\/wp-content\/uploads\/2023\/09\/6-2.jpg 912w, https:\/\/delfoscba.com.ar\/dev\/wp-content\/uploads\/2023\/09\/6-2-287x300.jpg 287w, https:\/\/delfoscba.com.ar\/dev\/wp-content\/uploads\/2023\/09\/6-2-768x803.jpg 768w\" sizes=\"(max-width: 912px) 100vw, 912px\" \/><\/a><\/p><p>De todas las encuestas nacionales pos PASO recientes, DC (gr\u00e1fico arriba) es la \u00fanica que ubica a Bullrich por encima de Massa (24,7% vs 23,1%) pero en empate t\u00e9cnico si se considera el margen de error, mientras que Milei alcanza 34% de intenci\u00f3n de voto. Sin embargo, la muestra de ese estudio est\u00e1 sesgada respecto al resultado de las primarias: sobreestima a Bullrich en casi 6 pp, mientras que subestima a Milei en 1 pp y a Massa en 5 pp, y ese sesgo afecta la intenci\u00f3n de voto. En s\u00edntesis, sintetizando las primeras encuestas nacionales pos PASO: 1) Milei mantiene la delantera en la carrera hacia octubre, con entre 32% y 38,5% de intenci\u00f3n de voto 2) Massa se ubica como escolta, entre 23% y 32% 3) Bullrich aparece tercera, entre 21% y 28% 4) el gobernador cordob\u00e9s Schiaretti ronda entre 3% y 5%, mientras que Bregman oscila entre 2% y 5%, lo cual deja a ambos en situaci\u00f3n de empate t\u00e9cnico 5) habr\u00e1 que ver cu\u00e1l es el efecto de la campa\u00f1a hacia octubre y la coyuntura en los casi 50 d\u00edas que faltan hasta el 22 de octubre, pero la foto de hoy muestra que los dos candidatos con m\u00e1s chances de definir la presidencia en ballotage el 19 de noviembre ser\u00edan Milei y Massa, dado que ninguno alcanza el 45% de los votos afirmativos o por lo menos el 40% de los votos y una diferencia porcentual mayor a 10 puntos con respecto al segundo (condiciones que resolver\u00edan la competencia en primera vuelta).<\/p>\t\t\t\t\t\t\t\t<\/div>\n\t\t\t\t\t<\/div>\n\t\t<\/div>\n\t\t\t\t\t<\/div>\n\t\t<\/section>\n\t\t\t\t<section class=\"elementor-section elementor-top-section elementor-element elementor-element-b28ac47 elementor-section-height-min-height elementor-section-boxed elementor-section-height-default elementor-section-items-middle\" data-id=\"b28ac47\" data-element_type=\"section\" data-e-type=\"section\" data-settings=\"{&quot;background_background&quot;:&quot;classic&quot;}\">\n\t\t\t\t\t\t\t<div class=\"elementor-background-overlay\"><\/div>\n\t\t\t\t\t\t\t<div class=\"elementor-container elementor-column-gap-default\">\n\t\t\t\t\t<div class=\"elementor-column elementor-col-100 elementor-top-column elementor-element elementor-element-88fba06\" data-id=\"88fba06\" data-element_type=\"column\" data-e-type=\"column\">\n\t\t\t<div class=\"elementor-widget-wrap elementor-element-populated\">\n\t\t\t\t\t\t<div class=\"elementor-element elementor-element-7e65226 elementor-widget elementor-widget-heading\" data-id=\"7e65226\" data-element_type=\"widget\" data-e-type=\"widget\" data-widget_type=\"heading.default\">\n\t\t\t\t\t<h2 class=\"elementor-heading-title elementor-size-large\">Seguinos en nuestras redes<\/h2>\t\t\t\t<\/div>\n\t\t\t\t<div class=\"elementor-element elementor-element-c37b7ef elementor-shape-circle e-grid-align-tablet-center e-grid-align-mobile-center e-grid-align-left elementor-grid-0 elementor-widget elementor-widget-social-icons\" data-id=\"c37b7ef\" data-element_type=\"widget\" data-e-type=\"widget\" data-widget_type=\"social-icons.default\">\n\t\t\t\t\t\t\t<div class=\"elementor-social-icons-wrapper elementor-grid\" role=\"list\">\n\t\t\t\t\t\t\t<span class=\"elementor-grid-item\" role=\"listitem\">\n\t\t\t\t\t<a class=\"elementor-icon elementor-social-icon elementor-social-icon-facebook-f elementor-repeater-item-lf5yt4c\" href=\"https:\/\/www.facebook.com\/ConsultoraDelfos\" target=\"_blank\">\n\t\t\t\t\t\t<span class=\"elementor-screen-only\">Facebook-f<\/span>\n\t\t\t\t\t\t<i aria-hidden=\"true\" class=\"fab fa-facebook-f\"><\/i>\t\t\t\t\t<\/a>\n\t\t\t\t<\/span>\n\t\t\t\t\t\t\t<span class=\"elementor-grid-item\" role=\"listitem\">\n\t\t\t\t\t<a class=\"elementor-icon elementor-social-icon elementor-social-icon-twitter elementor-repeater-item-01xie82\" href=\"https:\/\/twitter.com\/delfoscba\" target=\"_blank\">\n\t\t\t\t\t\t<span class=\"elementor-screen-only\">Twitter<\/span>\n\t\t\t\t\t\t<i aria-hidden=\"true\" class=\"fab fa-twitter\"><\/i>\t\t\t\t\t<\/a>\n\t\t\t\t<\/span>\n\t\t\t\t\t\t\t<span class=\"elementor-grid-item\" role=\"listitem\">\n\t\t\t\t\t<a class=\"elementor-icon elementor-social-icon elementor-social-icon-linkedin elementor-repeater-item-grhvqhn\" target=\"_blank\">\n\t\t\t\t\t\t<span class=\"elementor-screen-only\">Linkedin<\/span>\n\t\t\t\t\t\t<i aria-hidden=\"true\" class=\"fab fa-linkedin\"><\/i>\t\t\t\t\t<\/a>\n\t\t\t\t<\/span>\n\t\t\t\t\t<\/div>\n\t\t\t\t\t\t<\/div>\n\t\t\t\t\t<\/div>\n\t\t<\/div>\n\t\t\t\t\t<\/div>\n\t\t<\/section>\n\t\t\t\t<\/div>\n\t\t","protected":false},"excerpt":{"rendered":"<p>Analizamos las encuestas pos PASO, bajo el supuesto de una segunda vuelta electoral en la disputa por el ejecutivo nacional<\/p>\n","protected":false},"author":2,"featured_media":15018,"comment_status":"open","ping_status":"open","sticky":false,"template":"","format":"standard","meta":{"_acf_changed":false,"footnotes":""},"categories":[3],"tags":[526,922,39,619,465,258,40,38,348,128,350,403,97,246,929,230,782,402,354,1121,743,291,404,259,569,547,1099,57,188,1109,247,287,288,994,56,755,1101,289,486,1028,488,1044,395,1098,1053,1120,1027],"class_list":["post-15011","post","type-post","status-publish","format-standard","has-post-thumbnail","hentry","category-politica","tag-526","tag-america","tag-argentina","tag-argentino","tag-ballotage","tag-bullrich","tag-consultora","tag-cordoba","tag-datos","tag-delfos","tag-democracia","tag-derecha","tag-elecciones","tag-encuestas","tag-espanol","tag-estadistica","tag-generales","tag-izquierda","tag-juntos-por-el-cambio","tag-justicialista","tag-jxc","tag-kirchnerismo","tag-liberales","tag-massa","tag-milei","tag-nacional","tag-nacionales","tag-norman-berra","tag-opinion-publica","tag-partido","tag-paso","tag-peronismo","tag-pj","tag-poder","tag-politica","tag-politico","tag-presidencia","tag-pro","tag-radicalismo","tag-segunda","tag-sudamerica","tag-tendencias","tag-ucr","tag-unidos-por-la-patria","tag-up","tag-volatilidad","tag-vuelta","et-has-post-format-content","et_post_format-et-post-format-standard"],"acf":[],"_links":{"self":[{"href":"https:\/\/delfoscba.com.ar\/dev\/wp-json\/wp\/v2\/posts\/15011","targetHints":{"allow":["GET"]}}],"collection":[{"href":"https:\/\/delfoscba.com.ar\/dev\/wp-json\/wp\/v2\/posts"}],"about":[{"href":"https:\/\/delfoscba.com.ar\/dev\/wp-json\/wp\/v2\/types\/post"}],"author":[{"embeddable":true,"href":"https:\/\/delfoscba.com.ar\/dev\/wp-json\/wp\/v2\/users\/2"}],"replies":[{"embeddable":true,"href":"https:\/\/delfoscba.com.ar\/dev\/wp-json\/wp\/v2\/comments?post=15011"}],"version-history":[{"count":5,"href":"https:\/\/delfoscba.com.ar\/dev\/wp-json\/wp\/v2\/posts\/15011\/revisions"}],"predecessor-version":[{"id":15023,"href":"https:\/\/delfoscba.com.ar\/dev\/wp-json\/wp\/v2\/posts\/15011\/revisions\/15023"}],"wp:featuredmedia":[{"embeddable":true,"href":"https:\/\/delfoscba.com.ar\/dev\/wp-json\/wp\/v2\/media\/15018"}],"wp:attachment":[{"href":"https:\/\/delfoscba.com.ar\/dev\/wp-json\/wp\/v2\/media?parent=15011"}],"wp:term":[{"taxonomy":"category","embeddable":true,"href":"https:\/\/delfoscba.com.ar\/dev\/wp-json\/wp\/v2\/categories?post=15011"},{"taxonomy":"post_tag","embeddable":true,"href":"https:\/\/delfoscba.com.ar\/dev\/wp-json\/wp\/v2\/tags?post=15011"}],"curies":[{"name":"wp","href":"https:\/\/api.w.org\/{rel}","templated":true}]}}