{"id":15154,"date":"2023-10-03T20:41:28","date_gmt":"2023-10-03T20:41:28","guid":{"rendered":"https:\/\/delfoscba.com.ar\/\/dev\/\/?p=15154"},"modified":"2023-10-04T17:33:55","modified_gmt":"2023-10-04T17:33:55","slug":"para-los-cordobeses-argentina-continua-siendo-un-buen-pais-para-vivir","status":"publish","type":"post","link":"https:\/\/delfoscba.com.ar\/dev\/sociedad\/para-los-cordobeses-argentina-continua-siendo-un-buen-pais-para-vivir\/","title":{"rendered":"Seg\u00fan los cordobeses, \u00bfArgentina contin\u00faa siendo un buen pa\u00eds para vivir?"},"content":{"rendered":"\t\t<div data-elementor-type=\"wp-post\" data-elementor-id=\"15154\" class=\"elementor elementor-15154\" data-elementor-post-type=\"post\">\n\t\t\t\t\t\t<section class=\"elementor-section elementor-top-section elementor-element elementor-element-41498b4 elementor-section-height-min-height elementor-section-boxed elementor-section-height-default elementor-section-items-middle\" data-id=\"41498b4\" data-element_type=\"section\" data-e-type=\"section\" data-settings=\"{&quot;background_background&quot;:&quot;classic&quot;}\">\n\t\t\t\t\t\t\t<div class=\"elementor-background-overlay\"><\/div>\n\t\t\t\t\t\t\t<div class=\"elementor-container elementor-column-gap-no\">\n\t\t\t\t\t<div class=\"elementor-column elementor-col-100 elementor-top-column elementor-element elementor-element-a18ac89\" data-id=\"a18ac89\" data-element_type=\"column\" data-e-type=\"column\">\n\t\t\t<div class=\"elementor-widget-wrap elementor-element-populated\">\n\t\t\t\t\t\t<div class=\"elementor-element elementor-element-e493600 elementor-widget elementor-widget-heading\" data-id=\"e493600\" data-element_type=\"widget\" data-e-type=\"widget\" data-widget_type=\"heading.default\">\n\t\t\t\t\t<h2 class=\"elementor-heading-title elementor-size-large\">SOCIEDAD<\/h2>\t\t\t\t<\/div>\n\t\t\t\t\t<\/div>\n\t\t<\/div>\n\t\t\t\t\t<\/div>\n\t\t<\/section>\n\t\t\t\t<section class=\"elementor-section elementor-top-section elementor-element elementor-element-7dafb6e4 elementor-section-boxed elementor-section-height-default elementor-section-height-default\" data-id=\"7dafb6e4\" data-element_type=\"section\" data-e-type=\"section\">\n\t\t\t\t\t\t<div class=\"elementor-container elementor-column-gap-default\">\n\t\t\t\t\t<div class=\"elementor-column elementor-col-100 elementor-top-column elementor-element elementor-element-38ae5a14\" data-id=\"38ae5a14\" data-element_type=\"column\" data-e-type=\"column\">\n\t\t\t<div class=\"elementor-widget-wrap elementor-element-populated\">\n\t\t\t\t\t\t<div class=\"elementor-element elementor-element-f8a3207 elementor-widget elementor-widget-author-box\" data-id=\"f8a3207\" data-element_type=\"widget\" data-e-type=\"widget\" data-widget_type=\"author-box.default\">\n\t\t\t\t\t\t\t<div class=\"elementor-author-box\">\n\t\t\t\t\t\t\t<a href=\"https:\/\/delfoscba.com.ar\/\/dev\/\/nosotros\/\" class=\"elementor-author-box__avatar\">\n\t\t\t\t\t<img decoding=\"async\" src=\"https:\/\/delfoscba.com.ar\/dev\/wp-content\/uploads\/2021\/03\/eia-1.png\" alt=\"Picture of Jos\u00e9 Gangi\" loading=\"lazy\">\n\t\t\t\t<\/a>\n\t\t\t\n\t\t\t<div class=\"elementor-author-box__text\">\n\t\t\t\t\t\t\t\t\t<a href=\"https:\/\/delfoscba.com.ar\/\/dev\/\/nosotros\/\">\n\t\t\t\t\t\t<h4 class=\"elementor-author-box__name\">\n\t\t\t\t\t\t\tJos\u00e9 Gangi\t\t\t\t\t\t<\/h4>\n\t\t\t\t\t<\/a>\n\t\t\t\t\n\t\t\t\t\t\t\t\t\t<div class=\"elementor-author-box__bio\">\n\t\t\t\t\t\t<p>Edici\u00f3n y An\u00e1lisis de informes<\/p>\n\t\t\t\t\t<\/div>\n\t\t\t\t\n\t\t\t\t\t\t\t<\/div>\n\t\t<\/div>\n\t\t\t\t\t\t<\/div>\n\t\t\t\t<div class=\"elementor-element elementor-element-7aefe4b4 elementor-widget elementor-widget-text-editor\" data-id=\"7aefe4b4\" data-element_type=\"widget\" data-e-type=\"widget\" data-widget_type=\"text-editor.default\">\n\t\t\t\t\t\t\t\t\t<p>En estos tiempos de crisis, es usual escuchar en medios de comunicaci\u00f3n frases negativas y desesperanzadoras sobre nuestro pa\u00eds. Incluso, se replica en secciones especiales de diarios de tirada nacional la opini\u00f3n de compatriotas que apelan discursiva y f\u00e1cticamente a la emigraci\u00f3n como \u00fanica salida a la situaci\u00f3n actual, dando por entendido que la vida en Argentina es mala y que no parece haber posibilidades de que eso cambie en el corto plazo.<\/p><p>Ante esta realidad de los medios, Consultora Delfos le pregunt\u00f3 a 1.878 cordobeses en septiembre cu\u00e1n de acuerdo se encuentran con la siguiente frase \u201cA pesar de todo, Argentina es un buen pa\u00eds para vivir\u201d.<\/p><p><strong>M\u00e1s a gusto de lo esperado<\/strong><\/p><p>Para sorpresa de muchos, el 53% se mostr\u00f3 muy de acuerdo con esta frase y el 26% algo de acuerdo. Si se suman ambas respuestas, se evidencia que 8 de cada 10 cordobeses acord\u00f3 en alg\u00fan grado con la afirmaci\u00f3n de que Argentina es un buen pa\u00eds para vivir, m\u00e1s all\u00e1 de las dificultades de la coyuntura.<\/p><p><a href=\"https:\/\/delfoscba.com.ar\/\/dev\/\/wp-content\/uploads\/2023\/10\/265.png\"><img fetchpriority=\"high\" decoding=\"async\" class=\"aligncenter wp-image-15155 size-large\" src=\"https:\/\/delfoscba.com.ar\/\/dev\/\/wp-content\/uploads\/2023\/10\/265-1024x1024.png\" alt=\"\" width=\"1024\" height=\"1024\" srcset=\"https:\/\/delfoscba.com.ar\/dev\/wp-content\/uploads\/2023\/10\/265-1024x1024.png 1024w, https:\/\/delfoscba.com.ar\/dev\/wp-content\/uploads\/2023\/10\/265-300x300.png 300w, https:\/\/delfoscba.com.ar\/dev\/wp-content\/uploads\/2023\/10\/265-150x150.png 150w, https:\/\/delfoscba.com.ar\/dev\/wp-content\/uploads\/2023\/10\/265-768x768.png 768w, https:\/\/delfoscba.com.ar\/dev\/wp-content\/uploads\/2023\/10\/265-440x440.png 440w, https:\/\/delfoscba.com.ar\/dev\/wp-content\/uploads\/2023\/10\/265.png 1080w\" sizes=\"(max-width: 1024px) 100vw, 1024px\" \/><\/a><\/p><p>Si se analiza el nivel de acuerdo agrupado, es posible observar diferencias significativas en las percepciones de los capitalinos de la provincia respecto a quienes habitan otros departamentos. Los vecinos de la ciudad de C\u00f3rdoba (73% de acuerdo en alg\u00fan grado) se mostraron m\u00e1s reacios que quienes viven en otras localidades de la provincia (83%).<\/p><p><a href=\"https:\/\/delfoscba.com.ar\/\/dev\/\/wp-content\/uploads\/2023\/10\/HOY-\u00bfESTA-PENSANDO-VIAJAR-CON-MOTIVO-DE-LAS-PROXIMAS-VACACIONES-DE-VERANO-SI-O-NO-20.png\"><img decoding=\"async\" class=\"aligncenter wp-image-15179 size-large\" src=\"https:\/\/delfoscba.com.ar\/\/dev\/\/wp-content\/uploads\/2023\/10\/HOY-\u00bfESTA-PENSANDO-VIAJAR-CON-MOTIVO-DE-LAS-PROXIMAS-VACACIONES-DE-VERANO-SI-O-NO-20-1024x1024.png\" alt=\"\" width=\"1024\" height=\"1024\" srcset=\"https:\/\/delfoscba.com.ar\/dev\/wp-content\/uploads\/2023\/10\/HOY-\u00bfESTA-PENSANDO-VIAJAR-CON-MOTIVO-DE-LAS-PROXIMAS-VACACIONES-DE-VERANO-SI-O-NO-20-1024x1024.png 1024w, https:\/\/delfoscba.com.ar\/dev\/wp-content\/uploads\/2023\/10\/HOY-\u00bfESTA-PENSANDO-VIAJAR-CON-MOTIVO-DE-LAS-PROXIMAS-VACACIONES-DE-VERANO-SI-O-NO-20-300x300.png 300w, https:\/\/delfoscba.com.ar\/dev\/wp-content\/uploads\/2023\/10\/HOY-\u00bfESTA-PENSANDO-VIAJAR-CON-MOTIVO-DE-LAS-PROXIMAS-VACACIONES-DE-VERANO-SI-O-NO-20-150x150.png 150w, https:\/\/delfoscba.com.ar\/dev\/wp-content\/uploads\/2023\/10\/HOY-\u00bfESTA-PENSANDO-VIAJAR-CON-MOTIVO-DE-LAS-PROXIMAS-VACACIONES-DE-VERANO-SI-O-NO-20-768x768.png 768w, https:\/\/delfoscba.com.ar\/dev\/wp-content\/uploads\/2023\/10\/HOY-\u00bfESTA-PENSANDO-VIAJAR-CON-MOTIVO-DE-LAS-PROXIMAS-VACACIONES-DE-VERANO-SI-O-NO-20-440x440.png 440w, https:\/\/delfoscba.com.ar\/dev\/wp-content\/uploads\/2023\/10\/HOY-\u00bfESTA-PENSANDO-VIAJAR-CON-MOTIVO-DE-LAS-PROXIMAS-VACACIONES-DE-VERANO-SI-O-NO-20.png 1080w\" sizes=\"(max-width: 1024px) 100vw, 1024px\" \/><\/a><\/p><p>Continuando con el an\u00e1lisis agrupado de las respuestas, en t\u00e9rminos etarios se observaron diferencias a\u00fan m\u00e1s marcadas. Mientras que 7 de cada 10 j\u00f3venes se mostraron de acuerdo con la afirmaci\u00f3n, entre los adultos mayores de 65 a\u00f1os el porcentaje de acuerdo con la frase fue de 88%.<\/p><p><a href=\"https:\/\/delfoscba.com.ar\/\/dev\/\/wp-content\/uploads\/2023\/10\/268.png\"><img decoding=\"async\" class=\"aligncenter wp-image-15158 size-large\" src=\"https:\/\/delfoscba.com.ar\/\/dev\/\/wp-content\/uploads\/2023\/10\/268-1024x1024.png\" alt=\"\" width=\"1024\" height=\"1024\" srcset=\"https:\/\/delfoscba.com.ar\/dev\/wp-content\/uploads\/2023\/10\/268-1024x1024.png 1024w, https:\/\/delfoscba.com.ar\/dev\/wp-content\/uploads\/2023\/10\/268-300x300.png 300w, https:\/\/delfoscba.com.ar\/dev\/wp-content\/uploads\/2023\/10\/268-150x150.png 150w, https:\/\/delfoscba.com.ar\/dev\/wp-content\/uploads\/2023\/10\/268-768x768.png 768w, https:\/\/delfoscba.com.ar\/dev\/wp-content\/uploads\/2023\/10\/268-440x440.png 440w, https:\/\/delfoscba.com.ar\/dev\/wp-content\/uploads\/2023\/10\/268.png 1080w\" sizes=\"(max-width: 1024px) 100vw, 1024px\" \/><\/a><\/p><p>Si se incorporan los restantes rangos etarios al an\u00e1lisis, pese al nivel mayoritario de acuerdo que se aprecia en todos los rangos, salta a la vista r\u00e1pidamente que la inconformidad crece a medida que se consideran rangos etarios m\u00e1s bajos.<\/p><p><img loading=\"lazy\" decoding=\"async\" class=\"aligncenter wp-image-15159 size-large\" src=\"https:\/\/delfoscba.com.ar\/\/dev\/\/wp-content\/uploads\/2023\/10\/269-1024x1024.png\" alt=\"\" width=\"1024\" height=\"1024\" srcset=\"https:\/\/delfoscba.com.ar\/dev\/wp-content\/uploads\/2023\/10\/269-1024x1024.png 1024w, https:\/\/delfoscba.com.ar\/dev\/wp-content\/uploads\/2023\/10\/269-300x300.png 300w, https:\/\/delfoscba.com.ar\/dev\/wp-content\/uploads\/2023\/10\/269-150x150.png 150w, https:\/\/delfoscba.com.ar\/dev\/wp-content\/uploads\/2023\/10\/269-768x768.png 768w, https:\/\/delfoscba.com.ar\/dev\/wp-content\/uploads\/2023\/10\/269-440x440.png 440w, https:\/\/delfoscba.com.ar\/dev\/wp-content\/uploads\/2023\/10\/269.png 1080w\" sizes=\"(max-width: 1024px) 100vw, 1024px\" \/><\/p><p>En t\u00e9rminos ocupacionales, los cordobeses que se encuentran m\u00e1s de acuerdo con la frase son changarines (93%), jubilado (88%), comerciante (86%) y profesional (82%). Del otro lado, los que desacuerdan con la expresi\u00f3n medida poseen como ocupaciones principales la de estudiante (40%), empleado p\u00fablico nacional (35%), empleado p\u00fablico municipal (28%) y desocupado (27%).<\/p><p><a href=\"https:\/\/delfoscba.com.ar\/\/dev\/\/wp-content\/uploads\/2023\/10\/270.png\"><img loading=\"lazy\" decoding=\"async\" class=\"aligncenter wp-image-15160 size-large\" src=\"https:\/\/delfoscba.com.ar\/\/dev\/\/wp-content\/uploads\/2023\/10\/270-1024x1024.png\" alt=\"\" width=\"1024\" height=\"1024\" srcset=\"https:\/\/delfoscba.com.ar\/dev\/wp-content\/uploads\/2023\/10\/270-1024x1024.png 1024w, https:\/\/delfoscba.com.ar\/dev\/wp-content\/uploads\/2023\/10\/270-300x300.png 300w, https:\/\/delfoscba.com.ar\/dev\/wp-content\/uploads\/2023\/10\/270-150x150.png 150w, https:\/\/delfoscba.com.ar\/dev\/wp-content\/uploads\/2023\/10\/270-768x768.png 768w, https:\/\/delfoscba.com.ar\/dev\/wp-content\/uploads\/2023\/10\/270-440x440.png 440w, https:\/\/delfoscba.com.ar\/dev\/wp-content\/uploads\/2023\/10\/270.png 1080w\" sizes=\"(max-width: 1024px) 100vw, 1024px\" \/><\/a><\/p><p>Por \u00faltimo, el nivel socioecon\u00f3mico es otro filtro por el cual se puede interpretar la realidad de los datos. Tal como muestran los gr\u00e1ficos de abajo, los cordobeses que poseen un nivel socioecon\u00f3mico bajo se muestran m\u00e1s conformes con el nivel de vida que poseen en Argentina que los que poseen un nivel socioecon\u00f3mico alto.<\/p><p><a href=\"https:\/\/delfoscba.com.ar\/\/dev\/\/wp-content\/uploads\/2023\/10\/HOY-\u00bfESTA-PENSANDO-VIAJAR-CON-MOTIVO-DE-LAS-PROXIMAS-VACACIONES-DE-VERANO-SI-O-NO-19.png\"><img loading=\"lazy\" decoding=\"async\" class=\"aligncenter wp-image-15178 size-large\" src=\"https:\/\/delfoscba.com.ar\/\/dev\/\/wp-content\/uploads\/2023\/10\/HOY-\u00bfESTA-PENSANDO-VIAJAR-CON-MOTIVO-DE-LAS-PROXIMAS-VACACIONES-DE-VERANO-SI-O-NO-19-1024x1024.png\" alt=\"\" width=\"1024\" height=\"1024\" srcset=\"https:\/\/delfoscba.com.ar\/dev\/wp-content\/uploads\/2023\/10\/HOY-\u00bfESTA-PENSANDO-VIAJAR-CON-MOTIVO-DE-LAS-PROXIMAS-VACACIONES-DE-VERANO-SI-O-NO-19-1024x1024.png 1024w, https:\/\/delfoscba.com.ar\/dev\/wp-content\/uploads\/2023\/10\/HOY-\u00bfESTA-PENSANDO-VIAJAR-CON-MOTIVO-DE-LAS-PROXIMAS-VACACIONES-DE-VERANO-SI-O-NO-19-300x300.png 300w, https:\/\/delfoscba.com.ar\/dev\/wp-content\/uploads\/2023\/10\/HOY-\u00bfESTA-PENSANDO-VIAJAR-CON-MOTIVO-DE-LAS-PROXIMAS-VACACIONES-DE-VERANO-SI-O-NO-19-150x150.png 150w, https:\/\/delfoscba.com.ar\/dev\/wp-content\/uploads\/2023\/10\/HOY-\u00bfESTA-PENSANDO-VIAJAR-CON-MOTIVO-DE-LAS-PROXIMAS-VACACIONES-DE-VERANO-SI-O-NO-19-768x768.png 768w, https:\/\/delfoscba.com.ar\/dev\/wp-content\/uploads\/2023\/10\/HOY-\u00bfESTA-PENSANDO-VIAJAR-CON-MOTIVO-DE-LAS-PROXIMAS-VACACIONES-DE-VERANO-SI-O-NO-19-440x440.png 440w, https:\/\/delfoscba.com.ar\/dev\/wp-content\/uploads\/2023\/10\/HOY-\u00bfESTA-PENSANDO-VIAJAR-CON-MOTIVO-DE-LAS-PROXIMAS-VACACIONES-DE-VERANO-SI-O-NO-19.png 1080w\" sizes=\"(max-width: 1024px) 100vw, 1024px\" \/><\/a><\/p><p>El estereotipo de cordob\u00e9s que menos de acuerdo se encuentra con esta frase es un\/a joven estudiante, de nivel socioecon\u00f3mico alto, residente en la capital provincial con un nivel de acuerdo del 60%. En el rinc\u00f3n contrario, encontramos a los y las adultos\/as mayores changarines, de nivel socioecon\u00f3mico bajo, residentes en otras localidades provinciales que acuerdan en un 90% con la afirmaci\u00f3n de que \u201cA pesar de todo, Argentina es un buen pa\u00eds para vivir\u201d.<\/p><p><a href=\"https:\/\/delfoscba.com.ar\/\/dev\/\/wp-content\/uploads\/2023\/10\/272.png\"><img loading=\"lazy\" decoding=\"async\" class=\"alignnone wp-image-15161 size-medium\" src=\"https:\/\/delfoscba.com.ar\/\/dev\/\/wp-content\/uploads\/2023\/10\/271-300x300.png\" alt=\"\" width=\"300\" height=\"300\" srcset=\"https:\/\/delfoscba.com.ar\/dev\/wp-content\/uploads\/2023\/10\/271-300x300.png 300w, https:\/\/delfoscba.com.ar\/dev\/wp-content\/uploads\/2023\/10\/271-1024x1024.png 1024w, https:\/\/delfoscba.com.ar\/dev\/wp-content\/uploads\/2023\/10\/271-150x150.png 150w, https:\/\/delfoscba.com.ar\/dev\/wp-content\/uploads\/2023\/10\/271-768x768.png 768w, https:\/\/delfoscba.com.ar\/dev\/wp-content\/uploads\/2023\/10\/271-440x440.png 440w, https:\/\/delfoscba.com.ar\/dev\/wp-content\/uploads\/2023\/10\/271.png 1080w\" sizes=\"(max-width: 300px) 100vw, 300px\" \/><img loading=\"lazy\" decoding=\"async\" class=\"alignnone wp-image-15162 size-medium\" src=\"https:\/\/delfoscba.com.ar\/\/dev\/\/wp-content\/uploads\/2023\/10\/272-300x300.png\" alt=\"\" width=\"300\" height=\"300\" srcset=\"https:\/\/delfoscba.com.ar\/dev\/wp-content\/uploads\/2023\/10\/272-300x300.png 300w, https:\/\/delfoscba.com.ar\/dev\/wp-content\/uploads\/2023\/10\/272-1024x1024.png 1024w, https:\/\/delfoscba.com.ar\/dev\/wp-content\/uploads\/2023\/10\/272-150x150.png 150w, https:\/\/delfoscba.com.ar\/dev\/wp-content\/uploads\/2023\/10\/272-768x768.png 768w, https:\/\/delfoscba.com.ar\/dev\/wp-content\/uploads\/2023\/10\/272-440x440.png 440w, https:\/\/delfoscba.com.ar\/dev\/wp-content\/uploads\/2023\/10\/272.png 1080w\" sizes=\"(max-width: 300px) 100vw, 300px\" \/><\/a><\/p><p><strong>Reflexiones finales<\/strong><\/p><p>Los datos exponen a las claras que, a pesar de la delicada situaci\u00f3n econ\u00f3mica argentina, los cordobeses valoran otras esferas de la vida como \u00e1mbitos donde Argentina tiene y les da mucho como para sentirse a gusto.<\/p><p>M\u00e1s all\u00e1 de esto, vale resaltar que el hecho de que los j\u00f3venes estudiantes con un nivel socioecon\u00f3mico alto de la capital provincial sean los que se encuentran menos a gusto es todo un s\u00edntoma de \u00e9poca que se expresa, no s\u00f3lo en las expectativas en el exterior que se replica entre estos y en gran parte del contenido medi\u00e1tico que consumen, sino que tambi\u00e9n en el posicionamiento pol\u00edtico de estos. Es entre los j\u00f3venes de donde principalmente se nutre Milei, el candidato que, al menos discursivamente hasta el momento, se identifica como m\u00e1s disruptivo en el escenario electoral.<\/p>\t\t\t\t\t\t\t\t<\/div>\n\t\t\t\t\t<\/div>\n\t\t<\/div>\n\t\t\t\t\t<\/div>\n\t\t<\/section>\n\t\t\t\t<section class=\"elementor-section elementor-top-section elementor-element elementor-element-b28ac47 elementor-section-height-min-height elementor-section-boxed elementor-section-height-default elementor-section-items-middle\" data-id=\"b28ac47\" data-element_type=\"section\" data-e-type=\"section\" data-settings=\"{&quot;background_background&quot;:&quot;classic&quot;}\">\n\t\t\t\t\t\t\t<div class=\"elementor-background-overlay\"><\/div>\n\t\t\t\t\t\t\t<div class=\"elementor-container elementor-column-gap-default\">\n\t\t\t\t\t<div class=\"elementor-column elementor-col-100 elementor-top-column elementor-element elementor-element-88fba06\" data-id=\"88fba06\" data-element_type=\"column\" data-e-type=\"column\">\n\t\t\t<div class=\"elementor-widget-wrap elementor-element-populated\">\n\t\t\t\t\t\t<div class=\"elementor-element elementor-element-7e65226 elementor-widget elementor-widget-heading\" data-id=\"7e65226\" data-element_type=\"widget\" data-e-type=\"widget\" data-widget_type=\"heading.default\">\n\t\t\t\t\t<h2 class=\"elementor-heading-title elementor-size-large\">Seguinos en nuestras redes<\/h2>\t\t\t\t<\/div>\n\t\t\t\t<div class=\"elementor-element elementor-element-c37b7ef elementor-shape-circle e-grid-align-tablet-center e-grid-align-mobile-center e-grid-align-left elementor-grid-0 elementor-widget elementor-widget-social-icons\" data-id=\"c37b7ef\" data-element_type=\"widget\" data-e-type=\"widget\" data-widget_type=\"social-icons.default\">\n\t\t\t\t\t\t\t<div class=\"elementor-social-icons-wrapper elementor-grid\" role=\"list\">\n\t\t\t\t\t\t\t<span class=\"elementor-grid-item\" role=\"listitem\">\n\t\t\t\t\t<a class=\"elementor-icon elementor-social-icon elementor-social-icon-facebook-f elementor-repeater-item-lf5yt4c\" href=\"https:\/\/www.facebook.com\/ConsultoraDelfos\" target=\"_blank\">\n\t\t\t\t\t\t<span class=\"elementor-screen-only\">Facebook-f<\/span>\n\t\t\t\t\t\t<i aria-hidden=\"true\" class=\"fab fa-facebook-f\"><\/i>\t\t\t\t\t<\/a>\n\t\t\t\t<\/span>\n\t\t\t\t\t\t\t<span class=\"elementor-grid-item\" role=\"listitem\">\n\t\t\t\t\t<a class=\"elementor-icon elementor-social-icon elementor-social-icon-twitter elementor-repeater-item-01xie82\" href=\"https:\/\/twitter.com\/delfoscba\" target=\"_blank\">\n\t\t\t\t\t\t<span class=\"elementor-screen-only\">Twitter<\/span>\n\t\t\t\t\t\t<i aria-hidden=\"true\" class=\"fab fa-twitter\"><\/i>\t\t\t\t\t<\/a>\n\t\t\t\t<\/span>\n\t\t\t\t\t\t\t<span class=\"elementor-grid-item\" role=\"listitem\">\n\t\t\t\t\t<a class=\"elementor-icon elementor-social-icon elementor-social-icon-linkedin elementor-repeater-item-grhvqhn\" target=\"_blank\">\n\t\t\t\t\t\t<span class=\"elementor-screen-only\">Linkedin<\/span>\n\t\t\t\t\t\t<i aria-hidden=\"true\" class=\"fab fa-linkedin\"><\/i>\t\t\t\t\t<\/a>\n\t\t\t\t<\/span>\n\t\t\t\t\t<\/div>\n\t\t\t\t\t\t<\/div>\n\t\t\t\t\t<\/div>\n\t\t<\/div>\n\t\t\t\t\t<\/div>\n\t\t<\/section>\n\t\t\t\t<\/div>\n\t\t","protected":false},"excerpt":{"rendered":"<p>Cu\u00e1n de acuerdo est\u00e1n los cordobeses con que \u00aba pesar de todo, Argentina es un buen pa\u00eds para vivir\u00bb<\/p>\n","protected":false},"author":2,"featured_media":15163,"comment_status":"open","ping_status":"open","sticky":false,"template":"","format":"standard","meta":{"_acf_changed":false,"footnotes":""},"categories":[4],"tags":[526,1126,493,489,39,1157,893,38,128,1156,1162,35,540,1160,246,929,230,1158,1035,857,34,48,1161,304,906,187,188,227,1159,305,229,31,926,488,112,1134],"class_list":["post-15154","post","type-post","status-publish","format-standard","has-post-thumbnail","hentry","category-sociedad","tag-526","tag-actividad","tag-acuerdo","tag-america-latina","tag-argentina","tag-changarin","tag-clase","tag-cordoba","tag-delfos","tag-desacuerdo","tag-desocupado","tag-edad","tag-emigrar","tag-empleado","tag-encuestas","tag-espanol","tag-estadistica","tag-estudiante","tag-estudios","tag-general","tag-jose-gangi","tag-jovenes","tag-municipalidad","tag-nacion","tag-nivel","tag-ocupacion","tag-opinion-publica","tag-privado","tag-profesional","tag-provincia","tag-publico","tag-sociedad","tag-socioeconomico","tag-sudamerica","tag-trabajo","tag-vivir","et-has-post-format-content","et_post_format-et-post-format-standard"],"acf":[],"_links":{"self":[{"href":"https:\/\/delfoscba.com.ar\/dev\/wp-json\/wp\/v2\/posts\/15154","targetHints":{"allow":["GET"]}}],"collection":[{"href":"https:\/\/delfoscba.com.ar\/dev\/wp-json\/wp\/v2\/posts"}],"about":[{"href":"https:\/\/delfoscba.com.ar\/dev\/wp-json\/wp\/v2\/types\/post"}],"author":[{"embeddable":true,"href":"https:\/\/delfoscba.com.ar\/dev\/wp-json\/wp\/v2\/users\/2"}],"replies":[{"embeddable":true,"href":"https:\/\/delfoscba.com.ar\/dev\/wp-json\/wp\/v2\/comments?post=15154"}],"version-history":[{"count":17,"href":"https:\/\/delfoscba.com.ar\/dev\/wp-json\/wp\/v2\/posts\/15154\/revisions"}],"predecessor-version":[{"id":15187,"href":"https:\/\/delfoscba.com.ar\/dev\/wp-json\/wp\/v2\/posts\/15154\/revisions\/15187"}],"wp:featuredmedia":[{"embeddable":true,"href":"https:\/\/delfoscba.com.ar\/dev\/wp-json\/wp\/v2\/media\/15163"}],"wp:attachment":[{"href":"https:\/\/delfoscba.com.ar\/dev\/wp-json\/wp\/v2\/media?parent=15154"}],"wp:term":[{"taxonomy":"category","embeddable":true,"href":"https:\/\/delfoscba.com.ar\/dev\/wp-json\/wp\/v2\/categories?post=15154"},{"taxonomy":"post_tag","embeddable":true,"href":"https:\/\/delfoscba.com.ar\/dev\/wp-json\/wp\/v2\/tags?post=15154"}],"curies":[{"name":"wp","href":"https:\/\/api.w.org\/{rel}","templated":true}]}}