{"id":15249,"date":"2023-10-24T14:37:07","date_gmt":"2023-10-24T14:37:07","guid":{"rendered":"https:\/\/delfoscba.com.ar\/\/dev\/\/?p=15249"},"modified":"2023-10-24T16:04:20","modified_gmt":"2023-10-24T16:04:20","slug":"los-discursos-de-sergio-massa-y-javier-milei-diversa-capacidad-de-construir-hegemonia-y-coherencia","status":"publish","type":"post","link":"https:\/\/delfoscba.com.ar\/dev\/politica\/los-discursos-de-sergio-massa-y-javier-milei-diversa-capacidad-de-construir-hegemonia-y-coherencia\/","title":{"rendered":"Los discursos de Sergio Massa y Javier Milei: diferentes estrategias para construir hegemon\u00eda"},"content":{"rendered":"\t\t<div data-elementor-type=\"wp-post\" data-elementor-id=\"15249\" class=\"elementor elementor-15249\" data-elementor-post-type=\"post\">\n\t\t\t\t\t\t<section class=\"elementor-section elementor-top-section elementor-element elementor-element-41498b4 elementor-section-height-min-height elementor-section-boxed elementor-section-height-default elementor-section-items-middle\" data-id=\"41498b4\" data-element_type=\"section\" data-e-type=\"section\" data-settings=\"{&quot;background_background&quot;:&quot;classic&quot;}\">\n\t\t\t\t\t\t\t<div class=\"elementor-background-overlay\"><\/div>\n\t\t\t\t\t\t\t<div class=\"elementor-container elementor-column-gap-no\">\n\t\t\t\t\t<div class=\"elementor-column elementor-col-100 elementor-top-column elementor-element elementor-element-a18ac89\" data-id=\"a18ac89\" data-element_type=\"column\" data-e-type=\"column\">\n\t\t\t<div class=\"elementor-widget-wrap elementor-element-populated\">\n\t\t\t\t\t\t<div class=\"elementor-element elementor-element-e493600 elementor-widget elementor-widget-heading\" data-id=\"e493600\" data-element_type=\"widget\" data-e-type=\"widget\" data-widget_type=\"heading.default\">\n\t\t\t\t\t<h2 class=\"elementor-heading-title elementor-size-large\">POL\u00cdTICA<\/h2>\t\t\t\t<\/div>\n\t\t\t\t\t<\/div>\n\t\t<\/div>\n\t\t\t\t\t<\/div>\n\t\t<\/section>\n\t\t\t\t<section class=\"elementor-section elementor-top-section elementor-element elementor-element-7dafb6e4 elementor-section-boxed elementor-section-height-default elementor-section-height-default\" data-id=\"7dafb6e4\" data-element_type=\"section\" data-e-type=\"section\">\n\t\t\t\t\t\t<div class=\"elementor-container elementor-column-gap-default\">\n\t\t\t\t\t<div class=\"elementor-column elementor-col-100 elementor-top-column elementor-element elementor-element-38ae5a14\" data-id=\"38ae5a14\" data-element_type=\"column\" data-e-type=\"column\">\n\t\t\t<div class=\"elementor-widget-wrap elementor-element-populated\">\n\t\t\t\t\t\t<div class=\"elementor-element elementor-element-f8a3207 elementor-widget elementor-widget-author-box\" data-id=\"f8a3207\" data-element_type=\"widget\" data-e-type=\"widget\" data-widget_type=\"author-box.default\">\n\t\t\t\t\t\t\t<div class=\"elementor-author-box\">\n\t\t\t\t\t\t\t<a href=\"https:\/\/delfoscba.com.ar\/\/dev\/\/nosotros\/\" class=\"elementor-author-box__avatar\">\n\t\t\t\t\t<img decoding=\"async\" src=\"https:\/\/delfoscba.com.ar\/dev\/wp-content\/uploads\/2021\/03\/eia-1.png\" alt=\"Picture of Jos\u00e9 Gangi\" loading=\"lazy\">\n\t\t\t\t<\/a>\n\t\t\t\n\t\t\t<div class=\"elementor-author-box__text\">\n\t\t\t\t\t\t\t\t\t<a href=\"https:\/\/delfoscba.com.ar\/\/dev\/\/nosotros\/\">\n\t\t\t\t\t\t<h4 class=\"elementor-author-box__name\">\n\t\t\t\t\t\t\tJos\u00e9 Gangi\t\t\t\t\t\t<\/h4>\n\t\t\t\t\t<\/a>\n\t\t\t\t\n\t\t\t\t\t\t\t\t\t<div class=\"elementor-author-box__bio\">\n\t\t\t\t\t\t<p>Edici\u00f3n y An\u00e1lisis de informes<\/p>\n\t\t\t\t\t<\/div>\n\t\t\t\t\n\t\t\t\t\t\t\t<\/div>\n\t\t<\/div>\n\t\t\t\t\t\t<\/div>\n\t\t\t\t<div class=\"elementor-element elementor-element-7aefe4b4 elementor-widget elementor-widget-text-editor\" data-id=\"7aefe4b4\" data-element_type=\"widget\" data-e-type=\"widget\" data-widget_type=\"text-editor.default\">\n\t\t\t\t\t\t\t\t\t<p>El domingo 22 de octubre los argentinos se enteraron que el candidato de Uni\u00f3n por la Patria (UP) Sergio Massa daba el batacazo, meti\u00e9ndose al ballotaje como el m\u00e1s votado luego de obtener en las elecciones generales el 36,68%. En segundo lugar qued\u00f3 Javier Milei, de La Libertad Avanza (LLA) con el 29,98%, candidato de La Libertad Avanza que le disputar\u00e1 al actual ministro de Econom\u00eda la presidencia de la Naci\u00f3n el pr\u00f3ximo 19 de noviembre.<\/p><p>Sin presidente electo pero con dos candidatos definidos para el balotaje, desde la consultora se intent\u00f3 rastrear algunas se\u00f1ales y estudios que permitan empezar a delinear el comportamiento del electorado de cara a la definici\u00f3n y algunas l\u00edneas de acci\u00f3n que puedan emprender los candidatos en disputa. En este sentido, Luis Dall\u2019Aglio, director de Consultora Delfos, intent\u00f3 comprender en la nota titulada <a href=\"https:\/\/delfoscba.com.ar\/\/dev\/\/notas-de-opinion\/massa-mientras-peor-mejor\/\"><em>\u201cMassa: mientras peor, mejor\u201d<\/em><\/a> las razones detr\u00e1s del apoyo al oficialismo, asoci\u00e1ndolas a las cualidades esperadas de un presidente en este contexto, mientras que Norman Berra, l\u00edder de proyectos de Delfos, destac\u00f3 la efectividad de algunas de las principales encuestas nacionales, a la par que realiz\u00f3 un repaso por los panoramas proyectados por las mediciones para un posible balotaje de forma previa a las elecciones generales en <a href=\"https:\/\/delfoscba.com.ar\/\/dev\/\/politica\/los-dato-clave-que-dejo-la-primera-vuelta-y-tendencias-al-ballotaje-que-se-viene\/\"><em>\u201cLos datos clave que dej\u00f3 la primera vuelta y tendencias al ballotaje que se viene\u201d<\/em><\/a>.<\/p><p>Por su parte, en la presente nota se analizan los discursos desarrollados por los principales candidatos al cierre de los comicios, elementos que adem\u00e1s pueden ser claves si se concreta el debate del 12 de noviembre.<\/p><p><strong><em>Las palabras significan mucho m\u00e1s de lo que dicen<\/em><\/strong><\/p><p>Las declaraciones ser\u00e1n analizadas sobre la base de cuatro variables: p\u00fablico objetivo, interlocutor, tono y contenido.<\/p><p>En t\u00e9rminos de p\u00fablico objetivo, Massa defini\u00f3 su campo de trabajo para las pr\u00f3ximas semanas por m\u00faltiples tipolog\u00edas de votantes, a la vez que termin\u00f3 de demarcarlo por valores. Expl\u00edcitamente, apel\u00f3 a todos aquellos que votaron en blanco, a los que se expresaron en las urnas con bronca, a los votantes de Myriam Bregman y Juan Schiaretti y, con particular \u00e9nfasis, a los radicales. Los valores que demarcaron la esfera fueron el anhelo de paz, orden y democracia.<\/p><p>Milei, por otro lado, demarc\u00f3 mucho m\u00e1s precisamente su p\u00fablico objetivo en torno a dos definiciones: \u201caquellos que quieren un cambio\u201d y \u201caquellos que quieren terminar con el kirchnerismo\u201d. De esta forma, el libertario delimit\u00f3 su esfera m\u00e1s certeramente, apelando al coraz\u00f3n de la oposici\u00f3n m\u00e1s f\u00e9rrea al gobierno nacional, representada principalmente en Juntos por el Cambio (JXC).<\/p><p>Las fronteras de la esfera de actuaci\u00f3n de Milei se conforman as\u00ed de manera m\u00e1s r\u00edgida que las de Massa, potenciando la consolidaci\u00f3n de un techo mucho m\u00e1s duro, pero m\u00e1s asertivas, en cuanto se muestra coherente con un aspecto central del discurso de JXC y apunta de manera m\u00e1s decidida al coraz\u00f3n de la mayor cantidad de votos en disputa. El punto m\u00e1s flojo de su estrategia, bien advertido por Massa, es el radicalismo, tan vilipendiado por el candidato de La Libertad Avanza.<\/p><p>Ambos candidatos eligieron como interlocutores principales de su discurso a los ciudadanos particulares. Sin embargo, los dos les dedicaron tiempo a dirigentes extra partidarios. Massa reafirm\u00f3 su voluntad de generar un \u201cgobierno de unidad\u201d y, como ya comentamos, apunt\u00f3 directamente a los radicales apelando a los valores democr\u00e1ticos e institucionales que los unen. Milei, por su parte, plante\u00f3 una tregua a sus adversarios de Juntos por el Cambio, asumiendo los agravios como parte de la disputa democr\u00e1tica que los enfrent\u00f3 y ofreciendo un \u201cborr\u00f3n y cuenta nueva\u201d de su parte para enfrentar el \u201cmal mayor\u201d, el kirchnerismo.<\/p><p>Otro punto relevante es el tono del discurso. El candidato de UP, en consonancia con el amplio paraguas que abri\u00f3 para captar votantes, desarroll\u00f3 su discurso como un candidato de concertaci\u00f3n: con mucha templanza, mostr\u00e1ndose agradecido con todos e incluso emocionado. En la vereda del frente, Milei desarroll\u00f3 un discurso m\u00e1s \u00e9pico pero sin perder la mesura en su tono, algo a lo que nos viene acostumbrando desde el primer debate.<\/p><p>Para finalizar, el contenido de los discursos posee puntos en com\u00fan en torno al reconocimiento de los principales problemas de los argentinos (inseguridad, inflaci\u00f3n, poder adquisitivo e instituciones) y opuestos vinculados a la definici\u00f3n que cada uno realiz\u00f3 de su p\u00fablico objetivo.<\/p><p>El candidato de LLA se expres\u00f3 en consonancia con su definici\u00f3n del p\u00fablico objetivo para el pr\u00f3ximo mes con frases como \u201cterminar con el kirchnerismo\u201d, propias de la l\u00f3gica \u201camigo-enemigo\u201d, y con aclaraciones sobre sus intenciones del tipo \u201cbuscamos quitar privilegios, no derechos\u201d, mientras que Sergio Massa se ocup\u00f3 de darles entidad a minor\u00edas afectadas por declaraciones de dirigentes la LLA (madres solteras y jubilados), de asentarse sobre valores fundantes o que forman parte del n\u00facleo de contenidos de la naci\u00f3n (paz, orden, democracia, familia) y de desarrollar una agenda program\u00e1tica con propuestas de desarrollo federal, aumento de coparticipaci\u00f3n, de di\u00e1logo entre el campo y la industria, as\u00ed como entre trabajadores y empresarios, entre otros sectores.<\/p><p><strong><em>Reflexiones finales<\/em><\/strong><\/p><p>En resumen, 1) el radicalismo es el punto donde se encuentran los p\u00fablicos objetivos de ambos, cobrando el partido centenario una renovada centralidad en la pol\u00edtica argentina; 2) Massa va a tener el desaf\u00edo de ser org\u00e1nico en su discurso frente a un p\u00fablico tan amplio; 3) Milei, por su parte, el de ser inclusivo en el marco de un discurso negador de su adversario; 4) Milei debe lograr conciliar su interpelaci\u00f3n a JXC y su espanto por las castas. Tal como mencionaran otros integrantes de LLA, la alianza con Luis Barrionuevo ya tuvo sus costos para la cosecha liberal; 5) Massa tiene a cuestas la necesidad de acompa\u00f1ar con resultados en el corto plazo su discurso de orden y certezas en una esfera donde, m\u00e1s que la regla, hoy parecen ser la excepci\u00f3n.<\/p>\t\t\t\t\t\t\t\t<\/div>\n\t\t\t\t\t<\/div>\n\t\t<\/div>\n\t\t\t\t\t<\/div>\n\t\t<\/section>\n\t\t\t\t<section class=\"elementor-section elementor-top-section elementor-element elementor-element-b28ac47 elementor-section-height-min-height elementor-section-boxed elementor-section-height-default elementor-section-items-middle\" data-id=\"b28ac47\" data-element_type=\"section\" data-e-type=\"section\" data-settings=\"{&quot;background_background&quot;:&quot;classic&quot;}\">\n\t\t\t\t\t\t\t<div class=\"elementor-background-overlay\"><\/div>\n\t\t\t\t\t\t\t<div class=\"elementor-container elementor-column-gap-default\">\n\t\t\t\t\t<div class=\"elementor-column elementor-col-100 elementor-top-column elementor-element elementor-element-88fba06\" data-id=\"88fba06\" data-element_type=\"column\" data-e-type=\"column\">\n\t\t\t<div class=\"elementor-widget-wrap elementor-element-populated\">\n\t\t\t\t\t\t<div class=\"elementor-element elementor-element-7e65226 elementor-widget elementor-widget-heading\" data-id=\"7e65226\" data-element_type=\"widget\" data-e-type=\"widget\" data-widget_type=\"heading.default\">\n\t\t\t\t\t<h2 class=\"elementor-heading-title elementor-size-large\">Seguinos en nuestras redes<\/h2>\t\t\t\t<\/div>\n\t\t\t\t<div class=\"elementor-element elementor-element-c37b7ef elementor-shape-circle e-grid-align-tablet-center e-grid-align-mobile-center e-grid-align-left elementor-grid-0 elementor-widget elementor-widget-social-icons\" data-id=\"c37b7ef\" data-element_type=\"widget\" data-e-type=\"widget\" data-widget_type=\"social-icons.default\">\n\t\t\t\t\t\t\t<div class=\"elementor-social-icons-wrapper elementor-grid\" role=\"list\">\n\t\t\t\t\t\t\t<span class=\"elementor-grid-item\" role=\"listitem\">\n\t\t\t\t\t<a class=\"elementor-icon elementor-social-icon elementor-social-icon-facebook-f elementor-repeater-item-lf5yt4c\" href=\"https:\/\/www.facebook.com\/ConsultoraDelfos\" target=\"_blank\">\n\t\t\t\t\t\t<span class=\"elementor-screen-only\">Facebook-f<\/span>\n\t\t\t\t\t\t<i aria-hidden=\"true\" class=\"fab fa-facebook-f\"><\/i>\t\t\t\t\t<\/a>\n\t\t\t\t<\/span>\n\t\t\t\t\t\t\t<span class=\"elementor-grid-item\" role=\"listitem\">\n\t\t\t\t\t<a class=\"elementor-icon elementor-social-icon elementor-social-icon-twitter elementor-repeater-item-01xie82\" href=\"https:\/\/twitter.com\/delfoscba\" target=\"_blank\">\n\t\t\t\t\t\t<span class=\"elementor-screen-only\">Twitter<\/span>\n\t\t\t\t\t\t<i aria-hidden=\"true\" class=\"fab fa-twitter\"><\/i>\t\t\t\t\t<\/a>\n\t\t\t\t<\/span>\n\t\t\t\t\t\t\t<span class=\"elementor-grid-item\" role=\"listitem\">\n\t\t\t\t\t<a class=\"elementor-icon elementor-social-icon elementor-social-icon-linkedin elementor-repeater-item-grhvqhn\" target=\"_blank\">\n\t\t\t\t\t\t<span class=\"elementor-screen-only\">Linkedin<\/span>\n\t\t\t\t\t\t<i aria-hidden=\"true\" class=\"fab fa-linkedin\"><\/i>\t\t\t\t\t<\/a>\n\t\t\t\t<\/span>\n\t\t\t\t\t<\/div>\n\t\t\t\t\t\t<\/div>\n\t\t\t\t\t<\/div>\n\t\t<\/div>\n\t\t\t\t\t<\/div>\n\t\t<\/section>\n\t\t\t\t<\/div>\n\t\t","protected":false},"excerpt":{"rendered":"<p>An\u00e1lisis de los discursos al cierre de la jornada electoral<\/p>\n","protected":false},"author":2,"featured_media":15222,"comment_status":"open","ping_status":"open","sticky":false,"template":"","format":"standard","meta":{"_acf_changed":false,"footnotes":""},"categories":[3],"tags":[526,489,1185,1180,39,1187,1184,38,128,296,97,130,246,1186,929,230,726,599,782,1177,1178,145,1182,34,977,978,259,569,62,188,863,287,327,56,178,229,1183,396,107,31,488,1181,112,1038,1179],"class_list":["post-15249","post","type-post","status-publish","format-standard","has-post-thumbnail","hentry","category-politica","tag-526","tag-america-latina","tag-amigo","tag-analisis","tag-argentina","tag-concertacion","tag-contenido","tag-cordoba","tag-delfos","tag-discurso","tag-elecciones","tag-empleo","tag-encuestas","tag-enemigo","tag-espanol","tag-estadistica","tag-estado","tag-familia","tag-generales","tag-hegemonia","tag-individuos","tag-inflacion","tag-interlocutor","tag-jose-gangi","tag-la-libertad-avanza","tag-lla","tag-massa","tag-milei","tag-ministro","tag-opinion-publica","tag-orden","tag-peronismo","tag-poder-adquisitivo","tag-politica","tag-presidente","tag-publico","tag-publico-objetivo","tag-radicales","tag-seguridad","tag-sociedad","tag-sudamerica","tag-tono","tag-trabajo","tag-union-por-la-patria","tag-uxp","et-has-post-format-content","et_post_format-et-post-format-standard"],"acf":[],"_links":{"self":[{"href":"https:\/\/delfoscba.com.ar\/dev\/wp-json\/wp\/v2\/posts\/15249","targetHints":{"allow":["GET"]}}],"collection":[{"href":"https:\/\/delfoscba.com.ar\/dev\/wp-json\/wp\/v2\/posts"}],"about":[{"href":"https:\/\/delfoscba.com.ar\/dev\/wp-json\/wp\/v2\/types\/post"}],"author":[{"embeddable":true,"href":"https:\/\/delfoscba.com.ar\/dev\/wp-json\/wp\/v2\/users\/2"}],"replies":[{"embeddable":true,"href":"https:\/\/delfoscba.com.ar\/dev\/wp-json\/wp\/v2\/comments?post=15249"}],"version-history":[{"count":22,"href":"https:\/\/delfoscba.com.ar\/dev\/wp-json\/wp\/v2\/posts\/15249\/revisions"}],"predecessor-version":[{"id":15271,"href":"https:\/\/delfoscba.com.ar\/dev\/wp-json\/wp\/v2\/posts\/15249\/revisions\/15271"}],"wp:featuredmedia":[{"embeddable":true,"href":"https:\/\/delfoscba.com.ar\/dev\/wp-json\/wp\/v2\/media\/15222"}],"wp:attachment":[{"href":"https:\/\/delfoscba.com.ar\/dev\/wp-json\/wp\/v2\/media?parent=15249"}],"wp:term":[{"taxonomy":"category","embeddable":true,"href":"https:\/\/delfoscba.com.ar\/dev\/wp-json\/wp\/v2\/categories?post=15249"},{"taxonomy":"post_tag","embeddable":true,"href":"https:\/\/delfoscba.com.ar\/dev\/wp-json\/wp\/v2\/tags?post=15249"}],"curies":[{"name":"wp","href":"https:\/\/api.w.org\/{rel}","templated":true}]}}