{"id":15397,"date":"2023-11-24T21:40:43","date_gmt":"2023-11-24T21:40:43","guid":{"rendered":"https:\/\/delfoscba.com.ar\/\/dev\/\/?p=15397"},"modified":"2023-11-24T21:55:05","modified_gmt":"2023-11-24T21:55:05","slug":"el-recelo-a-los-ganadores-y-las-claves-de-la-victoria-de-milei","status":"publish","type":"post","link":"https:\/\/delfoscba.com.ar\/dev\/politica\/el-recelo-a-los-ganadores-y-las-claves-de-la-victoria-de-milei\/","title":{"rendered":"El recelo a los ganadores y las claves de la victoria de Milei"},"content":{"rendered":"\t\t<div data-elementor-type=\"wp-post\" data-elementor-id=\"15397\" class=\"elementor elementor-15397\" data-elementor-post-type=\"post\">\n\t\t\t\t\t\t<section class=\"elementor-section elementor-top-section elementor-element elementor-element-41498b4 elementor-section-height-min-height elementor-section-boxed elementor-section-height-default elementor-section-items-middle\" data-id=\"41498b4\" data-element_type=\"section\" data-e-type=\"section\" data-settings=\"{&quot;background_background&quot;:&quot;classic&quot;}\">\n\t\t\t\t\t\t\t<div class=\"elementor-background-overlay\"><\/div>\n\t\t\t\t\t\t\t<div class=\"elementor-container elementor-column-gap-no\">\n\t\t\t\t\t<div class=\"elementor-column elementor-col-100 elementor-top-column elementor-element elementor-element-a18ac89\" data-id=\"a18ac89\" data-element_type=\"column\" data-e-type=\"column\">\n\t\t\t<div class=\"elementor-widget-wrap elementor-element-populated\">\n\t\t\t\t\t\t<div class=\"elementor-element elementor-element-e493600 elementor-widget elementor-widget-heading\" data-id=\"e493600\" data-element_type=\"widget\" data-e-type=\"widget\" data-widget_type=\"heading.default\">\n\t\t\t\t\t<h2 class=\"elementor-heading-title elementor-size-large\">POL\u00cdTICA<\/h2>\t\t\t\t<\/div>\n\t\t\t\t\t<\/div>\n\t\t<\/div>\n\t\t\t\t\t<\/div>\n\t\t<\/section>\n\t\t\t\t<section class=\"elementor-section elementor-top-section elementor-element elementor-element-7dafb6e4 elementor-section-boxed elementor-section-height-default elementor-section-height-default\" data-id=\"7dafb6e4\" data-element_type=\"section\" data-e-type=\"section\">\n\t\t\t\t\t\t<div class=\"elementor-container elementor-column-gap-default\">\n\t\t\t\t\t<div class=\"elementor-column elementor-col-100 elementor-top-column elementor-element elementor-element-38ae5a14\" data-id=\"38ae5a14\" data-element_type=\"column\" data-e-type=\"column\">\n\t\t\t<div class=\"elementor-widget-wrap elementor-element-populated\">\n\t\t\t\t\t\t<div class=\"elementor-element elementor-element-f8a3207 elementor-widget elementor-widget-author-box\" data-id=\"f8a3207\" data-element_type=\"widget\" data-e-type=\"widget\" data-widget_type=\"author-box.default\">\n\t\t\t\t\t\t\t<div class=\"elementor-author-box\">\n\t\t\t\t\t\t\t<a href=\"https:\/\/delfoscba.com.ar\/\/dev\/\/nosotros\/\" class=\"elementor-author-box__avatar\">\n\t\t\t\t\t<img decoding=\"async\" src=\"https:\/\/delfoscba.com.ar\/dev\/wp-content\/uploads\/2021\/03\/eia-1.png\" alt=\"Picture of Jos\u00e9 Gangi\" loading=\"lazy\">\n\t\t\t\t<\/a>\n\t\t\t\n\t\t\t<div class=\"elementor-author-box__text\">\n\t\t\t\t\t\t\t\t\t<a href=\"https:\/\/delfoscba.com.ar\/\/dev\/\/nosotros\/\">\n\t\t\t\t\t\t<h4 class=\"elementor-author-box__name\">\n\t\t\t\t\t\t\tJos\u00e9 Gangi\t\t\t\t\t\t<\/h4>\n\t\t\t\t\t<\/a>\n\t\t\t\t\n\t\t\t\t\t\t\t\t\t<div class=\"elementor-author-box__bio\">\n\t\t\t\t\t\t<p>Edici\u00f3n y An\u00e1lisis de informes<\/p>\n\t\t\t\t\t<\/div>\n\t\t\t\t\n\t\t\t\t\t\t\t<\/div>\n\t\t<\/div>\n\t\t\t\t\t\t<\/div>\n\t\t\t\t<div class=\"elementor-element elementor-element-7aefe4b4 elementor-widget elementor-widget-text-editor\" data-id=\"7aefe4b4\" data-element_type=\"widget\" data-e-type=\"widget\" data-widget_type=\"text-editor.default\">\n\t\t\t\t\t\t\t\t\t<p>El 31 de mayo de este a\u00f1o publicamos una nota titulada \u201c<a href=\"https:\/\/delfoscba.com.ar\/\/dev\/\/politica\/en-un-escenario-de-tres-fuerzas-con-un-cuarto-de-electores-conviene-pegar-primero-o-polarizar-y-contener-puertas-adentro\/\">En un escenario de tres fuerzas con un cuarto de electores cada una, \u00bfconviene pegar primero o polarizar y contener puertas adentro?<\/a>\u201d. All\u00ed analizamos la historia de los comicios presidenciales con m\u00e1s de una instancia, con el objetivo de ponderar lo que por ese momento eran dos estrategias en pugna hacia adentro de la fuerza oficialista nacional.<\/p><p>En dicho an\u00e1lisis, observamos que, tanto a nivel local como regional, las fuerzas rezagadas crecen m\u00e1s que las primeras de una instancia a otra e incluso, en el 31,6% de los casos, llegan a dar vuelta el resultado. Por eso, anunci\u00e1bamos como advertencia que no siempre el que pega primero pega dos veces, como dice el viejo refr\u00e1n.<\/p><p><strong>\u00bfQu\u00e9 pas\u00f3 en las elecciones presidenciales actuales? Se confirm\u00f3 el fen\u00f3meno por duplicado<\/strong><\/p><p>M\u00e1s all\u00e1 de que las Paso se dirimieron con un resultado escueto entre los tres principales candidatos (entre Javier Milei y Sergio Massa, primero y tercero respectivamente, hubo una diferencia de 2,58 puntos porcentuales, el libertario fue el gran ganador de la contienda en segunda vuelta. El candidato libertario sorprendi\u00f3 a m\u00e1s de uno y se ubic\u00f3 en la cima del disputado podio.<\/p><p><a href=\"https:\/\/delfoscba.com.ar\/\/dev\/\/wp-content\/uploads\/2023\/11\/J7SZXNB7UFEA5IAXHUBRG2UXU4-e1700860113942.jpg\"><img fetchpriority=\"high\" decoding=\"async\" class=\"aligncenter wp-image-15400 size-large\" src=\"https:\/\/delfoscba.com.ar\/\/dev\/\/wp-content\/uploads\/2023\/11\/J7SZXNB7UFEA5IAXHUBRG2UXU4-e1700860113942-1024x421.jpg\" alt=\"\" width=\"1024\" height=\"421\" srcset=\"https:\/\/delfoscba.com.ar\/dev\/wp-content\/uploads\/2023\/11\/J7SZXNB7UFEA5IAXHUBRG2UXU4-e1700860113942-1024x421.jpg 1024w, https:\/\/delfoscba.com.ar\/dev\/wp-content\/uploads\/2023\/11\/J7SZXNB7UFEA5IAXHUBRG2UXU4-e1700860113942-300x123.jpg 300w, https:\/\/delfoscba.com.ar\/dev\/wp-content\/uploads\/2023\/11\/J7SZXNB7UFEA5IAXHUBRG2UXU4-e1700860113942-768x316.jpg 768w, https:\/\/delfoscba.com.ar\/dev\/wp-content\/uploads\/2023\/11\/J7SZXNB7UFEA5IAXHUBRG2UXU4-e1700860113942-1536x632.jpg 1536w, https:\/\/delfoscba.com.ar\/dev\/wp-content\/uploads\/2023\/11\/J7SZXNB7UFEA5IAXHUBRG2UXU4-e1700860113942-1080x444.jpg 1080w, https:\/\/delfoscba.com.ar\/dev\/wp-content\/uploads\/2023\/11\/J7SZXNB7UFEA5IAXHUBRG2UXU4-e1700860113942.jpg 1920w\" sizes=\"(max-width: 1024px) 100vw, 1024px\" \/><\/a><\/p><p>Por su parte, Juntos por el Cambio en conjunto, gran candidato a quedarse con las elecciones, qued\u00f3 en segundo lugar con un 40% de los votos hu\u00e9rfanos despu\u00e9s de una disputa subida de tono en la interna partidaria entre Patricia Bullrich, candidata electa para representar al partido en las generales, y Horacio Rodr\u00edguez Larreta, el gran derrotado de aquella jornada.<\/p><p><a href=\"https:\/\/delfoscba.com.ar\/\/dev\/\/wp-content\/uploads\/2023\/11\/massa-paso-e1700860497169.png\"><img decoding=\"async\" class=\"aligncenter wp-image-15402 size-large\" src=\"https:\/\/delfoscba.com.ar\/\/dev\/\/wp-content\/uploads\/2023\/11\/massa-paso-e1700860497169-1024x428.png\" alt=\"\" width=\"1024\" height=\"428\" srcset=\"https:\/\/delfoscba.com.ar\/dev\/wp-content\/uploads\/2023\/11\/massa-paso-e1700860497169-1024x428.png 1024w, https:\/\/delfoscba.com.ar\/dev\/wp-content\/uploads\/2023\/11\/massa-paso-e1700860497169-300x125.png 300w, https:\/\/delfoscba.com.ar\/dev\/wp-content\/uploads\/2023\/11\/massa-paso-e1700860497169-768x321.png 768w, https:\/\/delfoscba.com.ar\/dev\/wp-content\/uploads\/2023\/11\/massa-paso-e1700860497169-1080x452.png 1080w, https:\/\/delfoscba.com.ar\/dev\/wp-content\/uploads\/2023\/11\/massa-paso-e1700860497169.png 1440w\" sizes=\"(max-width: 1024px) 100vw, 1024px\" \/><\/a><\/p><p>En tercer lugar, sorprendiendo a m\u00e1s de uno por el destacado desempe\u00f1o en un contexto m\u00e1s que complejo en t\u00e9rminos econ\u00f3micos, qued\u00f3 el actual ministro de Econom\u00eda y candidato favorito de Uni\u00f3n por la Patria, Sergio Massa.<\/p><p><a href=\"https:\/\/delfoscba.com.ar\/\/dev\/\/wp-content\/uploads\/2023\/11\/bullrich-plan-integral-e1700860541654.png\"><img decoding=\"async\" class=\"aligncenter wp-image-15401 size-large\" src=\"https:\/\/delfoscba.com.ar\/\/dev\/\/wp-content\/uploads\/2023\/11\/bullrich-plan-integral-e1700860541654-1024x467.png\" alt=\"\" width=\"1024\" height=\"467\" srcset=\"https:\/\/delfoscba.com.ar\/dev\/wp-content\/uploads\/2023\/11\/bullrich-plan-integral-e1700860541654-1024x467.png 1024w, https:\/\/delfoscba.com.ar\/dev\/wp-content\/uploads\/2023\/11\/bullrich-plan-integral-e1700860541654-300x137.png 300w, https:\/\/delfoscba.com.ar\/dev\/wp-content\/uploads\/2023\/11\/bullrich-plan-integral-e1700860541654-768x350.png 768w, https:\/\/delfoscba.com.ar\/dev\/wp-content\/uploads\/2023\/11\/bullrich-plan-integral-e1700860541654-1080x493.png 1080w, https:\/\/delfoscba.com.ar\/dev\/wp-content\/uploads\/2023\/11\/bullrich-plan-integral-e1700860541654.png 1440w\" sizes=\"(max-width: 1024px) 100vw, 1024px\" \/><\/a><\/p><p>Con el paso de los d\u00edas, el foco se centr\u00f3 cada vez m\u00e1s en la disputa Milei-Massa. Patricia Bullrich fue qued\u00e1ndose rezagada en la competencia por errores propios, otros forzados y por la imposibilidad de construir un discurso con el que se sintiera c\u00f3moda y que le permitiera disputar a La Libertad Avanza los votos de derecha y a Uni\u00f3n por la Patria los del centro.<\/p><p><a href=\"https:\/\/delfoscba.com.ar\/\/dev\/\/wp-content\/uploads\/2023\/11\/milei-festejando-en-las-paso-e1700860582759.png\"><img loading=\"lazy\" decoding=\"async\" class=\"aligncenter wp-image-15403 size-large\" src=\"https:\/\/delfoscba.com.ar\/\/dev\/\/wp-content\/uploads\/2023\/11\/milei-festejando-en-las-paso-e1700860582759-1024x449.png\" alt=\"\" width=\"1024\" height=\"449\" srcset=\"https:\/\/delfoscba.com.ar\/dev\/wp-content\/uploads\/2023\/11\/milei-festejando-en-las-paso-e1700860582759-1024x449.png 1024w, https:\/\/delfoscba.com.ar\/dev\/wp-content\/uploads\/2023\/11\/milei-festejando-en-las-paso-e1700860582759-300x131.png 300w, https:\/\/delfoscba.com.ar\/dev\/wp-content\/uploads\/2023\/11\/milei-festejando-en-las-paso-e1700860582759-768x337.png 768w, https:\/\/delfoscba.com.ar\/dev\/wp-content\/uploads\/2023\/11\/milei-festejando-en-las-paso-e1700860582759-1080x473.png 1080w, https:\/\/delfoscba.com.ar\/dev\/wp-content\/uploads\/2023\/11\/milei-festejando-en-las-paso-e1700860582759.png 1280w\" sizes=\"(max-width: 1024px) 100vw, 1024px\" \/><\/a><\/p><p>Fruto de este devenir de la pol\u00edtica argentina llegamos a las elecciones generales con Milei como el gran rival a vencer y con Massa como el candidato diferente, con posibilidades certeras de disputarle las elecciones en las generales.<\/p><p><strong>El batacazo massista y la alianza de Milei con Macri<\/strong><\/p><p>Domingo 22 de octubre de 2023. Massa crece casi 10 puntos porcentuales y se ubica como el candidato m\u00e1s votado de las elecciones generales con el 36,68% de los votos. Milei, por su parte, se estanca en un valor cercano al 30%, pero accede al balotaje. Bullrich queda rezagada al tercer lugar y fuera de la segunda vuelta con el 23,83% de los votos, fruto de la imposibilidad de retener todo el caudal de Juntos por el Cambio. Una vez m\u00e1s, la fuerza rezagada no s\u00f3lo lograba crecer proporcionalmente m\u00e1s que el ganador de la instancia anterior, sino que daba el batacazo.<\/p><p><a href=\"https:\/\/delfoscba.com.ar\/\/dev\/\/wp-content\/uploads\/2023\/11\/massa-ganador-generales.jpg\"><img loading=\"lazy\" decoding=\"async\" class=\"aligncenter wp-image-15404 size-large\" src=\"https:\/\/delfoscba.com.ar\/\/dev\/\/wp-content\/uploads\/2023\/11\/massa-ganador-generales-e1700860774303-1024x459.jpg\" alt=\"\" width=\"1024\" height=\"459\" srcset=\"https:\/\/delfoscba.com.ar\/dev\/wp-content\/uploads\/2023\/11\/massa-ganador-generales-e1700860774303-1024x459.jpg 1024w, https:\/\/delfoscba.com.ar\/dev\/wp-content\/uploads\/2023\/11\/massa-ganador-generales-e1700860774303-300x134.jpg 300w, https:\/\/delfoscba.com.ar\/dev\/wp-content\/uploads\/2023\/11\/massa-ganador-generales-e1700860774303-768x344.jpg 768w, https:\/\/delfoscba.com.ar\/dev\/wp-content\/uploads\/2023\/11\/massa-ganador-generales-e1700860774303-1080x484.jpg 1080w, https:\/\/delfoscba.com.ar\/dev\/wp-content\/uploads\/2023\/11\/massa-ganador-generales-e1700860774303.jpg 1232w\" sizes=\"(max-width: 1024px) 100vw, 1024px\" \/><\/a><\/p><p>Esa misma noche, al expresarse despu\u00e9s de reconocer la derrota parcial, Milei llam\u00f3 a dirigentes y votantes que quisieran un cambio a un\u00edrsele, invit\u00e1ndolos a hacer una \u201ctabula rasa\u201d para acabar de una vez y para siempre con el kirchnerismo. A los pocos d\u00edas, sellar\u00eda una alianza con Bullrich y Mauricio Macri para generar un gran frente opositor con la capacidad de vencer al candidato de Uni\u00f3n por la Patria.<\/p><p><a href=\"https:\/\/delfoscba.com.ar\/\/dev\/\/wp-content\/uploads\/2023\/11\/milei-bullrich-e1700860835778.png\"><img loading=\"lazy\" decoding=\"async\" class=\"aligncenter wp-image-15405 size-large\" src=\"https:\/\/delfoscba.com.ar\/\/dev\/\/wp-content\/uploads\/2023\/11\/milei-bullrich-1024x576.png\" alt=\"\" width=\"1024\" height=\"576\" \/><\/a><\/p><p>A partir de este momento, el novedoso marco tripartito de disputa del poder encarnado por La Libertad Avanza, Juntos por el Cambio y Uni\u00f3n por la Patria se transformar\u00eda en consonancia con la l\u00f3gica del balotaje en puerta, en una disputa bicoalicional: por un lado, el frente peronista-progresista de Uni\u00f3n por la Patria y, por el otro, el antiperonista-liberal de La Libertad Avanza.<\/p><p><strong>El desenlace<\/strong><\/p><p>Con Massa, el candidato m\u00e1s votado de la instancia anterior, instalando una campa\u00f1a del miedo en torno a las declaraciones de Milei desde una posici\u00f3n consolidada de candidato del consenso y de las instituciones y una oposici\u00f3n que identific\u00f3 al kirchnerismo como la fuerza a vencer, representante de la continuidad de la fat\u00eddica situaci\u00f3n econ\u00f3mica de la Argentina, se sucedi\u00f3 casi un mes de campa\u00f1a.<\/p><p><a href=\"https:\/\/delfoscba.com.ar\/\/dev\/\/wp-content\/uploads\/2023\/11\/VOTO-DE-MILEI-POR-GENERO.png\"><img loading=\"lazy\" decoding=\"async\" class=\"aligncenter wp-image-15407 size-large\" src=\"https:\/\/delfoscba.com.ar\/\/dev\/\/wp-content\/uploads\/2023\/11\/VOTO-DE-MILEI-POR-GENERO-1024x726.png\" alt=\"\" width=\"1024\" height=\"726\" srcset=\"https:\/\/delfoscba.com.ar\/dev\/wp-content\/uploads\/2023\/11\/VOTO-DE-MILEI-POR-GENERO-1024x726.png 1024w, https:\/\/delfoscba.com.ar\/dev\/wp-content\/uploads\/2023\/11\/VOTO-DE-MILEI-POR-GENERO-300x213.png 300w, https:\/\/delfoscba.com.ar\/dev\/wp-content\/uploads\/2023\/11\/VOTO-DE-MILEI-POR-GENERO-768x545.png 768w, https:\/\/delfoscba.com.ar\/dev\/wp-content\/uploads\/2023\/11\/VOTO-DE-MILEI-POR-GENERO-1536x1090.png 1536w, https:\/\/delfoscba.com.ar\/dev\/wp-content\/uploads\/2023\/11\/VOTO-DE-MILEI-POR-GENERO-400x284.png 400w, https:\/\/delfoscba.com.ar\/dev\/wp-content\/uploads\/2023\/11\/VOTO-DE-MILEI-POR-GENERO-1080x766.png 1080w, https:\/\/delfoscba.com.ar\/dev\/wp-content\/uploads\/2023\/11\/VOTO-DE-MILEI-POR-GENERO.png 1748w\" sizes=\"(max-width: 1024px) 100vw, 1024px\" \/><\/a><\/p><p>Gracias al voto de mujeres y adultos que le hab\u00eda sido esquivo en instancias anteriores, no tanto a un incremento en la cantidad de votantes, el 19 de noviembre Milei vencer\u00eda por m\u00e1s de 11 puntos porcentuales al candidato de unidad del peronismo.<\/p><p><a href=\"https:\/\/delfoscba.com.ar\/\/dev\/\/wp-content\/uploads\/2023\/11\/VOTO-DE-MILEI-POR-EDAD.png\"><img loading=\"lazy\" decoding=\"async\" class=\"aligncenter wp-image-15408 size-large\" src=\"https:\/\/delfoscba.com.ar\/\/dev\/\/wp-content\/uploads\/2023\/11\/VOTO-DE-MILEI-POR-EDAD-1024x726.png\" alt=\"\" width=\"1024\" height=\"726\" srcset=\"https:\/\/delfoscba.com.ar\/dev\/wp-content\/uploads\/2023\/11\/VOTO-DE-MILEI-POR-EDAD-1024x726.png 1024w, https:\/\/delfoscba.com.ar\/dev\/wp-content\/uploads\/2023\/11\/VOTO-DE-MILEI-POR-EDAD-300x213.png 300w, https:\/\/delfoscba.com.ar\/dev\/wp-content\/uploads\/2023\/11\/VOTO-DE-MILEI-POR-EDAD-768x545.png 768w, https:\/\/delfoscba.com.ar\/dev\/wp-content\/uploads\/2023\/11\/VOTO-DE-MILEI-POR-EDAD-1536x1090.png 1536w, https:\/\/delfoscba.com.ar\/dev\/wp-content\/uploads\/2023\/11\/VOTO-DE-MILEI-POR-EDAD-400x284.png 400w, https:\/\/delfoscba.com.ar\/dev\/wp-content\/uploads\/2023\/11\/VOTO-DE-MILEI-POR-EDAD-1080x766.png 1080w, https:\/\/delfoscba.com.ar\/dev\/wp-content\/uploads\/2023\/11\/VOTO-DE-MILEI-POR-EDAD.png 1748w\" sizes=\"(max-width: 1024px) 100vw, 1024px\" \/><\/a><\/p><p>No s\u00f3lo presenciar\u00edamos una nueva avanzada de una fuerza rezagada por sobre una vencedora y no s\u00f3lo esa avanzada le alcanzar\u00eda para ganar las elecciones, sino que, por primera vez en Argentina, se consumar\u00eda una elecci\u00f3n donde el candidato vencedor cambiar\u00eda en dos oportunidades.<\/p><p><strong>Reflexiones finales<\/strong><\/p><p>Tal como concluy\u00e9ramos en la nota mencionada a comienzos del presente escrito, todas las elecciones est\u00e1n atravesadas por las particularidades de su contexto. Los recorridos de los candidatos, los de sus partidos, las caracter\u00edsticas de los contextos hist\u00f3ricos, entre otros diversos factores, hacen un combo de variables que sin duda poseen un impacto en la performance de los competidores.<\/p><p>Todo parece indicar que la polarizaci\u00f3n definitiva contra el kirchnerismo encarnada por Milei una vez consumada la alianza con Macri y Bullrich, as\u00ed como la garant\u00eda de un m\u00ednimo de gobernabilidad y previsibilidad brindado por estas \u00faltimas figuras, fueron factores fundamentales para activar un proceso de ponderaci\u00f3n de esos valores por encima de los temores que despert\u00f3 durante toda la campa\u00f1a el libertario respecto a agendas de cuidado y econ\u00f3micas y atraer hacia el candidato a las mujeres y los adultos en edad productiva, reticentes a su figura en las primeras instancias.<\/p><p>Sin embargo, resulta imposible dejar de reconocer el fen\u00f3meno de resistencia frente a los vencedores. No parece haber relaci\u00f3n alguna entre los resultados y la pertenencia partidaria y\/o participaci\u00f3n en el gobierno saliente de los candidatos o con la variaci\u00f3n en la participaci\u00f3n. M\u00e1s bien, el resultado parece estar vinculado con la centralidad que el ganador obtiene en la faceta posterior a la elecci\u00f3n de la cual resulta vencedor.<\/p><p>El an\u00e1lisis serio de las razones quedar\u00e1 como un tema pendiente a tratar en futuros focus groups. S\u00f3lo a modo de intuici\u00f3n y a t\u00edtulo personal, me animo a deslizar que quiz\u00e1s la raz\u00f3n sea tan simple como que en una sociedad donde la mayor\u00eda siente que \u201cpierde\u201d constantemente hace a\u00f1os y la desigualdad crece al comp\u00e1s de una burda exposici\u00f3n de lujos y egos propia de los tiempos de redes sociales, los ganadores de las instancias previas se convierten pos victoria en una vulgaridad.<\/p>\t\t\t\t\t\t\t\t<\/div>\n\t\t\t\t\t<\/div>\n\t\t<\/div>\n\t\t\t\t\t<\/div>\n\t\t<\/section>\n\t\t\t\t<section class=\"elementor-section elementor-top-section elementor-element elementor-element-b28ac47 elementor-section-height-min-height elementor-section-boxed elementor-section-height-default elementor-section-items-middle\" data-id=\"b28ac47\" data-element_type=\"section\" data-e-type=\"section\" data-settings=\"{&quot;background_background&quot;:&quot;classic&quot;}\">\n\t\t\t\t\t\t\t<div class=\"elementor-background-overlay\"><\/div>\n\t\t\t\t\t\t\t<div class=\"elementor-container elementor-column-gap-default\">\n\t\t\t\t\t<div class=\"elementor-column elementor-col-100 elementor-top-column elementor-element elementor-element-88fba06\" data-id=\"88fba06\" data-element_type=\"column\" data-e-type=\"column\">\n\t\t\t<div class=\"elementor-widget-wrap elementor-element-populated\">\n\t\t\t\t\t\t<div class=\"elementor-element elementor-element-7e65226 elementor-widget elementor-widget-heading\" data-id=\"7e65226\" data-element_type=\"widget\" data-e-type=\"widget\" data-widget_type=\"heading.default\">\n\t\t\t\t\t<h2 class=\"elementor-heading-title elementor-size-large\">Seguinos en nuestras redes<\/h2>\t\t\t\t<\/div>\n\t\t\t\t<div class=\"elementor-element elementor-element-c37b7ef elementor-shape-circle e-grid-align-tablet-center e-grid-align-mobile-center e-grid-align-left elementor-grid-0 elementor-widget elementor-widget-social-icons\" data-id=\"c37b7ef\" data-element_type=\"widget\" data-e-type=\"widget\" data-widget_type=\"social-icons.default\">\n\t\t\t\t\t\t\t<div class=\"elementor-social-icons-wrapper elementor-grid\" role=\"list\">\n\t\t\t\t\t\t\t<span class=\"elementor-grid-item\" role=\"listitem\">\n\t\t\t\t\t<a class=\"elementor-icon elementor-social-icon elementor-social-icon-facebook-f elementor-repeater-item-lf5yt4c\" href=\"https:\/\/www.facebook.com\/ConsultoraDelfos\" target=\"_blank\">\n\t\t\t\t\t\t<span class=\"elementor-screen-only\">Facebook-f<\/span>\n\t\t\t\t\t\t<i aria-hidden=\"true\" class=\"fab fa-facebook-f\"><\/i>\t\t\t\t\t<\/a>\n\t\t\t\t<\/span>\n\t\t\t\t\t\t\t<span class=\"elementor-grid-item\" role=\"listitem\">\n\t\t\t\t\t<a class=\"elementor-icon elementor-social-icon elementor-social-icon-twitter elementor-repeater-item-01xie82\" href=\"https:\/\/twitter.com\/delfoscba\" target=\"_blank\">\n\t\t\t\t\t\t<span class=\"elementor-screen-only\">Twitter<\/span>\n\t\t\t\t\t\t<i aria-hidden=\"true\" class=\"fab fa-twitter\"><\/i>\t\t\t\t\t<\/a>\n\t\t\t\t<\/span>\n\t\t\t\t\t\t\t<span class=\"elementor-grid-item\" role=\"listitem\">\n\t\t\t\t\t<a class=\"elementor-icon elementor-social-icon elementor-social-icon-linkedin elementor-repeater-item-grhvqhn\" target=\"_blank\">\n\t\t\t\t\t\t<span class=\"elementor-screen-only\">Linkedin<\/span>\n\t\t\t\t\t\t<i aria-hidden=\"true\" class=\"fab fa-linkedin\"><\/i>\t\t\t\t\t<\/a>\n\t\t\t\t<\/span>\n\t\t\t\t\t<\/div>\n\t\t\t\t\t\t<\/div>\n\t\t\t\t\t<\/div>\n\t\t<\/div>\n\t\t\t\t\t<\/div>\n\t\t<\/section>\n\t\t\t\t<\/div>\n\t\t","protected":false},"excerpt":{"rendered":"<p>Analizamos participaci\u00f3n, historia, alianzas y desempe\u00f1o para comprender la \u00faltima elecci\u00f3n nacional<\/p>\n","protected":false},"author":2,"featured_media":15398,"comment_status":"open","ping_status":"open","sticky":false,"template":"","format":"standard","meta":{"_acf_changed":false,"footnotes":""},"categories":[3],"tags":[526,943,489,1180,39,335,1211,38,1214,128,35,97,246,929,230,782,34,48,977,978,259,569,188,287,56,178,229,1213,1212,488,1038,1179,1096],"class_list":["post-15397","post","type-post","status-publish","format-standard","has-post-thumbnail","hentry","category-politica","tag-526","tag-adultos","tag-america-latina","tag-analisis","tag-argentina","tag-campana","tag-comportamiento","tag-cordoba","tag-crecimiento","tag-delfos","tag-edad","tag-elecciones","tag-encuestas","tag-espanol","tag-estadistica","tag-generales","tag-jose-gangi","tag-jovenes","tag-la-libertad-avanza","tag-lla","tag-massa","tag-milei","tag-opinion-publica","tag-peronismo","tag-politica","tag-presidente","tag-publico","tag-rezagados","tag-segundos","tag-sudamerica","tag-union-por-la-patria","tag-uxp","tag-votos","et-has-post-format-content","et_post_format-et-post-format-standard"],"acf":[],"_links":{"self":[{"href":"https:\/\/delfoscba.com.ar\/dev\/wp-json\/wp\/v2\/posts\/15397","targetHints":{"allow":["GET"]}}],"collection":[{"href":"https:\/\/delfoscba.com.ar\/dev\/wp-json\/wp\/v2\/posts"}],"about":[{"href":"https:\/\/delfoscba.com.ar\/dev\/wp-json\/wp\/v2\/types\/post"}],"author":[{"embeddable":true,"href":"https:\/\/delfoscba.com.ar\/dev\/wp-json\/wp\/v2\/users\/2"}],"replies":[{"embeddable":true,"href":"https:\/\/delfoscba.com.ar\/dev\/wp-json\/wp\/v2\/comments?post=15397"}],"version-history":[{"count":6,"href":"https:\/\/delfoscba.com.ar\/dev\/wp-json\/wp\/v2\/posts\/15397\/revisions"}],"predecessor-version":[{"id":15470,"href":"https:\/\/delfoscba.com.ar\/dev\/wp-json\/wp\/v2\/posts\/15397\/revisions\/15470"}],"wp:featuredmedia":[{"embeddable":true,"href":"https:\/\/delfoscba.com.ar\/dev\/wp-json\/wp\/v2\/media\/15398"}],"wp:attachment":[{"href":"https:\/\/delfoscba.com.ar\/dev\/wp-json\/wp\/v2\/media?parent=15397"}],"wp:term":[{"taxonomy":"category","embeddable":true,"href":"https:\/\/delfoscba.com.ar\/dev\/wp-json\/wp\/v2\/categories?post=15397"},{"taxonomy":"post_tag","embeddable":true,"href":"https:\/\/delfoscba.com.ar\/dev\/wp-json\/wp\/v2\/tags?post=15397"}],"curies":[{"name":"wp","href":"https:\/\/api.w.org\/{rel}","templated":true}]}}