{"id":15415,"date":"2023-11-29T17:58:08","date_gmt":"2023-11-29T17:58:08","guid":{"rendered":"https:\/\/delfoscba.com.ar\/\/dev\/\/?p=15415"},"modified":"2023-11-29T18:01:01","modified_gmt":"2023-11-29T18:01:01","slug":"un-escenario-muy-volatil-en-terminos-de-gobernabilidad","status":"publish","type":"post","link":"https:\/\/delfoscba.com.ar\/dev\/politica\/un-escenario-muy-volatil-en-terminos-de-gobernabilidad\/","title":{"rendered":"Un escenario muy vol\u00e1til en t\u00e9rminos de gobernabilidad"},"content":{"rendered":"\t\t<div data-elementor-type=\"wp-post\" data-elementor-id=\"15415\" class=\"elementor elementor-15415\" data-elementor-post-type=\"post\">\n\t\t\t\t\t\t<section class=\"elementor-section elementor-top-section elementor-element elementor-element-41498b4 elementor-section-height-min-height elementor-section-boxed elementor-section-height-default elementor-section-items-middle\" data-id=\"41498b4\" data-element_type=\"section\" data-e-type=\"section\" data-settings=\"{&quot;background_background&quot;:&quot;classic&quot;}\">\n\t\t\t\t\t\t\t<div class=\"elementor-background-overlay\"><\/div>\n\t\t\t\t\t\t\t<div class=\"elementor-container elementor-column-gap-no\">\n\t\t\t\t\t<div class=\"elementor-column elementor-col-100 elementor-top-column elementor-element elementor-element-a18ac89\" data-id=\"a18ac89\" data-element_type=\"column\" data-e-type=\"column\">\n\t\t\t<div class=\"elementor-widget-wrap elementor-element-populated\">\n\t\t\t\t\t\t<div class=\"elementor-element elementor-element-e493600 elementor-widget elementor-widget-heading\" data-id=\"e493600\" data-element_type=\"widget\" data-e-type=\"widget\" data-widget_type=\"heading.default\">\n\t\t\t\t\t<h2 class=\"elementor-heading-title elementor-size-large\">POL\u00cdTICA<\/h2>\t\t\t\t<\/div>\n\t\t\t\t\t<\/div>\n\t\t<\/div>\n\t\t\t\t\t<\/div>\n\t\t<\/section>\n\t\t\t\t<section class=\"elementor-section elementor-top-section elementor-element elementor-element-7dafb6e4 elementor-section-boxed elementor-section-height-default elementor-section-height-default\" data-id=\"7dafb6e4\" data-element_type=\"section\" data-e-type=\"section\">\n\t\t\t\t\t\t<div class=\"elementor-container elementor-column-gap-default\">\n\t\t\t\t\t<div class=\"elementor-column elementor-col-100 elementor-top-column elementor-element elementor-element-38ae5a14\" data-id=\"38ae5a14\" data-element_type=\"column\" data-e-type=\"column\">\n\t\t\t<div class=\"elementor-widget-wrap elementor-element-populated\">\n\t\t\t\t\t\t<div class=\"elementor-element elementor-element-f8a3207 elementor-widget elementor-widget-author-box\" data-id=\"f8a3207\" data-element_type=\"widget\" data-e-type=\"widget\" data-widget_type=\"author-box.default\">\n\t\t\t\t\t\t\t<div class=\"elementor-author-box\">\n\t\t\t\t\t\t\t<a href=\"https:\/\/delfoscba.com.ar\/\/dev\/\/nosotros\/\" class=\"elementor-author-box__avatar\">\n\t\t\t\t\t<img decoding=\"async\" src=\"https:\/\/delfoscba.com.ar\/dev\/wp-content\/uploads\/2021\/02\/norman-250x250-1.jpg\" alt=\"Picture of Norman Berra\" loading=\"lazy\">\n\t\t\t\t<\/a>\n\t\t\t\n\t\t\t<div class=\"elementor-author-box__text\">\n\t\t\t\t\t\t\t\t\t<a href=\"https:\/\/delfoscba.com.ar\/\/dev\/\/nosotros\/\">\n\t\t\t\t\t\t<h4 class=\"elementor-author-box__name\">\n\t\t\t\t\t\t\tNorman Berra\t\t\t\t\t\t<\/h4>\n\t\t\t\t\t<\/a>\n\t\t\t\t\n\t\t\t\t\t\t\t\t\t<div class=\"elementor-author-box__bio\">\n\t\t\t\t\t\t<p>L\u00edder de Proyectos<\/p>\n\t\t\t\t\t<\/div>\n\t\t\t\t\n\t\t\t\t\t\t\t<\/div>\n\t\t<\/div>\n\t\t\t\t\t\t<\/div>\n\t\t\t\t<div class=\"elementor-element elementor-element-7aefe4b4 elementor-widget elementor-widget-text-editor\" data-id=\"7aefe4b4\" data-element_type=\"widget\" data-e-type=\"widget\" data-widget_type=\"text-editor.default\">\n\t\t\t\t\t\t\t\t\t<p><a href=\"https:\/\/delfoscba.com.ar\/\/dev\/\/wp-content\/uploads\/2023\/11\/1-2-3.jpg\"><img fetchpriority=\"high\" decoding=\"async\" class=\"aligncenter wp-image-15417 size-large\" src=\"https:\/\/delfoscba.com.ar\/\/dev\/\/wp-content\/uploads\/2023\/11\/1-2-3-1024x575.jpg\" alt=\"\" width=\"1024\" height=\"575\" srcset=\"https:\/\/delfoscba.com.ar\/dev\/wp-content\/uploads\/2023\/11\/1-2-3-1024x575.jpg 1024w, https:\/\/delfoscba.com.ar\/dev\/wp-content\/uploads\/2023\/11\/1-2-3-300x169.jpg 300w, https:\/\/delfoscba.com.ar\/dev\/wp-content\/uploads\/2023\/11\/1-2-3-768x431.jpg 768w, https:\/\/delfoscba.com.ar\/dev\/wp-content\/uploads\/2023\/11\/1-2-3-1080x607.jpg 1080w, https:\/\/delfoscba.com.ar\/dev\/wp-content\/uploads\/2023\/11\/1-2-3.jpg 1376w\" sizes=\"(max-width: 1024px) 100vw, 1024px\" \/><\/a><\/p><p>Ayer martes 28 de noviembre se publicaron los resultados del escrutinio definitivo de la elecci\u00f3n del 19 de noviembre. Javier Milei, de La Libertad Avanza (LLA) obtuvo 55,65% de los votos y Sergio Massa, de Uni\u00f3n por la Patria (UP) 44,35%. Pese a la amplia diferencia sobre su contrincante (11,3 puntos porcentuales), el presidente electo enfrenta un gran desaf\u00edo, con poco menos de 50% de alta expectativa inicial vs casi 49% de poco o nada seg\u00fan la \u00faltima encuesta nacional de CB Consultora, lo que confirma que persiste una situaci\u00f3n polarizada (gr\u00e1fico arriba).<\/p><p><a href=\"https:\/\/delfoscba.com.ar\/\/dev\/\/wp-content\/uploads\/2023\/11\/2-2-3.jpg\"><img decoding=\"async\" class=\"aligncenter wp-image-15418 size-large\" src=\"https:\/\/delfoscba.com.ar\/\/dev\/\/wp-content\/uploads\/2023\/11\/2-2-3-1024x575.jpg\" alt=\"\" width=\"1024\" height=\"575\" srcset=\"https:\/\/delfoscba.com.ar\/dev\/wp-content\/uploads\/2023\/11\/2-2-3-1024x575.jpg 1024w, https:\/\/delfoscba.com.ar\/dev\/wp-content\/uploads\/2023\/11\/2-2-3-300x169.jpg 300w, https:\/\/delfoscba.com.ar\/dev\/wp-content\/uploads\/2023\/11\/2-2-3-768x431.jpg 768w, https:\/\/delfoscba.com.ar\/dev\/wp-content\/uploads\/2023\/11\/2-2-3-1080x607.jpg 1080w, https:\/\/delfoscba.com.ar\/dev\/wp-content\/uploads\/2023\/11\/2-2-3.jpg 1376w\" sizes=\"(max-width: 1024px) 100vw, 1024px\" \/><\/a><\/p><p>A eso se suma que s\u00f3lo el n\u00facleo duro de votantes de LLA avala la posibilidad de implementar un gran ajuste: menos del 30% (porcentaje que se ubica en el mismo orden de magnitud del voto que obtuvo en primarias y en primera vuelta): m\u00e1s de la mitad (53%) s\u00f3lo apoya un ajuste moderado que no afecte educaci\u00f3n, salud ni ayuda social, y 15,4% rechaza cualquier ajuste (gr\u00e1fico arriba).\u00a0 Esto limita la posibilidad de llevar adelante un programa de \u201cshock\u201d como el que Milei pretende para evitar los riesgos de lo que \u00e9l concibe como \u201cgradualismo\u201d y al cual atribuye el fracaso de la gesti\u00f3n de su reciente aliado, el ex presidente Mauricio Macri.<\/p><p><a href=\"https:\/\/delfoscba.com.ar\/\/dev\/\/wp-content\/uploads\/2023\/11\/3-2-3.jpg\"><img decoding=\"async\" class=\"aligncenter wp-image-15419 size-large\" src=\"https:\/\/delfoscba.com.ar\/\/dev\/\/wp-content\/uploads\/2023\/11\/3-2-3-1024x621.jpg\" alt=\"\" width=\"1024\" height=\"621\" srcset=\"https:\/\/delfoscba.com.ar\/dev\/wp-content\/uploads\/2023\/11\/3-2-3-1024x621.jpg 1024w, https:\/\/delfoscba.com.ar\/dev\/wp-content\/uploads\/2023\/11\/3-2-3-300x182.jpg 300w, https:\/\/delfoscba.com.ar\/dev\/wp-content\/uploads\/2023\/11\/3-2-3-768x466.jpg 768w, https:\/\/delfoscba.com.ar\/dev\/wp-content\/uploads\/2023\/11\/3-2-3-1536x931.jpg 1536w, https:\/\/delfoscba.com.ar\/dev\/wp-content\/uploads\/2023\/11\/3-2-3-1080x655.jpg 1080w, https:\/\/delfoscba.com.ar\/dev\/wp-content\/uploads\/2023\/11\/3-2-3.jpg 1544w\" sizes=\"(max-width: 1024px) 100vw, 1024px\" \/><\/a><\/p><p>En ese marco, Milei enfrenta el riesgo de que su capital pol\u00edtico se diluya r\u00e1pidamente en un contexto de ajuste, dado que la negatividad en redes sociales se mantiene como el sentimiento ampliamente dominante, seg\u00fan Metadata (gr\u00e1fico arriba). La positividad apenas ara\u00f1\u00f3 el 40% durante el lunes pos elecciones, pero r\u00e1pidamente volvi\u00f3 a ubicarse en torno al 30% en la primera semana despu\u00e9s del 19-N, duplicado por el pesimismo. \u00a0\u00a0<\/p><p><a href=\"https:\/\/delfoscba.com.ar\/\/dev\/\/wp-content\/uploads\/2023\/11\/4-2-3.jpg\"><img loading=\"lazy\" decoding=\"async\" class=\"aligncenter wp-image-15420 size-large\" src=\"https:\/\/delfoscba.com.ar\/\/dev\/\/wp-content\/uploads\/2023\/11\/4-2-3-1024x575.jpg\" alt=\"\" width=\"1024\" height=\"575\" srcset=\"https:\/\/delfoscba.com.ar\/dev\/wp-content\/uploads\/2023\/11\/4-2-3-1024x575.jpg 1024w, https:\/\/delfoscba.com.ar\/dev\/wp-content\/uploads\/2023\/11\/4-2-3-300x169.jpg 300w, https:\/\/delfoscba.com.ar\/dev\/wp-content\/uploads\/2023\/11\/4-2-3-768x431.jpg 768w, https:\/\/delfoscba.com.ar\/dev\/wp-content\/uploads\/2023\/11\/4-2-3-1080x607.jpg 1080w, https:\/\/delfoscba.com.ar\/dev\/wp-content\/uploads\/2023\/11\/4-2-3.jpg 1376w\" sizes=\"(max-width: 1024px) 100vw, 1024px\" \/><\/a><\/p><p>El frente \u201cde apuro\u201d estructurado entre LLA y la fracci\u00f3n del PRO que lidera el ex presidente Macri es otro frente que Milei debe atender a efectos de estructurar una alianza que evolucione desde el \u00e9xito electoral del 19-N hacia una coalici\u00f3n de gobierno capaz de sortear las dificultades de la coyuntura. Una primera minor\u00eda de casi 36% cree que el ex presidente no debe tener nada de participaci\u00f3n en el gobierno de Milei, lo que se ubica en el mismo orden de magnitud del voto de UP en la primera vuelta (casi 37%). Por otro lado, apenas 25,3% de los electores cree que el ex presidente tiene que tener mucha participaci\u00f3n (guarismo que se ubica en el orden de magnitud del voto obtenido por Juntos por el Cambio en octubre, 23,8%). As\u00ed, el presidente electo debe calibrar la injerencia y los espacios que le asigne a Macri, dado que el segmento de 34,1% que se inclina por darle \u201calgo de participaci\u00f3n\u201d es seguramente el que mejor expresa el caudal propio de LLA (gr\u00e1fico arriba). \u00a0<\/p><p><a href=\"https:\/\/delfoscba.com.ar\/\/dev\/\/wp-content\/uploads\/2023\/11\/5-2-3.jpg\"><img loading=\"lazy\" decoding=\"async\" class=\"aligncenter wp-image-15421 size-full\" src=\"https:\/\/delfoscba.com.ar\/\/dev\/\/wp-content\/uploads\/2023\/11\/5-2-3.jpg\" alt=\"\" width=\"824\" height=\"953\" srcset=\"https:\/\/delfoscba.com.ar\/dev\/wp-content\/uploads\/2023\/11\/5-2-3.jpg 824w, https:\/\/delfoscba.com.ar\/dev\/wp-content\/uploads\/2023\/11\/5-2-3-259x300.jpg 259w, https:\/\/delfoscba.com.ar\/dev\/wp-content\/uploads\/2023\/11\/5-2-3-768x888.jpg 768w\" sizes=\"(max-width: 824px) 100vw, 824px\" \/><\/a><\/p><p>Esas tensiones tambi\u00e9n se trasladan a la coalici\u00f3n parlamentaria que Milei necesita estructurar para su gobierno. Tanto en la C\u00e1mara de Senadores como en la de Diputados, UP tiene la primera minor\u00eda (gr\u00e1fico abajo). En el Senado, LLA necesitar\u00eda alinear a todo JXC para alcanzar 31 bancas y aun as\u00ed quedar\u00eda a 6 del qu\u00f3rum, con lo cual depende de tres condiciones 1) que JXC no se fracture 2) ser capaz de lograr aliados provinciales para sus proyectos 3) que esas alianzas provinciales no entren en conflicto con la alianza inicial con Macri.<\/p><p><a href=\"https:\/\/delfoscba.com.ar\/\/dev\/\/wp-content\/uploads\/2023\/11\/6-2-3.jpg\"><img loading=\"lazy\" decoding=\"async\" class=\"aligncenter wp-image-15422 size-full\" src=\"https:\/\/delfoscba.com.ar\/\/dev\/\/wp-content\/uploads\/2023\/11\/6-2-3.jpg\" alt=\"\" width=\"668\" height=\"944\" srcset=\"https:\/\/delfoscba.com.ar\/dev\/wp-content\/uploads\/2023\/11\/6-2-3.jpg 668w, https:\/\/delfoscba.com.ar\/dev\/wp-content\/uploads\/2023\/11\/6-2-3-212x300.jpg 212w\" sizes=\"(max-width: 668px) 100vw, 668px\" \/><\/a><\/p><p>En la C\u00e1mara de Diputados, LLA s\u00f3lo podr\u00eda alcanzar el qu\u00f3rum alineando a todo JXC. De ah\u00ed las tensiones instaladas por consagrar al pr\u00f3ximo presidente de ese recinto: Macri reclama ese cargo para JXC (con preferencia para Cristian Ritondo) mientras que Milei negocia con el peronismo disidente, pero la diferencia que le aportar\u00eda Juntos en t\u00e9rminos de esca\u00f1os est\u00e1 muy por encima de la que podr\u00eda acercar una figura como Florencio Randazzo, ex candidato a vicepresidente de Juan Schiaretti. En cualquier caso, s\u00f3lo si se dieran las hip\u00f3tesis de m\u00e1xima Milei tendr\u00eda una gobernabilidad relativamente viable; seg\u00fan un reciente informe de Llorente y Cuenca, eso podr\u00eda construirse apelando a una estrategia dialoguista en la C\u00e1mara Baja, pero ser\u00eda relativamente m\u00e1s dif\u00edcil de lograr en la Alta (gr\u00e1fico arriba).\u00a0 <strong>\u00a0<\/strong><\/p><p><a href=\"https:\/\/delfoscba.com.ar\/\/dev\/\/wp-content\/uploads\/2023\/11\/7-1-2.jpg\"><img loading=\"lazy\" decoding=\"async\" class=\"aligncenter wp-image-15423 size-full\" src=\"https:\/\/delfoscba.com.ar\/\/dev\/\/wp-content\/uploads\/2023\/11\/7-1-2.jpg\" alt=\"\" width=\"824\" height=\"953\" srcset=\"https:\/\/delfoscba.com.ar\/dev\/wp-content\/uploads\/2023\/11\/7-1-2.jpg 824w, https:\/\/delfoscba.com.ar\/dev\/wp-content\/uploads\/2023\/11\/7-1-2-259x300.jpg 259w, https:\/\/delfoscba.com.ar\/dev\/wp-content\/uploads\/2023\/11\/7-1-2-768x888.jpg 768w\" sizes=\"(max-width: 824px) 100vw, 824px\" \/><\/a><\/p><p>En s\u00edntesis, esto perfila una gobernabilidad dif\u00edcil de construir para el flamante presidente electo, a lo que se suma un mapa de gobernadores sin referencias propias (gr\u00e1fico arriba). Esto perfila un gobierno que tendr\u00e1 un per\u00edodo de gracia muy corto, en un contexto de volatilidad pol\u00edtico-electoral de m\u00e1xima intensidad, como demostr\u00f3 el turno electoral 2023.\u00a0<\/p>\t\t\t\t\t\t\t\t<\/div>\n\t\t\t\t\t<\/div>\n\t\t<\/div>\n\t\t\t\t\t<\/div>\n\t\t<\/section>\n\t\t\t\t<section class=\"elementor-section elementor-top-section elementor-element elementor-element-b28ac47 elementor-section-height-min-height elementor-section-boxed elementor-section-height-default elementor-section-items-middle\" data-id=\"b28ac47\" data-element_type=\"section\" data-e-type=\"section\" data-settings=\"{&quot;background_background&quot;:&quot;classic&quot;}\">\n\t\t\t\t\t\t\t<div class=\"elementor-background-overlay\"><\/div>\n\t\t\t\t\t\t\t<div class=\"elementor-container elementor-column-gap-default\">\n\t\t\t\t\t<div class=\"elementor-column elementor-col-100 elementor-top-column elementor-element elementor-element-88fba06\" data-id=\"88fba06\" data-element_type=\"column\" data-e-type=\"column\">\n\t\t\t<div class=\"elementor-widget-wrap elementor-element-populated\">\n\t\t\t\t\t\t<div class=\"elementor-element elementor-element-7e65226 elementor-widget elementor-widget-heading\" data-id=\"7e65226\" data-element_type=\"widget\" data-e-type=\"widget\" data-widget_type=\"heading.default\">\n\t\t\t\t\t<h2 class=\"elementor-heading-title elementor-size-large\">Seguinos en nuestras redes<\/h2>\t\t\t\t<\/div>\n\t\t\t\t<div class=\"elementor-element elementor-element-c37b7ef elementor-shape-circle e-grid-align-tablet-center e-grid-align-mobile-center e-grid-align-left elementor-grid-0 elementor-widget elementor-widget-social-icons\" data-id=\"c37b7ef\" data-element_type=\"widget\" data-e-type=\"widget\" data-widget_type=\"social-icons.default\">\n\t\t\t\t\t\t\t<div class=\"elementor-social-icons-wrapper elementor-grid\" role=\"list\">\n\t\t\t\t\t\t\t<span class=\"elementor-grid-item\" role=\"listitem\">\n\t\t\t\t\t<a class=\"elementor-icon elementor-social-icon elementor-social-icon-facebook-f elementor-repeater-item-lf5yt4c\" href=\"https:\/\/www.facebook.com\/ConsultoraDelfos\" target=\"_blank\">\n\t\t\t\t\t\t<span class=\"elementor-screen-only\">Facebook-f<\/span>\n\t\t\t\t\t\t<i aria-hidden=\"true\" class=\"fab fa-facebook-f\"><\/i>\t\t\t\t\t<\/a>\n\t\t\t\t<\/span>\n\t\t\t\t\t\t\t<span class=\"elementor-grid-item\" role=\"listitem\">\n\t\t\t\t\t<a class=\"elementor-icon elementor-social-icon elementor-social-icon-twitter elementor-repeater-item-01xie82\" href=\"https:\/\/twitter.com\/delfoscba\" target=\"_blank\">\n\t\t\t\t\t\t<span class=\"elementor-screen-only\">Twitter<\/span>\n\t\t\t\t\t\t<i aria-hidden=\"true\" class=\"fab fa-twitter\"><\/i>\t\t\t\t\t<\/a>\n\t\t\t\t<\/span>\n\t\t\t\t\t\t\t<span class=\"elementor-grid-item\" role=\"listitem\">\n\t\t\t\t\t<a class=\"elementor-icon elementor-social-icon elementor-social-icon-linkedin elementor-repeater-item-grhvqhn\" target=\"_blank\">\n\t\t\t\t\t\t<span class=\"elementor-screen-only\">Linkedin<\/span>\n\t\t\t\t\t\t<i aria-hidden=\"true\" class=\"fab fa-linkedin\"><\/i>\t\t\t\t\t<\/a>\n\t\t\t\t<\/span>\n\t\t\t\t\t<\/div>\n\t\t\t\t\t\t<\/div>\n\t\t\t\t\t<\/div>\n\t\t<\/div>\n\t\t\t\t\t<\/div>\n\t\t<\/section>\n\t\t\t\t<\/div>\n\t\t","protected":false},"excerpt":{"rendered":"<p>El apoyo y las expectativas populares y pol\u00edticas en torno al gobierno de Milei<\/p>\n","protected":false},"author":2,"featured_media":15424,"comment_status":"open","ping_status":"open","sticky":false,"template":"","format":"standard","meta":{"_acf_changed":false,"footnotes":""},"categories":[3],"tags":[526,349,922,39,619,1189,1052,1218,266,40,38,1221,348,128,904,269,246,929,230,338,1222,139,1216,977,404,978,1220,140,1217,569,547,1136,57,188,1219,428,994,56,1101,289,1205,242,1215,968,488,1053,265],"class_list":["post-15415","post","type-post","status-publish","format-standard","has-post-thumbnail","hentry","category-politica","tag-526","tag-ajuste","tag-america","tag-argentina","tag-argentino","tag-balotaje","tag-cb","tag-coalicion","tag-congreso","tag-consultora","tag-cordoba","tag-cuenca","tag-datos","tag-delfos","tag-desafios","tag-diputados","tag-encuestas","tag-espanol","tag-estadistica","tag-expectativas","tag-gobernabilidad","tag-gobierno","tag-gradualismo","tag-la-libertad-avanza","tag-liberales","tag-lla","tag-llorente","tag-macri","tag-metadata","tag-milei","tag-nacional","tag-negociacion","tag-norman-berra","tag-opinion-publica","tag-parlamento","tag-participacion","tag-poder","tag-politica","tag-presidencia","tag-pro","tag-redes","tag-redes-sociales","tag-shock","tag-sociales","tag-sudamerica","tag-up","tag-voto","et-has-post-format-content","et_post_format-et-post-format-standard"],"acf":[],"_links":{"self":[{"href":"https:\/\/delfoscba.com.ar\/dev\/wp-json\/wp\/v2\/posts\/15415","targetHints":{"allow":["GET"]}}],"collection":[{"href":"https:\/\/delfoscba.com.ar\/dev\/wp-json\/wp\/v2\/posts"}],"about":[{"href":"https:\/\/delfoscba.com.ar\/dev\/wp-json\/wp\/v2\/types\/post"}],"author":[{"embeddable":true,"href":"https:\/\/delfoscba.com.ar\/dev\/wp-json\/wp\/v2\/users\/2"}],"replies":[{"embeddable":true,"href":"https:\/\/delfoscba.com.ar\/dev\/wp-json\/wp\/v2\/comments?post=15415"}],"version-history":[{"count":5,"href":"https:\/\/delfoscba.com.ar\/dev\/wp-json\/wp\/v2\/posts\/15415\/revisions"}],"predecessor-version":[{"id":15428,"href":"https:\/\/delfoscba.com.ar\/dev\/wp-json\/wp\/v2\/posts\/15415\/revisions\/15428"}],"wp:featuredmedia":[{"embeddable":true,"href":"https:\/\/delfoscba.com.ar\/dev\/wp-json\/wp\/v2\/media\/15424"}],"wp:attachment":[{"href":"https:\/\/delfoscba.com.ar\/dev\/wp-json\/wp\/v2\/media?parent=15415"}],"wp:term":[{"taxonomy":"category","embeddable":true,"href":"https:\/\/delfoscba.com.ar\/dev\/wp-json\/wp\/v2\/categories?post=15415"},{"taxonomy":"post_tag","embeddable":true,"href":"https:\/\/delfoscba.com.ar\/dev\/wp-json\/wp\/v2\/tags?post=15415"}],"curies":[{"name":"wp","href":"https:\/\/api.w.org\/{rel}","templated":true}]}}