{"id":15485,"date":"2023-12-19T16:30:02","date_gmt":"2023-12-19T16:30:02","guid":{"rendered":"https:\/\/delfoscba.com.ar\/\/dev\/\/?p=15485"},"modified":"2023-12-19T16:37:58","modified_gmt":"2023-12-19T16:37:58","slug":"el-margen-de-maniobra-de-javier-milei-segunda-parte-ninguna-posible-privatizacion-o-ajuste-alcanza-un-nivel-de-apoyo-mayoritario","status":"publish","type":"post","link":"https:\/\/delfoscba.com.ar\/dev\/politica\/el-margen-de-maniobra-de-javier-milei-segunda-parte-ninguna-posible-privatizacion-o-ajuste-alcanza-un-nivel-de-apoyo-mayoritario\/","title":{"rendered":"El margen de maniobra de Javier Milei, segunda parte: ninguna posible privatizaci\u00f3n o ajuste alcanza un nivel de apoyo mayoritario"},"content":{"rendered":"\t\t<div data-elementor-type=\"wp-post\" data-elementor-id=\"15485\" class=\"elementor elementor-15485\" data-elementor-post-type=\"post\">\n\t\t\t\t\t\t<section class=\"elementor-section elementor-top-section elementor-element elementor-element-41498b4 elementor-section-height-min-height elementor-section-boxed elementor-section-height-default elementor-section-items-middle\" data-id=\"41498b4\" data-element_type=\"section\" data-e-type=\"section\" data-settings=\"{&quot;background_background&quot;:&quot;classic&quot;}\">\n\t\t\t\t\t\t\t<div class=\"elementor-background-overlay\"><\/div>\n\t\t\t\t\t\t\t<div class=\"elementor-container elementor-column-gap-no\">\n\t\t\t\t\t<div class=\"elementor-column elementor-col-100 elementor-top-column elementor-element elementor-element-a18ac89\" data-id=\"a18ac89\" data-element_type=\"column\" data-e-type=\"column\">\n\t\t\t<div class=\"elementor-widget-wrap elementor-element-populated\">\n\t\t\t\t\t\t<div class=\"elementor-element elementor-element-e493600 elementor-widget elementor-widget-heading\" data-id=\"e493600\" data-element_type=\"widget\" data-e-type=\"widget\" data-widget_type=\"heading.default\">\n\t\t\t\t\t<h2 class=\"elementor-heading-title elementor-size-large\">POL\u00cdTICA<\/h2>\t\t\t\t<\/div>\n\t\t\t\t\t<\/div>\n\t\t<\/div>\n\t\t\t\t\t<\/div>\n\t\t<\/section>\n\t\t\t\t<section class=\"elementor-section elementor-top-section elementor-element elementor-element-7dafb6e4 elementor-section-boxed elementor-section-height-default elementor-section-height-default\" data-id=\"7dafb6e4\" data-element_type=\"section\" data-e-type=\"section\">\n\t\t\t\t\t\t<div class=\"elementor-container elementor-column-gap-default\">\n\t\t\t\t\t<div class=\"elementor-column elementor-col-100 elementor-top-column elementor-element elementor-element-38ae5a14\" data-id=\"38ae5a14\" data-element_type=\"column\" data-e-type=\"column\">\n\t\t\t<div class=\"elementor-widget-wrap elementor-element-populated\">\n\t\t\t\t\t\t<div class=\"elementor-element elementor-element-f8a3207 elementor-widget elementor-widget-author-box\" data-id=\"f8a3207\" data-element_type=\"widget\" data-e-type=\"widget\" data-widget_type=\"author-box.default\">\n\t\t\t\t\t\t\t<div class=\"elementor-author-box\">\n\t\t\t\t\t\t\t<a href=\"https:\/\/delfoscba.com.ar\/\/dev\/\/nosotros\/\" class=\"elementor-author-box__avatar\">\n\t\t\t\t\t<img decoding=\"async\" src=\"https:\/\/delfoscba.com.ar\/dev\/wp-content\/uploads\/2021\/03\/eia-1.png\" alt=\"Picture of Jos\u00e9 Gangi\" loading=\"lazy\">\n\t\t\t\t<\/a>\n\t\t\t\n\t\t\t<div class=\"elementor-author-box__text\">\n\t\t\t\t\t\t\t\t\t<a href=\"https:\/\/delfoscba.com.ar\/\/dev\/\/nosotros\/\">\n\t\t\t\t\t\t<h4 class=\"elementor-author-box__name\">\n\t\t\t\t\t\t\tJos\u00e9 Gangi\t\t\t\t\t\t<\/h4>\n\t\t\t\t\t<\/a>\n\t\t\t\t\n\t\t\t\t\t\t\t\t\t<div class=\"elementor-author-box__bio\">\n\t\t\t\t\t\t<p>Edici\u00f3n y An\u00e1lisis de informes<\/p>\n\t\t\t\t\t<\/div>\n\t\t\t\t\n\t\t\t\t\t\t\t<\/div>\n\t\t<\/div>\n\t\t\t\t\t\t<\/div>\n\t\t\t\t<div class=\"elementor-element elementor-element-7aefe4b4 elementor-widget elementor-widget-text-editor\" data-id=\"7aefe4b4\" data-element_type=\"widget\" data-e-type=\"widget\" data-widget_type=\"text-editor.default\">\n\t\t\t\t\t\t\t\t\t<p>A lo largo de su campa\u00f1a, Javier Milei empu\u00f1\u00f3 una motosierra como s\u00edmbolo del recorte que promet\u00eda para acabar con el d\u00e9ficit fiscal, principal causante de la galopante inflaci\u00f3n que padece la Argentina seg\u00fan su diagn\u00f3stico.<\/p><p>Fiel a su car\u00e1cter liberal libertario, propon\u00eda deshacerse de todo aquello que pudiera ser manejado por el sector privado, afirmando que \u201ctodo lo que se pueda privatizar, lo vamos a privatizar\u201d.<\/p><p>Frente a este posicionamiento, Consultora Delfos le pregunt\u00f3 a 1.614 argentinos del 1 al 5 de diciembre cu\u00e1n de acuerdo estaban con 12 de las diferentes privatizaciones y ajustes propuestos por el actual presidente, con la intenci\u00f3n de dimensionar el nivel de apoyo popular que pueden recabar esas medidas en caso de ser implementadas.<\/p><p><strong>Los medios de comunicaci\u00f3n, el eslab\u00f3n m\u00e1s d\u00e9bil<\/strong><\/p><p>Algunas de las empresas estatales mencionadas por Milei como susceptibles de ser privatizadas fueron las vinculadas a los medios de informaci\u00f3n p\u00fablicos. Entre las principales, encontramos a la TV P\u00fablica, referente en contenidos audiovisuales, Radio Nacional, productora de contenido radiof\u00f3nico, y la agencia de noticias T\u00e9lam, referente en producci\u00f3n de cables, audios e im\u00e1genes de noticias a nivel nacional.<\/p><p><a href=\"https:\/\/delfoscba.com.ar\/\/dev\/\/wp-content\/uploads\/2023\/12\/37.png\"><img fetchpriority=\"high\" decoding=\"async\" class=\"aligncenter wp-image-15494 size-large\" src=\"https:\/\/delfoscba.com.ar\/\/dev\/\/wp-content\/uploads\/2023\/12\/37-1024x726.png\" alt=\"\" width=\"1024\" height=\"726\" srcset=\"https:\/\/delfoscba.com.ar\/dev\/wp-content\/uploads\/2023\/12\/37-1024x726.png 1024w, https:\/\/delfoscba.com.ar\/dev\/wp-content\/uploads\/2023\/12\/37-300x213.png 300w, https:\/\/delfoscba.com.ar\/dev\/wp-content\/uploads\/2023\/12\/37-768x545.png 768w, https:\/\/delfoscba.com.ar\/dev\/wp-content\/uploads\/2023\/12\/37-1536x1090.png 1536w, https:\/\/delfoscba.com.ar\/dev\/wp-content\/uploads\/2023\/12\/37-400x284.png 400w, https:\/\/delfoscba.com.ar\/dev\/wp-content\/uploads\/2023\/12\/37-1080x766.png 1080w, https:\/\/delfoscba.com.ar\/dev\/wp-content\/uploads\/2023\/12\/37.png 1748w\" sizes=\"(max-width: 1024px) 100vw, 1024px\" \/><\/a><\/p><p>Estas empresas presentaron los niveles de acuerdo m\u00e1s altos con su posible privatizaci\u00f3n. Frente a la prometida privatizaci\u00f3n de la TV P\u00fablica el nivel de acuerdo rond\u00f3 el 44%, proporci\u00f3n pr\u00e1cticamente id\u00e9ntica al desacuerdo expresado con la medida (43%).<\/p><p><a href=\"https:\/\/delfoscba.com.ar\/\/dev\/\/wp-content\/uploads\/2023\/12\/39.png\"><img decoding=\"async\" class=\"aligncenter wp-image-15496 size-large\" src=\"https:\/\/delfoscba.com.ar\/\/dev\/\/wp-content\/uploads\/2023\/12\/39-1024x726.png\" alt=\"\" width=\"1024\" height=\"726\" srcset=\"https:\/\/delfoscba.com.ar\/dev\/wp-content\/uploads\/2023\/12\/39-1024x726.png 1024w, https:\/\/delfoscba.com.ar\/dev\/wp-content\/uploads\/2023\/12\/39-300x213.png 300w, https:\/\/delfoscba.com.ar\/dev\/wp-content\/uploads\/2023\/12\/39-768x545.png 768w, https:\/\/delfoscba.com.ar\/dev\/wp-content\/uploads\/2023\/12\/39-1536x1090.png 1536w, https:\/\/delfoscba.com.ar\/dev\/wp-content\/uploads\/2023\/12\/39-400x284.png 400w, https:\/\/delfoscba.com.ar\/dev\/wp-content\/uploads\/2023\/12\/39-1080x766.png 1080w, https:\/\/delfoscba.com.ar\/dev\/wp-content\/uploads\/2023\/12\/39.png 1748w\" sizes=\"(max-width: 1024px) 100vw, 1024px\" \/><\/a><\/p><p>Por su parte, el nivel de acuerdo con la posible privatizaci\u00f3n de Radio Nacional alcanz\u00f3 al 42% de la poblaci\u00f3n, contra un desacuerdo del 44%. Si analizamos la privatizaci\u00f3n de la agencia de noticias T\u00e9lam, podemos observar que un 41% se encuentra de acuerdo y un 43% en desacuerdo.<\/p><p><a href=\"https:\/\/delfoscba.com.ar\/\/dev\/\/wp-content\/uploads\/2023\/12\/40.png\"><img decoding=\"async\" class=\"aligncenter wp-image-15497 size-large\" src=\"https:\/\/delfoscba.com.ar\/\/dev\/\/wp-content\/uploads\/2023\/12\/40-1024x726.png\" alt=\"\" width=\"1024\" height=\"726\" srcset=\"https:\/\/delfoscba.com.ar\/dev\/wp-content\/uploads\/2023\/12\/40-1024x726.png 1024w, https:\/\/delfoscba.com.ar\/dev\/wp-content\/uploads\/2023\/12\/40-300x213.png 300w, https:\/\/delfoscba.com.ar\/dev\/wp-content\/uploads\/2023\/12\/40-768x545.png 768w, https:\/\/delfoscba.com.ar\/dev\/wp-content\/uploads\/2023\/12\/40-1536x1090.png 1536w, https:\/\/delfoscba.com.ar\/dev\/wp-content\/uploads\/2023\/12\/40-400x284.png 400w, https:\/\/delfoscba.com.ar\/dev\/wp-content\/uploads\/2023\/12\/40-1080x766.png 1080w, https:\/\/delfoscba.com.ar\/dev\/wp-content\/uploads\/2023\/12\/40.png 1748w\" sizes=\"(max-width: 1024px) 100vw, 1024px\" \/><\/a><\/p><p>A pesar de presentar el perfil m\u00e1s atractivo para los argentinos a la hora de pensar en privatizar empresas p\u00fablicas, ninguna presenta un nivel de apoyo mayoritario ni diferencias estad\u00edsticamente significativas entre los que acuerdan y los que se oponen.<\/p><p><strong>Empresas vinculadas al transporte<\/strong><\/p><p>El Estado argentino cuenta entre sus activos con una aerol\u00ednea de bandera, Aerol\u00edneas Argentinas, la sociedad denominada Ferrocarriles Argentinos Sociedad del Estado que posee diversos recorridos de trenes (tanto de cargas como de pasajeros), e YPF, una de las empresas de hidrocarburos m\u00e1s grandes de Latinoam\u00e9rica y con una participaci\u00f3n destacada en una de las principales reservas mundiales de petr\u00f3leo y gas offshore del mundo, Vaca Muerta, entre otras.<\/p><p><a href=\"https:\/\/delfoscba.com.ar\/\/dev\/\/wp-content\/uploads\/2023\/12\/41.png\"><img loading=\"lazy\" decoding=\"async\" class=\"aligncenter wp-image-15498 size-large\" src=\"https:\/\/delfoscba.com.ar\/\/dev\/\/wp-content\/uploads\/2023\/12\/41-1024x726.png\" alt=\"\" width=\"1024\" height=\"726\" srcset=\"https:\/\/delfoscba.com.ar\/dev\/wp-content\/uploads\/2023\/12\/41-1024x726.png 1024w, https:\/\/delfoscba.com.ar\/dev\/wp-content\/uploads\/2023\/12\/41-300x213.png 300w, https:\/\/delfoscba.com.ar\/dev\/wp-content\/uploads\/2023\/12\/41-768x545.png 768w, https:\/\/delfoscba.com.ar\/dev\/wp-content\/uploads\/2023\/12\/41-1536x1090.png 1536w, https:\/\/delfoscba.com.ar\/dev\/wp-content\/uploads\/2023\/12\/41-400x284.png 400w, https:\/\/delfoscba.com.ar\/dev\/wp-content\/uploads\/2023\/12\/41-1080x766.png 1080w, https:\/\/delfoscba.com.ar\/dev\/wp-content\/uploads\/2023\/12\/41.png 1748w\" sizes=\"(max-width: 1024px) 100vw, 1024px\" \/><\/a><\/p><p>La privatizaci\u00f3n que contar\u00eda, en principio, con la mayor legitimidad popular de estas empresas ser\u00eda la de Aerol\u00edneas Argentinas con un 41% de apoyo. No obstante, un 46% se encuentra en desacuerdo.<\/p><p><a href=\"https:\/\/delfoscba.com.ar\/\/dev\/\/wp-content\/uploads\/2023\/12\/44.png\"><img loading=\"lazy\" decoding=\"async\" class=\"aligncenter wp-image-15501 size-large\" src=\"https:\/\/delfoscba.com.ar\/\/dev\/\/wp-content\/uploads\/2023\/12\/44-1024x726.png\" alt=\"\" width=\"1024\" height=\"726\" srcset=\"https:\/\/delfoscba.com.ar\/dev\/wp-content\/uploads\/2023\/12\/44-1024x726.png 1024w, https:\/\/delfoscba.com.ar\/dev\/wp-content\/uploads\/2023\/12\/44-300x213.png 300w, https:\/\/delfoscba.com.ar\/dev\/wp-content\/uploads\/2023\/12\/44-768x545.png 768w, https:\/\/delfoscba.com.ar\/dev\/wp-content\/uploads\/2023\/12\/44-1536x1090.png 1536w, https:\/\/delfoscba.com.ar\/dev\/wp-content\/uploads\/2023\/12\/44-400x284.png 400w, https:\/\/delfoscba.com.ar\/dev\/wp-content\/uploads\/2023\/12\/44-1080x766.png 1080w, https:\/\/delfoscba.com.ar\/dev\/wp-content\/uploads\/2023\/12\/44.png 1748w\" sizes=\"(max-width: 1024px) 100vw, 1024px\" \/><\/a><\/p><p>El apoyo se reduce a\u00fan m\u00e1s ante la propuesta de privatizar los ferrocarriles: pieza central de la planificaci\u00f3n estrat\u00e9gica del transporte nacional, un 35% de los argentinos se mostr\u00f3 a favor de privatizarlos y un 46% en contra.<\/p><p><a href=\"https:\/\/delfoscba.com.ar\/\/dev\/\/wp-content\/uploads\/2023\/12\/43.png\"><img loading=\"lazy\" decoding=\"async\" class=\"aligncenter wp-image-15500 size-large\" src=\"https:\/\/delfoscba.com.ar\/\/dev\/\/wp-content\/uploads\/2023\/12\/43-1024x726.png\" alt=\"\" width=\"1024\" height=\"726\" srcset=\"https:\/\/delfoscba.com.ar\/dev\/wp-content\/uploads\/2023\/12\/43-1024x726.png 1024w, https:\/\/delfoscba.com.ar\/dev\/wp-content\/uploads\/2023\/12\/43-300x213.png 300w, https:\/\/delfoscba.com.ar\/dev\/wp-content\/uploads\/2023\/12\/43-768x545.png 768w, https:\/\/delfoscba.com.ar\/dev\/wp-content\/uploads\/2023\/12\/43-1536x1090.png 1536w, https:\/\/delfoscba.com.ar\/dev\/wp-content\/uploads\/2023\/12\/43-400x284.png 400w, https:\/\/delfoscba.com.ar\/dev\/wp-content\/uploads\/2023\/12\/43-1080x766.png 1080w, https:\/\/delfoscba.com.ar\/dev\/wp-content\/uploads\/2023\/12\/43.png 1748w\" sizes=\"(max-width: 1024px) 100vw, 1024px\" \/><\/a><\/p><p>La prometida privatizaci\u00f3n de YPF es una de las medidas que menos legitimidad popular presenta entre los argentinos: el nivel de acuerdo es de 36%, contra un desacuerdo de 49%. La brecha entre ambos posicionamientos posee un peso estad\u00edsticamente significativo de 13 puntos porcentuales.<\/p><p><strong>Despidos y reducci\u00f3n de retenciones<\/strong><\/p><p>La desvinculaci\u00f3n de empleados p\u00fablicos del Estado, particularmente aquellos denominados \u201c\u00f1oquis\u201d, es un hist\u00f3rico reclamo de gran parte de los argentinos. A pesar de eso, el acompa\u00f1amiento obtuvo un 43% de acuerdo, vs un desacuerdo de 45%. Es decir, el apoyo present\u00f3 niveles similares a la resistencia.<\/p><p><a href=\"https:\/\/delfoscba.com.ar\/\/dev\/\/wp-content\/uploads\/2023\/12\/38.png\"><img loading=\"lazy\" decoding=\"async\" class=\"aligncenter wp-image-15495 size-large\" src=\"https:\/\/delfoscba.com.ar\/\/dev\/\/wp-content\/uploads\/2023\/12\/38-1024x726.png\" alt=\"\" width=\"1024\" height=\"726\" srcset=\"https:\/\/delfoscba.com.ar\/dev\/wp-content\/uploads\/2023\/12\/38-1024x726.png 1024w, https:\/\/delfoscba.com.ar\/dev\/wp-content\/uploads\/2023\/12\/38-300x213.png 300w, https:\/\/delfoscba.com.ar\/dev\/wp-content\/uploads\/2023\/12\/38-768x545.png 768w, https:\/\/delfoscba.com.ar\/dev\/wp-content\/uploads\/2023\/12\/38-1536x1090.png 1536w, https:\/\/delfoscba.com.ar\/dev\/wp-content\/uploads\/2023\/12\/38-400x284.png 400w, https:\/\/delfoscba.com.ar\/dev\/wp-content\/uploads\/2023\/12\/38-1080x766.png 1080w, https:\/\/delfoscba.com.ar\/dev\/wp-content\/uploads\/2023\/12\/38.png 1748w\" sizes=\"(max-width: 1024px) 100vw, 1024px\" \/><\/a><\/p><p>Por otro lado, frente a la posible eliminaci\u00f3n de las retenciones agropecuarias se aprecia un nivel de indecisos (21%) superior al observado frente a la idea de privatizar empresas o activos del Estado y proporciones pr\u00e1cticamente id\u00e9nticas de personas que est\u00e1n de acuerdo (39%) y en desacuerdo (40%) frente a la medida.<\/p><p><a href=\"https:\/\/delfoscba.com.ar\/\/dev\/\/wp-content\/uploads\/2023\/12\/42.png\"><img loading=\"lazy\" decoding=\"async\" class=\"aligncenter wp-image-15499 size-large\" src=\"https:\/\/delfoscba.com.ar\/\/dev\/\/wp-content\/uploads\/2023\/12\/42-1024x726.png\" alt=\"\" width=\"1024\" height=\"726\" srcset=\"https:\/\/delfoscba.com.ar\/dev\/wp-content\/uploads\/2023\/12\/42-1024x726.png 1024w, https:\/\/delfoscba.com.ar\/dev\/wp-content\/uploads\/2023\/12\/42-300x213.png 300w, https:\/\/delfoscba.com.ar\/dev\/wp-content\/uploads\/2023\/12\/42-768x545.png 768w, https:\/\/delfoscba.com.ar\/dev\/wp-content\/uploads\/2023\/12\/42-1536x1090.png 1536w, https:\/\/delfoscba.com.ar\/dev\/wp-content\/uploads\/2023\/12\/42-400x284.png 400w, https:\/\/delfoscba.com.ar\/dev\/wp-content\/uploads\/2023\/12\/42-1080x766.png 1080w, https:\/\/delfoscba.com.ar\/dev\/wp-content\/uploads\/2023\/12\/42.png 1748w\" sizes=\"(max-width: 1024px) 100vw, 1024px\" \/><\/a><\/p><p><strong>Las m\u00e1s resistidas: obra p\u00fablica y reformas monetarias<\/strong><\/p><p>Otros grandes s\u00edmbolos de la campa\u00f1a de Milei fueron la \u201cdemolici\u00f3n\u201d del Banco Central y los d\u00f3lares con su cara, expresi\u00f3n de su compromiso con la dolarizaci\u00f3n. En paralelo, el por entonces candidato tambi\u00e9n atac\u00f3 la obra p\u00fablica, present\u00e1ndola como reducto de la corrupci\u00f3n estatal.<\/p><p><a href=\"https:\/\/delfoscba.com.ar\/\/dev\/\/wp-content\/uploads\/2023\/12\/45.png\"><img loading=\"lazy\" decoding=\"async\" class=\"aligncenter wp-image-15502 size-large\" src=\"https:\/\/delfoscba.com.ar\/\/dev\/\/wp-content\/uploads\/2023\/12\/45-1024x726.png\" alt=\"\" width=\"1024\" height=\"726\" srcset=\"https:\/\/delfoscba.com.ar\/dev\/wp-content\/uploads\/2023\/12\/45-1024x726.png 1024w, https:\/\/delfoscba.com.ar\/dev\/wp-content\/uploads\/2023\/12\/45-300x213.png 300w, https:\/\/delfoscba.com.ar\/dev\/wp-content\/uploads\/2023\/12\/45-768x545.png 768w, https:\/\/delfoscba.com.ar\/dev\/wp-content\/uploads\/2023\/12\/45-1536x1090.png 1536w, https:\/\/delfoscba.com.ar\/dev\/wp-content\/uploads\/2023\/12\/45-400x284.png 400w, https:\/\/delfoscba.com.ar\/dev\/wp-content\/uploads\/2023\/12\/45-1080x766.png 1080w, https:\/\/delfoscba.com.ar\/dev\/wp-content\/uploads\/2023\/12\/45.png 1748w\" sizes=\"(max-width: 1024px) 100vw, 1024px\" \/><\/a><\/p><p>La propuesta de frenar la obra p\u00fablica nacional recab\u00f3 un escueto 33% de apoyo, 20 puntos porcentuales inferior al nivel de desacuerdo que despert\u00f3 entre los argentinos, en torno a un 53%.<\/p><p><a href=\"https:\/\/delfoscba.com.ar\/\/dev\/\/wp-content\/uploads\/2023\/12\/47.png\"><img loading=\"lazy\" decoding=\"async\" class=\"aligncenter wp-image-15504 size-large\" src=\"https:\/\/delfoscba.com.ar\/\/dev\/\/wp-content\/uploads\/2023\/12\/47-1024x726.png\" alt=\"\" width=\"1024\" height=\"726\" srcset=\"https:\/\/delfoscba.com.ar\/dev\/wp-content\/uploads\/2023\/12\/47-1024x726.png 1024w, https:\/\/delfoscba.com.ar\/dev\/wp-content\/uploads\/2023\/12\/47-300x213.png 300w, https:\/\/delfoscba.com.ar\/dev\/wp-content\/uploads\/2023\/12\/47-768x545.png 768w, https:\/\/delfoscba.com.ar\/dev\/wp-content\/uploads\/2023\/12\/47-1536x1090.png 1536w, https:\/\/delfoscba.com.ar\/dev\/wp-content\/uploads\/2023\/12\/47-400x284.png 400w, https:\/\/delfoscba.com.ar\/dev\/wp-content\/uploads\/2023\/12\/47-1080x766.png 1080w, https:\/\/delfoscba.com.ar\/dev\/wp-content\/uploads\/2023\/12\/47.png 1748w\" sizes=\"(max-width: 1024px) 100vw, 1024px\" \/><\/a><\/p><p>Algo similar ocurri\u00f3 con la prometida dolarizaci\u00f3n, ya que s\u00f3lo un 28% de los argentinos afirmaron estar de acuerdo con la posibilidad de adoptar esa divisa como moneda de cambio oficial.<\/p><p><a href=\"https:\/\/delfoscba.com.ar\/\/dev\/\/wp-content\/uploads\/2023\/12\/46.png\"><img loading=\"lazy\" decoding=\"async\" class=\"aligncenter wp-image-15503 size-large\" src=\"https:\/\/delfoscba.com.ar\/\/dev\/\/wp-content\/uploads\/2023\/12\/46-1024x726.png\" alt=\"\" width=\"1024\" height=\"726\" srcset=\"https:\/\/delfoscba.com.ar\/dev\/wp-content\/uploads\/2023\/12\/46-1024x726.png 1024w, https:\/\/delfoscba.com.ar\/dev\/wp-content\/uploads\/2023\/12\/46-300x213.png 300w, https:\/\/delfoscba.com.ar\/dev\/wp-content\/uploads\/2023\/12\/46-768x545.png 768w, https:\/\/delfoscba.com.ar\/dev\/wp-content\/uploads\/2023\/12\/46-1536x1090.png 1536w, https:\/\/delfoscba.com.ar\/dev\/wp-content\/uploads\/2023\/12\/46-400x284.png 400w, https:\/\/delfoscba.com.ar\/dev\/wp-content\/uploads\/2023\/12\/46-1080x766.png 1080w, https:\/\/delfoscba.com.ar\/dev\/wp-content\/uploads\/2023\/12\/46.png 1748w\" sizes=\"(max-width: 1024px) 100vw, 1024px\" \/><\/a><\/p><p>Las acciones subsidiarias de esta medida, como la idea de cerrar el Banco Central y la devaluaci\u00f3n del peso, tambi\u00e9n presentaron bajos niveles de acompa\u00f1amiento. La primera s\u00f3lo fue avalada por 3 de cada 10 argentinos y present\u00f3 niveles de resistencia del 48%. En lo que respecta a la devaluaci\u00f3n del peso, casi la mitad de los argentinos (49%) se mostr\u00f3 en desacuerdo y s\u00f3lo un 24% de acuerdo, proporci\u00f3n inferior al nivel de indecisos frente a la propuesta (27%).<\/p><p><a href=\"https:\/\/delfoscba.com.ar\/\/dev\/\/wp-content\/uploads\/2023\/12\/48.png\"><img loading=\"lazy\" decoding=\"async\" class=\"aligncenter wp-image-15505 size-large\" src=\"https:\/\/delfoscba.com.ar\/\/dev\/\/wp-content\/uploads\/2023\/12\/48-1024x726.png\" alt=\"\" width=\"1024\" height=\"726\" srcset=\"https:\/\/delfoscba.com.ar\/dev\/wp-content\/uploads\/2023\/12\/48-1024x726.png 1024w, https:\/\/delfoscba.com.ar\/dev\/wp-content\/uploads\/2023\/12\/48-300x213.png 300w, https:\/\/delfoscba.com.ar\/dev\/wp-content\/uploads\/2023\/12\/48-768x545.png 768w, https:\/\/delfoscba.com.ar\/dev\/wp-content\/uploads\/2023\/12\/48-1536x1090.png 1536w, https:\/\/delfoscba.com.ar\/dev\/wp-content\/uploads\/2023\/12\/48-400x284.png 400w, https:\/\/delfoscba.com.ar\/dev\/wp-content\/uploads\/2023\/12\/48-1080x766.png 1080w, https:\/\/delfoscba.com.ar\/dev\/wp-content\/uploads\/2023\/12\/48.png 1748w\" sizes=\"(max-width: 1024px) 100vw, 1024px\" \/><\/a><\/p><p><strong>Reflexiones finales<\/strong><\/p><p>En la anterior nota relativa a las expectativas de los argentinos frente al nuevo gobierno y las consecuencias para el margen de maniobra del presidente a la hora de implementarlas se afirm\u00f3 que \u201cJavier Milei despierta confianza en un sector minoritario donde opera fuertemente lo emocional\u201d y que, para crecer m\u00e1s all\u00e1 de sus fronteras, deber\u00eda demostrar que es capaz de generar resultados concretos, con una visibilidad e impacto dif\u00edcil de eludir, que acerque a quienes le achacan el comprobado fracaso de sus ideas y sus v\u00ednculos pol\u00edticos.<\/p><p>Sin embargo, las dificultades para construir esas soluciones se vuelven a\u00fan m\u00e1s agudas al observar el nivel de acuerdo de la sociedad con sus principales medidas de ajuste.<\/p><p>Tal como afirm\u00f3 Luis Dall\u2019Aglio en su participaci\u00f3n en el programa \u201cLagarto Show\u201d del 13 de diciembre de 2023, m\u00e1s all\u00e1 del n\u00facleo duro que acompa\u00f1\u00f3 a Milei a lo largo de toda su campa\u00f1a, lo cierto es que existe una proporci\u00f3n superior al 20% de su electorado final que no presenta un perfil tan ortodoxo y no acompa\u00f1a con la misma intensidad sus pol\u00edticas.<\/p><p>Si adem\u00e1s se considera que en t\u00e9rminos institucionales su correlaci\u00f3n de fuerzas est\u00e1 conformada por una masa bastante heterog\u00e9nea de dirigentes pol\u00edticos, muchos de ellos representantes y voceros de esa proporci\u00f3n que no acompa\u00f1a muchas de sus propuestas, el margen para implementar su c\u00famulo ortodoxo de privatizaciones y ajustes parece ser muy acotado.<\/p><p>Finalmente, el tiempo y la paciencia popular frente a decisiones que no los representen no parecen ser capitales f\u00e1ciles de obtener en un contexto donde el 61% sabe que se ver\u00e1 afectado por las medidas econ\u00f3micas de Milei y un 76% afirma no tener margen para ajustarse.<\/p>\t\t\t\t\t\t\t\t<\/div>\n\t\t\t\t\t<\/div>\n\t\t<\/div>\n\t\t\t\t\t<\/div>\n\t\t<\/section>\n\t\t\t\t<section class=\"elementor-section elementor-top-section elementor-element elementor-element-b28ac47 elementor-section-height-min-height elementor-section-boxed elementor-section-height-default elementor-section-items-middle\" data-id=\"b28ac47\" data-element_type=\"section\" data-e-type=\"section\" data-settings=\"{&quot;background_background&quot;:&quot;classic&quot;}\">\n\t\t\t\t\t\t\t<div class=\"elementor-background-overlay\"><\/div>\n\t\t\t\t\t\t\t<div class=\"elementor-container elementor-column-gap-default\">\n\t\t\t\t\t<div class=\"elementor-column elementor-col-100 elementor-top-column elementor-element elementor-element-88fba06\" data-id=\"88fba06\" data-element_type=\"column\" data-e-type=\"column\">\n\t\t\t<div class=\"elementor-widget-wrap elementor-element-populated\">\n\t\t\t\t\t\t<div class=\"elementor-element elementor-element-7e65226 elementor-widget elementor-widget-heading\" data-id=\"7e65226\" data-element_type=\"widget\" data-e-type=\"widget\" data-widget_type=\"heading.default\">\n\t\t\t\t\t<h2 class=\"elementor-heading-title elementor-size-large\">Seguinos en nuestras redes<\/h2>\t\t\t\t<\/div>\n\t\t\t\t<div class=\"elementor-element elementor-element-c37b7ef elementor-shape-circle e-grid-align-tablet-center e-grid-align-mobile-center e-grid-align-left elementor-grid-0 elementor-widget elementor-widget-social-icons\" data-id=\"c37b7ef\" data-element_type=\"widget\" data-e-type=\"widget\" data-widget_type=\"social-icons.default\">\n\t\t\t\t\t\t\t<div class=\"elementor-social-icons-wrapper elementor-grid\" role=\"list\">\n\t\t\t\t\t\t\t<span class=\"elementor-grid-item\" role=\"listitem\">\n\t\t\t\t\t<a class=\"elementor-icon elementor-social-icon elementor-social-icon-facebook-f elementor-repeater-item-lf5yt4c\" href=\"https:\/\/www.facebook.com\/ConsultoraDelfos\" target=\"_blank\">\n\t\t\t\t\t\t<span class=\"elementor-screen-only\">Facebook-f<\/span>\n\t\t\t\t\t\t<i aria-hidden=\"true\" class=\"fab fa-facebook-f\"><\/i>\t\t\t\t\t<\/a>\n\t\t\t\t<\/span>\n\t\t\t\t\t\t\t<span class=\"elementor-grid-item\" role=\"listitem\">\n\t\t\t\t\t<a class=\"elementor-icon elementor-social-icon elementor-social-icon-twitter elementor-repeater-item-01xie82\" href=\"https:\/\/twitter.com\/delfoscba\" target=\"_blank\">\n\t\t\t\t\t\t<span class=\"elementor-screen-only\">Twitter<\/span>\n\t\t\t\t\t\t<i aria-hidden=\"true\" class=\"fab fa-twitter\"><\/i>\t\t\t\t\t<\/a>\n\t\t\t\t<\/span>\n\t\t\t\t\t\t\t<span class=\"elementor-grid-item\" role=\"listitem\">\n\t\t\t\t\t<a class=\"elementor-icon elementor-social-icon elementor-social-icon-linkedin elementor-repeater-item-grhvqhn\" target=\"_blank\">\n\t\t\t\t\t\t<span class=\"elementor-screen-only\">Linkedin<\/span>\n\t\t\t\t\t\t<i aria-hidden=\"true\" class=\"fab fa-linkedin\"><\/i>\t\t\t\t\t<\/a>\n\t\t\t\t<\/span>\n\t\t\t\t\t<\/div>\n\t\t\t\t\t\t<\/div>\n\t\t\t\t\t<\/div>\n\t\t<\/div>\n\t\t\t\t\t<\/div>\n\t\t<\/section>\n\t\t\t\t<\/div>\n\t\t","protected":false},"excerpt":{"rendered":"<p>Nivel de acuerdo e intensidad frente a la posible privatizaci\u00f3n de YPF, Aerol\u00edneas Argentinas, TV P\u00fablica, T\u00e9lam, Ferrocarriles y m\u00e1s<\/p>\n","protected":false},"author":2,"featured_media":15486,"comment_status":"open","ping_status":"open","sticky":false,"template":"","format":"standard","meta":{"_acf_changed":false,"footnotes":""},"categories":[3],"tags":[526,1229,957,489,1180,39,958,1234,201,38,1235,128,1226,1246,1231,225,246,929,165,230,1228,1243,782,1233,1230,34,977,569,188,211,1227,56,161,683,229,1232,1245,352,1215,709,488,1247,1244,685],"class_list":["post-15485","post","type-post","status-publish","format-standard","has-post-thumbnail","hentry","category-politica","tag-526","tag-1229","tag-aerolineas","tag-america-latina","tag-analisis","tag-argentina","tag-argentinas","tag-capaz","tag-confianza","tag-cordoba","tag-cualidades","tag-delfos","tag-desconfianza","tag-despedir","tag-emocional","tag-empleados","tag-encuestas","tag-espanol","tag-esperanza","tag-estadistica","tag-fe","tag-ferrocarriles","tag-generales","tag-honesto","tag-ideas","tag-jose-gangi","tag-la-libertad-avanza","tag-milei","tag-opinion-publica","tag-pais","tag-personal","tag-politica","tag-politicos","tag-privatizacion","tag-publico","tag-racional","tag-radio-nacional","tag-retenciones","tag-shock","tag-situacion","tag-sudamerica","tag-telam","tag-tv-publica","tag-ypf","et-has-post-format-content","et_post_format-et-post-format-standard"],"acf":[],"_links":{"self":[{"href":"https:\/\/delfoscba.com.ar\/dev\/wp-json\/wp\/v2\/posts\/15485","targetHints":{"allow":["GET"]}}],"collection":[{"href":"https:\/\/delfoscba.com.ar\/dev\/wp-json\/wp\/v2\/posts"}],"about":[{"href":"https:\/\/delfoscba.com.ar\/dev\/wp-json\/wp\/v2\/types\/post"}],"author":[{"embeddable":true,"href":"https:\/\/delfoscba.com.ar\/dev\/wp-json\/wp\/v2\/users\/2"}],"replies":[{"embeddable":true,"href":"https:\/\/delfoscba.com.ar\/dev\/wp-json\/wp\/v2\/comments?post=15485"}],"version-history":[{"count":4,"href":"https:\/\/delfoscba.com.ar\/dev\/wp-json\/wp\/v2\/posts\/15485\/revisions"}],"predecessor-version":[{"id":15508,"href":"https:\/\/delfoscba.com.ar\/dev\/wp-json\/wp\/v2\/posts\/15485\/revisions\/15508"}],"wp:featuredmedia":[{"embeddable":true,"href":"https:\/\/delfoscba.com.ar\/dev\/wp-json\/wp\/v2\/media\/15486"}],"wp:attachment":[{"href":"https:\/\/delfoscba.com.ar\/dev\/wp-json\/wp\/v2\/media?parent=15485"}],"wp:term":[{"taxonomy":"category","embeddable":true,"href":"https:\/\/delfoscba.com.ar\/dev\/wp-json\/wp\/v2\/categories?post=15485"},{"taxonomy":"post_tag","embeddable":true,"href":"https:\/\/delfoscba.com.ar\/dev\/wp-json\/wp\/v2\/tags?post=15485"}],"curies":[{"name":"wp","href":"https:\/\/api.w.org\/{rel}","templated":true}]}}