{"id":15541,"date":"2024-01-02T16:16:34","date_gmt":"2024-01-02T16:16:34","guid":{"rendered":"https:\/\/delfoscba.com.ar\/\/dev\/\/?p=15541"},"modified":"2024-01-02T16:24:46","modified_gmt":"2024-01-02T16:24:46","slug":"la-imagen-de-los-principales-dirigentes-provinciales-y-nacionales-en-2023","status":"publish","type":"post","link":"https:\/\/delfoscba.com.ar\/dev\/politica\/la-imagen-de-los-principales-dirigentes-provinciales-y-nacionales-en-2023\/","title":{"rendered":"La imagen de los principales dirigentes provinciales y nacionales en 2023"},"content":{"rendered":"\t\t<div data-elementor-type=\"wp-post\" data-elementor-id=\"15541\" class=\"elementor elementor-15541\" data-elementor-post-type=\"post\">\n\t\t\t\t\t\t<section class=\"elementor-section elementor-top-section elementor-element elementor-element-41498b4 elementor-section-height-min-height elementor-section-boxed elementor-section-height-default elementor-section-items-middle\" data-id=\"41498b4\" data-element_type=\"section\" data-e-type=\"section\" data-settings=\"{&quot;background_background&quot;:&quot;classic&quot;}\">\n\t\t\t\t\t\t\t<div class=\"elementor-background-overlay\"><\/div>\n\t\t\t\t\t\t\t<div class=\"elementor-container elementor-column-gap-no\">\n\t\t\t\t\t<div class=\"elementor-column elementor-col-100 elementor-top-column elementor-element elementor-element-a18ac89\" data-id=\"a18ac89\" data-element_type=\"column\" data-e-type=\"column\">\n\t\t\t<div class=\"elementor-widget-wrap elementor-element-populated\">\n\t\t\t\t\t\t<div class=\"elementor-element elementor-element-e493600 elementor-widget elementor-widget-heading\" data-id=\"e493600\" data-element_type=\"widget\" data-e-type=\"widget\" data-widget_type=\"heading.default\">\n\t\t\t\t\t<h2 class=\"elementor-heading-title elementor-size-large\">POL\u00cdTICA<\/h2>\t\t\t\t<\/div>\n\t\t\t\t\t<\/div>\n\t\t<\/div>\n\t\t\t\t\t<\/div>\n\t\t<\/section>\n\t\t\t\t<section class=\"elementor-section elementor-top-section elementor-element elementor-element-7dafb6e4 elementor-section-boxed elementor-section-height-default elementor-section-height-default\" data-id=\"7dafb6e4\" data-element_type=\"section\" data-e-type=\"section\">\n\t\t\t\t\t\t<div class=\"elementor-container elementor-column-gap-default\">\n\t\t\t\t\t<div class=\"elementor-column elementor-col-100 elementor-top-column elementor-element elementor-element-38ae5a14\" data-id=\"38ae5a14\" data-element_type=\"column\" data-e-type=\"column\">\n\t\t\t<div class=\"elementor-widget-wrap elementor-element-populated\">\n\t\t\t\t\t\t<div class=\"elementor-element elementor-element-f8a3207 elementor-widget elementor-widget-author-box\" data-id=\"f8a3207\" data-element_type=\"widget\" data-e-type=\"widget\" data-widget_type=\"author-box.default\">\n\t\t\t\t\t\t\t<div class=\"elementor-author-box\">\n\t\t\t\t\t\t\t<a href=\"https:\/\/delfoscba.com.ar\/\/dev\/\/nosotros\/\" class=\"elementor-author-box__avatar\">\n\t\t\t\t\t<img decoding=\"async\" src=\"https:\/\/delfoscba.com.ar\/dev\/wp-content\/uploads\/2021\/03\/eia-1.png\" alt=\"Picture of Jos\u00e9 Gangi\" loading=\"lazy\">\n\t\t\t\t<\/a>\n\t\t\t\n\t\t\t<div class=\"elementor-author-box__text\">\n\t\t\t\t\t\t\t\t\t<a href=\"https:\/\/delfoscba.com.ar\/\/dev\/\/nosotros\/\">\n\t\t\t\t\t\t<h4 class=\"elementor-author-box__name\">\n\t\t\t\t\t\t\tJos\u00e9 Gangi\t\t\t\t\t\t<\/h4>\n\t\t\t\t\t<\/a>\n\t\t\t\t\n\t\t\t\t\t\t\t\t\t<div class=\"elementor-author-box__bio\">\n\t\t\t\t\t\t<p>Edici\u00f3n y An\u00e1lisis de informes<\/p>\n\t\t\t\t\t<\/div>\n\t\t\t\t\n\t\t\t\t\t\t\t<\/div>\n\t\t<\/div>\n\t\t\t\t\t\t<\/div>\n\t\t\t\t<div class=\"elementor-element elementor-element-7aefe4b4 elementor-widget elementor-widget-text-editor\" data-id=\"7aefe4b4\" data-element_type=\"widget\" data-e-type=\"widget\" data-widget_type=\"text-editor.default\">\n\t\t\t\t\t\t\t\t\t<p>El pa\u00eds est\u00e1 en crisis y la pol\u00edtica tambi\u00e9n. Los argentinos votaron con un profundo enojo con la pol\u00edtica y su incapacidad manifiesta de gestionar en pos del bien com\u00fan. Este posicionamiento se replic\u00f3 en la provincia de C\u00f3rdoba a la hora de elegir en elecciones nacionales, no as\u00ed en la provincial.<\/p><p>En ese marco, decidimos explorar los l\u00edmites (si es que los hay) de la impugnaci\u00f3n a la pol\u00edtica, analizando los datos recabados del 12 al 18 de noviembre en toda la provincia sobre la imagen de los principales dirigentes nacionales y provinciales en C\u00f3rdoba.<\/p><p><strong>El gobernador saliente y el entrante<\/strong><\/p><p>Juan Schiaretti, ex gobernador de la provincia de C\u00f3rdoba, comenz\u00f3 mayo de 2023 con una imagen positiva del 61% y cerr\u00f3 su tercera gesti\u00f3n en diciembre con una imagen positiva del 77%, es decir, creci\u00f3 16 puntos porcentuales (pp). En paralelo, su valoraci\u00f3n regular cay\u00f3 9 pp (de 25% a 16%) y la negativa un 50%, de 12% a 6%.<\/p><p><a href=\"https:\/\/delfoscba.com.ar\/\/dev\/\/wp-content\/uploads\/2024\/01\/Datos-para-nota-2.png\"><img fetchpriority=\"high\" decoding=\"async\" class=\"aligncenter wp-image-15543 size-large\" src=\"https:\/\/delfoscba.com.ar\/\/dev\/\/wp-content\/uploads\/2024\/01\/Datos-para-nota-2-1024x576.png\" alt=\"\" width=\"1024\" height=\"576\" srcset=\"https:\/\/delfoscba.com.ar\/dev\/wp-content\/uploads\/2024\/01\/Datos-para-nota-2-1024x576.png 1024w, https:\/\/delfoscba.com.ar\/dev\/wp-content\/uploads\/2024\/01\/Datos-para-nota-2-300x169.png 300w, https:\/\/delfoscba.com.ar\/dev\/wp-content\/uploads\/2024\/01\/Datos-para-nota-2-768x432.png 768w, https:\/\/delfoscba.com.ar\/dev\/wp-content\/uploads\/2024\/01\/Datos-para-nota-2-1536x864.png 1536w, https:\/\/delfoscba.com.ar\/dev\/wp-content\/uploads\/2024\/01\/Datos-para-nota-2-1080x608.png 1080w, https:\/\/delfoscba.com.ar\/dev\/wp-content\/uploads\/2024\/01\/Datos-para-nota-2.png 1920w\" sizes=\"(max-width: 1024px) 100vw, 1024px\" \/><\/a><\/p><p>Por su parte, el actual gobernador Mart\u00edn Llaryora mantuvo entre mayo y octubre una imagen positiva promedio de 52%. En noviembre, la tendencia se transform\u00f3 vertiginosamente hasta alcanzar una imagen positiva del 69% en diciembre. Este gran crecimiento se condice, principalmente, con una ca\u00edda del desconocimiento de 8 pp y una imagen negativa dentro del margen de error, es decir, pr\u00e1cticamente inexistente.<\/p><p><a href=\"https:\/\/delfoscba.com.ar\/\/dev\/\/wp-content\/uploads\/2024\/01\/Datos-para-nota-3.png\"><img decoding=\"async\" class=\"aligncenter wp-image-15544 size-large\" src=\"https:\/\/delfoscba.com.ar\/\/dev\/\/wp-content\/uploads\/2024\/01\/Datos-para-nota-3-1024x576.png\" alt=\"\" width=\"1024\" height=\"576\" srcset=\"https:\/\/delfoscba.com.ar\/dev\/wp-content\/uploads\/2024\/01\/Datos-para-nota-3-1024x576.png 1024w, https:\/\/delfoscba.com.ar\/dev\/wp-content\/uploads\/2024\/01\/Datos-para-nota-3-300x169.png 300w, https:\/\/delfoscba.com.ar\/dev\/wp-content\/uploads\/2024\/01\/Datos-para-nota-3-768x432.png 768w, https:\/\/delfoscba.com.ar\/dev\/wp-content\/uploads\/2024\/01\/Datos-para-nota-3-1536x864.png 1536w, https:\/\/delfoscba.com.ar\/dev\/wp-content\/uploads\/2024\/01\/Datos-para-nota-3-1080x608.png 1080w, https:\/\/delfoscba.com.ar\/dev\/wp-content\/uploads\/2024\/01\/Datos-para-nota-3.png 1920w\" sizes=\"(max-width: 1024px) 100vw, 1024px\" \/><\/a><\/p><p><strong>Dirigentes nacionales<\/strong><\/p><p>El actual presidente de la Naci\u00f3n, Javier Milei, experiment\u00f3 un brusco salto en t\u00e9rminos de imagen positiva en el mes de diciembre (del 35% ostentado en noviembre al 56%), que lo posicion\u00f3 por primera vez entre los dirigentes que poseen un balance positivo de imagen para los cordobeses. Incluso m\u00e1s, es la primera vez que su imagen positiva supera de forma contundente y estad\u00edsticamente significativa a su imagen negativa.<\/p><p><a href=\"https:\/\/delfoscba.com.ar\/\/dev\/\/wp-content\/uploads\/2024\/01\/Datos-para-nota-5.png\"><img decoding=\"async\" class=\"aligncenter wp-image-15546 size-large\" src=\"https:\/\/delfoscba.com.ar\/\/dev\/\/wp-content\/uploads\/2024\/01\/Datos-para-nota-5-1024x576.png\" alt=\"\" width=\"1024\" height=\"576\" srcset=\"https:\/\/delfoscba.com.ar\/dev\/wp-content\/uploads\/2024\/01\/Datos-para-nota-5-1024x576.png 1024w, https:\/\/delfoscba.com.ar\/dev\/wp-content\/uploads\/2024\/01\/Datos-para-nota-5-300x169.png 300w, https:\/\/delfoscba.com.ar\/dev\/wp-content\/uploads\/2024\/01\/Datos-para-nota-5-768x432.png 768w, https:\/\/delfoscba.com.ar\/dev\/wp-content\/uploads\/2024\/01\/Datos-para-nota-5-1536x864.png 1536w, https:\/\/delfoscba.com.ar\/dev\/wp-content\/uploads\/2024\/01\/Datos-para-nota-5-1080x608.png 1080w, https:\/\/delfoscba.com.ar\/dev\/wp-content\/uploads\/2024\/01\/Datos-para-nota-5.png 1920w\" sizes=\"(max-width: 1024px) 100vw, 1024px\" \/><\/a><\/p><p>En la vereda de enfrente encontramos a Sergio Massa, ex ministro de Econom\u00eda y candidato a la presidencia de la Naci\u00f3n por Uni\u00f3n por la Patria, que padeci\u00f3 en diciembre un incremento de 13 pp en su imagen negativa respecto de la detentada en noviembre. Si ampliamos el foco, podemos observar que mantiene un n\u00facleo duro de cordobeses que aprecian su imagen en torno al 12% y que el deterioro se produce a costa de aquellos que afirmaron poseer una valoraci\u00f3n regular de su persona y de un crecimiento de su nivel de conocimiento general en la sociedad cordobesa.<\/p><p><a href=\"https:\/\/delfoscba.com.ar\/\/dev\/\/wp-content\/uploads\/2024\/01\/Datos-para-nota-6.png\"><img loading=\"lazy\" decoding=\"async\" class=\"aligncenter wp-image-15547 size-large\" src=\"https:\/\/delfoscba.com.ar\/\/dev\/\/wp-content\/uploads\/2024\/01\/Datos-para-nota-6-1024x576.png\" alt=\"\" width=\"1024\" height=\"576\" srcset=\"https:\/\/delfoscba.com.ar\/dev\/wp-content\/uploads\/2024\/01\/Datos-para-nota-6-1024x576.png 1024w, https:\/\/delfoscba.com.ar\/dev\/wp-content\/uploads\/2024\/01\/Datos-para-nota-6-300x169.png 300w, https:\/\/delfoscba.com.ar\/dev\/wp-content\/uploads\/2024\/01\/Datos-para-nota-6-768x432.png 768w, https:\/\/delfoscba.com.ar\/dev\/wp-content\/uploads\/2024\/01\/Datos-para-nota-6-1536x864.png 1536w, https:\/\/delfoscba.com.ar\/dev\/wp-content\/uploads\/2024\/01\/Datos-para-nota-6-1080x608.png 1080w, https:\/\/delfoscba.com.ar\/dev\/wp-content\/uploads\/2024\/01\/Datos-para-nota-6.png 1920w\" sizes=\"(max-width: 1024px) 100vw, 1024px\" \/><\/a><\/p><p><strong>Los principales referentes nacionales<\/strong><\/p><p>En la actualidad, existen dos referentes que han demostrado una vigencia y capacidad \u00fanica para imponer sus decisiones en el escenario pol\u00edtico argentino: Cristina Fern\u00e1ndez de Kirchner y Mauricio Macri. En polos opuestos, ambos referentes poseen un balance de imagen negativo entre los cordobeses.<\/p><p>En lo que respecta a Cristina, detent\u00f3 en diciembre una imagen negativa del 74%, fruto de una tendencia decreciente estad\u00edsticamente no significativa de su imagen experimentada desde mayo, a costa de la calificaci\u00f3n positiva (cae 5 pp) y regular (2 pp.).<\/p><p><a href=\"https:\/\/delfoscba.com.ar\/\/dev\/\/wp-content\/uploads\/2024\/01\/Datos-para-nota-1.png\"><img loading=\"lazy\" decoding=\"async\" class=\"aligncenter wp-image-15542 size-large\" src=\"https:\/\/delfoscba.com.ar\/\/dev\/\/wp-content\/uploads\/2024\/01\/Datos-para-nota-1-1024x576.png\" alt=\"\" width=\"1024\" height=\"576\" srcset=\"https:\/\/delfoscba.com.ar\/dev\/wp-content\/uploads\/2024\/01\/Datos-para-nota-1-1024x576.png 1024w, https:\/\/delfoscba.com.ar\/dev\/wp-content\/uploads\/2024\/01\/Datos-para-nota-1-300x169.png 300w, https:\/\/delfoscba.com.ar\/dev\/wp-content\/uploads\/2024\/01\/Datos-para-nota-1-768x432.png 768w, https:\/\/delfoscba.com.ar\/dev\/wp-content\/uploads\/2024\/01\/Datos-para-nota-1-1536x864.png 1536w, https:\/\/delfoscba.com.ar\/dev\/wp-content\/uploads\/2024\/01\/Datos-para-nota-1-1080x608.png 1080w, https:\/\/delfoscba.com.ar\/dev\/wp-content\/uploads\/2024\/01\/Datos-para-nota-1.png 1920w\" sizes=\"(max-width: 1024px) 100vw, 1024px\" \/><\/a><\/p><p>A pesar del gran desempe\u00f1o electoral de Macri en C\u00f3rdoba en 2015 y 2019, el ex presidente no goz\u00f3 este a\u00f1o de una buena imagen en la provincia: mantuvo una imagen positiva promedio del 19%, detent\u00f3 una negativa promedio del 50% y una regular media del 29%, todo oscilando dentro del margen de error.<\/p><p><a href=\"https:\/\/delfoscba.com.ar\/\/dev\/\/wp-content\/uploads\/2024\/01\/Datos-para-nota-4.png\"><img loading=\"lazy\" decoding=\"async\" class=\"aligncenter wp-image-15545 size-large\" src=\"https:\/\/delfoscba.com.ar\/\/dev\/\/wp-content\/uploads\/2024\/01\/Datos-para-nota-4-1024x576.png\" alt=\"\" width=\"1024\" height=\"576\" srcset=\"https:\/\/delfoscba.com.ar\/dev\/wp-content\/uploads\/2024\/01\/Datos-para-nota-4-1024x576.png 1024w, https:\/\/delfoscba.com.ar\/dev\/wp-content\/uploads\/2024\/01\/Datos-para-nota-4-300x169.png 300w, https:\/\/delfoscba.com.ar\/dev\/wp-content\/uploads\/2024\/01\/Datos-para-nota-4-768x432.png 768w, https:\/\/delfoscba.com.ar\/dev\/wp-content\/uploads\/2024\/01\/Datos-para-nota-4-1536x864.png 1536w, https:\/\/delfoscba.com.ar\/dev\/wp-content\/uploads\/2024\/01\/Datos-para-nota-4-1080x608.png 1080w, https:\/\/delfoscba.com.ar\/dev\/wp-content\/uploads\/2024\/01\/Datos-para-nota-4.png 1920w\" sizes=\"(max-width: 1024px) 100vw, 1024px\" \/><\/a><\/p><p><strong>Reflexiones finales<\/strong><\/p><p>Despu\u00e9s de 24 a\u00f1os al frente del poder ejecutivo de forma ininterrumpida, la imagen de los gobernadores de Hacemos por C\u00f3rdoba hablan por s\u00ed mismas: ambos poseen balance positivo e \u00edndices de rechazo casi nulos. La trayectoria es digna de destacar incluso en estos casos donde el an\u00e1lisis se efect\u00faa sobre la imagen que poseen los pol\u00edticos como dirigentes, porque sus cualidades personales y su actividad pol\u00edtica y pertenencia partidaria son dos caras de una misma moneda.<\/p><p>A nivel nacional, el actual presidente logr\u00f3 capitalizar en diciembre la simpat\u00eda de los cordobeses como no lo hab\u00eda hecho antes. El paralelo deterioro en la imagen de Massa nos permite intuir que la posici\u00f3n de Milei como vencedor opositor le vali\u00f3 la simpat\u00eda de un importante caudal de votantes antikirchneristas que, adem\u00e1s se congraciaron m\u00e1s con el candidato libertario una vez que este les abri\u00f3 las puertas a m\u00faltiples dirigentes de Juntos por el Cambio dentro de su gobierno.<\/p><p>El foco m\u00e1s importante de enojo con la pol\u00edtica que poseen los cordobeses se posa sobre los dirigentes con trayectoria: CFK, Massa y Macri.<\/p><p>La renovaci\u00f3n de la representaci\u00f3n pol\u00edtica se impone en la Naci\u00f3n, no as\u00ed en la provincia de C\u00f3rdoba. Los cordobeses le reconocen una efectividad en la gesti\u00f3n y una representatividad pol\u00edtica al gobierno provincial que no ha logrado generar ning\u00fan dirigente nacional, al menos entre los comprovincianos.<\/p><p>S\u00f3lo el tiempo dir\u00e1 que ocurrir\u00e1 con el actual presidente. Por ahora, s\u00f3lo impone costos, desconociendo opiniones y poderes detentados por otros representantes pol\u00edticos.<\/p>\t\t\t\t\t\t\t\t<\/div>\n\t\t\t\t\t<\/div>\n\t\t<\/div>\n\t\t\t\t\t<\/div>\n\t\t<\/section>\n\t\t\t\t<section class=\"elementor-section elementor-top-section elementor-element elementor-element-b28ac47 elementor-section-height-min-height elementor-section-boxed elementor-section-height-default elementor-section-items-middle\" data-id=\"b28ac47\" data-element_type=\"section\" data-e-type=\"section\" data-settings=\"{&quot;background_background&quot;:&quot;classic&quot;}\">\n\t\t\t\t\t\t\t<div class=\"elementor-background-overlay\"><\/div>\n\t\t\t\t\t\t\t<div class=\"elementor-container elementor-column-gap-default\">\n\t\t\t\t\t<div class=\"elementor-column elementor-col-100 elementor-top-column elementor-element elementor-element-88fba06\" data-id=\"88fba06\" data-element_type=\"column\" data-e-type=\"column\">\n\t\t\t<div class=\"elementor-widget-wrap elementor-element-populated\">\n\t\t\t\t\t\t<div class=\"elementor-element elementor-element-7e65226 elementor-widget elementor-widget-heading\" data-id=\"7e65226\" data-element_type=\"widget\" data-e-type=\"widget\" data-widget_type=\"heading.default\">\n\t\t\t\t\t<h2 class=\"elementor-heading-title elementor-size-large\">Seguinos en nuestras redes<\/h2>\t\t\t\t<\/div>\n\t\t\t\t<div class=\"elementor-element elementor-element-c37b7ef elementor-shape-circle e-grid-align-tablet-center e-grid-align-mobile-center e-grid-align-left elementor-grid-0 elementor-widget elementor-widget-social-icons\" data-id=\"c37b7ef\" data-element_type=\"widget\" data-e-type=\"widget\" data-widget_type=\"social-icons.default\">\n\t\t\t\t\t\t\t<div class=\"elementor-social-icons-wrapper elementor-grid\" role=\"list\">\n\t\t\t\t\t\t\t<span class=\"elementor-grid-item\" role=\"listitem\">\n\t\t\t\t\t<a class=\"elementor-icon elementor-social-icon elementor-social-icon-facebook-f elementor-repeater-item-lf5yt4c\" href=\"https:\/\/www.facebook.com\/ConsultoraDelfos\" target=\"_blank\">\n\t\t\t\t\t\t<span class=\"elementor-screen-only\">Facebook-f<\/span>\n\t\t\t\t\t\t<i aria-hidden=\"true\" class=\"fab fa-facebook-f\"><\/i>\t\t\t\t\t<\/a>\n\t\t\t\t<\/span>\n\t\t\t\t\t\t\t<span class=\"elementor-grid-item\" role=\"listitem\">\n\t\t\t\t\t<a class=\"elementor-icon elementor-social-icon elementor-social-icon-twitter elementor-repeater-item-01xie82\" href=\"https:\/\/twitter.com\/delfoscba\" target=\"_blank\">\n\t\t\t\t\t\t<span class=\"elementor-screen-only\">Twitter<\/span>\n\t\t\t\t\t\t<i aria-hidden=\"true\" class=\"fab fa-twitter\"><\/i>\t\t\t\t\t<\/a>\n\t\t\t\t<\/span>\n\t\t\t\t\t\t\t<span class=\"elementor-grid-item\" role=\"listitem\">\n\t\t\t\t\t<a class=\"elementor-icon elementor-social-icon elementor-social-icon-linkedin elementor-repeater-item-grhvqhn\" target=\"_blank\">\n\t\t\t\t\t\t<span class=\"elementor-screen-only\">Linkedin<\/span>\n\t\t\t\t\t\t<i aria-hidden=\"true\" class=\"fab fa-linkedin\"><\/i>\t\t\t\t\t<\/a>\n\t\t\t\t<\/span>\n\t\t\t\t\t<\/div>\n\t\t\t\t\t\t<\/div>\n\t\t\t\t\t<\/div>\n\t\t<\/div>\n\t\t\t\t\t<\/div>\n\t\t<\/section>\n\t\t\t\t<\/div>\n\t\t","protected":false},"excerpt":{"rendered":"<p>De mayo a diciembre, la evoluci\u00f3n de la imagen de los principales dirigentes<\/p>\n","protected":false},"author":2,"featured_media":15553,"comment_status":"open","ping_status":"open","sticky":false,"template":"","format":"standard","meta":{"_acf_changed":false,"footnotes":""},"categories":[3],"tags":[526,489,1180,39,854,588,38,264,128,873,246,929,230,1272,454,61,1271,34,981,180,1275,583,140,589,1270,259,455,569,188,211,56,178,229,590,1274,306,717,488,1273],"class_list":["post-15541","post","type-post","status-publish","format-standard","has-post-thumbnail","hentry","category-politica","tag-526","tag-america-latina","tag-analisis","tag-argentina","tag-balance","tag-buena","tag-cordoba","tag-cristina","tag-delfos","tag-dirigentes","tag-encuestas","tag-espanol","tag-estadistica","tag-ex","tag-fernandez","tag-imagen","tag-javier","tag-jose-gangi","tag-juan","tag-kirchner","tag-legitimidad","tag-llaryora","tag-macri","tag-mala","tag-martin","tag-massa","tag-mauricio","tag-milei","tag-opinion-publica","tag-pais","tag-politica","tag-presidente","tag-publico","tag-regular","tag-representacion","tag-schiaretti","tag-sergio","tag-sudamerica","tag-trayectoria","et-has-post-format-content","et_post_format-et-post-format-standard"],"acf":[],"_links":{"self":[{"href":"https:\/\/delfoscba.com.ar\/dev\/wp-json\/wp\/v2\/posts\/15541","targetHints":{"allow":["GET"]}}],"collection":[{"href":"https:\/\/delfoscba.com.ar\/dev\/wp-json\/wp\/v2\/posts"}],"about":[{"href":"https:\/\/delfoscba.com.ar\/dev\/wp-json\/wp\/v2\/types\/post"}],"author":[{"embeddable":true,"href":"https:\/\/delfoscba.com.ar\/dev\/wp-json\/wp\/v2\/users\/2"}],"replies":[{"embeddable":true,"href":"https:\/\/delfoscba.com.ar\/dev\/wp-json\/wp\/v2\/comments?post=15541"}],"version-history":[{"count":5,"href":"https:\/\/delfoscba.com.ar\/dev\/wp-json\/wp\/v2\/posts\/15541\/revisions"}],"predecessor-version":[{"id":15554,"href":"https:\/\/delfoscba.com.ar\/dev\/wp-json\/wp\/v2\/posts\/15541\/revisions\/15554"}],"wp:featuredmedia":[{"embeddable":true,"href":"https:\/\/delfoscba.com.ar\/dev\/wp-json\/wp\/v2\/media\/15553"}],"wp:attachment":[{"href":"https:\/\/delfoscba.com.ar\/dev\/wp-json\/wp\/v2\/media?parent=15541"}],"wp:term":[{"taxonomy":"category","embeddable":true,"href":"https:\/\/delfoscba.com.ar\/dev\/wp-json\/wp\/v2\/categories?post=15541"},{"taxonomy":"post_tag","embeddable":true,"href":"https:\/\/delfoscba.com.ar\/dev\/wp-json\/wp\/v2\/tags?post=15541"}],"curies":[{"name":"wp","href":"https:\/\/api.w.org\/{rel}","templated":true}]}}