{"id":15669,"date":"2024-01-24T23:53:42","date_gmt":"2024-01-24T23:53:42","guid":{"rendered":"https:\/\/delfoscba.com.ar\/\/dev\/\/?p=15669"},"modified":"2024-01-25T00:06:07","modified_gmt":"2024-01-25T00:06:07","slug":"como-llego-javier-milei-al-paro-del-24-e-segun-las-ultimas-encuestas","status":"publish","type":"post","link":"https:\/\/delfoscba.com.ar\/dev\/politica\/como-llego-javier-milei-al-paro-del-24-e-segun-las-ultimas-encuestas\/","title":{"rendered":"C\u00f3mo lleg\u00f3 Javier Milei al paro del 24-E, seg\u00fan las \u00faltimas encuestas"},"content":{"rendered":"\t\t<div data-elementor-type=\"wp-post\" data-elementor-id=\"15669\" class=\"elementor elementor-15669\" data-elementor-post-type=\"post\">\n\t\t\t\t\t\t<section class=\"elementor-section elementor-top-section elementor-element elementor-element-41498b4 elementor-section-height-min-height elementor-section-boxed elementor-section-height-default elementor-section-items-middle\" data-id=\"41498b4\" data-element_type=\"section\" data-e-type=\"section\" data-settings=\"{&quot;background_background&quot;:&quot;classic&quot;}\">\n\t\t\t\t\t\t\t<div class=\"elementor-background-overlay\"><\/div>\n\t\t\t\t\t\t\t<div class=\"elementor-container elementor-column-gap-no\">\n\t\t\t\t\t<div class=\"elementor-column elementor-col-100 elementor-top-column elementor-element elementor-element-a18ac89\" data-id=\"a18ac89\" data-element_type=\"column\" data-e-type=\"column\">\n\t\t\t<div class=\"elementor-widget-wrap elementor-element-populated\">\n\t\t\t\t\t\t<div class=\"elementor-element elementor-element-e493600 elementor-widget elementor-widget-heading\" data-id=\"e493600\" data-element_type=\"widget\" data-e-type=\"widget\" data-widget_type=\"heading.default\">\n\t\t\t\t\t<h2 class=\"elementor-heading-title elementor-size-large\">POL\u00cdTICA<\/h2>\t\t\t\t<\/div>\n\t\t\t\t\t<\/div>\n\t\t<\/div>\n\t\t\t\t\t<\/div>\n\t\t<\/section>\n\t\t\t\t<section class=\"elementor-section elementor-top-section elementor-element elementor-element-7dafb6e4 elementor-section-boxed elementor-section-height-default elementor-section-height-default\" data-id=\"7dafb6e4\" data-element_type=\"section\" data-e-type=\"section\">\n\t\t\t\t\t\t<div class=\"elementor-container elementor-column-gap-default\">\n\t\t\t\t\t<div class=\"elementor-column elementor-col-100 elementor-top-column elementor-element elementor-element-38ae5a14\" data-id=\"38ae5a14\" data-element_type=\"column\" data-e-type=\"column\">\n\t\t\t<div class=\"elementor-widget-wrap elementor-element-populated\">\n\t\t\t\t\t\t<div class=\"elementor-element elementor-element-f8a3207 elementor-widget elementor-widget-author-box\" data-id=\"f8a3207\" data-element_type=\"widget\" data-e-type=\"widget\" data-widget_type=\"author-box.default\">\n\t\t\t\t\t\t\t<div class=\"elementor-author-box\">\n\t\t\t\t\t\t\t<a href=\"https:\/\/delfoscba.com.ar\/\/dev\/\/nosotros\/\" class=\"elementor-author-box__avatar\">\n\t\t\t\t\t<img decoding=\"async\" src=\"https:\/\/delfoscba.com.ar\/dev\/wp-content\/uploads\/2021\/02\/norman-250x250-1.jpg\" alt=\"Picture of Norman Berra\" loading=\"lazy\">\n\t\t\t\t<\/a>\n\t\t\t\n\t\t\t<div class=\"elementor-author-box__text\">\n\t\t\t\t\t\t\t\t\t<a href=\"https:\/\/delfoscba.com.ar\/\/dev\/\/nosotros\/\">\n\t\t\t\t\t\t<h4 class=\"elementor-author-box__name\">\n\t\t\t\t\t\t\tNorman Berra\t\t\t\t\t\t<\/h4>\n\t\t\t\t\t<\/a>\n\t\t\t\t\n\t\t\t\t\t\t\t\t\t<div class=\"elementor-author-box__bio\">\n\t\t\t\t\t\t<p>L\u00edder de Proyectos<\/p>\n\t\t\t\t\t<\/div>\n\t\t\t\t\n\t\t\t\t\t\t\t<\/div>\n\t\t<\/div>\n\t\t\t\t\t\t<\/div>\n\t\t\t\t<div class=\"elementor-element elementor-element-7aefe4b4 elementor-widget elementor-widget-text-editor\" data-id=\"7aefe4b4\" data-element_type=\"widget\" data-e-type=\"widget\" data-widget_type=\"text-editor.default\">\n\t\t\t\t\t\t\t\t\t<p><a href=\"https:\/\/delfoscba.com.ar\/\/dev\/\/wp-content\/uploads\/2024\/01\/1-5.jpg\"><img fetchpriority=\"high\" decoding=\"async\" class=\"aligncenter wp-image-15670 size-large\" src=\"https:\/\/delfoscba.com.ar\/\/dev\/\/wp-content\/uploads\/2024\/01\/1-5-1024x576.jpg\" alt=\"\" width=\"1024\" height=\"576\" srcset=\"https:\/\/delfoscba.com.ar\/dev\/wp-content\/uploads\/2024\/01\/1-5-1024x576.jpg 1024w, https:\/\/delfoscba.com.ar\/dev\/wp-content\/uploads\/2024\/01\/1-5-300x169.jpg 300w, https:\/\/delfoscba.com.ar\/dev\/wp-content\/uploads\/2024\/01\/1-5-768x432.jpg 768w, https:\/\/delfoscba.com.ar\/dev\/wp-content\/uploads\/2024\/01\/1-5-1080x608.jpg 1080w, https:\/\/delfoscba.com.ar\/dev\/wp-content\/uploads\/2024\/01\/1-5.jpg 1536w\" sizes=\"(max-width: 1024px) 100vw, 1024px\" \/><\/a><\/p><p>Hoy 24 de enero, el gobierno de Javier Milei enfrent\u00f3 su primer paro nacional, el m\u00e1s r\u00e1pido desde el regreso de la democracia en 1983, ya que se concreta al d\u00eda 45 de gesti\u00f3n. El antecedente m\u00e1s cercano en el tiempo se dio durante el mandato trunco de Fernando De la R\u00faa, quien sufri\u00f3 la primera medida de fuerza en su contra el d\u00eda 77, seg\u00fan el informe realizado por la Escuela de Gobierno de la Universidad Austral (gr\u00e1fico arriba); Eduardo Duhalde lo enfrent\u00f3 en el d\u00eda 142 y Ra\u00fal Alfons\u00edn el d\u00eda 269. En estos tres casos, si bien en circunstancias distintas, la entrega del poder debi\u00f3 adelantarse respecto a los tiempos institucionales previstos.<\/p><p><a href=\"https:\/\/delfoscba.com.ar\/\/dev\/\/wp-content\/uploads\/2024\/01\/2-5.jpg\"><img decoding=\"async\" class=\"aligncenter wp-image-15671 size-large\" src=\"https:\/\/delfoscba.com.ar\/\/dev\/\/wp-content\/uploads\/2024\/01\/2-5-1024x631.jpg\" alt=\"\" width=\"1024\" height=\"631\" srcset=\"https:\/\/delfoscba.com.ar\/dev\/wp-content\/uploads\/2024\/01\/2-5-1024x631.jpg 1024w, https:\/\/delfoscba.com.ar\/dev\/wp-content\/uploads\/2024\/01\/2-5-300x185.jpg 300w, https:\/\/delfoscba.com.ar\/dev\/wp-content\/uploads\/2024\/01\/2-5-768x473.jpg 768w, https:\/\/delfoscba.com.ar\/dev\/wp-content\/uploads\/2024\/01\/2-5-1080x665.jpg 1080w, https:\/\/delfoscba.com.ar\/dev\/wp-content\/uploads\/2024\/01\/2-5.jpg 1536w\" sizes=\"(max-width: 1024px) 100vw, 1024px\" \/><\/a><\/p><p>Seg\u00fan la encuesta nacional de Espiral Consultores, 56% de los electores acuerda con la medida de fuerza (54,12% acuerdo pleno) y 43,5% la rechaza (35,84% rechazo pleno, gr\u00e1fico arriba). El mismo informe reporta que 36,03% considera al paro necesario para que el gobierno cambie el rumbo (guarismo que est\u00e1 en el mismo orden de magnitud del voto a Sergio Massa en la primera vuelta de octubre, casi 37%), 26,5% lo ve como una medida pol\u00edtica, 19,14% como una expresi\u00f3n de descontento por la situaci\u00f3n econ\u00f3mica y 14,29% como un paro de \u201cla casta\u201d (gr\u00e1fico abajo). En cualquier caso, las opiniones que avalan la medida acumulan 55,17% y son mayoritarias.<\/p><p><a href=\"https:\/\/delfoscba.com.ar\/\/dev\/\/wp-content\/uploads\/2024\/01\/3-5.jpg\"><img decoding=\"async\" class=\"aligncenter wp-image-15672 size-large\" src=\"https:\/\/delfoscba.com.ar\/\/dev\/\/wp-content\/uploads\/2024\/01\/3-5-1024x635.jpg\" alt=\"\" width=\"1024\" height=\"635\" srcset=\"https:\/\/delfoscba.com.ar\/dev\/wp-content\/uploads\/2024\/01\/3-5-1024x635.jpg 1024w, https:\/\/delfoscba.com.ar\/dev\/wp-content\/uploads\/2024\/01\/3-5-300x186.jpg 300w, https:\/\/delfoscba.com.ar\/dev\/wp-content\/uploads\/2024\/01\/3-5-768x477.jpg 768w, https:\/\/delfoscba.com.ar\/dev\/wp-content\/uploads\/2024\/01\/3-5-1080x670.jpg 1080w, https:\/\/delfoscba.com.ar\/dev\/wp-content\/uploads\/2024\/01\/3-5.jpg 1536w\" sizes=\"(max-width: 1024px) 100vw, 1024px\" \/><\/a><\/p><p>Al comparar datos con la segunda vuelta de 2023 (cuando Milei fue electo presidente con 55,6% vs 44,4% de Massa), se observa que las posiciones se invierten en sentido contrario y arrojan un saldo desfavorable de 12,5 puntos porcentuales, muy amplio si se tiene en cuenta que el gobierno a\u00fan no lleva dos meses en funciones. Como vimos en las \u00faltimas notas de este espacio, el ajuste en marcha, el mega decreto de necesidad y urgencia (DNU) y el proyecto de ley \u00f3mnibus vienen generando un fuerte desgaste al oficialismo, y un repaso de variables clave en las \u00faltimas mediciones muestra distribuciones similares de tendencias adversas: seg\u00fan Zuban C\u00f3rdoba &amp; Asociados, 54,3% de los electores cree que el pa\u00eds va en direcci\u00f3n incorrecta vs 43,5% que la considera correcta (gr\u00e1fico abajo). Nuevamente, una mayor\u00eda neta se pronuncia en contra del rumbo trazado por Milei, aqu\u00ed con un saldo adverso de 10,8 pp.<\/p><p><a href=\"https:\/\/delfoscba.com.ar\/\/dev\/\/wp-content\/uploads\/2024\/01\/4-5.jpg\"><img loading=\"lazy\" decoding=\"async\" class=\"aligncenter wp-image-15673 size-full\" src=\"https:\/\/delfoscba.com.ar\/\/dev\/\/wp-content\/uploads\/2024\/01\/4-5.jpg\" alt=\"\" width=\"800\" height=\"450\" srcset=\"https:\/\/delfoscba.com.ar\/dev\/wp-content\/uploads\/2024\/01\/4-5.jpg 800w, https:\/\/delfoscba.com.ar\/dev\/wp-content\/uploads\/2024\/01\/4-5-300x169.jpg 300w, https:\/\/delfoscba.com.ar\/dev\/wp-content\/uploads\/2024\/01\/4-5-768x432.jpg 768w\" sizes=\"(max-width: 800px) 100vw, 800px\" \/><\/a><\/p><p>En tanto, seg\u00fan una reciente medici\u00f3n de consultora Escenarios, la satisfacci\u00f3n con la marcha general del pa\u00eds sube de 17,34% a 31,48%, mientras que la insatisfacci\u00f3n cede de 75,96% a 59,04% (gr\u00e1fico abajo). Aun as\u00ed, los satisfechos se ubican en el mismo orden de magnitud del voto a La Libertad Avanza (LLA) en primarias y primera vuelta (30%), mientras que los insatisfechos casi duplican ese caudal, super\u00e1ndolo por 27,56 pp.<\/p><p><a href=\"https:\/\/delfoscba.com.ar\/\/dev\/\/wp-content\/uploads\/2024\/01\/5-5.jpg\"><img loading=\"lazy\" decoding=\"async\" class=\"aligncenter wp-image-15674 size-large\" src=\"https:\/\/delfoscba.com.ar\/\/dev\/\/wp-content\/uploads\/2024\/01\/5-5-1024x575.jpg\" alt=\"\" width=\"1024\" height=\"575\" srcset=\"https:\/\/delfoscba.com.ar\/dev\/wp-content\/uploads\/2024\/01\/5-5-1024x575.jpg 1024w, https:\/\/delfoscba.com.ar\/dev\/wp-content\/uploads\/2024\/01\/5-5-300x169.jpg 300w, https:\/\/delfoscba.com.ar\/dev\/wp-content\/uploads\/2024\/01\/5-5-768x432.jpg 768w, https:\/\/delfoscba.com.ar\/dev\/wp-content\/uploads\/2024\/01\/5-5-1080x607.jpg 1080w, https:\/\/delfoscba.com.ar\/dev\/wp-content\/uploads\/2024\/01\/5-5.jpg 1536w\" sizes=\"(max-width: 1024px) 100vw, 1024px\" \/><\/a><\/p><p>La \u00faltima encuesta de la Universidad de San Andr\u00e9s (Udesa) reporta 71% de insatisfacci\u00f3n vs apenas 26% de satisfacci\u00f3n (gr\u00e1fico abajo), un saldo desfavorable de 45 pp. De nuevo, quienes acompa\u00f1an replican, con matices, el voto a LLA en agosto y octubre de 2023, mientras que los cr\u00edticos superan con creces el voto a Uni\u00f3n por la Patria (UP) en ballotage.<\/p><p><a href=\"https:\/\/delfoscba.com.ar\/\/dev\/\/wp-content\/uploads\/2024\/01\/6-5.jpg\"><img loading=\"lazy\" decoding=\"async\" class=\"aligncenter wp-image-15675 size-large\" src=\"https:\/\/delfoscba.com.ar\/\/dev\/\/wp-content\/uploads\/2024\/01\/6-5-1024x575.jpg\" alt=\"\" width=\"1024\" height=\"575\" srcset=\"https:\/\/delfoscba.com.ar\/dev\/wp-content\/uploads\/2024\/01\/6-5-1024x575.jpg 1024w, https:\/\/delfoscba.com.ar\/dev\/wp-content\/uploads\/2024\/01\/6-5-300x169.jpg 300w, https:\/\/delfoscba.com.ar\/dev\/wp-content\/uploads\/2024\/01\/6-5-768x432.jpg 768w, https:\/\/delfoscba.com.ar\/dev\/wp-content\/uploads\/2024\/01\/6-5-1080x607.jpg 1080w, https:\/\/delfoscba.com.ar\/dev\/wp-content\/uploads\/2024\/01\/6-5.jpg 1536w\" sizes=\"(max-width: 1024px) 100vw, 1024px\" \/><\/a><\/p><p>En este marco, \u00bfqu\u00e9 sucede con la gesti\u00f3n presidencial? El informe m\u00e1s reciente de Synopsis arroja una valoraci\u00f3n positiva de 46,6% vs una negativa de 49,2% (gr\u00e1fico abajo), un saldo desfavorable de 2,6 puntos porcentuales. Al medio se ubica casi 4%.<\/p><h6 style=\"text-align: center;\"><strong>Valoraci\u00f3n desempe\u00f1o del Gobierno de Milei<\/strong><\/h6><h6 style=\"text-align: center;\">Total Pa\u00eds &#8211; enero 2024<\/h6><p><a href=\"https:\/\/delfoscba.com.ar\/\/dev\/\/wp-content\/uploads\/2024\/01\/7.jpg\"><img loading=\"lazy\" decoding=\"async\" class=\"aligncenter wp-image-15676 size-full\" src=\"https:\/\/delfoscba.com.ar\/\/dev\/\/wp-content\/uploads\/2024\/01\/7.jpg\" alt=\"\" width=\"420\" height=\"418\" srcset=\"https:\/\/delfoscba.com.ar\/dev\/wp-content\/uploads\/2024\/01\/7.jpg 420w, https:\/\/delfoscba.com.ar\/dev\/wp-content\/uploads\/2024\/01\/7-300x300.jpg 300w, https:\/\/delfoscba.com.ar\/dev\/wp-content\/uploads\/2024\/01\/7-150x150.jpg 150w\" sizes=\"(max-width: 420px) 100vw, 420px\" \/><\/a><\/p><p>Seg\u00fan Synopsis, la valoraci\u00f3n del presidente no presenta diferencias estad\u00edsticamente significativas respecto a la de su gobierno: positiva de 45,2% vs negativa de 48,4%, con casi 6% de regular. Al comparar con el inicio de gesti\u00f3n de Alberto Fern\u00e1ndez, se observa que Milei arranca con mejor calificaci\u00f3n positiva pero peor negativa (gr\u00e1fico abajo), un claro indicador de mayor polarizaci\u00f3n pol\u00edtica relativa respecto a cuatro a\u00f1os atr\u00e1s, justo antes de la pandemia.\u00a0<\/p><p><a href=\"https:\/\/delfoscba.com.ar\/\/dev\/\/wp-content\/uploads\/2024\/01\/8-1.jpg\"><img loading=\"lazy\" decoding=\"async\" class=\"aligncenter wp-image-15677 size-large\" src=\"https:\/\/delfoscba.com.ar\/\/dev\/\/wp-content\/uploads\/2024\/01\/8-1-1024x428.jpg\" alt=\"\" width=\"1024\" height=\"428\" srcset=\"https:\/\/delfoscba.com.ar\/dev\/wp-content\/uploads\/2024\/01\/8-1-1024x428.jpg 1024w, https:\/\/delfoscba.com.ar\/dev\/wp-content\/uploads\/2024\/01\/8-1-300x125.jpg 300w, https:\/\/delfoscba.com.ar\/dev\/wp-content\/uploads\/2024\/01\/8-1-768x321.jpg 768w, https:\/\/delfoscba.com.ar\/dev\/wp-content\/uploads\/2024\/01\/8-1-1080x451.jpg 1080w, https:\/\/delfoscba.com.ar\/dev\/wp-content\/uploads\/2024\/01\/8-1.jpg 1365w\" sizes=\"(max-width: 1024px) 100vw, 1024px\" \/><\/a><\/p><p>Por su parte, seg\u00fan Opinaia la imagen positiva del gobierno cay\u00f3 desde el 55% al 35%, una baja de 20 puntos porcentuales desde el momento en que arranc\u00f3 en los mismos niveles del caudal que consagr\u00f3 a Milei en el ballotage. La regular trep\u00f3 de 19% a 33%, mientras que la negativa creci\u00f3 de 26% a 31% en el mismo lapso (gr\u00e1fico abajo). Aqu\u00ed, el desgaste es m\u00e1s acelerado que el que sufri\u00f3 Fern\u00e1ndez, que en el mismo lapso ten\u00eda 40% de opini\u00f3n positiva vs 29% de negativa.<\/p><p><a href=\"https:\/\/delfoscba.com.ar\/\/dev\/\/wp-content\/uploads\/2024\/01\/9-1.jpg\"><img loading=\"lazy\" decoding=\"async\" class=\"aligncenter wp-image-15678 size-large\" src=\"https:\/\/delfoscba.com.ar\/\/dev\/\/wp-content\/uploads\/2024\/01\/9-1-1024x575.jpg\" alt=\"\" width=\"1024\" height=\"575\" srcset=\"https:\/\/delfoscba.com.ar\/dev\/wp-content\/uploads\/2024\/01\/9-1-1024x575.jpg 1024w, https:\/\/delfoscba.com.ar\/dev\/wp-content\/uploads\/2024\/01\/9-1-300x168.jpg 300w, https:\/\/delfoscba.com.ar\/dev\/wp-content\/uploads\/2024\/01\/9-1-768x431.jpg 768w, https:\/\/delfoscba.com.ar\/dev\/wp-content\/uploads\/2024\/01\/9-1-1080x606.jpg 1080w, https:\/\/delfoscba.com.ar\/dev\/wp-content\/uploads\/2024\/01\/9-1.jpg 1468w\" sizes=\"(max-width: 1024px) 100vw, 1024px\" \/><\/a><\/p><p>La encuesta m\u00e1s reciente de Analog\u00edas cifra la imagen positiva de Milei en 49,4% vs una negativa de 44,8%, lo que arroja un saldo favorable de 4,6 puntos porcentuales; no incluye la respuesta \u201cregular\u201d. Los apoyos se ubican por debajo del 50% y los cr\u00edticos replican el voto a UP en el ballotage (gr\u00e1fico abajo).<\/p><p><a href=\"https:\/\/delfoscba.com.ar\/\/dev\/\/wp-content\/uploads\/2024\/01\/10.jpg\"><img loading=\"lazy\" decoding=\"async\" class=\"aligncenter wp-image-15679 size-large\" src=\"https:\/\/delfoscba.com.ar\/\/dev\/\/wp-content\/uploads\/2024\/01\/10-1024x724.jpg\" alt=\"\" width=\"1024\" height=\"724\" srcset=\"https:\/\/delfoscba.com.ar\/dev\/wp-content\/uploads\/2024\/01\/10-1024x724.jpg 1024w, https:\/\/delfoscba.com.ar\/dev\/wp-content\/uploads\/2024\/01\/10-300x212.jpg 300w, https:\/\/delfoscba.com.ar\/dev\/wp-content\/uploads\/2024\/01\/10-768x543.jpg 768w, https:\/\/delfoscba.com.ar\/dev\/wp-content\/uploads\/2024\/01\/10-400x284.jpg 400w, https:\/\/delfoscba.com.ar\/dev\/wp-content\/uploads\/2024\/01\/10-1080x763.jpg 1080w, https:\/\/delfoscba.com.ar\/dev\/wp-content\/uploads\/2024\/01\/10.jpg 1336w\" sizes=\"(max-width: 1024px) 100vw, 1024px\" \/><\/a><\/p><p>Si ampliamos la serie de encuestas de enero para abarcar los \u00faltimos 10 sondeos nacionales que midieron la imagen presidencial de manera polarizada (sin la respuesta \u201cregular\u201d), el promedio arroja 50% de positiva vs 44,2% de negativa; el saldo favorable es de 5,8 pp, exiguo para un mandato que apenas lleva un mes y medio. Por otro lado, la conversaci\u00f3n en redes sociales muestra un panorama a\u00fan m\u00e1s negativo: seg\u00fan Scidata, las menciones a favor del gobierno se ubican en torno a 41,1% vs casi 59% en contra (gr\u00e1fico abajo).<\/p><p><a href=\"https:\/\/delfoscba.com.ar\/\/dev\/\/wp-content\/uploads\/2024\/01\/11.jpg\"><img loading=\"lazy\" decoding=\"async\" class=\"aligncenter wp-image-15680 size-large\" src=\"https:\/\/delfoscba.com.ar\/\/dev\/\/wp-content\/uploads\/2024\/01\/11-1024x576.jpg\" alt=\"\" width=\"1024\" height=\"576\" srcset=\"https:\/\/delfoscba.com.ar\/dev\/wp-content\/uploads\/2024\/01\/11-1024x576.jpg 1024w, https:\/\/delfoscba.com.ar\/dev\/wp-content\/uploads\/2024\/01\/11-300x169.jpg 300w, https:\/\/delfoscba.com.ar\/dev\/wp-content\/uploads\/2024\/01\/11-768x432.jpg 768w, https:\/\/delfoscba.com.ar\/dev\/wp-content\/uploads\/2024\/01\/11-1080x608.jpg 1080w, https:\/\/delfoscba.com.ar\/dev\/wp-content\/uploads\/2024\/01\/11.jpg 1536w\" sizes=\"(max-width: 1024px) 100vw, 1024px\" \/><\/a><\/p><p>La mayor negatividad est\u00e1 asociada con la inflaci\u00f3n (gr\u00e1fico abajo), variable que en diciembre lleg\u00f3 a 25,5% (la m\u00e1s alta desde las hiperinflaciones que marcaron la transici\u00f3n entre Ra\u00fal Alfons\u00edn y Carlos Menem). En s\u00edntesis: 1) Milei lleg\u00f3 al paro nacional con una imagen positiva promedio que est\u00e1 5,6 pp por debajo del caudal que lo vot\u00f3 en el ballotage 2) su negativa promedio replica el voto a Massa en la misma instancia, lo que perfila una criticidad consolidada vs una adhesi\u00f3n declinante 3) el sentimiento social en redes muestra un panorama a\u00fan peor, con positividad en torno al 40% y negatividad cerca del 60%.<\/p><p><a href=\"https:\/\/delfoscba.com.ar\/\/dev\/\/wp-content\/uploads\/2024\/01\/12.jpg\"><img loading=\"lazy\" decoding=\"async\" class=\"aligncenter wp-image-15681 size-large\" src=\"https:\/\/delfoscba.com.ar\/\/dev\/\/wp-content\/uploads\/2024\/01\/12-1024x575.jpg\" alt=\"\" width=\"1024\" height=\"575\" srcset=\"https:\/\/delfoscba.com.ar\/dev\/wp-content\/uploads\/2024\/01\/12-1024x575.jpg 1024w, https:\/\/delfoscba.com.ar\/dev\/wp-content\/uploads\/2024\/01\/12-300x169.jpg 300w, https:\/\/delfoscba.com.ar\/dev\/wp-content\/uploads\/2024\/01\/12-768x431.jpg 768w, https:\/\/delfoscba.com.ar\/dev\/wp-content\/uploads\/2024\/01\/12-1080x607.jpg 1080w, https:\/\/delfoscba.com.ar\/dev\/wp-content\/uploads\/2024\/01\/12.jpg 1100w\" sizes=\"(max-width: 1024px) 100vw, 1024px\" \/><\/a><\/p>\t\t\t\t\t\t\t\t<\/div>\n\t\t\t\t\t<\/div>\n\t\t<\/div>\n\t\t\t\t\t<\/div>\n\t\t<\/section>\n\t\t\t\t<section class=\"elementor-section elementor-top-section elementor-element elementor-element-b28ac47 elementor-section-height-min-height elementor-section-boxed elementor-section-height-default elementor-section-items-middle\" data-id=\"b28ac47\" data-element_type=\"section\" data-e-type=\"section\" data-settings=\"{&quot;background_background&quot;:&quot;classic&quot;}\">\n\t\t\t\t\t\t\t<div class=\"elementor-background-overlay\"><\/div>\n\t\t\t\t\t\t\t<div class=\"elementor-container elementor-column-gap-default\">\n\t\t\t\t\t<div class=\"elementor-column elementor-col-100 elementor-top-column elementor-element elementor-element-88fba06\" data-id=\"88fba06\" data-element_type=\"column\" data-e-type=\"column\">\n\t\t\t<div class=\"elementor-widget-wrap elementor-element-populated\">\n\t\t\t\t\t\t<div class=\"elementor-element elementor-element-7e65226 elementor-widget elementor-widget-heading\" data-id=\"7e65226\" data-element_type=\"widget\" data-e-type=\"widget\" data-widget_type=\"heading.default\">\n\t\t\t\t\t<h2 class=\"elementor-heading-title elementor-size-large\">Seguinos en nuestras redes<\/h2>\t\t\t\t<\/div>\n\t\t\t\t<div class=\"elementor-element elementor-element-c37b7ef elementor-shape-circle e-grid-align-tablet-center e-grid-align-mobile-center e-grid-align-left elementor-grid-0 elementor-widget elementor-widget-social-icons\" data-id=\"c37b7ef\" data-element_type=\"widget\" data-e-type=\"widget\" data-widget_type=\"social-icons.default\">\n\t\t\t\t\t\t\t<div class=\"elementor-social-icons-wrapper elementor-grid\" role=\"list\">\n\t\t\t\t\t\t\t<span class=\"elementor-grid-item\" role=\"listitem\">\n\t\t\t\t\t<a class=\"elementor-icon elementor-social-icon elementor-social-icon-facebook-f elementor-repeater-item-lf5yt4c\" href=\"https:\/\/www.facebook.com\/ConsultoraDelfos\" target=\"_blank\">\n\t\t\t\t\t\t<span class=\"elementor-screen-only\">Facebook-f<\/span>\n\t\t\t\t\t\t<i aria-hidden=\"true\" class=\"fab fa-facebook-f\"><\/i>\t\t\t\t\t<\/a>\n\t\t\t\t<\/span>\n\t\t\t\t\t\t\t<span class=\"elementor-grid-item\" role=\"listitem\">\n\t\t\t\t\t<a class=\"elementor-icon elementor-social-icon elementor-social-icon-twitter elementor-repeater-item-01xie82\" href=\"https:\/\/twitter.com\/delfoscba\" target=\"_blank\">\n\t\t\t\t\t\t<span class=\"elementor-screen-only\">Twitter<\/span>\n\t\t\t\t\t\t<i aria-hidden=\"true\" class=\"fab fa-twitter\"><\/i>\t\t\t\t\t<\/a>\n\t\t\t\t<\/span>\n\t\t\t\t\t\t\t<span class=\"elementor-grid-item\" role=\"listitem\">\n\t\t\t\t\t<a class=\"elementor-icon elementor-social-icon elementor-social-icon-linkedin elementor-repeater-item-grhvqhn\" target=\"_blank\">\n\t\t\t\t\t\t<span class=\"elementor-screen-only\">Linkedin<\/span>\n\t\t\t\t\t\t<i aria-hidden=\"true\" class=\"fab fa-linkedin\"><\/i>\t\t\t\t\t<\/a>\n\t\t\t\t<\/span>\n\t\t\t\t\t<\/div>\n\t\t\t\t\t\t<\/div>\n\t\t\t\t\t<\/div>\n\t\t<\/div>\n\t\t\t\t\t<\/div>\n\t\t<\/section>\n\t\t\t\t<\/div>\n\t\t","protected":false},"excerpt":{"rendered":"<p>Repasamos la imagen, aprobaci\u00f3n, acompa\u00f1amiento a la marcha y otras variables relevadas por las principales encuestas nacionales<\/p>\n","protected":false},"author":2,"featured_media":15682,"comment_status":"open","ping_status":"open","sticky":false,"template":"","format":"standard","meta":{"_acf_changed":false,"footnotes":""},"categories":[3],"tags":[756,1300,493,1061,39,1297,40,1303,38,348,324,1278,128,1277,246,1301,712,929,1302,230,61,145,1305,977,1275,1287,978,569,1099,57,644,1033,188,1299,56,1286,537,292,790,1058,488,1296,1248,1150,1038,1304,1030],"class_list":["post-15669","post","type-post","status-publish","format-standard","has-post-thumbnail","hentry","category-politica","tag-756","tag-1300","tag-acuerdo","tag-analogias","tag-argentina","tag-consenso","tag-consultora","tag-consultores","tag-cordoba","tag-datos","tag-de-la-rua","tag-decreto","tag-delfos","tag-dnu","tag-encuestas","tag-enero","tag-escenarios","tag-espanol","tag-espiral","tag-estadistica","tag-imagen","tag-inflacion","tag-insatisfaccion","tag-la-libertad-avanza","tag-legitimidad","tag-ley","tag-lla","tag-milei","tag-nacionales","tag-norman-berra","tag-omnibus","tag-opinaia","tag-opinion-publica","tag-paro","tag-politica","tag-protestas","tag-rechazo","tag-reformas","tag-satisfaccion","tag-scidata","tag-sudamerica","tag-synopsis","tag-tolerancia","tag-udesa","tag-union-por-la-patria","tag-universidad-de-san-andres","tag-zuban","et-has-post-format-content","et_post_format-et-post-format-standard"],"acf":[],"_links":{"self":[{"href":"https:\/\/delfoscba.com.ar\/dev\/wp-json\/wp\/v2\/posts\/15669","targetHints":{"allow":["GET"]}}],"collection":[{"href":"https:\/\/delfoscba.com.ar\/dev\/wp-json\/wp\/v2\/posts"}],"about":[{"href":"https:\/\/delfoscba.com.ar\/dev\/wp-json\/wp\/v2\/types\/post"}],"author":[{"embeddable":true,"href":"https:\/\/delfoscba.com.ar\/dev\/wp-json\/wp\/v2\/users\/2"}],"replies":[{"embeddable":true,"href":"https:\/\/delfoscba.com.ar\/dev\/wp-json\/wp\/v2\/comments?post=15669"}],"version-history":[{"count":6,"href":"https:\/\/delfoscba.com.ar\/dev\/wp-json\/wp\/v2\/posts\/15669\/revisions"}],"predecessor-version":[{"id":15689,"href":"https:\/\/delfoscba.com.ar\/dev\/wp-json\/wp\/v2\/posts\/15669\/revisions\/15689"}],"wp:featuredmedia":[{"embeddable":true,"href":"https:\/\/delfoscba.com.ar\/dev\/wp-json\/wp\/v2\/media\/15682"}],"wp:attachment":[{"href":"https:\/\/delfoscba.com.ar\/dev\/wp-json\/wp\/v2\/media?parent=15669"}],"wp:term":[{"taxonomy":"category","embeddable":true,"href":"https:\/\/delfoscba.com.ar\/dev\/wp-json\/wp\/v2\/categories?post=15669"},{"taxonomy":"post_tag","embeddable":true,"href":"https:\/\/delfoscba.com.ar\/dev\/wp-json\/wp\/v2\/tags?post=15669"}],"curies":[{"name":"wp","href":"https:\/\/api.w.org\/{rel}","templated":true}]}}