{"id":15691,"date":"2024-02-02T00:50:09","date_gmt":"2024-02-02T00:50:09","guid":{"rendered":"https:\/\/delfoscba.com.ar\/\/dev\/\/?p=15691"},"modified":"2024-02-02T21:15:29","modified_gmt":"2024-02-02T21:15:29","slug":"el-apoyo-popular-a-milei-continua-siendo-mayoritario","status":"publish","type":"post","link":"https:\/\/delfoscba.com.ar\/dev\/politica\/el-apoyo-popular-a-milei-continua-siendo-mayoritario\/","title":{"rendered":"El apoyo popular a Milei contin\u00faa siendo mayoritario, pero va a tener que acostumbrarse a negociar"},"content":{"rendered":"\t\t<div data-elementor-type=\"wp-post\" data-elementor-id=\"15691\" class=\"elementor elementor-15691\" data-elementor-post-type=\"post\">\n\t\t\t\t\t\t<section class=\"elementor-section elementor-top-section elementor-element elementor-element-41498b4 elementor-section-height-min-height elementor-section-boxed elementor-section-height-default elementor-section-items-middle\" data-id=\"41498b4\" data-element_type=\"section\" data-e-type=\"section\" data-settings=\"{&quot;background_background&quot;:&quot;classic&quot;}\">\n\t\t\t\t\t\t\t<div class=\"elementor-background-overlay\"><\/div>\n\t\t\t\t\t\t\t<div class=\"elementor-container elementor-column-gap-no\">\n\t\t\t\t\t<div class=\"elementor-column elementor-col-100 elementor-top-column elementor-element elementor-element-a18ac89\" data-id=\"a18ac89\" data-element_type=\"column\" data-e-type=\"column\">\n\t\t\t<div class=\"elementor-widget-wrap elementor-element-populated\">\n\t\t\t\t\t\t<div class=\"elementor-element elementor-element-e493600 elementor-widget elementor-widget-heading\" data-id=\"e493600\" data-element_type=\"widget\" data-e-type=\"widget\" data-widget_type=\"heading.default\">\n\t\t\t\t\t<h2 class=\"elementor-heading-title elementor-size-large\">POL\u00cdTICA<\/h2>\t\t\t\t<\/div>\n\t\t\t\t\t<\/div>\n\t\t<\/div>\n\t\t\t\t\t<\/div>\n\t\t<\/section>\n\t\t\t\t<section class=\"elementor-section elementor-top-section elementor-element elementor-element-7dafb6e4 elementor-section-boxed elementor-section-height-default elementor-section-height-default\" data-id=\"7dafb6e4\" data-element_type=\"section\" data-e-type=\"section\">\n\t\t\t\t\t\t<div class=\"elementor-container elementor-column-gap-default\">\n\t\t\t\t\t<div class=\"elementor-column elementor-col-100 elementor-top-column elementor-element elementor-element-38ae5a14\" data-id=\"38ae5a14\" data-element_type=\"column\" data-e-type=\"column\">\n\t\t\t<div class=\"elementor-widget-wrap elementor-element-populated\">\n\t\t\t\t\t\t<div class=\"elementor-element elementor-element-f8a3207 elementor-widget elementor-widget-author-box\" data-id=\"f8a3207\" data-element_type=\"widget\" data-e-type=\"widget\" data-widget_type=\"author-box.default\">\n\t\t\t\t\t\t\t<div class=\"elementor-author-box\">\n\t\t\t\t\t\t\t<a href=\"https:\/\/delfoscba.com.ar\/\/dev\/\/nosotros\/\" class=\"elementor-author-box__avatar\">\n\t\t\t\t\t<img decoding=\"async\" src=\"https:\/\/delfoscba.com.ar\/dev\/wp-content\/uploads\/2021\/03\/eia-1.png\" alt=\"Picture of Jos\u00e9 Gangi\" loading=\"lazy\">\n\t\t\t\t<\/a>\n\t\t\t\n\t\t\t<div class=\"elementor-author-box__text\">\n\t\t\t\t\t\t\t\t\t<a href=\"https:\/\/delfoscba.com.ar\/\/dev\/\/nosotros\/\">\n\t\t\t\t\t\t<h4 class=\"elementor-author-box__name\">\n\t\t\t\t\t\t\tJos\u00e9 Gangi\t\t\t\t\t\t<\/h4>\n\t\t\t\t\t<\/a>\n\t\t\t\t\n\t\t\t\t\t\t\t\t\t<div class=\"elementor-author-box__bio\">\n\t\t\t\t\t\t<p>Edici\u00f3n y An\u00e1lisis de informes<\/p>\n\t\t\t\t\t<\/div>\n\t\t\t\t\n\t\t\t\t\t\t\t<\/div>\n\t\t<\/div>\n\t\t\t\t\t\t<\/div>\n\t\t\t\t<div class=\"elementor-element elementor-element-7aefe4b4 elementor-widget elementor-widget-text-editor\" data-id=\"7aefe4b4\" data-element_type=\"widget\" data-e-type=\"widget\" data-widget_type=\"text-editor.default\">\n\t\t\t\t\t\t\t\t\t<p>A pocos d\u00edas de cumplir dos meses en el gobierno, Javier Milei se enfrenta a uno de sus principales desaf\u00edos: la aprobaci\u00f3n de la Ley \u00d3mnibus. En conjunto con el DNU, esta ley representa el n\u00facleo de transformaciones de forma y fondo que, tal como plantea la denominaci\u00f3n de la propia ley -Ley de bases y puntos de partida para la libertad de los argentinos-, buscan reformar la esencia del sistema pol\u00edtico, econ\u00f3mico y social nacional.<\/p><p>Una reforma de tales dimensiones, no s\u00f3lo implica una ardua negociaci\u00f3n puertas adentro, especialmente cuando no se cuenta con mayor\u00edas propias en ninguna de las c\u00e1maras del Congreso, sino que tambi\u00e9n conlleva costos pol\u00edticos que se pagan en la calle.<\/p><p>La historia demuestra que el mejor momento para afrontar estos costos es al comienzo de una gesti\u00f3n, cuando el margen de acci\u00f3n que posee un gobernante es mayor por el arrastre de legitimidad que le brinda la reciente victoria electoral. Esto parece ser una verdad consumada puertas adentro de la Rosada, habida cuenta de la celeridad, amplitud y profundidad de las medidas adoptadas.<\/p><p>Ahora, \u00bfese arrastre contin\u00faa teniendo efectos sobre el acompa\u00f1amiento popular al presidente? \u00bfCon qu\u00e9 nivel de intensidad? La misma pregunta nos podr\u00edamos realizar respecto de los detractores del Gobierno, \u00bfcon qu\u00e9 intensidad se oponen a las reformas? Por \u00faltimo, tambi\u00e9n cabe la posibilidad de preguntarse \u00bfsobre qu\u00e9 condiciones econ\u00f3micas se establecen los diferentes posicionamientos? Las condiciones materiales son un factor trascendental a la hora de pensar en la gobernabilidad futura del gobierno.<\/p><p>Todas estas inc\u00f3gnitas nos impulsaron a hacerles una serie de preguntas que les presentaremos a continuaci\u00f3n a 1.695 argentinos durante el mes de enero.<\/p><p><strong>Tiempo<\/strong><\/p><p>Lo primero que les preguntamos a los argentinos fue \u00bfcu\u00e1l de las siguientes frases describe mejor su actitud respecto al presidente Javier Milei? Y les dimos como opciones \u201chay que tener fe, esperar, Milei reci\u00e9n empieza\u201d, \u201cMilei no puede resolver problemas que vienen de muchos a\u00f1os, necesita tiempo\u201d, \u201clas decisiones que tom\u00f3 Milei me defraudaron, me desilusion\u00f3\u201d y \u201cnunca tuve expectativas en Milei\u201d.<\/p><p><a href=\"https:\/\/delfoscba.com.ar\/\/dev\/\/wp-content\/uploads\/2024\/02\/WhatsApp-Image-2024-01-30-at-16.30.04.jpeg\"><img fetchpriority=\"high\" decoding=\"async\" class=\"aligncenter wp-image-15693 size-large\" src=\"https:\/\/delfoscba.com.ar\/\/dev\/\/wp-content\/uploads\/2024\/02\/WhatsApp-Image-2024-01-30-at-16.30.04-1024x1024.jpeg\" alt=\"\" width=\"1024\" height=\"1024\" srcset=\"https:\/\/delfoscba.com.ar\/dev\/wp-content\/uploads\/2024\/02\/WhatsApp-Image-2024-01-30-at-16.30.04-1024x1024.jpeg 1024w, https:\/\/delfoscba.com.ar\/dev\/wp-content\/uploads\/2024\/02\/WhatsApp-Image-2024-01-30-at-16.30.04-300x300.jpeg 300w, https:\/\/delfoscba.com.ar\/dev\/wp-content\/uploads\/2024\/02\/WhatsApp-Image-2024-01-30-at-16.30.04-150x150.jpeg 150w, https:\/\/delfoscba.com.ar\/dev\/wp-content\/uploads\/2024\/02\/WhatsApp-Image-2024-01-30-at-16.30.04-768x768.jpeg 768w, https:\/\/delfoscba.com.ar\/dev\/wp-content\/uploads\/2024\/02\/WhatsApp-Image-2024-01-30-at-16.30.04-440x440.jpeg 440w, https:\/\/delfoscba.com.ar\/dev\/wp-content\/uploads\/2024\/02\/WhatsApp-Image-2024-01-30-at-16.30.04.jpeg 1080w\" sizes=\"(max-width: 1024px) 100vw, 1024px\" \/><\/a><\/p><p>Frente a estas opciones, un 30% afirm\u00f3 creer que \u201chay que tener fe, esperar, Milei reci\u00e9n empieza\u201d y un 23% la respuesta \u201cMilei no puede resolver problemas que vienen de muchos a\u00f1os, necesita tiempo\u201d. Por otro lado, un 11% expres\u00f3 que \u201clas decisiones que tom\u00f3 Milei me defraudaron, me desilusion\u00f3\u201d y un 36% que \u201cnunca tuve expectativas en Milei\u201d.<\/p><p>Este primer panorama nos sintetiza dos posicionamientos. Uno con un peso mayoritario de 53% que apuesta a brindarle m\u00e1s tiempo al presidente y otro, 7 puntos porcentuales inferior, que se encuentra desilusionado o enfrentado desde un primer momento con el presidente. En t\u00e9rminos individuales, la opci\u00f3n que prim\u00f3 fue la de \u201cnunca tuve expectativas en Milei\u201d con un porcentaje similar al obtenido por el candidato de Uni\u00f3n por la Patria (UxP) en la primera vuelta.<\/p><p><strong>Polarizaci\u00f3n<\/strong><\/p><p>La siguiente pregunta apunt\u00f3 a determinar la imagen del presidente Javier Milei, consult\u00e1ndoles cu\u00e1n \u201cagradable\u201d les parec\u00eda a los argentinos.<\/p><p><a href=\"https:\/\/delfoscba.com.ar\/\/dev\/\/wp-content\/uploads\/2024\/02\/WhatsApp-Image-2024-01-30-at-16.30.05.jpeg\"><img decoding=\"async\" class=\"aligncenter wp-image-15694 size-large\" src=\"https:\/\/delfoscba.com.ar\/\/dev\/\/wp-content\/uploads\/2024\/02\/WhatsApp-Image-2024-01-30-at-16.30.05-1024x1024.jpeg\" alt=\"\" width=\"1024\" height=\"1024\" srcset=\"https:\/\/delfoscba.com.ar\/dev\/wp-content\/uploads\/2024\/02\/WhatsApp-Image-2024-01-30-at-16.30.05-1024x1024.jpeg 1024w, https:\/\/delfoscba.com.ar\/dev\/wp-content\/uploads\/2024\/02\/WhatsApp-Image-2024-01-30-at-16.30.05-300x300.jpeg 300w, https:\/\/delfoscba.com.ar\/dev\/wp-content\/uploads\/2024\/02\/WhatsApp-Image-2024-01-30-at-16.30.05-150x150.jpeg 150w, https:\/\/delfoscba.com.ar\/dev\/wp-content\/uploads\/2024\/02\/WhatsApp-Image-2024-01-30-at-16.30.05-768x768.jpeg 768w, https:\/\/delfoscba.com.ar\/dev\/wp-content\/uploads\/2024\/02\/WhatsApp-Image-2024-01-30-at-16.30.05-440x440.jpeg 440w, https:\/\/delfoscba.com.ar\/dev\/wp-content\/uploads\/2024\/02\/WhatsApp-Image-2024-01-30-at-16.30.05.jpeg 1080w\" sizes=\"(max-width: 1024px) 100vw, 1024px\" \/><\/a><\/p><p>Dentro de los que afirmaron poseer una imagen positiva (49%), el 27% expres\u00f3 que le agrada mucho y el 22% que le agrada algo. En la vereda de enfrente (46%), el 3% afirm\u00f3 que le desagrada algo y un 43% que le desagrada mucho.<\/p><p><strong>Condiciones econ\u00f3micas precarias<\/strong><\/p><p>Tal como dijimos anteriormente, las condiciones materiales representan una variable importante a ser tenida en cuenta a la hora de analizar el humor y el margen de acompa\u00f1amiento que puede tener un gobierno. Por eso les preguntamos cu\u00e1n probable era que tuvieran problemas de afrontar sus gastos y compromisos relativos al mes en curso.<\/p><p><a href=\"https:\/\/delfoscba.com.ar\/\/dev\/\/wp-content\/uploads\/2024\/02\/WhatsApp-Image-2024-01-30-at-16.30.06.jpeg\"><img decoding=\"async\" class=\"aligncenter wp-image-15695 size-large\" src=\"https:\/\/delfoscba.com.ar\/\/dev\/\/wp-content\/uploads\/2024\/02\/WhatsApp-Image-2024-01-30-at-16.30.06-1024x1024.jpeg\" alt=\"\" width=\"1024\" height=\"1024\" srcset=\"https:\/\/delfoscba.com.ar\/dev\/wp-content\/uploads\/2024\/02\/WhatsApp-Image-2024-01-30-at-16.30.06-1024x1024.jpeg 1024w, https:\/\/delfoscba.com.ar\/dev\/wp-content\/uploads\/2024\/02\/WhatsApp-Image-2024-01-30-at-16.30.06-300x300.jpeg 300w, https:\/\/delfoscba.com.ar\/dev\/wp-content\/uploads\/2024\/02\/WhatsApp-Image-2024-01-30-at-16.30.06-150x150.jpeg 150w, https:\/\/delfoscba.com.ar\/dev\/wp-content\/uploads\/2024\/02\/WhatsApp-Image-2024-01-30-at-16.30.06-768x768.jpeg 768w, https:\/\/delfoscba.com.ar\/dev\/wp-content\/uploads\/2024\/02\/WhatsApp-Image-2024-01-30-at-16.30.06-440x440.jpeg 440w, https:\/\/delfoscba.com.ar\/dev\/wp-content\/uploads\/2024\/02\/WhatsApp-Image-2024-01-30-at-16.30.06.jpeg 1080w\" sizes=\"(max-width: 1024px) 100vw, 1024px\" \/><\/a><\/p><p>Las condiciones reveladas por los encuestados fueron alarmantes. Mientras que un 6% dijo que era nada probable que pudiera tener problemas de afrontarlos y un 17% dijo poco probable, un 29% dijo algo probable y un 46% expres\u00f3 que era muy probable. Estas cifras colocan en una situaci\u00f3n de vulnerabilidad al 75% de los argentinos.<\/p><p><strong>Condiciones extremas, respuestas extremas<\/strong><\/p><p>El siguiente paso que dimos, una vez consumadas las respuestas del cuestionario, fue cruzar las dos primeras preguntas por las condiciones econ\u00f3micas declaradas por el p\u00fablico.<\/p><p><a href=\"https:\/\/delfoscba.com.ar\/\/dev\/\/wp-content\/uploads\/2024\/02\/WhatsApp-Image-2024-01-30-at-16.30.07.jpeg\"><img loading=\"lazy\" decoding=\"async\" class=\"aligncenter wp-image-15696 size-large\" src=\"https:\/\/delfoscba.com.ar\/\/dev\/\/wp-content\/uploads\/2024\/02\/WhatsApp-Image-2024-01-30-at-16.30.07-1024x1024.jpeg\" alt=\"\" width=\"1024\" height=\"1024\" srcset=\"https:\/\/delfoscba.com.ar\/dev\/wp-content\/uploads\/2024\/02\/WhatsApp-Image-2024-01-30-at-16.30.07-1024x1024.jpeg 1024w, https:\/\/delfoscba.com.ar\/dev\/wp-content\/uploads\/2024\/02\/WhatsApp-Image-2024-01-30-at-16.30.07-300x300.jpeg 300w, https:\/\/delfoscba.com.ar\/dev\/wp-content\/uploads\/2024\/02\/WhatsApp-Image-2024-01-30-at-16.30.07-150x150.jpeg 150w, https:\/\/delfoscba.com.ar\/dev\/wp-content\/uploads\/2024\/02\/WhatsApp-Image-2024-01-30-at-16.30.07-768x768.jpeg 768w, https:\/\/delfoscba.com.ar\/dev\/wp-content\/uploads\/2024\/02\/WhatsApp-Image-2024-01-30-at-16.30.07-440x440.jpeg 440w, https:\/\/delfoscba.com.ar\/dev\/wp-content\/uploads\/2024\/02\/WhatsApp-Image-2024-01-30-at-16.30.07.jpeg 1080w\" sizes=\"(max-width: 1024px) 100vw, 1024px\" \/><\/a><\/p><p>El resultado del primer cruce, aquel que involucr\u00f3 a las frases y las condiciones econ\u00f3micas, fue que las frases m\u00e1s polarizadas hacia ambos extremos fueron las m\u00e1s acompa\u00f1adas por aquellos que afirmaron encontrarse en una situaci\u00f3n m\u00e1s cr\u00edtica en t\u00e9rminos econ\u00f3micos.<\/p><p><a href=\"https:\/\/delfoscba.com.ar\/\/dev\/\/wp-content\/uploads\/2024\/02\/WhatsApp-Image-2024-01-30-at-16.30.08.jpeg\"><img loading=\"lazy\" decoding=\"async\" class=\"aligncenter wp-image-15698 size-large\" src=\"https:\/\/delfoscba.com.ar\/\/dev\/\/wp-content\/uploads\/2024\/02\/WhatsApp-Image-2024-01-30-at-16.30.08-1024x1024.jpeg\" alt=\"\" width=\"1024\" height=\"1024\" srcset=\"https:\/\/delfoscba.com.ar\/dev\/wp-content\/uploads\/2024\/02\/WhatsApp-Image-2024-01-30-at-16.30.08-1024x1024.jpeg 1024w, https:\/\/delfoscba.com.ar\/dev\/wp-content\/uploads\/2024\/02\/WhatsApp-Image-2024-01-30-at-16.30.08-300x300.jpeg 300w, https:\/\/delfoscba.com.ar\/dev\/wp-content\/uploads\/2024\/02\/WhatsApp-Image-2024-01-30-at-16.30.08-150x150.jpeg 150w, https:\/\/delfoscba.com.ar\/dev\/wp-content\/uploads\/2024\/02\/WhatsApp-Image-2024-01-30-at-16.30.08-768x768.jpeg 768w, https:\/\/delfoscba.com.ar\/dev\/wp-content\/uploads\/2024\/02\/WhatsApp-Image-2024-01-30-at-16.30.08-440x440.jpeg 440w, https:\/\/delfoscba.com.ar\/dev\/wp-content\/uploads\/2024\/02\/WhatsApp-Image-2024-01-30-at-16.30.08.jpeg 1080w\" sizes=\"(max-width: 1024px) 100vw, 1024px\" \/><\/a><\/p><p>Por otro lado, en lo que respecta al cruce de la imagen con la situaci\u00f3n econ\u00f3mica, podemos ver como las condiciones econ\u00f3micas negativas de los que afirman que les desagrada mucho Milei priman m\u00e1s que en el resto de las respuestas. Esto podr\u00eda en una primera instancia a afirmar que hay un mayor nivel de rechazo en t\u00e9rminos de imagen a medida que la gente se encuentra en peores condiciones econ\u00f3micas.<\/p><p><a href=\"https:\/\/delfoscba.com.ar\/\/dev\/\/wp-content\/uploads\/2024\/02\/WhatsApp-Image-2024-01-30-at-16.30.09.jpeg\"><img loading=\"lazy\" decoding=\"async\" class=\"aligncenter wp-image-15699 size-large\" src=\"https:\/\/delfoscba.com.ar\/\/dev\/\/wp-content\/uploads\/2024\/02\/WhatsApp-Image-2024-01-30-at-16.30.09-1024x1024.jpeg\" alt=\"\" width=\"1024\" height=\"1024\" srcset=\"https:\/\/delfoscba.com.ar\/dev\/wp-content\/uploads\/2024\/02\/WhatsApp-Image-2024-01-30-at-16.30.09-1024x1024.jpeg 1024w, https:\/\/delfoscba.com.ar\/dev\/wp-content\/uploads\/2024\/02\/WhatsApp-Image-2024-01-30-at-16.30.09-300x300.jpeg 300w, https:\/\/delfoscba.com.ar\/dev\/wp-content\/uploads\/2024\/02\/WhatsApp-Image-2024-01-30-at-16.30.09-150x150.jpeg 150w, https:\/\/delfoscba.com.ar\/dev\/wp-content\/uploads\/2024\/02\/WhatsApp-Image-2024-01-30-at-16.30.09-768x768.jpeg 768w, https:\/\/delfoscba.com.ar\/dev\/wp-content\/uploads\/2024\/02\/WhatsApp-Image-2024-01-30-at-16.30.09-440x440.jpeg 440w, https:\/\/delfoscba.com.ar\/dev\/wp-content\/uploads\/2024\/02\/WhatsApp-Image-2024-01-30-at-16.30.09.jpeg 1080w\" sizes=\"(max-width: 1024px) 100vw, 1024px\" \/><\/a><\/p><p>Sin embargo, inmediatamente despu\u00e9s, entre los que afirman que \u201cle desagrada algo\u201d el presidente, se rompe la suposici\u00f3n. All\u00ed se observan opositores que afirmaron estar en condiciones econ\u00f3micas de mejor calidad que los que dicen sentir agrado por el presidente en diferentes medidas.<\/p><p><strong>Reflexiones finales<\/strong><\/p><p>A pesar de los cacerolazos, el paro y el duro golpe al bolsillo sufrido por los argentinos durante su gesti\u00f3n, Javier Milei a\u00fan goza de un sector mayoritario de la poblaci\u00f3n que se encuentra dispuesto a respetarle un margen temporal de acci\u00f3n m\u00e1s amplio, ya sea porque cree en \u00e9l o avizora dificultades que implican sacrificios may\u00fasculos como los promulgados por el gobierno y padecidos por la mayor\u00eda de la poblaci\u00f3n.<\/p><p>Por otro lado, tambi\u00e9n posee un 11% de desilusionados en menos de dos meses de gesti\u00f3n que, junto al 35% que nunca le tuvo fe, conforman una masa de opositores de peso con la cual se deber\u00e1 acostumbrar a convivir en conflicto o a negociar, doblegando su posicionamiento.<\/p><p>En t\u00e9rminos de imagen, se observa una mayor fragilidad entre aquellos sobre los que despierta simpat\u00eda que entre sus detractores. El marcado nivel de rechazo a su persona superior al 40% lo aleja del m\u00ednimo saludable de imagen positiva que los expertos recomiendan para que una gesti\u00f3n gobierne y perdure.<\/p><p>Por \u00faltimo, las condiciones materiales no parecen ser a\u00fan un determinante lo suficientemente fuerte como para modificar el escenario de apoyos surgido de las elecciones. Cierto es tambi\u00e9n que la aceleraci\u00f3n de la inflaci\u00f3n, fruto de aumentos exponenciales en servicios y bienes b\u00e1sicos parte de la inflaci\u00f3n n\u00facleo, en un marco de salarios magros y en ca\u00edda libre, conforma un escenario muy vol\u00e1til.<\/p><p>En resumidas cuentas, todo parece indicar que el presidente no ha dilapidado a un nivel cr\u00edtico su caudal de apoyo popular, pero deber\u00e1 comenzar a mostrar resultados y no solamente para sus adeptos. Mantener una gesti\u00f3n en el tiempo con una oposici\u00f3n de alta intensidad, con un universo mayoritario de gente en un estado econ\u00f3mico cr\u00edtico que tarde o temprano la volver\u00e1 m\u00e1s proclive a volverse oposici\u00f3n que parte del oficialismo, ser\u00e1 un desaf\u00edo tanto en t\u00e9rminos de gobierno como electorales.<\/p>\t\t\t\t\t\t\t\t<\/div>\n\t\t\t\t\t<\/div>\n\t\t<\/div>\n\t\t\t\t\t<\/div>\n\t\t<\/section>\n\t\t\t\t<section class=\"elementor-section elementor-top-section elementor-element elementor-element-b28ac47 elementor-section-height-min-height elementor-section-boxed elementor-section-height-default elementor-section-items-middle\" data-id=\"b28ac47\" data-element_type=\"section\" data-e-type=\"section\" data-settings=\"{&quot;background_background&quot;:&quot;classic&quot;}\">\n\t\t\t\t\t\t\t<div class=\"elementor-background-overlay\"><\/div>\n\t\t\t\t\t\t\t<div class=\"elementor-container elementor-column-gap-default\">\n\t\t\t\t\t<div class=\"elementor-column elementor-col-100 elementor-top-column elementor-element elementor-element-88fba06\" data-id=\"88fba06\" data-element_type=\"column\" data-e-type=\"column\">\n\t\t\t<div class=\"elementor-widget-wrap elementor-element-populated\">\n\t\t\t\t\t\t<div class=\"elementor-element elementor-element-7e65226 elementor-widget elementor-widget-heading\" data-id=\"7e65226\" data-element_type=\"widget\" data-e-type=\"widget\" data-widget_type=\"heading.default\">\n\t\t\t\t\t<h2 class=\"elementor-heading-title elementor-size-large\">Seguinos en nuestras redes<\/h2>\t\t\t\t<\/div>\n\t\t\t\t<div class=\"elementor-element elementor-element-c37b7ef elementor-shape-circle e-grid-align-tablet-center e-grid-align-mobile-center e-grid-align-left elementor-grid-0 elementor-widget elementor-widget-social-icons\" data-id=\"c37b7ef\" data-element_type=\"widget\" data-e-type=\"widget\" data-widget_type=\"social-icons.default\">\n\t\t\t\t\t\t\t<div class=\"elementor-social-icons-wrapper elementor-grid\" role=\"list\">\n\t\t\t\t\t\t\t<span class=\"elementor-grid-item\" role=\"listitem\">\n\t\t\t\t\t<a class=\"elementor-icon elementor-social-icon elementor-social-icon-facebook-f elementor-repeater-item-lf5yt4c\" href=\"https:\/\/www.facebook.com\/ConsultoraDelfos\" target=\"_blank\">\n\t\t\t\t\t\t<span class=\"elementor-screen-only\">Facebook-f<\/span>\n\t\t\t\t\t\t<i aria-hidden=\"true\" class=\"fab fa-facebook-f\"><\/i>\t\t\t\t\t<\/a>\n\t\t\t\t<\/span>\n\t\t\t\t\t\t\t<span class=\"elementor-grid-item\" role=\"listitem\">\n\t\t\t\t\t<a class=\"elementor-icon elementor-social-icon elementor-social-icon-twitter elementor-repeater-item-01xie82\" href=\"https:\/\/twitter.com\/delfoscba\" target=\"_blank\">\n\t\t\t\t\t\t<span class=\"elementor-screen-only\">Twitter<\/span>\n\t\t\t\t\t\t<i aria-hidden=\"true\" class=\"fab fa-twitter\"><\/i>\t\t\t\t\t<\/a>\n\t\t\t\t<\/span>\n\t\t\t\t\t\t\t<span class=\"elementor-grid-item\" role=\"listitem\">\n\t\t\t\t\t<a class=\"elementor-icon elementor-social-icon elementor-social-icon-linkedin elementor-repeater-item-grhvqhn\" target=\"_blank\">\n\t\t\t\t\t\t<span class=\"elementor-screen-only\">Linkedin<\/span>\n\t\t\t\t\t\t<i aria-hidden=\"true\" class=\"fab fa-linkedin\"><\/i>\t\t\t\t\t<\/a>\n\t\t\t\t<\/span>\n\t\t\t\t\t<\/div>\n\t\t\t\t\t\t<\/div>\n\t\t\t\t\t<\/div>\n\t\t<\/div>\n\t\t\t\t\t<\/div>\n\t\t<\/section>\n\t\t\t\t<\/div>\n\t\t","protected":false},"excerpt":{"rendered":"<p>Con datos nacionales, analizamos imagen, m\u00e1rgenes de tiempo y condiciones estructurales de los posicionamientos<\/p>\n","protected":false},"author":2,"featured_media":15692,"comment_status":"open","ping_status":"open","sticky":false,"template":"","format":"standard","meta":{"_acf_changed":false,"footnotes":""},"categories":[3],"tags":[526,1306,1309,489,1180,39,1308,38,128,1307,246,929,165,230,1228,1123,61,1271,34,1275,569,1311,1312,188,211,1310,56,178,905,229,1274,488,763],"class_list":["post-15691","post","type-post","status-publish","format-standard","has-post-thumbnail","hentry","category-politica","tag-526","tag-agradable","tag-algo","tag-america-latina","tag-analisis","tag-argentina","tag-compromisos","tag-cordoba","tag-delfos","tag-desagradable","tag-encuestas","tag-espanol","tag-esperanza","tag-estadistica","tag-fe","tag-gastos","tag-imagen","tag-javier","tag-jose-gangi","tag-legitimidad","tag-milei","tag-muy","tag-nada","tag-opinion-publica","tag-pais","tag-poco","tag-politica","tag-presidente","tag-problemas","tag-publico","tag-representacion","tag-sudamerica","tag-tiempo","et-has-post-format-content","et_post_format-et-post-format-standard"],"acf":[],"_links":{"self":[{"href":"https:\/\/delfoscba.com.ar\/dev\/wp-json\/wp\/v2\/posts\/15691","targetHints":{"allow":["GET"]}}],"collection":[{"href":"https:\/\/delfoscba.com.ar\/dev\/wp-json\/wp\/v2\/posts"}],"about":[{"href":"https:\/\/delfoscba.com.ar\/dev\/wp-json\/wp\/v2\/types\/post"}],"author":[{"embeddable":true,"href":"https:\/\/delfoscba.com.ar\/dev\/wp-json\/wp\/v2\/users\/2"}],"replies":[{"embeddable":true,"href":"https:\/\/delfoscba.com.ar\/dev\/wp-json\/wp\/v2\/comments?post=15691"}],"version-history":[{"count":35,"href":"https:\/\/delfoscba.com.ar\/dev\/wp-json\/wp\/v2\/posts\/15691\/revisions"}],"predecessor-version":[{"id":15734,"href":"https:\/\/delfoscba.com.ar\/dev\/wp-json\/wp\/v2\/posts\/15691\/revisions\/15734"}],"wp:featuredmedia":[{"embeddable":true,"href":"https:\/\/delfoscba.com.ar\/dev\/wp-json\/wp\/v2\/media\/15692"}],"wp:attachment":[{"href":"https:\/\/delfoscba.com.ar\/dev\/wp-json\/wp\/v2\/media?parent=15691"}],"wp:term":[{"taxonomy":"category","embeddable":true,"href":"https:\/\/delfoscba.com.ar\/dev\/wp-json\/wp\/v2\/categories?post=15691"},{"taxonomy":"post_tag","embeddable":true,"href":"https:\/\/delfoscba.com.ar\/dev\/wp-json\/wp\/v2\/tags?post=15691"}],"curies":[{"name":"wp","href":"https:\/\/api.w.org\/{rel}","templated":true}]}}