{"id":15735,"date":"2024-02-02T21:43:47","date_gmt":"2024-02-02T21:43:47","guid":{"rendered":"https:\/\/delfoscba.com.ar\/\/dev\/\/?p=15735"},"modified":"2024-02-02T21:45:44","modified_gmt":"2024-02-02T21:45:44","slug":"inflacion-y-economia-segun-las-ultimas-encuestas-nacionales","status":"publish","type":"post","link":"https:\/\/delfoscba.com.ar\/dev\/economia\/inflacion-y-economia-segun-las-ultimas-encuestas-nacionales\/","title":{"rendered":"Inflaci\u00f3n y econom\u00eda seg\u00fan las \u00faltimas encuestas nacionales"},"content":{"rendered":"\t\t<div data-elementor-type=\"wp-post\" data-elementor-id=\"15735\" class=\"elementor elementor-15735\" data-elementor-post-type=\"post\">\n\t\t\t\t\t\t<section class=\"elementor-section elementor-top-section elementor-element elementor-element-41498b4 elementor-section-height-min-height elementor-section-boxed elementor-section-height-default elementor-section-items-middle\" data-id=\"41498b4\" data-element_type=\"section\" data-e-type=\"section\" data-settings=\"{&quot;background_background&quot;:&quot;classic&quot;}\">\n\t\t\t\t\t\t\t<div class=\"elementor-background-overlay\"><\/div>\n\t\t\t\t\t\t\t<div class=\"elementor-container elementor-column-gap-no\">\n\t\t\t\t\t<div class=\"elementor-column elementor-col-100 elementor-top-column elementor-element elementor-element-a18ac89\" data-id=\"a18ac89\" data-element_type=\"column\" data-e-type=\"column\">\n\t\t\t<div class=\"elementor-widget-wrap elementor-element-populated\">\n\t\t\t\t\t\t<div class=\"elementor-element elementor-element-e493600 elementor-widget elementor-widget-heading\" data-id=\"e493600\" data-element_type=\"widget\" data-e-type=\"widget\" data-widget_type=\"heading.default\">\n\t\t\t\t\t<h2 class=\"elementor-heading-title elementor-size-large\">POL\u00cdTICA<\/h2>\t\t\t\t<\/div>\n\t\t\t\t\t<\/div>\n\t\t<\/div>\n\t\t\t\t\t<\/div>\n\t\t<\/section>\n\t\t\t\t<section class=\"elementor-section elementor-top-section elementor-element elementor-element-7dafb6e4 elementor-section-boxed elementor-section-height-default elementor-section-height-default\" data-id=\"7dafb6e4\" data-element_type=\"section\" data-e-type=\"section\">\n\t\t\t\t\t\t<div class=\"elementor-container elementor-column-gap-default\">\n\t\t\t\t\t<div class=\"elementor-column elementor-col-100 elementor-top-column elementor-element elementor-element-38ae5a14\" data-id=\"38ae5a14\" data-element_type=\"column\" data-e-type=\"column\">\n\t\t\t<div class=\"elementor-widget-wrap elementor-element-populated\">\n\t\t\t\t\t\t<div class=\"elementor-element elementor-element-f8a3207 elementor-widget elementor-widget-author-box\" data-id=\"f8a3207\" data-element_type=\"widget\" data-e-type=\"widget\" data-widget_type=\"author-box.default\">\n\t\t\t\t\t\t\t<div class=\"elementor-author-box\">\n\t\t\t\t\t\t\t<a href=\"https:\/\/delfoscba.com.ar\/\/dev\/\/nosotros\/\" class=\"elementor-author-box__avatar\">\n\t\t\t\t\t<img decoding=\"async\" src=\"https:\/\/delfoscba.com.ar\/dev\/wp-content\/uploads\/2021\/02\/norman-250x250-1.jpg\" alt=\"Picture of Norman Berra\" loading=\"lazy\">\n\t\t\t\t<\/a>\n\t\t\t\n\t\t\t<div class=\"elementor-author-box__text\">\n\t\t\t\t\t\t\t\t\t<a href=\"https:\/\/delfoscba.com.ar\/\/dev\/\/nosotros\/\">\n\t\t\t\t\t\t<h4 class=\"elementor-author-box__name\">\n\t\t\t\t\t\t\tNorman Berra\t\t\t\t\t\t<\/h4>\n\t\t\t\t\t<\/a>\n\t\t\t\t\n\t\t\t\t\t\t\t\t\t<div class=\"elementor-author-box__bio\">\n\t\t\t\t\t\t<p>L\u00edder de Proyectos<\/p>\n\t\t\t\t\t<\/div>\n\t\t\t\t\n\t\t\t\t\t\t\t<\/div>\n\t\t<\/div>\n\t\t\t\t\t\t<\/div>\n\t\t\t\t<div class=\"elementor-element elementor-element-7aefe4b4 elementor-widget elementor-widget-text-editor\" data-id=\"7aefe4b4\" data-element_type=\"widget\" data-e-type=\"widget\" data-widget_type=\"text-editor.default\">\n\t\t\t\t\t\t\t\t\t<p><a href=\"https:\/\/delfoscba.com.ar\/\/dev\/\/wp-content\/uploads\/2024\/02\/Imagen1.jpg\"><img fetchpriority=\"high\" decoding=\"async\" class=\"aligncenter wp-image-15745 size-large\" src=\"https:\/\/delfoscba.com.ar\/\/dev\/\/wp-content\/uploads\/2024\/02\/Imagen1-1024x631.jpg\" alt=\"\" width=\"1024\" height=\"631\" srcset=\"https:\/\/delfoscba.com.ar\/dev\/wp-content\/uploads\/2024\/02\/Imagen1-1024x631.jpg 1024w, https:\/\/delfoscba.com.ar\/dev\/wp-content\/uploads\/2024\/02\/Imagen1-300x185.jpg 300w, https:\/\/delfoscba.com.ar\/dev\/wp-content\/uploads\/2024\/02\/Imagen1-768x473.jpg 768w, https:\/\/delfoscba.com.ar\/dev\/wp-content\/uploads\/2024\/02\/Imagen1-1080x665.jpg 1080w, https:\/\/delfoscba.com.ar\/dev\/wp-content\/uploads\/2024\/02\/Imagen1.jpg 1140w\" sizes=\"(max-width: 1024px) 100vw, 1024px\" \/><\/a><\/p><p>Seg\u00fan el Indec, la inflaci\u00f3n de diciembre (mes que marc\u00f3 el cambio de gobierno nacional) trep\u00f3 a 25,5%, lo que casi duplica el peor registro de la gesti\u00f3n de Sergio Massa al frente del Ministerio de Econom\u00eda del mes inmediato anterior: 12,8% (gr\u00e1fico arriba). Si bien parte de ese dato incorpora una inercia inflacionaria previa que no se puede atribuir al impacto de las medidas tomadas por Javier Milei desde el 10 de diciembre, el problema es que esa inercia no s\u00f3lo no se cort\u00f3, sino que se aceler\u00f3: seg\u00fan la \u00faltima encuesta del Centro de Finanzas de la Universidad Torcuato Di Tella (CIF-UTDT), la expectativa inflacionaria para los pr\u00f3ximos 12 meses lleg\u00f3 a un promedio de 230%, nivel r\u00e9cord desde que se mide ese indicador (gr\u00e1fico abajo).<\/p><p><a href=\"https:\/\/delfoscba.com.ar\/\/dev\/\/wp-content\/uploads\/2024\/02\/2-2.jpg\"><img decoding=\"async\" class=\"aligncenter wp-image-15737 size-full\" src=\"https:\/\/delfoscba.com.ar\/\/dev\/\/wp-content\/uploads\/2024\/02\/2-2.jpg\" alt=\"\" width=\"974\" height=\"594\" srcset=\"https:\/\/delfoscba.com.ar\/dev\/wp-content\/uploads\/2024\/02\/2-2.jpg 974w, https:\/\/delfoscba.com.ar\/dev\/wp-content\/uploads\/2024\/02\/2-2-300x183.jpg 300w, https:\/\/delfoscba.com.ar\/dev\/wp-content\/uploads\/2024\/02\/2-2-768x468.jpg 768w\" sizes=\"(max-width: 974px) 100vw, 974px\" \/><\/a><\/p><p>En diciembre pasado, la inflaci\u00f3n esperada para los pr\u00f3ximos 12 meses era de 225,9%, lo que implica una suba intermensual de 4,1 puntos porcentuales. Desde el CIF-UTDT, Sebasti\u00e1n Auguste apunt\u00f3: \u201cEn entornos de alta inflaci\u00f3n a la gente le resulta dif\u00edcil contestar la tasa de inflaci\u00f3n esperada para los pr\u00f3ximos 12 meses, por eso desde mayo de 2023 incorporamos la expectativa de inflaci\u00f3n para los pr\u00f3ximos 30 d\u00edas. Esta medici\u00f3n se ubic\u00f3 en 26,03%\u201d. Recientemente, Milei evalu\u00f3 que si en enero se repite la inflaci\u00f3n de diciembre habr\u00eda que celebrar.<\/p><p><a href=\"https:\/\/delfoscba.com.ar\/\/dev\/\/wp-content\/uploads\/2024\/02\/3-2.jpg\"><img decoding=\"async\" class=\"aligncenter wp-image-15738 size-large\" src=\"https:\/\/delfoscba.com.ar\/\/dev\/\/wp-content\/uploads\/2024\/02\/3-2-1024x576.jpg\" alt=\"\" width=\"1024\" height=\"576\" srcset=\"https:\/\/delfoscba.com.ar\/dev\/wp-content\/uploads\/2024\/02\/3-2-1024x576.jpg 1024w, https:\/\/delfoscba.com.ar\/dev\/wp-content\/uploads\/2024\/02\/3-2-300x169.jpg 300w, https:\/\/delfoscba.com.ar\/dev\/wp-content\/uploads\/2024\/02\/3-2-768x432.jpg 768w, https:\/\/delfoscba.com.ar\/dev\/wp-content\/uploads\/2024\/02\/3-2-1080x608.jpg 1080w, https:\/\/delfoscba.com.ar\/dev\/wp-content\/uploads\/2024\/02\/3-2.jpg 1536w\" sizes=\"(max-width: 1024px) 100vw, 1024px\" \/><\/a><\/p><p>Sin embargo, todas las encuestas contradicen esa afirmaci\u00f3n, y Milei deber\u00eda tomar nota para sostener la gobernabilidad. En diciembre pasado, la primera consultora medir el efecto erosivo de la inflaci\u00f3n en el gobierno nacional fue Zuban C\u00f3rdoba &amp; Asociados: 48,4% responsabiliz\u00f3 al gobierno de Alberto Fern\u00e1ndez por los aumentos de precios registrados ese mes, pero casi 32% los adjudic\u00f3 a Milei y casi 19% reparti\u00f3 responsabilidades (gr\u00e1fico arriba).<\/p><p><a href=\"https:\/\/delfoscba.com.ar\/\/dev\/\/wp-content\/uploads\/2024\/02\/4-2.jpg\"><img loading=\"lazy\" decoding=\"async\" class=\"aligncenter wp-image-15739 size-large\" src=\"https:\/\/delfoscba.com.ar\/\/dev\/\/wp-content\/uploads\/2024\/02\/4-2-1024x724.jpg\" alt=\"\" width=\"1024\" height=\"724\" srcset=\"https:\/\/delfoscba.com.ar\/dev\/wp-content\/uploads\/2024\/02\/4-2-1024x724.jpg 1024w, https:\/\/delfoscba.com.ar\/dev\/wp-content\/uploads\/2024\/02\/4-2-300x212.jpg 300w, https:\/\/delfoscba.com.ar\/dev\/wp-content\/uploads\/2024\/02\/4-2-768x543.jpg 768w, https:\/\/delfoscba.com.ar\/dev\/wp-content\/uploads\/2024\/02\/4-2-400x284.jpg 400w, https:\/\/delfoscba.com.ar\/dev\/wp-content\/uploads\/2024\/02\/4-2-1080x763.jpg 1080w, https:\/\/delfoscba.com.ar\/dev\/wp-content\/uploads\/2024\/02\/4-2.jpg 1336w\" sizes=\"(max-width: 1024px) 100vw, 1024px\" \/><\/a><\/p><p>En enero, la consultora Analog\u00edas volvi\u00f3 sobre el tema: 44,4% responsabiliz\u00f3 al gobierno anterior por la escalada de precios, mientras que 29,5% la atribuy\u00f3 a la gesti\u00f3n Milei; 14,1% asign\u00f3 responsabilidades compartidas (gr\u00e1fico arriba). Con apenas matices, seg\u00fan la \u00faltima encuesta de Fixer 31% de los electores responsabiliza al gobierno de Milei, 49% a la herencia recibida de la gesti\u00f3n de Alberto Fern\u00e1ndez y 19% a ambas gestiones (gr\u00e1fico abajo).<\/p><p><a href=\"https:\/\/delfoscba.com.ar\/\/dev\/\/wp-content\/uploads\/2024\/02\/5-2.jpg\"><img loading=\"lazy\" decoding=\"async\" class=\"aligncenter wp-image-15740 size-large\" src=\"https:\/\/delfoscba.com.ar\/\/dev\/\/wp-content\/uploads\/2024\/02\/5-2-1024x575.jpg\" alt=\"\" width=\"1024\" height=\"575\" srcset=\"https:\/\/delfoscba.com.ar\/dev\/wp-content\/uploads\/2024\/02\/5-2-1024x575.jpg 1024w, https:\/\/delfoscba.com.ar\/dev\/wp-content\/uploads\/2024\/02\/5-2-300x169.jpg 300w, https:\/\/delfoscba.com.ar\/dev\/wp-content\/uploads\/2024\/02\/5-2-768x432.jpg 768w, https:\/\/delfoscba.com.ar\/dev\/wp-content\/uploads\/2024\/02\/5-2-1080x607.jpg 1080w, https:\/\/delfoscba.com.ar\/dev\/wp-content\/uploads\/2024\/02\/5-2.jpg 1536w\" sizes=\"(max-width: 1024px) 100vw, 1024px\" \/><\/a><\/p><p>Como se observa, se consolida un promedio de casi 31% que asocia la inflaci\u00f3n al gobierno actual, un registro muy alto dado que a\u00fan no cumple dos meses en funciones. Para peor, eso va permeando en la percepci\u00f3n general del desempe\u00f1o econ\u00f3mico: seg\u00fan CB Consultora, 49,7% cree que el gobierno anterior es responsable de la actual situaci\u00f3n, pero 30,1% la asocia a la gesti\u00f3n Milei y casi 13% reparte responsabilidades entre ambos gobiernos (gr\u00e1fico abajo).<\/p><p><a href=\"https:\/\/delfoscba.com.ar\/\/dev\/\/wp-content\/uploads\/2024\/02\/6-2.jpg\"><img loading=\"lazy\" decoding=\"async\" class=\"aligncenter wp-image-15741 size-large\" src=\"https:\/\/delfoscba.com.ar\/\/dev\/\/wp-content\/uploads\/2024\/02\/6-2-1024x575.jpg\" alt=\"\" width=\"1024\" height=\"575\" srcset=\"https:\/\/delfoscba.com.ar\/dev\/wp-content\/uploads\/2024\/02\/6-2-1024x575.jpg 1024w, https:\/\/delfoscba.com.ar\/dev\/wp-content\/uploads\/2024\/02\/6-2-300x169.jpg 300w, https:\/\/delfoscba.com.ar\/dev\/wp-content\/uploads\/2024\/02\/6-2-768x432.jpg 768w, https:\/\/delfoscba.com.ar\/dev\/wp-content\/uploads\/2024\/02\/6-2-1080x607.jpg 1080w, https:\/\/delfoscba.com.ar\/dev\/wp-content\/uploads\/2024\/02\/6-2.jpg 1536w\" sizes=\"(max-width: 1024px) 100vw, 1024px\" \/><\/a><\/p><p>Con matices, la reciente medici\u00f3n de Espiral Consultores arroja que 31,1% cree que la mayor responsabilidad de los problemas econ\u00f3micos es de las gestiones peronistas, pero casi 29% lo atribuye a lo realizado por el gobierno de Milei en su primer mes; la diferencia de 2,15 puntos porcentuales entre esas percepciones no resulta estad\u00edsticamente e implica un serio desgaste para una gesti\u00f3n en tan poco tiempo. Por otro lado, 18,59% adjudica responsabilidad al gobierno de Mauricio Macri (aliado del presidente), casi 12% la divide entre Macri y Fern\u00e1ndez, y 8,22% atribuye los problemas al gobierno del Frente de Todos (gr\u00e1fico abajo).<\/p><p><a href=\"https:\/\/delfoscba.com.ar\/\/dev\/\/wp-content\/uploads\/2024\/02\/7-1.jpg\"><img loading=\"lazy\" decoding=\"async\" class=\"aligncenter wp-image-15742 size-large\" src=\"https:\/\/delfoscba.com.ar\/\/dev\/\/wp-content\/uploads\/2024\/02\/7-1-1024x622.jpg\" alt=\"\" width=\"1024\" height=\"622\" srcset=\"https:\/\/delfoscba.com.ar\/dev\/wp-content\/uploads\/2024\/02\/7-1-1024x622.jpg 1024w, https:\/\/delfoscba.com.ar\/dev\/wp-content\/uploads\/2024\/02\/7-1-300x182.jpg 300w, https:\/\/delfoscba.com.ar\/dev\/wp-content\/uploads\/2024\/02\/7-1-768x467.jpg 768w, https:\/\/delfoscba.com.ar\/dev\/wp-content\/uploads\/2024\/02\/7-1-1536x934.jpg 1536w, https:\/\/delfoscba.com.ar\/dev\/wp-content\/uploads\/2024\/02\/7-1-1080x656.jpg 1080w, https:\/\/delfoscba.com.ar\/dev\/wp-content\/uploads\/2024\/02\/7-1.jpg 1540w\" sizes=\"(max-width: 1024px) 100vw, 1024px\" \/><\/a><\/p><p>El panorama es todav\u00eda peor en la encuesta realizada por Zuban C\u00f3rdoba a fines de enero: 39,1% atribuye la mala situaci\u00f3n econ\u00f3mica al actual gobierno, vs casi 46% que la asocia a la gesti\u00f3n anterior y casi 15% que reparte responsabilidades (gr\u00e1fico abajo). \u00a0<\/p><p><a href=\"https:\/\/delfoscba.com.ar\/\/dev\/\/wp-content\/uploads\/2024\/02\/8.jpg\"><img loading=\"lazy\" decoding=\"async\" class=\"aligncenter wp-image-15743 size-full\" src=\"https:\/\/delfoscba.com.ar\/\/dev\/\/wp-content\/uploads\/2024\/02\/8.jpg\" alt=\"\" width=\"532\" height=\"936\" srcset=\"https:\/\/delfoscba.com.ar\/dev\/wp-content\/uploads\/2024\/02\/8.jpg 532w, https:\/\/delfoscba.com.ar\/dev\/wp-content\/uploads\/2024\/02\/8-171x300.jpg 171w\" sizes=\"(max-width: 532px) 100vw, 532px\" \/><\/a><\/p><p>En este caso, la creencia de que Milei es responsable por la actual crisis ronda casi 33% en promedio y se ubica en el orden de magnitud del voto a Uni\u00f3n por la Patria (UP) en la primera vuelta presidencial (36,78%). En s\u00edntesis, el presidente necesita bajar la inflaci\u00f3n para que la atribuci\u00f3n de responsabilidades por la coyuntura econ\u00f3mica no crezca y complique la fr\u00e1gil gobernabilidad que se ha puesto en evidencia en casi 55 d\u00edas de gesti\u00f3n. Seg\u00fan la reciente encuesta de la consultora Escenarios (gr\u00e1fico abajo), la primera minor\u00eda la constituye un 42% de electores que cree que es factible solucionar el problema inflacionario a largo plazo (m\u00e1s de un a\u00f1o), casi 15% es optimista corto o mediano plazo (6 meses) y 37,56% es pesimista, guarismo que se ubica en el mismo orden de magnitud del caudal que obtuvo UP en octubre pasado y que confirma la solidez del n\u00facleo opositor a Milei.<\/p><p><a href=\"https:\/\/delfoscba.com.ar\/\/dev\/\/wp-content\/uploads\/2024\/02\/9.jpg\"><img loading=\"lazy\" decoding=\"async\" class=\"aligncenter wp-image-15744 size-large\" src=\"https:\/\/delfoscba.com.ar\/\/dev\/\/wp-content\/uploads\/2024\/02\/9-1024x574.jpg\" alt=\"\" width=\"1024\" height=\"574\" srcset=\"https:\/\/delfoscba.com.ar\/dev\/wp-content\/uploads\/2024\/02\/9-1024x574.jpg 1024w, https:\/\/delfoscba.com.ar\/dev\/wp-content\/uploads\/2024\/02\/9-300x168.jpg 300w, https:\/\/delfoscba.com.ar\/dev\/wp-content\/uploads\/2024\/02\/9-768x430.jpg 768w, https:\/\/delfoscba.com.ar\/dev\/wp-content\/uploads\/2024\/02\/9-1080x605.jpg 1080w, https:\/\/delfoscba.com.ar\/dev\/wp-content\/uploads\/2024\/02\/9.jpg 1176w\" sizes=\"(max-width: 1024px) 100vw, 1024px\" \/><\/a><\/p>\t\t\t\t\t\t\t\t<\/div>\n\t\t\t\t\t<\/div>\n\t\t<\/div>\n\t\t\t\t\t<\/div>\n\t\t<\/section>\n\t\t\t\t<section class=\"elementor-section elementor-top-section elementor-element elementor-element-b28ac47 elementor-section-height-min-height elementor-section-boxed elementor-section-height-default elementor-section-items-middle\" data-id=\"b28ac47\" data-element_type=\"section\" data-e-type=\"section\" data-settings=\"{&quot;background_background&quot;:&quot;classic&quot;}\">\n\t\t\t\t\t\t\t<div class=\"elementor-background-overlay\"><\/div>\n\t\t\t\t\t\t\t<div class=\"elementor-container elementor-column-gap-default\">\n\t\t\t\t\t<div class=\"elementor-column elementor-col-100 elementor-top-column elementor-element elementor-element-88fba06\" data-id=\"88fba06\" data-element_type=\"column\" data-e-type=\"column\">\n\t\t\t<div class=\"elementor-widget-wrap elementor-element-populated\">\n\t\t\t\t\t\t<div class=\"elementor-element elementor-element-7e65226 elementor-widget elementor-widget-heading\" data-id=\"7e65226\" data-element_type=\"widget\" data-e-type=\"widget\" data-widget_type=\"heading.default\">\n\t\t\t\t\t<h2 class=\"elementor-heading-title elementor-size-large\">Seguinos en nuestras redes<\/h2>\t\t\t\t<\/div>\n\t\t\t\t<div class=\"elementor-element elementor-element-c37b7ef elementor-shape-circle e-grid-align-tablet-center e-grid-align-mobile-center e-grid-align-left elementor-grid-0 elementor-widget elementor-widget-social-icons\" data-id=\"c37b7ef\" data-element_type=\"widget\" data-e-type=\"widget\" data-widget_type=\"social-icons.default\">\n\t\t\t\t\t\t\t<div class=\"elementor-social-icons-wrapper elementor-grid\" role=\"list\">\n\t\t\t\t\t\t\t<span class=\"elementor-grid-item\" role=\"listitem\">\n\t\t\t\t\t<a class=\"elementor-icon elementor-social-icon elementor-social-icon-facebook-f elementor-repeater-item-lf5yt4c\" href=\"https:\/\/www.facebook.com\/ConsultoraDelfos\" target=\"_blank\">\n\t\t\t\t\t\t<span class=\"elementor-screen-only\">Facebook-f<\/span>\n\t\t\t\t\t\t<i aria-hidden=\"true\" class=\"fab fa-facebook-f\"><\/i>\t\t\t\t\t<\/a>\n\t\t\t\t<\/span>\n\t\t\t\t\t\t\t<span class=\"elementor-grid-item\" role=\"listitem\">\n\t\t\t\t\t<a class=\"elementor-icon elementor-social-icon elementor-social-icon-twitter elementor-repeater-item-01xie82\" href=\"https:\/\/twitter.com\/delfoscba\" target=\"_blank\">\n\t\t\t\t\t\t<span class=\"elementor-screen-only\">Twitter<\/span>\n\t\t\t\t\t\t<i aria-hidden=\"true\" class=\"fab fa-twitter\"><\/i>\t\t\t\t\t<\/a>\n\t\t\t\t<\/span>\n\t\t\t\t\t\t\t<span class=\"elementor-grid-item\" role=\"listitem\">\n\t\t\t\t\t<a class=\"elementor-icon elementor-social-icon elementor-social-icon-linkedin elementor-repeater-item-grhvqhn\" target=\"_blank\">\n\t\t\t\t\t\t<span class=\"elementor-screen-only\">Linkedin<\/span>\n\t\t\t\t\t\t<i aria-hidden=\"true\" class=\"fab fa-linkedin\"><\/i>\t\t\t\t\t<\/a>\n\t\t\t\t<\/span>\n\t\t\t\t\t<\/div>\n\t\t\t\t\t\t<\/div>\n\t\t\t\t\t<\/div>\n\t\t<\/div>\n\t\t\t\t\t<\/div>\n\t\t<\/section>\n\t\t\t\t<\/div>\n\t\t","protected":false},"excerpt":{"rendered":"<p>Las expectativas, los responsables identificados y las perspectivas de resoluci\u00f3n de la inflaci\u00f3n en el marco de la gesti\u00f3n Milei<\/p>\n","protected":false},"author":2,"featured_media":15746,"comment_status":"open","ping_status":"open","sticky":false,"template":"","format":"standard","meta":{"_acf_changed":false,"footnotes":""},"categories":[2],"tags":[1061,39,1036,40,1303,38,348,128,246,1301,712,929,1302,230,338,1222,145,977,978,569,1099,57,188,56,537,292,790,488,1248,1030],"class_list":["post-15735","post","type-post","status-publish","format-standard","has-post-thumbnail","hentry","category-economia","tag-analogias","tag-argentina","tag-cb-consultora","tag-consultora","tag-consultores","tag-cordoba","tag-datos","tag-delfos","tag-encuestas","tag-enero","tag-escenarios","tag-espanol","tag-espiral","tag-estadistica","tag-expectativas","tag-gobernabilidad","tag-inflacion","tag-la-libertad-avanza","tag-lla","tag-milei","tag-nacionales","tag-norman-berra","tag-opinion-publica","tag-politica","tag-rechazo","tag-reformas","tag-satisfaccion","tag-sudamerica","tag-tolerancia","tag-zuban","et-has-post-format-content","et_post_format-et-post-format-standard"],"acf":[],"_links":{"self":[{"href":"https:\/\/delfoscba.com.ar\/dev\/wp-json\/wp\/v2\/posts\/15735","targetHints":{"allow":["GET"]}}],"collection":[{"href":"https:\/\/delfoscba.com.ar\/dev\/wp-json\/wp\/v2\/posts"}],"about":[{"href":"https:\/\/delfoscba.com.ar\/dev\/wp-json\/wp\/v2\/types\/post"}],"author":[{"embeddable":true,"href":"https:\/\/delfoscba.com.ar\/dev\/wp-json\/wp\/v2\/users\/2"}],"replies":[{"embeddable":true,"href":"https:\/\/delfoscba.com.ar\/dev\/wp-json\/wp\/v2\/comments?post=15735"}],"version-history":[{"count":6,"href":"https:\/\/delfoscba.com.ar\/dev\/wp-json\/wp\/v2\/posts\/15735\/revisions"}],"predecessor-version":[{"id":15752,"href":"https:\/\/delfoscba.com.ar\/dev\/wp-json\/wp\/v2\/posts\/15735\/revisions\/15752"}],"wp:featuredmedia":[{"embeddable":true,"href":"https:\/\/delfoscba.com.ar\/dev\/wp-json\/wp\/v2\/media\/15746"}],"wp:attachment":[{"href":"https:\/\/delfoscba.com.ar\/dev\/wp-json\/wp\/v2\/media?parent=15735"}],"wp:term":[{"taxonomy":"category","embeddable":true,"href":"https:\/\/delfoscba.com.ar\/dev\/wp-json\/wp\/v2\/categories?post=15735"},{"taxonomy":"post_tag","embeddable":true,"href":"https:\/\/delfoscba.com.ar\/dev\/wp-json\/wp\/v2\/tags?post=15735"}],"curies":[{"name":"wp","href":"https:\/\/api.w.org\/{rel}","templated":true}]}}