{"id":15834,"date":"2024-03-04T15:07:55","date_gmt":"2024-03-04T15:07:55","guid":{"rendered":"https:\/\/delfoscba.com.ar\/\/dev\/\/?p=15834"},"modified":"2024-03-04T15:11:58","modified_gmt":"2024-03-04T15:11:58","slug":"milei-vs-gobernadores-como-impacta-el-conflicto-en-las-ultimas-mediciones","status":"publish","type":"post","link":"https:\/\/delfoscba.com.ar\/dev\/politica\/milei-vs-gobernadores-como-impacta-el-conflicto-en-las-ultimas-mediciones\/","title":{"rendered":"Milei vs gobernadores: c\u00f3mo impacta el conflicto en las \u00faltimas mediciones"},"content":{"rendered":"\t\t<div data-elementor-type=\"wp-post\" data-elementor-id=\"15834\" class=\"elementor elementor-15834\" data-elementor-post-type=\"post\">\n\t\t\t\t\t\t<section class=\"elementor-section elementor-top-section elementor-element elementor-element-41498b4 elementor-section-height-min-height elementor-section-boxed elementor-section-height-default elementor-section-items-middle\" data-id=\"41498b4\" data-element_type=\"section\" data-e-type=\"section\" data-settings=\"{&quot;background_background&quot;:&quot;classic&quot;}\">\n\t\t\t\t\t\t\t<div class=\"elementor-background-overlay\"><\/div>\n\t\t\t\t\t\t\t<div class=\"elementor-container elementor-column-gap-no\">\n\t\t\t\t\t<div class=\"elementor-column elementor-col-100 elementor-top-column elementor-element elementor-element-a18ac89\" data-id=\"a18ac89\" data-element_type=\"column\" data-e-type=\"column\">\n\t\t\t<div class=\"elementor-widget-wrap elementor-element-populated\">\n\t\t\t\t\t\t<div class=\"elementor-element elementor-element-e493600 elementor-widget elementor-widget-heading\" data-id=\"e493600\" data-element_type=\"widget\" data-e-type=\"widget\" data-widget_type=\"heading.default\">\n\t\t\t\t\t<h2 class=\"elementor-heading-title elementor-size-large\">POL\u00cdTICA<\/h2>\t\t\t\t<\/div>\n\t\t\t\t\t<\/div>\n\t\t<\/div>\n\t\t\t\t\t<\/div>\n\t\t<\/section>\n\t\t\t\t<section class=\"elementor-section elementor-top-section elementor-element elementor-element-7dafb6e4 elementor-section-boxed elementor-section-height-default elementor-section-height-default\" data-id=\"7dafb6e4\" data-element_type=\"section\" data-e-type=\"section\">\n\t\t\t\t\t\t<div class=\"elementor-container elementor-column-gap-default\">\n\t\t\t\t\t<div class=\"elementor-column elementor-col-100 elementor-top-column elementor-element elementor-element-38ae5a14\" data-id=\"38ae5a14\" data-element_type=\"column\" data-e-type=\"column\">\n\t\t\t<div class=\"elementor-widget-wrap elementor-element-populated\">\n\t\t\t\t\t\t<div class=\"elementor-element elementor-element-f8a3207 elementor-widget elementor-widget-author-box\" data-id=\"f8a3207\" data-element_type=\"widget\" data-e-type=\"widget\" data-widget_type=\"author-box.default\">\n\t\t\t\t\t\t\t<div class=\"elementor-author-box\">\n\t\t\t\t\t\t\t<a href=\"https:\/\/delfoscba.com.ar\/\/dev\/\/nosotros\/\" class=\"elementor-author-box__avatar\">\n\t\t\t\t\t<img decoding=\"async\" src=\"https:\/\/delfoscba.com.ar\/dev\/wp-content\/uploads\/2021\/02\/norman-250x250-1.jpg\" alt=\"Picture of Norman Berra\" loading=\"lazy\">\n\t\t\t\t<\/a>\n\t\t\t\n\t\t\t<div class=\"elementor-author-box__text\">\n\t\t\t\t\t\t\t\t\t<a href=\"https:\/\/delfoscba.com.ar\/\/dev\/\/nosotros\/\">\n\t\t\t\t\t\t<h4 class=\"elementor-author-box__name\">\n\t\t\t\t\t\t\tNorman Berra\t\t\t\t\t\t<\/h4>\n\t\t\t\t\t<\/a>\n\t\t\t\t\n\t\t\t\t\t\t\t\t\t<div class=\"elementor-author-box__bio\">\n\t\t\t\t\t\t<p>L\u00edder de Proyectos<\/p>\n\t\t\t\t\t<\/div>\n\t\t\t\t\n\t\t\t\t\t\t\t<\/div>\n\t\t<\/div>\n\t\t\t\t\t\t<\/div>\n\t\t\t\t<div class=\"elementor-element elementor-element-7aefe4b4 elementor-widget elementor-widget-text-editor\" data-id=\"7aefe4b4\" data-element_type=\"widget\" data-e-type=\"widget\" data-widget_type=\"text-editor.default\">\n\t\t\t\t\t\t\t\t\t<p><a href=\"https:\/\/delfoscba.com.ar\/\/dev\/\/wp-content\/uploads\/2024\/03\/1-2.jpg\"><img fetchpriority=\"high\" decoding=\"async\" class=\"aligncenter wp-image-15836 size-full\" src=\"https:\/\/delfoscba.com.ar\/\/dev\/\/wp-content\/uploads\/2024\/03\/1-2.jpg\" alt=\"\" width=\"532\" height=\"922\" srcset=\"https:\/\/delfoscba.com.ar\/dev\/wp-content\/uploads\/2024\/03\/1-2.jpg 532w, https:\/\/delfoscba.com.ar\/dev\/wp-content\/uploads\/2024\/03\/1-2-173x300.jpg 173w\" sizes=\"(max-width: 532px) 100vw, 532px\" \/><\/a><\/p><p>Hace un mes, la ca\u00edda del proyecto de ley \u201cBases\u201d en la C\u00e1mara de Diputados deton\u00f3 una \u00a0ofensiva del gobierno nacional contra los gobernadores, a quienes el presidente Javier Milei acus\u00f3 de haber volteado la iniciativa en defensa de sus intereses. En la l\u00ednea de fuego quedaron Mart\u00edn Llaryora (C\u00f3rdoba), Maximiliano Pullaro (Santa Fe), Ricardo Quintela (La Rioja) y Axel Kicillof (Buenos Aires). El enfrentamiento escal\u00f3 a partir de las decisiones presidenciales de no renovar el fondo de incentivo docente (Fonid, que complementa los sueldos que los gobernadores pagan a los maestros) y de eliminar el fondo compensador para el transporte urbano de pasajeros del interior del pa\u00eds. Esas acciones generaron la resistencia de las provincias, y varias de ellas (Chubut, Santiago del Estero, La Rioja, Neuqu\u00e9n, R\u00edo Negro y Misiones) iniciaron acciones legales. Las represalias de Milei marchan a contramano de la opini\u00f3n p\u00fablica: seg\u00fan la encuesta realizada por Zuban C\u00f3rdoba, ya a fines de enero, 58,1% estaba en desacuerdo con ese curso de acci\u00f3n, vs 40,7% que acordaba (gr\u00e1fico arriba).<\/p><p><a href=\"https:\/\/delfoscba.com.ar\/\/dev\/\/wp-content\/uploads\/2024\/03\/2-2.jpg\"><img decoding=\"async\" class=\"aligncenter wp-image-15837 size-full\" src=\"https:\/\/delfoscba.com.ar\/\/dev\/\/wp-content\/uploads\/2024\/03\/2-2.jpg\" alt=\"\" width=\"964\" height=\"682\" srcset=\"https:\/\/delfoscba.com.ar\/dev\/wp-content\/uploads\/2024\/03\/2-2.jpg 964w, https:\/\/delfoscba.com.ar\/dev\/wp-content\/uploads\/2024\/03\/2-2-300x212.jpg 300w, https:\/\/delfoscba.com.ar\/dev\/wp-content\/uploads\/2024\/03\/2-2-768x543.jpg 768w, https:\/\/delfoscba.com.ar\/dev\/wp-content\/uploads\/2024\/03\/2-2-400x284.jpg 400w\" sizes=\"(max-width: 964px) 100vw, 964px\" \/><\/a><\/p><p>Ese mismo mes, la consultora Reale-Dalla Torre report\u00f3 que casi 58% de los electores opinaba que los gobernadores ten\u00edan que priorizar al sector p\u00fablico (gr\u00e1fico arriba), lo que confirma una mayor\u00eda alineada en defensa de sectores afectados por el ajuste nacional.<\/p><p><a href=\"https:\/\/delfoscba.com.ar\/\/dev\/\/wp-content\/uploads\/2024\/03\/3-2.jpg\"><img decoding=\"async\" class=\"aligncenter wp-image-15838 size-full\" src=\"https:\/\/delfoscba.com.ar\/\/dev\/\/wp-content\/uploads\/2024\/03\/3-2.jpg\" alt=\"\" width=\"532\" height=\"899\" srcset=\"https:\/\/delfoscba.com.ar\/dev\/wp-content\/uploads\/2024\/03\/3-2.jpg 532w, https:\/\/delfoscba.com.ar\/dev\/wp-content\/uploads\/2024\/03\/3-2-178x300.jpg 178w\" sizes=\"(max-width: 532px) 100vw, 532px\" \/><\/a><\/p><p>Consistente con eso, la medici\u00f3n m\u00e1s reciente de Zuban C\u00f3rdoba arroj\u00f3 que casi 54% de los electores opinan que cada gobernador debe defender los intereses de su provincia aunque eso implique enfrentar al presidente, vs 41,4% que se inclinan por lo contrario (gr\u00e1fico arriba). A su turno, la consultora CEOP midi\u00f3 la frase <em>\u201cLos gobernadores actuaron correctamente al defender los intereses econ\u00f3micos de sus provincias y el federalismo\u201d<\/em>: casi 57% estuvo de acuerdo, vs 43,1% en desacuerdo (gr\u00e1fico abajo). Con pocos matices, ambas encuestas muestran mayor\u00edas s\u00f3lidas a favor de la posici\u00f3n de las administraciones provinciales y adversas al gobierno nacional.<\/p><p><a href=\"https:\/\/delfoscba.com.ar\/\/dev\/\/wp-content\/uploads\/2024\/03\/4-2.jpg\"><img loading=\"lazy\" decoding=\"async\" class=\"aligncenter wp-image-15839 size-full\" src=\"https:\/\/delfoscba.com.ar\/\/dev\/\/wp-content\/uploads\/2024\/03\/4-2.jpg\" alt=\"\" width=\"960\" height=\"672\" srcset=\"https:\/\/delfoscba.com.ar\/dev\/wp-content\/uploads\/2024\/03\/4-2.jpg 960w, https:\/\/delfoscba.com.ar\/dev\/wp-content\/uploads\/2024\/03\/4-2-300x210.jpg 300w, https:\/\/delfoscba.com.ar\/dev\/wp-content\/uploads\/2024\/03\/4-2-768x538.jpg 768w\" sizes=\"(max-width: 960px) 100vw, 960px\" \/><\/a><\/p><p>A fines de la semana pasada, el conflicto escal\u00f3 a una crisis institucional: el gobierno de Chubut obtuvo de la Justicia Federal un fallo que rechazaba la eliminaci\u00f3n del fondo compensador para el transporte urbano de pasajeros del interior del pa\u00eds. Horas despu\u00e9s, el gobierno nacional retuvo fondos de coparticipaci\u00f3n a esa provincia, argumentando una deuda impaga. La disputa termin\u00f3 alineando a casi todos los mandatarios provinciales (peronistas, radicales, del PRO y electos por otras fuerzas) junto a su par de la Patagonia, enfrentados a una administraci\u00f3n cuyo aislamiento es manifiesto y cuyo conductor parece m\u00e1s tentado a recorrer el sendero del juicio pol\u00edtico para victimizarse que dispuesto a buscar consenso. En este punto, tambi\u00e9n est\u00e1 a contramano de la corriente mayoritaria de la opini\u00f3n p\u00fablica: casi 62% de los electores demanda que el presidente dialogue con los gobernadores, lo que m\u00e1s que duplica la opini\u00f3n de que Milei debe confrontarlos y acudir a decretos (28,3%; gr\u00e1fico abajo).<\/p><p><a href=\"https:\/\/delfoscba.com.ar\/\/dev\/\/wp-content\/uploads\/2024\/03\/5-2.jpg\"><img loading=\"lazy\" decoding=\"async\" class=\"aligncenter wp-image-15840 size-full\" src=\"https:\/\/delfoscba.com.ar\/\/dev\/\/wp-content\/uploads\/2024\/03\/5-2.jpg\" alt=\"\" width=\"532\" height=\"941\" srcset=\"https:\/\/delfoscba.com.ar\/dev\/wp-content\/uploads\/2024\/03\/5-2.jpg 532w, https:\/\/delfoscba.com.ar\/dev\/wp-content\/uploads\/2024\/03\/5-2-170x300.jpg 170w\" sizes=\"(max-width: 532px) 100vw, 532px\" \/><\/a><\/p><p>En este marco, entre el 23 y el 24 de febrero la consultora Scidata relev\u00f3 las redes sociales y detect\u00f3 que casi 61% de las menciones sobre la pol\u00e9mica por los fondos de la coparticipaci\u00f3n expresaron sentimientos negativos, vs s\u00f3lo 39,2% de menciones positivas: si bien ese guarismo es mayor al 30% que obtuvo Milei en las elecciones primarias y la primera vuelta de octubre, est\u00e1 muy lejos del 55,6% que lo consagr\u00f3 presidente en segunda vuelta (gr\u00e1fico abajo).<\/p><p><a href=\"https:\/\/delfoscba.com.ar\/\/dev\/\/wp-content\/uploads\/2024\/03\/6-2.jpg\"><img loading=\"lazy\" decoding=\"async\" class=\"aligncenter wp-image-15841 size-full\" src=\"https:\/\/delfoscba.com.ar\/\/dev\/\/wp-content\/uploads\/2024\/03\/6-2.jpg\" alt=\"\" width=\"800\" height=\"449\" srcset=\"https:\/\/delfoscba.com.ar\/dev\/wp-content\/uploads\/2024\/03\/6-2.jpg 800w, https:\/\/delfoscba.com.ar\/dev\/wp-content\/uploads\/2024\/03\/6-2-300x168.jpg 300w, https:\/\/delfoscba.com.ar\/dev\/wp-content\/uploads\/2024\/03\/6-2-768x431.jpg 768w\" sizes=\"(max-width: 800px) 100vw, 800px\" \/><\/a><\/p><p>\u201cDeuda\u201d y \u201camenazas\u201d traccionaron el debate cr\u00edtico, mientras que \u201cderecho\u201d y \u201cdesarrollo\u201d impulsaron las menciones favorables. Clasificando por \u00e1reas, hubo paridad entre las tem\u00e1ticas \u201cpol\u00edtica\u201d (24,1%) y \u201ceconom\u00eda\u201d (23,5%), con energ\u00eda tercera (12,2%; gr\u00e1fico abajo).\u00a0<\/p><p><a href=\"https:\/\/delfoscba.com.ar\/\/dev\/\/wp-content\/uploads\/2024\/03\/7-1.jpg\"><img loading=\"lazy\" decoding=\"async\" class=\"aligncenter wp-image-15842 size-full\" src=\"https:\/\/delfoscba.com.ar\/\/dev\/\/wp-content\/uploads\/2024\/03\/7-1.jpg\" alt=\"\" width=\"803\" height=\"450\" srcset=\"https:\/\/delfoscba.com.ar\/dev\/wp-content\/uploads\/2024\/03\/7-1.jpg 803w, https:\/\/delfoscba.com.ar\/dev\/wp-content\/uploads\/2024\/03\/7-1-300x168.jpg 300w, https:\/\/delfoscba.com.ar\/dev\/wp-content\/uploads\/2024\/03\/7-1-768x430.jpg 768w\" sizes=\"(max-width: 803px) 100vw, 803px\" \/><\/a><\/p><p>En t\u00e9rminos de protagonismo, en las menciones de la red social X gan\u00f3 centralidad el gobernador chubutense Ignacio Torres (@nachotorresch), por encima de Milei (gr\u00e1fico abajo). Tambi\u00e9n se report\u00f3 fuerte presencia de los gobernadores Claudio Vidal (Santa Cruz), Alberto Weretilneck (R\u00edo Negro), Gustavo Melella (Tierra del Fuego) y Sergio Ziliotto (La Pampa).<\/p><p><a href=\"https:\/\/delfoscba.com.ar\/\/dev\/\/wp-content\/uploads\/2024\/03\/8.jpg\"><img loading=\"lazy\" decoding=\"async\" class=\"aligncenter wp-image-15843 size-full\" src=\"https:\/\/delfoscba.com.ar\/\/dev\/\/wp-content\/uploads\/2024\/03\/8.jpg\" alt=\"\" width=\"838\" height=\"472\" srcset=\"https:\/\/delfoscba.com.ar\/dev\/wp-content\/uploads\/2024\/03\/8.jpg 838w, https:\/\/delfoscba.com.ar\/dev\/wp-content\/uploads\/2024\/03\/8-300x169.jpg 300w, https:\/\/delfoscba.com.ar\/dev\/wp-content\/uploads\/2024\/03\/8-768x433.jpg 768w\" sizes=\"(max-width: 838px) 100vw, 838px\" \/><\/a><\/p><p>En s\u00edntesis: 1) este nuevo eje de conflicto consolida el pesimismo dominante en la mayor\u00eda de las mediciones respecto a la pol\u00edtica del gobierno nacional y confirma que el casi 56% de los votos que consagr\u00f3 a Milei como presidente en el ballotage de noviembre no se expresa en el apoyo a su gesti\u00f3n, que se ubica entre el 40% y el 45% 2) su legitimidad de ejercicio muestra una brecha significativa con su legitimidad de origen 3) por otro lado, el presidente comete un doble error de diagn\u00f3stico al plantear su legitimidad de origen como fundamento de sus acciones pol\u00edticas en este tema, porque los gobernadores tambi\u00e9n cuentan con la legitimidad de origen por la que fueron electos y en esta disputa con la Naci\u00f3n cuentan con acompa\u00f1amiento mayoritario.<\/p>\t\t\t\t\t\t\t\t<\/div>\n\t\t\t\t\t<\/div>\n\t\t<\/div>\n\t\t\t\t\t<\/div>\n\t\t<\/section>\n\t\t\t\t<section class=\"elementor-section elementor-top-section elementor-element elementor-element-b28ac47 elementor-section-height-min-height elementor-section-boxed elementor-section-height-default elementor-section-items-middle\" data-id=\"b28ac47\" data-element_type=\"section\" data-e-type=\"section\" data-settings=\"{&quot;background_background&quot;:&quot;classic&quot;}\">\n\t\t\t\t\t\t\t<div class=\"elementor-background-overlay\"><\/div>\n\t\t\t\t\t\t\t<div class=\"elementor-container elementor-column-gap-default\">\n\t\t\t\t\t<div class=\"elementor-column elementor-col-100 elementor-top-column elementor-element elementor-element-88fba06\" data-id=\"88fba06\" data-element_type=\"column\" data-e-type=\"column\">\n\t\t\t<div class=\"elementor-widget-wrap elementor-element-populated\">\n\t\t\t\t\t\t<div class=\"elementor-element elementor-element-7e65226 elementor-widget elementor-widget-heading\" data-id=\"7e65226\" data-element_type=\"widget\" data-e-type=\"widget\" data-widget_type=\"heading.default\">\n\t\t\t\t\t<h2 class=\"elementor-heading-title elementor-size-large\">Seguinos en nuestras redes<\/h2>\t\t\t\t<\/div>\n\t\t\t\t<div class=\"elementor-element elementor-element-c37b7ef elementor-shape-circle e-grid-align-tablet-center e-grid-align-mobile-center e-grid-align-left elementor-grid-0 elementor-widget elementor-widget-social-icons\" data-id=\"c37b7ef\" data-element_type=\"widget\" data-e-type=\"widget\" data-widget_type=\"social-icons.default\">\n\t\t\t\t\t\t\t<div class=\"elementor-social-icons-wrapper elementor-grid\" role=\"list\">\n\t\t\t\t\t\t\t<span class=\"elementor-grid-item\" role=\"listitem\">\n\t\t\t\t\t<a class=\"elementor-icon elementor-social-icon elementor-social-icon-facebook-f elementor-repeater-item-lf5yt4c\" href=\"https:\/\/www.facebook.com\/ConsultoraDelfos\" target=\"_blank\">\n\t\t\t\t\t\t<span class=\"elementor-screen-only\">Facebook-f<\/span>\n\t\t\t\t\t\t<i aria-hidden=\"true\" class=\"fab fa-facebook-f\"><\/i>\t\t\t\t\t<\/a>\n\t\t\t\t<\/span>\n\t\t\t\t\t\t\t<span class=\"elementor-grid-item\" role=\"listitem\">\n\t\t\t\t\t<a class=\"elementor-icon elementor-social-icon elementor-social-icon-twitter elementor-repeater-item-01xie82\" href=\"https:\/\/twitter.com\/delfoscba\" target=\"_blank\">\n\t\t\t\t\t\t<span class=\"elementor-screen-only\">Twitter<\/span>\n\t\t\t\t\t\t<i aria-hidden=\"true\" class=\"fab fa-twitter\"><\/i>\t\t\t\t\t<\/a>\n\t\t\t\t<\/span>\n\t\t\t\t\t\t\t<span class=\"elementor-grid-item\" role=\"listitem\">\n\t\t\t\t\t<a class=\"elementor-icon elementor-social-icon elementor-social-icon-linkedin elementor-repeater-item-grhvqhn\" target=\"_blank\">\n\t\t\t\t\t\t<span class=\"elementor-screen-only\">Linkedin<\/span>\n\t\t\t\t\t\t<i aria-hidden=\"true\" class=\"fab fa-linkedin\"><\/i>\t\t\t\t\t<\/a>\n\t\t\t\t<\/span>\n\t\t\t\t\t<\/div>\n\t\t\t\t\t\t<\/div>\n\t\t\t\t\t<\/div>\n\t\t<\/div>\n\t\t\t\t\t<\/div>\n\t\t<\/section>\n\t\t\t\t<\/div>\n\t\t","protected":false},"excerpt":{"rendered":"<p>Nos adentramos en el sentir popular frente al enfrentamiento de Milei con los gobernadores<\/p>\n","protected":false},"author":2,"featured_media":15835,"comment_status":"open","ping_status":"open","sticky":false,"template":"","format":"standard","meta":{"_acf_changed":false,"footnotes":""},"categories":[3],"tags":[1322,720,39,40,1303,38,348,128,1332,1333,388,1111,246,1301,929,230,1321,1330,415,978,583,569,57,1174,188,56,729,1130,1063,1331,1317,1058,564,488,1030],"class_list":["post-15834","post","type-post","status-publish","format-standard","has-post-thumbnail","hentry","category-politica","tag-1322","tag-amenazas","tag-argentina","tag-consultora","tag-consultores","tag-cordoba","tag-datos","tag-delfos","tag-derecho","tag-desarrollo","tag-deuda","tag-empresarios","tag-encuestas","tag-enero","tag-espanol","tag-estadistica","tag-febrero","tag-gobernadores","tag-kicillof","tag-lla","tag-llaryora","tag-milei","tag-norman-berra","tag-octubre","tag-opinion-publica","tag-politica","tag-primarias","tag-provincias","tag-pullaro","tag-quintela","tag-reale-dalla-torre","tag-scidata","tag-social","tag-sudamerica","tag-zuban","et-has-post-format-content","et_post_format-et-post-format-standard"],"acf":[],"_links":{"self":[{"href":"https:\/\/delfoscba.com.ar\/dev\/wp-json\/wp\/v2\/posts\/15834","targetHints":{"allow":["GET"]}}],"collection":[{"href":"https:\/\/delfoscba.com.ar\/dev\/wp-json\/wp\/v2\/posts"}],"about":[{"href":"https:\/\/delfoscba.com.ar\/dev\/wp-json\/wp\/v2\/types\/post"}],"author":[{"embeddable":true,"href":"https:\/\/delfoscba.com.ar\/dev\/wp-json\/wp\/v2\/users\/2"}],"replies":[{"embeddable":true,"href":"https:\/\/delfoscba.com.ar\/dev\/wp-json\/wp\/v2\/comments?post=15834"}],"version-history":[{"count":5,"href":"https:\/\/delfoscba.com.ar\/dev\/wp-json\/wp\/v2\/posts\/15834\/revisions"}],"predecessor-version":[{"id":15848,"href":"https:\/\/delfoscba.com.ar\/dev\/wp-json\/wp\/v2\/posts\/15834\/revisions\/15848"}],"wp:featuredmedia":[{"embeddable":true,"href":"https:\/\/delfoscba.com.ar\/dev\/wp-json\/wp\/v2\/media\/15835"}],"wp:attachment":[{"href":"https:\/\/delfoscba.com.ar\/dev\/wp-json\/wp\/v2\/media?parent=15834"}],"wp:term":[{"taxonomy":"category","embeddable":true,"href":"https:\/\/delfoscba.com.ar\/dev\/wp-json\/wp\/v2\/categories?post=15834"},{"taxonomy":"post_tag","embeddable":true,"href":"https:\/\/delfoscba.com.ar\/dev\/wp-json\/wp\/v2\/tags?post=15834"}],"curies":[{"name":"wp","href":"https:\/\/api.w.org\/{rel}","templated":true}]}}