{"id":15877,"date":"2024-03-14T15:20:03","date_gmt":"2024-03-14T15:20:03","guid":{"rendered":"https:\/\/delfoscba.com.ar\/\/dev\/\/?p=15877"},"modified":"2024-03-14T15:25:37","modified_gmt":"2024-03-14T15:25:37","slug":"como-evoluciono-la-confianza-en-milei-a-nivel-pais-y-en-cordoba","status":"publish","type":"post","link":"https:\/\/delfoscba.com.ar\/dev\/politica\/como-evoluciono-la-confianza-en-milei-a-nivel-pais-y-en-cordoba\/","title":{"rendered":"C\u00f3mo evolucion\u00f3 la confianza en Milei a nivel pa\u00eds y en C\u00f3rdoba"},"content":{"rendered":"\t\t<div data-elementor-type=\"wp-post\" data-elementor-id=\"15877\" class=\"elementor elementor-15877\" data-elementor-post-type=\"post\">\n\t\t\t\t\t\t<section class=\"elementor-section elementor-top-section elementor-element elementor-element-41498b4 elementor-section-height-min-height elementor-section-boxed elementor-section-height-default elementor-section-items-middle\" data-id=\"41498b4\" data-element_type=\"section\" data-e-type=\"section\" data-settings=\"{&quot;background_background&quot;:&quot;classic&quot;}\">\n\t\t\t\t\t\t\t<div class=\"elementor-background-overlay\"><\/div>\n\t\t\t\t\t\t\t<div class=\"elementor-container elementor-column-gap-no\">\n\t\t\t\t\t<div class=\"elementor-column elementor-col-100 elementor-top-column elementor-element elementor-element-a18ac89\" data-id=\"a18ac89\" data-element_type=\"column\" data-e-type=\"column\">\n\t\t\t<div class=\"elementor-widget-wrap elementor-element-populated\">\n\t\t\t\t\t\t<div class=\"elementor-element elementor-element-e493600 elementor-widget elementor-widget-heading\" data-id=\"e493600\" data-element_type=\"widget\" data-e-type=\"widget\" data-widget_type=\"heading.default\">\n\t\t\t\t\t<h2 class=\"elementor-heading-title elementor-size-large\">POL\u00cdTICA<\/h2>\t\t\t\t<\/div>\n\t\t\t\t\t<\/div>\n\t\t<\/div>\n\t\t\t\t\t<\/div>\n\t\t<\/section>\n\t\t\t\t<section class=\"elementor-section elementor-top-section elementor-element elementor-element-7dafb6e4 elementor-section-boxed elementor-section-height-default elementor-section-height-default\" data-id=\"7dafb6e4\" data-element_type=\"section\" data-e-type=\"section\">\n\t\t\t\t\t\t<div class=\"elementor-container elementor-column-gap-default\">\n\t\t\t\t\t<div class=\"elementor-column elementor-col-100 elementor-top-column elementor-element elementor-element-38ae5a14\" data-id=\"38ae5a14\" data-element_type=\"column\" data-e-type=\"column\">\n\t\t\t<div class=\"elementor-widget-wrap elementor-element-populated\">\n\t\t\t\t\t\t<div class=\"elementor-element elementor-element-f8a3207 elementor-widget elementor-widget-author-box\" data-id=\"f8a3207\" data-element_type=\"widget\" data-e-type=\"widget\" data-widget_type=\"author-box.default\">\n\t\t\t\t\t\t\t<div class=\"elementor-author-box\">\n\t\t\t\t\t\t\t<a href=\"https:\/\/delfoscba.com.ar\/\/dev\/\/nosotros\/\" class=\"elementor-author-box__avatar\">\n\t\t\t\t\t<img decoding=\"async\" src=\"https:\/\/delfoscba.com.ar\/dev\/wp-content\/uploads\/2021\/02\/norman-250x250-1.jpg\" alt=\"Picture of Norman Berra\" loading=\"lazy\">\n\t\t\t\t<\/a>\n\t\t\t\n\t\t\t<div class=\"elementor-author-box__text\">\n\t\t\t\t\t\t\t\t\t<a href=\"https:\/\/delfoscba.com.ar\/\/dev\/\/nosotros\/\">\n\t\t\t\t\t\t<h4 class=\"elementor-author-box__name\">\n\t\t\t\t\t\t\tNorman Berra\t\t\t\t\t\t<\/h4>\n\t\t\t\t\t<\/a>\n\t\t\t\t\n\t\t\t\t\t\t\t\t\t<div class=\"elementor-author-box__bio\">\n\t\t\t\t\t\t<p>L\u00edder de Proyectos<\/p>\n\t\t\t\t\t<\/div>\n\t\t\t\t\n\t\t\t\t\t\t\t<\/div>\n\t\t<\/div>\n\t\t\t\t\t\t<\/div>\n\t\t\t\t<div class=\"elementor-element elementor-element-7aefe4b4 elementor-widget elementor-widget-text-editor\" data-id=\"7aefe4b4\" data-element_type=\"widget\" data-e-type=\"widget\" data-widget_type=\"text-editor.default\">\n\t\t\t\t\t\t\t\t\t<p><a href=\"https:\/\/delfoscba.com.ar\/\/dev\/\/wp-content\/uploads\/2024\/03\/1-2-2.jpg\"><img fetchpriority=\"high\" decoding=\"async\" class=\"aligncenter wp-image-15879 size-full\" src=\"https:\/\/delfoscba.com.ar\/\/dev\/\/wp-content\/uploads\/2024\/03\/1-2-2.jpg\" alt=\"\" width=\"900\" height=\"501\" srcset=\"https:\/\/delfoscba.com.ar\/dev\/wp-content\/uploads\/2024\/03\/1-2-2.jpg 900w, https:\/\/delfoscba.com.ar\/dev\/wp-content\/uploads\/2024\/03\/1-2-2-300x167.jpg 300w, https:\/\/delfoscba.com.ar\/dev\/wp-content\/uploads\/2024\/03\/1-2-2-768x428.jpg 768w\" sizes=\"(max-width: 900px) 100vw, 900px\" \/><\/a><\/p><p>El presidente Javier Milei declar\u00f3 que en abril el pa\u00eds \u201ctocar\u00e1 fondo\u201d en el actual proceso de ajuste, por lo que ser\u00e1 clave monitorear los indicadores en ese momento bisagra. Mientras tanto, es oportuno repasar c\u00f3mo evolucion\u00f3 la variable confianza desde el cambio de gobierno. Seg\u00fan consultora Opinaia, la confianza en que Milei pudiera estabilizar la econom\u00eda era del 53% apenas asumi\u00f3 (sumatoria de mucha + bastante) y se ubicaba en el mismo orden de magnitud de su voto en el ballotage de noviembre (55,6%). En tanto, la desconfianza (poca + ninguna) alcanzaba 39%, en el orden de magnitud del voto a Sergio Massa en la primera vuelta (casi 37%). Desde entonces, en cada medici\u00f3n la confianza fue a la baja, al punto que en la encuesta de febrero qued\u00f3 2 puntos porcentuales (pp) por debajo de la desconfianza: 47% a 49%, respectivamente (gr\u00e1fico arriba).<\/p><p><a href=\"https:\/\/delfoscba.com.ar\/\/dev\/\/wp-content\/uploads\/2024\/03\/2-2-2.jpg\"><img decoding=\"async\" class=\"aligncenter wp-image-15880 size-full\" src=\"https:\/\/delfoscba.com.ar\/\/dev\/\/wp-content\/uploads\/2024\/03\/2-2-2.jpg\" alt=\"\" width=\"532\" height=\"908\" srcset=\"https:\/\/delfoscba.com.ar\/dev\/wp-content\/uploads\/2024\/03\/2-2-2.jpg 532w, https:\/\/delfoscba.com.ar\/dev\/wp-content\/uploads\/2024\/03\/2-2-2-176x300.jpg 176w\" sizes=\"(max-width: 532px) 100vw, 532px\" \/><\/a><\/p><p>A fines de febrero, Zuban C\u00f3rdoba report\u00f3 que la confianza en una mejora de la econom\u00eda rozaba el 45%, vs una desconfianza de 54,5% (gr\u00e1fico arriba). El saldo desfavorable es de 9,6 pp e invierte el resultado del ballotage en sentido contrario a Milei. Consistente con eso, el mismo informe arroj\u00f3 que el gobierno ya perd\u00eda el \u201cmano a mano\u201d con su predecesor: casi 51% adjudicaba la mala situaci\u00f3n econ\u00f3mica del pa\u00eds al t\u00e1ndem Milei-Caputo, vs 47% que la asociaba a Fern\u00e1ndez-Massa (gr\u00e1fico abajo). Desde la asunci\u00f3n, la atribuci\u00f3n de responsabilidades a la actual gesti\u00f3n casi se duplic\u00f3, mientras que la del gobierno anterior perfor\u00f3 el umbral del 50%.<\/p><p><a href=\"https:\/\/delfoscba.com.ar\/\/dev\/\/wp-content\/uploads\/2024\/03\/3-2-2.jpg\"><img decoding=\"async\" class=\"aligncenter wp-image-15881 size-full\" src=\"https:\/\/delfoscba.com.ar\/\/dev\/\/wp-content\/uploads\/2024\/03\/3-2-2.jpg\" alt=\"\" width=\"532\" height=\"930\" srcset=\"https:\/\/delfoscba.com.ar\/dev\/wp-content\/uploads\/2024\/03\/3-2-2.jpg 532w, https:\/\/delfoscba.com.ar\/dev\/wp-content\/uploads\/2024\/03\/3-2-2-172x300.jpg 172w\" sizes=\"(max-width: 532px) 100vw, 532px\" \/><\/a><\/p><p>En enero, Pulso Social midi\u00f3 la variable en la provincia de C\u00f3rdoba, donde 74,05% de los electores vot\u00f3 al libertario en segunda vuelta, vs 25,95% que eligi\u00f3 a Massa: la suma de mucha + algo confianza trep\u00f3 a 60%, contra una desconfianza de 39% (gr\u00e1fico abajo). La positiva, si bien alta, era menor al caudal que lo vot\u00f3, en tanto que la desconfianza superaba en casi 15 pp al caudal de Massa.<\/p><p><a href=\"https:\/\/delfoscba.com.ar\/\/dev\/\/wp-content\/uploads\/2024\/03\/4-2-2.jpg\"><img loading=\"lazy\" decoding=\"async\" class=\"aligncenter wp-image-15882 size-large\" src=\"https:\/\/delfoscba.com.ar\/\/dev\/\/wp-content\/uploads\/2024\/03\/4-2-2-1024x575.jpg\" alt=\"\" width=\"1024\" height=\"575\" srcset=\"https:\/\/delfoscba.com.ar\/dev\/wp-content\/uploads\/2024\/03\/4-2-2-1024x575.jpg 1024w, https:\/\/delfoscba.com.ar\/dev\/wp-content\/uploads\/2024\/03\/4-2-2-300x169.jpg 300w, https:\/\/delfoscba.com.ar\/dev\/wp-content\/uploads\/2024\/03\/4-2-2-768x432.jpg 768w, https:\/\/delfoscba.com.ar\/dev\/wp-content\/uploads\/2024\/03\/4-2-2-1080x607.jpg 1080w, https:\/\/delfoscba.com.ar\/dev\/wp-content\/uploads\/2024\/03\/4-2-2.jpg 1536w\" sizes=\"(max-width: 1024px) 100vw, 1024px\" \/><\/a><\/p><p>En febrero, Pulso Social volvi\u00f3 a medir: la suma de mucha + algo confianza baj\u00f3 2 pp, que se transfirieron a la desconfianza (41%; gr\u00e1fico abajo). Como se advierte, aun con matices, la tendencia tambi\u00e9n es declinante, tal como se aprecia en la serie evolutiva de Opinaia a nivel pa\u00eds.<\/p><p><a href=\"https:\/\/delfoscba.com.ar\/\/dev\/\/wp-content\/uploads\/2024\/03\/5-2-2.jpg\"><img loading=\"lazy\" decoding=\"async\" class=\"aligncenter wp-image-15883 size-large\" src=\"https:\/\/delfoscba.com.ar\/\/dev\/\/wp-content\/uploads\/2024\/03\/5-2-2-1024x575.jpg\" alt=\"\" width=\"1024\" height=\"575\" srcset=\"https:\/\/delfoscba.com.ar\/dev\/wp-content\/uploads\/2024\/03\/5-2-2-1024x575.jpg 1024w, https:\/\/delfoscba.com.ar\/dev\/wp-content\/uploads\/2024\/03\/5-2-2-300x169.jpg 300w, https:\/\/delfoscba.com.ar\/dev\/wp-content\/uploads\/2024\/03\/5-2-2-768x431.jpg 768w, https:\/\/delfoscba.com.ar\/dev\/wp-content\/uploads\/2024\/03\/5-2-2-1080x607.jpg 1080w, https:\/\/delfoscba.com.ar\/dev\/wp-content\/uploads\/2024\/03\/5-2-2.jpg 1100w\" sizes=\"(max-width: 1024px) 100vw, 1024px\" \/><\/a><\/p><p>Si pasamos de la confianza en materia econ\u00f3mica a la confianza pol\u00edtica, el resultado es a\u00fan m\u00e1s adverso a Milei: en enero, Circuitos report\u00f3 que 42,5% de los electores ten\u00eda mucha confianza en su liderazgo en esta etapa, casi 13% ten\u00eda poca confianza y casi 39% no ten\u00eda confianza (gr\u00e1fico abajo).<\/p><p><a href=\"https:\/\/delfoscba.com.ar\/\/dev\/\/wp-content\/uploads\/2024\/03\/6-2-2.jpg\"><img loading=\"lazy\" decoding=\"async\" class=\"aligncenter wp-image-15884 size-large\" src=\"https:\/\/delfoscba.com.ar\/\/dev\/\/wp-content\/uploads\/2024\/03\/6-2-2-1024x767.jpg\" alt=\"\" width=\"1024\" height=\"767\" srcset=\"https:\/\/delfoscba.com.ar\/dev\/wp-content\/uploads\/2024\/03\/6-2-2-1024x767.jpg 1024w, https:\/\/delfoscba.com.ar\/dev\/wp-content\/uploads\/2024\/03\/6-2-2-300x225.jpg 300w, https:\/\/delfoscba.com.ar\/dev\/wp-content\/uploads\/2024\/03\/6-2-2-768x575.jpg 768w, https:\/\/delfoscba.com.ar\/dev\/wp-content\/uploads\/2024\/03\/6-2-2-1080x809.jpg 1080w, https:\/\/delfoscba.com.ar\/dev\/wp-content\/uploads\/2024\/03\/6-2-2.jpg 1100w\" sizes=\"(max-width: 1024px) 100vw, 1024px\" \/><\/a><\/p><p>Como se ve, en ese momento la desconfianza replicaba, con apenas matices, el voto a Massa en primera vuelta, mientras que la confianza intensa se ubicaba en 42,5%, 13,1 pp por debajo del voto a Milei en noviembre pasado. En febrero, descendi\u00f3 casi 6 pp y se ubic\u00f3 en 36,6%, b\u00e1sicamente por un crecimiento de la incertidumbre expresada en el \u201cno sabe\u201d (gr\u00e1fico abajo).<\/p><p><a href=\"https:\/\/delfoscba.com.ar\/\/dev\/\/wp-content\/uploads\/2024\/03\/7-1-2.jpg\"><img loading=\"lazy\" decoding=\"async\" class=\"aligncenter wp-image-15885 size-full\" src=\"https:\/\/delfoscba.com.ar\/\/dev\/\/wp-content\/uploads\/2024\/03\/7-1-2.jpg\" alt=\"\" width=\"862\" height=\"642\" srcset=\"https:\/\/delfoscba.com.ar\/dev\/wp-content\/uploads\/2024\/03\/7-1-2.jpg 862w, https:\/\/delfoscba.com.ar\/dev\/wp-content\/uploads\/2024\/03\/7-1-2-300x223.jpg 300w, https:\/\/delfoscba.com.ar\/dev\/wp-content\/uploads\/2024\/03\/7-1-2-768x572.jpg 768w\" sizes=\"(max-width: 862px) 100vw, 862px\" \/><\/a><\/p><p>Finalmente, el enfrentamiento con las provincias en febrero puso a Milei al borde de perder otro \u201cmano a mano\u201d: el informe de Zuban C\u00f3rdoba report\u00f3 un empate t\u00e9cnico entre la confianza generada por el presidente vs la de los gobernadores, 44,4% a 44,3% (gr\u00e1fico abajo).<\/p><p><a href=\"https:\/\/delfoscba.com.ar\/\/dev\/\/wp-content\/uploads\/2024\/03\/8-2.jpg\"><img loading=\"lazy\" decoding=\"async\" class=\"aligncenter wp-image-15886 size-full\" src=\"https:\/\/delfoscba.com.ar\/\/dev\/\/wp-content\/uploads\/2024\/03\/8-2.jpg\" alt=\"\" width=\"532\" height=\"944\" srcset=\"https:\/\/delfoscba.com.ar\/dev\/wp-content\/uploads\/2024\/03\/8-2.jpg 532w, https:\/\/delfoscba.com.ar\/dev\/wp-content\/uploads\/2024\/03\/8-2-169x300.jpg 169w\" sizes=\"(max-width: 532px) 100vw, 532px\" \/><\/a><\/p><p>Esto confirma lo que aseveramos en una <a href=\"https:\/\/delfoscba.com.ar\/\/dev\/\/politica\/milei-vs-gobernadores-como-impacta-el-conflicto-en-las-ultimas-mediciones\/\">nota anterior<\/a> (*) y permite ampliar el an\u00e1lisis: 1) el presidente viene perdiendo capital pol\u00edtico 2) su legitimidad de ejercicio muestra una brecha significativa con su legitimidad de origen 3) Milei comete un error al plantear su legitimidad de origen como fundamento de programa, porque los gobernadores tambi\u00e9n cuentan con la legitimidad de origen por la que fueron electos 4) la confianza en su capacidad para mejorar la econom\u00eda y para liderar pol\u00edticamente tambi\u00e9n muestran tendencias declinantes.<\/p><p>*<a href=\"https:\/\/delfoscba.com.ar\/\/dev\/\/politica\/milei-vs-gobernadores-como-impacta-el-conflicto-en-las-ultimas-mediciones\/\">https:\/\/delfoscba.com.ar\/\/dev\/\/politica\/milei-vs-gobernadores-como-impacta-el-conflicto-en-las-ultimas-mediciones\/<\/a><\/p>\t\t\t\t\t\t\t\t<\/div>\n\t\t\t\t\t<\/div>\n\t\t<\/div>\n\t\t\t\t\t<\/div>\n\t\t<\/section>\n\t\t\t\t<section class=\"elementor-section elementor-top-section elementor-element elementor-element-b28ac47 elementor-section-height-min-height elementor-section-boxed elementor-section-height-default elementor-section-items-middle\" data-id=\"b28ac47\" data-element_type=\"section\" data-e-type=\"section\" data-settings=\"{&quot;background_background&quot;:&quot;classic&quot;}\">\n\t\t\t\t\t\t\t<div class=\"elementor-background-overlay\"><\/div>\n\t\t\t\t\t\t\t<div class=\"elementor-container elementor-column-gap-default\">\n\t\t\t\t\t<div class=\"elementor-column elementor-col-100 elementor-top-column elementor-element elementor-element-88fba06\" data-id=\"88fba06\" data-element_type=\"column\" data-e-type=\"column\">\n\t\t\t<div class=\"elementor-widget-wrap elementor-element-populated\">\n\t\t\t\t\t\t<div class=\"elementor-element elementor-element-7e65226 elementor-widget elementor-widget-heading\" data-id=\"7e65226\" data-element_type=\"widget\" data-e-type=\"widget\" data-widget_type=\"heading.default\">\n\t\t\t\t\t<h2 class=\"elementor-heading-title elementor-size-large\">Seguinos en nuestras redes<\/h2>\t\t\t\t<\/div>\n\t\t\t\t<div class=\"elementor-element elementor-element-c37b7ef elementor-shape-circle e-grid-align-tablet-center e-grid-align-mobile-center e-grid-align-left elementor-grid-0 elementor-widget elementor-widget-social-icons\" data-id=\"c37b7ef\" data-element_type=\"widget\" data-e-type=\"widget\" data-widget_type=\"social-icons.default\">\n\t\t\t\t\t\t\t<div class=\"elementor-social-icons-wrapper elementor-grid\" role=\"list\">\n\t\t\t\t\t\t\t<span class=\"elementor-grid-item\" role=\"listitem\">\n\t\t\t\t\t<a class=\"elementor-icon elementor-social-icon elementor-social-icon-facebook-f elementor-repeater-item-lf5yt4c\" href=\"https:\/\/www.facebook.com\/ConsultoraDelfos\" target=\"_blank\">\n\t\t\t\t\t\t<span class=\"elementor-screen-only\">Facebook-f<\/span>\n\t\t\t\t\t\t<i aria-hidden=\"true\" class=\"fab fa-facebook-f\"><\/i>\t\t\t\t\t<\/a>\n\t\t\t\t<\/span>\n\t\t\t\t\t\t\t<span class=\"elementor-grid-item\" role=\"listitem\">\n\t\t\t\t\t<a class=\"elementor-icon elementor-social-icon elementor-social-icon-twitter elementor-repeater-item-01xie82\" href=\"https:\/\/twitter.com\/delfoscba\" target=\"_blank\">\n\t\t\t\t\t\t<span class=\"elementor-screen-only\">Twitter<\/span>\n\t\t\t\t\t\t<i aria-hidden=\"true\" class=\"fab fa-twitter\"><\/i>\t\t\t\t\t<\/a>\n\t\t\t\t<\/span>\n\t\t\t\t\t\t\t<span class=\"elementor-grid-item\" role=\"listitem\">\n\t\t\t\t\t<a class=\"elementor-icon elementor-social-icon elementor-social-icon-linkedin elementor-repeater-item-grhvqhn\" target=\"_blank\">\n\t\t\t\t\t\t<span class=\"elementor-screen-only\">Linkedin<\/span>\n\t\t\t\t\t\t<i aria-hidden=\"true\" class=\"fab fa-linkedin\"><\/i>\t\t\t\t\t<\/a>\n\t\t\t\t<\/span>\n\t\t\t\t\t<\/div>\n\t\t\t\t\t\t<\/div>\n\t\t\t\t\t<\/div>\n\t\t<\/div>\n\t\t\t\t\t<\/div>\n\t\t<\/section>\n\t\t\t\t<\/div>\n\t\t","protected":false},"excerpt":{"rendered":"<p>Repasamos encuestas nacionales y locales que monitorearon la confianza en la gesti\u00f3n nacional de distintas facetas de la realidad nacional<\/p>\n","protected":false},"author":2,"featured_media":15887,"comment_status":"open","ping_status":"open","sticky":false,"template":"","format":"standard","meta":{"_acf_changed":false,"footnotes":""},"categories":[3],"tags":[1322,1337,1180,39,1281,1153,201,40,1303,38,45,348,128,42,246,929,1335,230,1321,454,1336,978,259,569,57,188,56,1130,1320,1338,709,564,488,265,1030],"class_list":["post-15877","post","type-post","status-publish","format-standard","has-post-thumbnail","hentry","category-politica","tag-1322","tag-abril","tag-analisis","tag-argentina","tag-caputo","tag-circuitos","tag-confianza","tag-consultora","tag-consultores","tag-cordoba","tag-crisis","tag-datos","tag-delfos","tag-economia","tag-encuestas","tag-espanol","tag-estabilizar","tag-estadistica","tag-febrero","tag-fernandez","tag-fondo","tag-lla","tag-massa","tag-milei","tag-norman-berra","tag-opinion-publica","tag-politica","tag-provincias","tag-pulso-social","tag-responsable","tag-situacion","tag-social","tag-sudamerica","tag-voto","tag-zuban","et-has-post-format-content","et_post_format-et-post-format-standard"],"acf":[],"_links":{"self":[{"href":"https:\/\/delfoscba.com.ar\/dev\/wp-json\/wp\/v2\/posts\/15877","targetHints":{"allow":["GET"]}}],"collection":[{"href":"https:\/\/delfoscba.com.ar\/dev\/wp-json\/wp\/v2\/posts"}],"about":[{"href":"https:\/\/delfoscba.com.ar\/dev\/wp-json\/wp\/v2\/types\/post"}],"author":[{"embeddable":true,"href":"https:\/\/delfoscba.com.ar\/dev\/wp-json\/wp\/v2\/users\/2"}],"replies":[{"embeddable":true,"href":"https:\/\/delfoscba.com.ar\/dev\/wp-json\/wp\/v2\/comments?post=15877"}],"version-history":[{"count":4,"href":"https:\/\/delfoscba.com.ar\/dev\/wp-json\/wp\/v2\/posts\/15877\/revisions"}],"predecessor-version":[{"id":15890,"href":"https:\/\/delfoscba.com.ar\/dev\/wp-json\/wp\/v2\/posts\/15877\/revisions\/15890"}],"wp:featuredmedia":[{"embeddable":true,"href":"https:\/\/delfoscba.com.ar\/dev\/wp-json\/wp\/v2\/media\/15887"}],"wp:attachment":[{"href":"https:\/\/delfoscba.com.ar\/dev\/wp-json\/wp\/v2\/media?parent=15877"}],"wp:term":[{"taxonomy":"category","embeddable":true,"href":"https:\/\/delfoscba.com.ar\/dev\/wp-json\/wp\/v2\/categories?post=15877"},{"taxonomy":"post_tag","embeddable":true,"href":"https:\/\/delfoscba.com.ar\/dev\/wp-json\/wp\/v2\/tags?post=15877"}],"curies":[{"name":"wp","href":"https:\/\/api.w.org\/{rel}","templated":true}]}}