{"id":15965,"date":"2024-03-28T17:01:46","date_gmt":"2024-03-28T17:01:46","guid":{"rendered":"https:\/\/delfoscba.com.ar\/\/dev\/\/?p=15965"},"modified":"2024-03-28T17:04:06","modified_gmt":"2024-03-28T17:04:06","slug":"como-evoluciono-la-tolerancia-social-al-ajuste","status":"publish","type":"post","link":"https:\/\/delfoscba.com.ar\/dev\/politica\/como-evoluciono-la-tolerancia-social-al-ajuste\/","title":{"rendered":"C\u00f3mo evolucion\u00f3 la tolerancia social al ajuste"},"content":{"rendered":"\t\t<div data-elementor-type=\"wp-post\" data-elementor-id=\"15965\" class=\"elementor elementor-15965\" data-elementor-post-type=\"post\">\n\t\t\t\t\t\t<section class=\"elementor-section elementor-top-section elementor-element elementor-element-41498b4 elementor-section-height-min-height elementor-section-boxed elementor-section-height-default elementor-section-items-middle\" data-id=\"41498b4\" data-element_type=\"section\" data-e-type=\"section\" data-settings=\"{&quot;background_background&quot;:&quot;classic&quot;}\">\n\t\t\t\t\t\t\t<div class=\"elementor-background-overlay\"><\/div>\n\t\t\t\t\t\t\t<div class=\"elementor-container elementor-column-gap-no\">\n\t\t\t\t\t<div class=\"elementor-column elementor-col-100 elementor-top-column elementor-element elementor-element-a18ac89\" data-id=\"a18ac89\" data-element_type=\"column\" data-e-type=\"column\">\n\t\t\t<div class=\"elementor-widget-wrap elementor-element-populated\">\n\t\t\t\t\t\t<div class=\"elementor-element elementor-element-e493600 elementor-widget elementor-widget-heading\" data-id=\"e493600\" data-element_type=\"widget\" data-e-type=\"widget\" data-widget_type=\"heading.default\">\n\t\t\t\t\t<h2 class=\"elementor-heading-title elementor-size-large\">POL\u00cdTICA<\/h2>\t\t\t\t<\/div>\n\t\t\t\t\t<\/div>\n\t\t<\/div>\n\t\t\t\t\t<\/div>\n\t\t<\/section>\n\t\t\t\t<section class=\"elementor-section elementor-top-section elementor-element elementor-element-7dafb6e4 elementor-section-boxed elementor-section-height-default elementor-section-height-default\" data-id=\"7dafb6e4\" data-element_type=\"section\" data-e-type=\"section\">\n\t\t\t\t\t\t<div class=\"elementor-container elementor-column-gap-default\">\n\t\t\t\t\t<div class=\"elementor-column elementor-col-100 elementor-top-column elementor-element elementor-element-38ae5a14\" data-id=\"38ae5a14\" data-element_type=\"column\" data-e-type=\"column\">\n\t\t\t<div class=\"elementor-widget-wrap elementor-element-populated\">\n\t\t\t\t\t\t<div class=\"elementor-element elementor-element-f8a3207 elementor-widget elementor-widget-author-box\" data-id=\"f8a3207\" data-element_type=\"widget\" data-e-type=\"widget\" data-widget_type=\"author-box.default\">\n\t\t\t\t\t\t\t<div class=\"elementor-author-box\">\n\t\t\t\t\t\t\t<a href=\"https:\/\/delfoscba.com.ar\/\/dev\/\/nosotros\/\" class=\"elementor-author-box__avatar\">\n\t\t\t\t\t<img decoding=\"async\" src=\"https:\/\/delfoscba.com.ar\/dev\/wp-content\/uploads\/2021\/02\/norman-250x250-1.jpg\" alt=\"Picture of Norman Berra\" loading=\"lazy\">\n\t\t\t\t<\/a>\n\t\t\t\n\t\t\t<div class=\"elementor-author-box__text\">\n\t\t\t\t\t\t\t\t\t<a href=\"https:\/\/delfoscba.com.ar\/\/dev\/\/nosotros\/\">\n\t\t\t\t\t\t<h4 class=\"elementor-author-box__name\">\n\t\t\t\t\t\t\tNorman Berra\t\t\t\t\t\t<\/h4>\n\t\t\t\t\t<\/a>\n\t\t\t\t\n\t\t\t\t\t\t\t\t\t<div class=\"elementor-author-box__bio\">\n\t\t\t\t\t\t<p>L\u00edder de Proyectos<\/p>\n\t\t\t\t\t<\/div>\n\t\t\t\t\n\t\t\t\t\t\t\t<\/div>\n\t\t<\/div>\n\t\t\t\t\t\t<\/div>\n\t\t\t\t<div class=\"elementor-element elementor-element-7aefe4b4 elementor-widget elementor-widget-text-editor\" data-id=\"7aefe4b4\" data-element_type=\"widget\" data-e-type=\"widget\" data-widget_type=\"text-editor.default\">\n\t\t\t\t\t\t\t\t\t<p><a href=\"https:\/\/delfoscba.com.ar\/\/dev\/\/wp-content\/uploads\/2024\/03\/1-2-4.jpg\"><img fetchpriority=\"high\" decoding=\"async\" class=\"aligncenter wp-image-15968 size-full\" src=\"https:\/\/delfoscba.com.ar\/\/dev\/\/wp-content\/uploads\/2024\/03\/1-2-4.jpg\" alt=\"\" width=\"964\" height=\"682\" srcset=\"https:\/\/delfoscba.com.ar\/dev\/wp-content\/uploads\/2024\/03\/1-2-4.jpg 964w, https:\/\/delfoscba.com.ar\/dev\/wp-content\/uploads\/2024\/03\/1-2-4-300x212.jpg 300w, https:\/\/delfoscba.com.ar\/dev\/wp-content\/uploads\/2024\/03\/1-2-4-768x543.jpg 768w, https:\/\/delfoscba.com.ar\/dev\/wp-content\/uploads\/2024\/03\/1-2-4-400x284.jpg 400w\" sizes=\"(max-width: 964px) 100vw, 964px\" \/><\/a><\/p><p>Recientemente, el presidente Javier Milei plante\u00f3 que el pa\u00eds tocar\u00e1 piso entre marzo y abril, luego de lo cual comenzar\u00eda una mejora, por lo que resulta oportuno ver c\u00f3mo evolucion\u00f3 el aguante social al plan de ajuste implementado por su gobierno desde su asunci\u00f3n en diciembre. A fines de enero, la consultora Reale-Dalla Torre (RDT) report\u00f3 que 28% de los electores no pod\u00eda esperar nada para que el actual plan econ\u00f3mico comience a dar resultados positivos, lo que configura la primera minor\u00eda. Por otro lado, 13,5% aguantar\u00eda hasta abril; eso acumula un 41,5% cuya paciencia social estar\u00eda agotada al fin del lapso apuntado por el mandatario, perfilando una situaci\u00f3n de alto riesgo social. Luego, 16,5% podr\u00eda tolerar 6 meses y agotar\u00eda su paciencia al comenzar el segundo semestre (gr\u00e1fico arriba). As\u00ed, 58% de los electores (un caudal mayor al que vot\u00f3 a Milei en el ballotage) no tolerar\u00eda m\u00e1s all\u00e1 de julio. Por otro lado, 33% aguantar\u00eda un a\u00f1o o m\u00e1s, lo que se ubica en el mismo orden de magnitud del voto a La Libertad Avanza (LLA) en las primarias de agosto y la primera vuelta de octubre de 2023, alrededor del 30%. <a href=\"https:\/\/delfoscba.com.ar\/\/dev\/\/wp-content\/uploads\/2024\/03\/2-2-4.jpg\"><img decoding=\"async\" class=\"aligncenter wp-image-15969 size-full\" src=\"https:\/\/delfoscba.com.ar\/\/dev\/\/wp-content\/uploads\/2024\/03\/2-2-4.jpg\" alt=\"\" width=\"964\" height=\"682\" srcset=\"https:\/\/delfoscba.com.ar\/dev\/wp-content\/uploads\/2024\/03\/2-2-4.jpg 964w, https:\/\/delfoscba.com.ar\/dev\/wp-content\/uploads\/2024\/03\/2-2-4-300x212.jpg 300w, https:\/\/delfoscba.com.ar\/dev\/wp-content\/uploads\/2024\/03\/2-2-4-768x543.jpg 768w, https:\/\/delfoscba.com.ar\/dev\/wp-content\/uploads\/2024\/03\/2-2-4-400x284.jpg 400w\" sizes=\"(max-width: 964px) 100vw, 964px\" \/><\/a><\/p><p>El an\u00e1lisis por nivel socioecon\u00f3mico (NSE) revela que 50,6% de la clase baja agotar\u00eda su aguante en abril, mientras que casi 40% del nivel medio y 28,2% de la clase alta se encuentran en la misma situaci\u00f3n (gr\u00e1fico arriba). Esto implica que la vulnerabilidad crece conforme baja el NSE.<\/p><p><a href=\"https:\/\/delfoscba.com.ar\/\/dev\/\/wp-content\/uploads\/2024\/03\/3-2-4.jpg\"><img decoding=\"async\" class=\"aligncenter wp-image-15970 size-full\" src=\"https:\/\/delfoscba.com.ar\/\/dev\/\/wp-content\/uploads\/2024\/03\/3-2-4.jpg\" alt=\"\" width=\"532\" height=\"927\" srcset=\"https:\/\/delfoscba.com.ar\/dev\/wp-content\/uploads\/2024\/03\/3-2-4.jpg 532w, https:\/\/delfoscba.com.ar\/dev\/wp-content\/uploads\/2024\/03\/3-2-4-172x300.jpg 172w\" sizes=\"(max-width: 532px) 100vw, 532px\" \/><\/a><\/p><p>A fines de febrero, Taqui\u00f3n tambi\u00e9n midi\u00f3 el aguante social (gr\u00e1fico arriba); nuevamente, la primera minor\u00eda fue un 27% sin disposici\u00f3n a esperar, casi el mismo resultado que vimos en RDT. Luego, 16% podr\u00eda tolerar entre 1 y 3 meses, con lo que agotar\u00eda su paciencia entre marzo y mayo. Esto acumula 43% de electores que bajar\u00eda el pulgar antes del primer semestre. Despu\u00e9s, las respuestas se fragmentan en 11% que esperar\u00eda entre 3 y 6 meses, 16% entre 6 meses y 1 a\u00f1o, y 30% 1 a\u00f1o o m\u00e1s. Nuevamente, s\u00f3lo 30% muestra tolerancia a largo plazo, consistente con el voto duro a Milei.\u00a0<\/p><p><a href=\"https:\/\/delfoscba.com.ar\/\/dev\/\/wp-content\/uploads\/2024\/03\/4-2-4.jpg\"><img loading=\"lazy\" decoding=\"async\" class=\"aligncenter wp-image-15971 size-full\" src=\"https:\/\/delfoscba.com.ar\/\/dev\/\/wp-content\/uploads\/2024\/03\/4-2-4.jpg\" alt=\"\" width=\"668\" height=\"922\" srcset=\"https:\/\/delfoscba.com.ar\/dev\/wp-content\/uploads\/2024\/03\/4-2-4.jpg 668w, https:\/\/delfoscba.com.ar\/dev\/wp-content\/uploads\/2024\/03\/4-2-4-217x300.jpg 217w\" sizes=\"(max-width: 668px) 100vw, 668px\" \/><\/a><\/p><p>Este mes de marzo, Proyecci\u00f3n Consultores tambi\u00e9n midi\u00f3 la paciencia social: 35% dijo no estar dispuesto a esperar nada y 13,5% hasta 3 meses. As\u00ed, a fines del primer semestre habr\u00eda 48,5% de los electores cerca de un punto socialmente cr\u00edtico (gr\u00e1fico arriba). Por otro lado, 14,4% tolerar\u00eda de 3 a 6 meses (no m\u00e1s all\u00e1 de la llegada de la primavera), casi 20% entre 6 meses y un a\u00f1o y 17,3% m\u00e1s de un a\u00f1o. En este caso, el umbral de alto riesgo social se ubicar\u00eda al terminar el invierno, cuando casi 63% de los argentinos habr\u00eda agotado su tolerancia.<\/p><p><a href=\"https:\/\/delfoscba.com.ar\/\/dev\/\/wp-content\/uploads\/2024\/03\/5-2-4.jpg\"><img loading=\"lazy\" decoding=\"async\" class=\"aligncenter wp-image-15972 size-full\" src=\"https:\/\/delfoscba.com.ar\/\/dev\/\/wp-content\/uploads\/2024\/03\/5-2-4.jpg\" alt=\"\" width=\"718\" height=\"509\" srcset=\"https:\/\/delfoscba.com.ar\/dev\/wp-content\/uploads\/2024\/03\/5-2-4.jpg 718w, https:\/\/delfoscba.com.ar\/dev\/wp-content\/uploads\/2024\/03\/5-2-4-300x213.jpg 300w, https:\/\/delfoscba.com.ar\/dev\/wp-content\/uploads\/2024\/03\/5-2-4-400x284.jpg 400w\" sizes=\"(max-width: 718px) 100vw, 718px\" \/><\/a><\/p><p>Consultora Delfos tambi\u00e9n midi\u00f3 la variable en marzo: nuevamente, 35% dijo no tener margen para esperar, mientras que 12% dio un plazo de 1 a 3 meses. As\u00ed, 47% agotar\u00eda su paciencia al fin del primer semestre (gr\u00e1fico arriba). Por otro lado, 10% tolerar\u00eda de 3 a 6 meses (no m\u00e1s all\u00e1 del fin del invierno), casi 20% entre 14 meses y un a\u00f1o, y 20% m\u00e1s de un a\u00f1o. En este caso, el umbral cr\u00edtico se ubicar\u00eda al terminar la primavera para 57% de los argentinos.<\/p><p><a href=\"https:\/\/delfoscba.com.ar\/\/dev\/\/wp-content\/uploads\/2024\/03\/6-2-4.jpg\"><img loading=\"lazy\" decoding=\"async\" class=\"aligncenter wp-image-15973 size-full\" src=\"https:\/\/delfoscba.com.ar\/\/dev\/\/wp-content\/uploads\/2024\/03\/6-2-4.jpg\" alt=\"\" width=\"901\" height=\"610\" srcset=\"https:\/\/delfoscba.com.ar\/dev\/wp-content\/uploads\/2024\/03\/6-2-4.jpg 901w, https:\/\/delfoscba.com.ar\/dev\/wp-content\/uploads\/2024\/03\/6-2-4-300x203.jpg 300w, https:\/\/delfoscba.com.ar\/dev\/wp-content\/uploads\/2024\/03\/6-2-4-768x520.jpg 768w\" sizes=\"(max-width: 901px) 100vw, 901px\" \/><\/a><\/p><p>M\u00e1s all\u00e1 de los matices, los datos de estas 4 encuestas nacionales convergen en plantear dos plazos cr\u00edticos para Milei: 1) el primero se ubica entre abril y mayo, cuando un promedio de 38% de los electores agotar\u00eda su tolerancia; este es el n\u00facleo duro de resistencia al gobierno, que resulta consistente con el voto a Uni\u00f3n por la Patria en la primera vuelta presidencial de octubre (casi 37%) y que tambi\u00e9n coincide con la proporci\u00f3n de electores que cree que el presidente no podr\u00e1 finalizar sus 4 a\u00f1os de gobierno, como report\u00f3 Giacobbe a fines de enero pasado (gr\u00e1fico arriba).\u00a0 Luego, aun si sortea este umbral, aparece un segundo plazo cr\u00edtico: 2) entre julio y agosto, cuando el aguante se agotar\u00eda para m\u00e1s de la mitad de los argentinos y ya no s\u00f3lo para los opositores intensos, configurando una situaci\u00f3n de alt\u00edsimo riesgo social. En este proceso, intervienen elementos que pueden funcionar como aceleradores de la crisis versus otros que pueden ser amortiguadores. Los principales aceleradores son responsabilidad del oficialismo: un ajuste que sigue adelante m\u00e1s all\u00e1 de los reveses legislativos (mega decreto de necesidad y urgencia en zona de riesgo y proyecto de ley Bases demorado), aumentos de tarifas, despidos en la planta de empleados estatales y paralizaci\u00f3n de la obra p\u00fablica (de alto impacto en el sector construcci\u00f3n). Del lado opositor, el principal acelerador es la protesta social, que podr\u00eda desembocar en el segundo paro general nacional contra la gesti\u00f3n Milei en abril. En t\u00e9rminos de amortiguadores, hay poco: una desaceleraci\u00f3n inflacionaria a\u00fan por verse (es probable que la suba de precios de marzo sea similar o incluso superior a la de febrero) y algunas medidas paliativas, como el programa de vouchers educativos para padres o tutores con hijos en colegios privados subvencionados por el Estado nacional, la extensi\u00f3n de los plazos de registraci\u00f3n en la SUBE para demorar el impacto del aumento del transporte p\u00fablico y un plan de entrega gratuita de medicamentos entre afiliados al PAMI.<\/p>\t\t\t\t\t\t\t\t<\/div>\n\t\t\t\t\t<\/div>\n\t\t<\/div>\n\t\t\t\t\t<\/div>\n\t\t<\/section>\n\t\t\t\t<section class=\"elementor-section elementor-top-section elementor-element elementor-element-b28ac47 elementor-section-height-min-height elementor-section-boxed elementor-section-height-default elementor-section-items-middle\" data-id=\"b28ac47\" data-element_type=\"section\" data-e-type=\"section\" data-settings=\"{&quot;background_background&quot;:&quot;classic&quot;}\">\n\t\t\t\t\t\t\t<div class=\"elementor-background-overlay\"><\/div>\n\t\t\t\t\t\t\t<div class=\"elementor-container elementor-column-gap-default\">\n\t\t\t\t\t<div class=\"elementor-column elementor-col-100 elementor-top-column elementor-element elementor-element-88fba06\" data-id=\"88fba06\" data-element_type=\"column\" data-e-type=\"column\">\n\t\t\t<div class=\"elementor-widget-wrap elementor-element-populated\">\n\t\t\t\t\t\t<div class=\"elementor-element elementor-element-7e65226 elementor-widget elementor-widget-heading\" data-id=\"7e65226\" data-element_type=\"widget\" data-e-type=\"widget\" data-widget_type=\"heading.default\">\n\t\t\t\t\t<h2 class=\"elementor-heading-title elementor-size-large\">Seguinos en nuestras redes<\/h2>\t\t\t\t<\/div>\n\t\t\t\t<div class=\"elementor-element elementor-element-c37b7ef elementor-shape-circle e-grid-align-tablet-center e-grid-align-mobile-center e-grid-align-left elementor-grid-0 elementor-widget elementor-widget-social-icons\" data-id=\"c37b7ef\" data-element_type=\"widget\" data-e-type=\"widget\" data-widget_type=\"social-icons.default\">\n\t\t\t\t\t\t\t<div class=\"elementor-social-icons-wrapper elementor-grid\" role=\"list\">\n\t\t\t\t\t\t\t<span class=\"elementor-grid-item\" role=\"listitem\">\n\t\t\t\t\t<a class=\"elementor-icon elementor-social-icon elementor-social-icon-facebook-f elementor-repeater-item-lf5yt4c\" href=\"https:\/\/www.facebook.com\/ConsultoraDelfos\" target=\"_blank\">\n\t\t\t\t\t\t<span class=\"elementor-screen-only\">Facebook-f<\/span>\n\t\t\t\t\t\t<i aria-hidden=\"true\" class=\"fab fa-facebook-f\"><\/i>\t\t\t\t\t<\/a>\n\t\t\t\t<\/span>\n\t\t\t\t\t\t\t<span class=\"elementor-grid-item\" role=\"listitem\">\n\t\t\t\t\t<a class=\"elementor-icon elementor-social-icon elementor-social-icon-twitter elementor-repeater-item-01xie82\" href=\"https:\/\/twitter.com\/delfoscba\" target=\"_blank\">\n\t\t\t\t\t\t<span class=\"elementor-screen-only\">Twitter<\/span>\n\t\t\t\t\t\t<i aria-hidden=\"true\" class=\"fab fa-twitter\"><\/i>\t\t\t\t\t<\/a>\n\t\t\t\t<\/span>\n\t\t\t\t\t\t\t<span class=\"elementor-grid-item\" role=\"listitem\">\n\t\t\t\t\t<a class=\"elementor-icon elementor-social-icon elementor-social-icon-linkedin elementor-repeater-item-grhvqhn\" target=\"_blank\">\n\t\t\t\t\t\t<span class=\"elementor-screen-only\">Linkedin<\/span>\n\t\t\t\t\t\t<i aria-hidden=\"true\" class=\"fab fa-linkedin\"><\/i>\t\t\t\t\t<\/a>\n\t\t\t\t<\/span>\n\t\t\t\t\t<\/div>\n\t\t\t\t\t\t<\/div>\n\t\t\t\t\t<\/div>\n\t\t<\/div>\n\t\t\t\t\t<\/div>\n\t\t<\/section>\n\t\t\t\t<\/div>\n\t\t","protected":false},"excerpt":{"rendered":"<p>Comparaci\u00f3n de los m\u00e1rgenes de tolerancia social representados en cuatro encuestas nacionales<\/p>\n","protected":false},"author":2,"featured_media":15967,"comment_status":"open","ping_status":"open","sticky":false,"template":"","format":"standard","meta":{"_acf_changed":false,"footnotes":""},"categories":[3],"tags":[1358,1322,1357,1356,1354,1180,1359,39,40,1303,38,348,128,246,929,230,138,1289,978,1345,1355,569,57,1190,188,56,997,1317,926,488,1045,1248],"class_list":["post-15965","post","type-post","status-publish","format-standard","has-post-thumbnail","hentry","category-politica","tag-1358","tag-1322","tag-1357","tag-1356","tag-aguante","tag-analisis","tag-ano","tag-argentina","tag-consultora","tag-consultores","tag-cordoba","tag-datos","tag-delfos","tag-encuestas","tag-espanol","tag-estadistica","tag-gestion","tag-giacobbe","tag-lla","tag-marzo","tag-meses","tag-milei","tag-norman-berra","tag-nse","tag-opinion-publica","tag-politica","tag-proyeccion","tag-reale-dalla-torre","tag-socioeconomico","tag-sudamerica","tag-taquion","tag-tolerancia","et-has-post-format-content","et_post_format-et-post-format-standard"],"acf":[],"_links":{"self":[{"href":"https:\/\/delfoscba.com.ar\/dev\/wp-json\/wp\/v2\/posts\/15965","targetHints":{"allow":["GET"]}}],"collection":[{"href":"https:\/\/delfoscba.com.ar\/dev\/wp-json\/wp\/v2\/posts"}],"about":[{"href":"https:\/\/delfoscba.com.ar\/dev\/wp-json\/wp\/v2\/types\/post"}],"author":[{"embeddable":true,"href":"https:\/\/delfoscba.com.ar\/dev\/wp-json\/wp\/v2\/users\/2"}],"replies":[{"embeddable":true,"href":"https:\/\/delfoscba.com.ar\/dev\/wp-json\/wp\/v2\/comments?post=15965"}],"version-history":[{"count":5,"href":"https:\/\/delfoscba.com.ar\/dev\/wp-json\/wp\/v2\/posts\/15965\/revisions"}],"predecessor-version":[{"id":15977,"href":"https:\/\/delfoscba.com.ar\/dev\/wp-json\/wp\/v2\/posts\/15965\/revisions\/15977"}],"wp:featuredmedia":[{"embeddable":true,"href":"https:\/\/delfoscba.com.ar\/dev\/wp-json\/wp\/v2\/media\/15967"}],"wp:attachment":[{"href":"https:\/\/delfoscba.com.ar\/dev\/wp-json\/wp\/v2\/media?parent=15965"}],"wp:term":[{"taxonomy":"category","embeddable":true,"href":"https:\/\/delfoscba.com.ar\/dev\/wp-json\/wp\/v2\/categories?post=15965"},{"taxonomy":"post_tag","embeddable":true,"href":"https:\/\/delfoscba.com.ar\/dev\/wp-json\/wp\/v2\/tags?post=15965"}],"curies":[{"name":"wp","href":"https:\/\/api.w.org\/{rel}","templated":true}]}}