{"id":16018,"date":"2024-04-17T18:25:45","date_gmt":"2024-04-17T18:25:45","guid":{"rendered":"https:\/\/delfoscba.com.ar\/\/dev\/\/?p=16018"},"modified":"2024-04-17T18:29:13","modified_gmt":"2024-04-17T18:29:13","slug":"como-evoluciono-la-gestion-economica-de-milei","status":"publish","type":"post","link":"https:\/\/delfoscba.com.ar\/dev\/economia\/como-evoluciono-la-gestion-economica-de-milei\/","title":{"rendered":"C\u00f3mo evolucion\u00f3 la gesti\u00f3n econ\u00f3mica de Milei"},"content":{"rendered":"\t\t<div data-elementor-type=\"wp-post\" data-elementor-id=\"16018\" class=\"elementor elementor-16018\" data-elementor-post-type=\"post\">\n\t\t\t\t\t\t<section class=\"elementor-section elementor-top-section elementor-element elementor-element-41498b4 elementor-section-height-min-height elementor-section-boxed elementor-section-height-default elementor-section-items-middle\" data-id=\"41498b4\" data-element_type=\"section\" data-e-type=\"section\" data-settings=\"{&quot;background_background&quot;:&quot;classic&quot;}\">\n\t\t\t\t\t\t\t<div class=\"elementor-background-overlay\"><\/div>\n\t\t\t\t\t\t\t<div class=\"elementor-container elementor-column-gap-no\">\n\t\t\t\t\t<div class=\"elementor-column elementor-col-100 elementor-top-column elementor-element elementor-element-a18ac89\" data-id=\"a18ac89\" data-element_type=\"column\" data-e-type=\"column\">\n\t\t\t<div class=\"elementor-widget-wrap elementor-element-populated\">\n\t\t\t\t\t\t<div class=\"elementor-element elementor-element-e493600 elementor-widget elementor-widget-heading\" data-id=\"e493600\" data-element_type=\"widget\" data-e-type=\"widget\" data-widget_type=\"heading.default\">\n\t\t\t\t\t<h2 class=\"elementor-heading-title elementor-size-large\">POL\u00cdTICA<\/h2>\t\t\t\t<\/div>\n\t\t\t\t\t<\/div>\n\t\t<\/div>\n\t\t\t\t\t<\/div>\n\t\t<\/section>\n\t\t\t\t<section class=\"elementor-section elementor-top-section elementor-element elementor-element-7dafb6e4 elementor-section-boxed elementor-section-height-default elementor-section-height-default\" data-id=\"7dafb6e4\" data-element_type=\"section\" data-e-type=\"section\">\n\t\t\t\t\t\t<div class=\"elementor-container elementor-column-gap-default\">\n\t\t\t\t\t<div class=\"elementor-column elementor-col-100 elementor-top-column elementor-element elementor-element-38ae5a14\" data-id=\"38ae5a14\" data-element_type=\"column\" data-e-type=\"column\">\n\t\t\t<div class=\"elementor-widget-wrap elementor-element-populated\">\n\t\t\t\t\t\t<div class=\"elementor-element elementor-element-f8a3207 elementor-widget elementor-widget-author-box\" data-id=\"f8a3207\" data-element_type=\"widget\" data-e-type=\"widget\" data-widget_type=\"author-box.default\">\n\t\t\t\t\t\t\t<div class=\"elementor-author-box\">\n\t\t\t\t\t\t\t<a href=\"https:\/\/delfoscba.com.ar\/\/dev\/\/nosotros\/\" class=\"elementor-author-box__avatar\">\n\t\t\t\t\t<img decoding=\"async\" src=\"https:\/\/delfoscba.com.ar\/dev\/wp-content\/uploads\/2021\/02\/norman-250x250-1.jpg\" alt=\"Picture of Norman Berra\" loading=\"lazy\">\n\t\t\t\t<\/a>\n\t\t\t\n\t\t\t<div class=\"elementor-author-box__text\">\n\t\t\t\t\t\t\t\t\t<a href=\"https:\/\/delfoscba.com.ar\/\/dev\/\/nosotros\/\">\n\t\t\t\t\t\t<h4 class=\"elementor-author-box__name\">\n\t\t\t\t\t\t\tNorman Berra\t\t\t\t\t\t<\/h4>\n\t\t\t\t\t<\/a>\n\t\t\t\t\n\t\t\t\t\t\t\t\t\t<div class=\"elementor-author-box__bio\">\n\t\t\t\t\t\t<p>L\u00edder de Proyectos<\/p>\n\t\t\t\t\t<\/div>\n\t\t\t\t\n\t\t\t\t\t\t\t<\/div>\n\t\t<\/div>\n\t\t\t\t\t\t<\/div>\n\t\t\t\t<div class=\"elementor-element elementor-element-7aefe4b4 elementor-widget elementor-widget-text-editor\" data-id=\"7aefe4b4\" data-element_type=\"widget\" data-e-type=\"widget\" data-widget_type=\"text-editor.default\">\n\t\t\t\t\t\t\t\t\t<p><a href=\"https:\/\/delfoscba.com.ar\/\/dev\/\/wp-content\/uploads\/2024\/04\/1-3.jpg\"><img fetchpriority=\"high\" decoding=\"async\" class=\"aligncenter wp-image-16020 size-large\" src=\"https:\/\/delfoscba.com.ar\/\/dev\/\/wp-content\/uploads\/2024\/04\/1-3-1024x575.jpg\" alt=\"\" width=\"1024\" height=\"575\" srcset=\"https:\/\/delfoscba.com.ar\/dev\/wp-content\/uploads\/2024\/04\/1-3-1024x575.jpg 1024w, https:\/\/delfoscba.com.ar\/dev\/wp-content\/uploads\/2024\/04\/1-3-300x169.jpg 300w, https:\/\/delfoscba.com.ar\/dev\/wp-content\/uploads\/2024\/04\/1-3-768x431.jpg 768w, https:\/\/delfoscba.com.ar\/dev\/wp-content\/uploads\/2024\/04\/1-3-1080x607.jpg 1080w, https:\/\/delfoscba.com.ar\/dev\/wp-content\/uploads\/2024\/04\/1-3.jpg 1100w\" sizes=\"(max-width: 1024px) 100vw, 1024px\" \/><\/a><\/p><p>Con 51,6% de inflaci\u00f3n acumulada en el primer trimestre y 11% en marzo (el gobierno nacional apostaba a 10% para acercarse al objetivo de perforar los 2 d\u00edgitos), se impone un repaso de c\u00f3mo evolucion\u00f3 la evaluaci\u00f3n de la gesti\u00f3n econ\u00f3mica del presidente Javier Milei en las encuestas nacionales. Entre diciembre 2023 y enero 2024, Opinaia detect\u00f3 que las medidas econ\u00f3micas del gobierno anunciadas por el ministro Luis Caputo cedieron de una calificaci\u00f3n positiva de 49% a 44%, en tanto que la negativa creci\u00f3 de 44% a 47% (gr\u00e1fico arriba), lo que arroj\u00f3 un diferencial desfavorable de -3 puntos porcentuales al cierre del primer mes de gesti\u00f3n.\u00a0<\/p><p><a href=\"https:\/\/delfoscba.com.ar\/\/dev\/\/wp-content\/uploads\/2024\/04\/2-3.jpg\"><img decoding=\"async\" class=\"aligncenter wp-image-16021 size-full\" src=\"https:\/\/delfoscba.com.ar\/\/dev\/\/wp-content\/uploads\/2024\/04\/2-3.jpg\" alt=\"\" width=\"620\" height=\"942\" srcset=\"https:\/\/delfoscba.com.ar\/dev\/wp-content\/uploads\/2024\/04\/2-3.jpg 620w, https:\/\/delfoscba.com.ar\/dev\/wp-content\/uploads\/2024\/04\/2-3-197x300.jpg 197w\" sizes=\"(max-width: 620px) 100vw, 620px\" \/><\/a><\/p><p>En febrero, la consultora Opina midi\u00f3 la pol\u00edtica en esa materia: report\u00f3 47% positiva vs 51% de negativa (gr\u00e1fico arriba), un diferencial desfavorable de 4 puntos porcentuales (pp), en tanto que la pol\u00edtica de ayuda hacia los m\u00e1s pobres alcanz\u00f3 -6 pp, la pol\u00edtica exterior -2 pp y la de seguridad +1 pp. As\u00ed, en t\u00e9rminos comparativos y dentro de resultados magros, se ubic\u00f3 en tercer t\u00e9rmino.<\/p><p><a href=\"https:\/\/delfoscba.com.ar\/\/dev\/\/wp-content\/uploads\/2024\/04\/3-3.jpg\"><img decoding=\"async\" class=\"aligncenter wp-image-16022 size-large\" src=\"https:\/\/delfoscba.com.ar\/\/dev\/\/wp-content\/uploads\/2024\/04\/3-3-1024x576.jpg\" alt=\"\" width=\"1024\" height=\"576\" srcset=\"https:\/\/delfoscba.com.ar\/dev\/wp-content\/uploads\/2024\/04\/3-3-1024x576.jpg 1024w, https:\/\/delfoscba.com.ar\/dev\/wp-content\/uploads\/2024\/04\/3-3-300x169.jpg 300w, https:\/\/delfoscba.com.ar\/dev\/wp-content\/uploads\/2024\/04\/3-3-768x432.jpg 768w, https:\/\/delfoscba.com.ar\/dev\/wp-content\/uploads\/2024\/04\/3-3-1080x608.jpg 1080w, https:\/\/delfoscba.com.ar\/dev\/wp-content\/uploads\/2024\/04\/3-3.jpg 1212w\" sizes=\"(max-width: 1024px) 100vw, 1024px\" \/><\/a><\/p><p>Seg\u00fan la Universidad de San Andr\u00e9s (Udesa), en marzo se ubicaba como la tercera pol\u00edtica con mayor satisfacci\u00f3n, por detr\u00e1s de la exterior (41%) y de seguridad (41%), dentro de un panorama tambi\u00e9n magro: 38% vs 58% de total insatisfacci\u00f3n (gr\u00e1fico arriba). Eso arroj\u00f3 un diferencial negativo de 20 pp. Ese mismo mes, el informe de Atlas Intel report\u00f3 49% positiva (excelente + bueno) vs 46% negativa (regular + malo; gr\u00e1fico abajo) para la gesti\u00f3n econ\u00f3mica y la responsabilidad fiscal: diferencial favorable de apenas 3 pp, un empate t\u00e9cnico, que se ubic\u00f3 segunda como \u00e1rea detr\u00e1s de transparencia y lucha contra la corrupci\u00f3n. Si se suma el regular (un nivel menos intenso de malestar), el saldo queda negativo en 2 pp.<\/p><p><a href=\"https:\/\/delfoscba.com.ar\/\/dev\/\/wp-content\/uploads\/2024\/04\/4-3.jpg\"><img loading=\"lazy\" decoding=\"async\" class=\"aligncenter wp-image-16023 size-large\" src=\"https:\/\/delfoscba.com.ar\/\/dev\/\/wp-content\/uploads\/2024\/04\/4-3-1024x575.jpg\" alt=\"\" width=\"1024\" height=\"575\" srcset=\"https:\/\/delfoscba.com.ar\/dev\/wp-content\/uploads\/2024\/04\/4-3-1024x575.jpg 1024w, https:\/\/delfoscba.com.ar\/dev\/wp-content\/uploads\/2024\/04\/4-3-300x169.jpg 300w, https:\/\/delfoscba.com.ar\/dev\/wp-content\/uploads\/2024\/04\/4-3-768x431.jpg 768w, https:\/\/delfoscba.com.ar\/dev\/wp-content\/uploads\/2024\/04\/4-3-1080x607.jpg 1080w, https:\/\/delfoscba.com.ar\/dev\/wp-content\/uploads\/2024\/04\/4-3.jpg 1376w\" sizes=\"(max-width: 1024px) 100vw, 1024px\" \/><\/a><\/p><p>Entre el 5 y el 11 de abril, \u00c1gora Consultores midi\u00f3 el manejo de la econom\u00eda: 48% positivo (muy buena + buena) vs 43% negativo (mala + muy mala; gr\u00e1fico abajo), lo que arroja un diferencial favorable de 5 pp, un nuevo empate t\u00e9cnico dado el error muestral de +\/- 2,1%. En este caso, se ubic\u00f3 segunda por detr\u00e1s de la pol\u00edtica de seguridad. Se midi\u00f3 aparte el manejo de la inflaci\u00f3n: 44% positivo vs 45% negativo.\u00a0<\/p><p><a href=\"https:\/\/delfoscba.com.ar\/\/dev\/\/wp-content\/uploads\/2024\/04\/5-3.jpg\"><img loading=\"lazy\" decoding=\"async\" class=\"aligncenter wp-image-16024 size-full\" src=\"https:\/\/delfoscba.com.ar\/\/dev\/\/wp-content\/uploads\/2024\/04\/5-3.jpg\" alt=\"\" width=\"980\" height=\"549\" srcset=\"https:\/\/delfoscba.com.ar\/dev\/wp-content\/uploads\/2024\/04\/5-3.jpg 980w, https:\/\/delfoscba.com.ar\/dev\/wp-content\/uploads\/2024\/04\/5-3-300x168.jpg 300w, https:\/\/delfoscba.com.ar\/dev\/wp-content\/uploads\/2024\/04\/5-3-768x430.jpg 768w\" sizes=\"(max-width: 980px) 100vw, 980px\" \/><\/a><\/p><p>Si hacemos un promedio de esas cinco encuestas nacionales que abordaron el tema de forma comparable, el resultado de la evaluaci\u00f3n de la gesti\u00f3n econ\u00f3mica es 45,2% positiva vs 49% negativa; un diferencial desfavorable de 3,8 pp. Eso implica que el apoyo a la pol\u00edtica econ\u00f3mica se ubica 10,6 pp por debajo del voto a Milei en el ballotage (55,6%), mientras que los detractores superan al caudal obtenido por Uni\u00f3n por la Patria (UP) en la misma instancia por 4,7 pp. Esa distribuci\u00f3n de tendencias replica el resultado del relevamiento realizado por Zuban C\u00f3rdoba entre el 10 y el 11 de abril: respecto a su econom\u00eda personal, 46,4% cree que el sacrificio actual valdr\u00e1 la pena en el futuro, vs 50,6% que considera que no valdr\u00e1 la pena (gr\u00e1fico abajo).<\/p><p><a href=\"https:\/\/delfoscba.com.ar\/\/dev\/\/wp-content\/uploads\/2024\/04\/6-3.jpg\"><img loading=\"lazy\" decoding=\"async\" class=\"aligncenter wp-image-16025 size-full\" src=\"https:\/\/delfoscba.com.ar\/\/dev\/\/wp-content\/uploads\/2024\/04\/6-3.jpg\" alt=\"\" width=\"532\" height=\"927\" srcset=\"https:\/\/delfoscba.com.ar\/dev\/wp-content\/uploads\/2024\/04\/6-3.jpg 532w, https:\/\/delfoscba.com.ar\/dev\/wp-content\/uploads\/2024\/04\/6-3-172x300.jpg 172w\" sizes=\"(max-width: 532px) 100vw, 532px\" \/><\/a><\/p><p>Finalmente, entre el 4 y el 8 de abril, Proyecci\u00f3n Consultores midi\u00f3 la percepci\u00f3n del rumbo de la econom\u00eda: 40,2% lo consider\u00f3 correcto y 39,7% incorrecto (gr\u00e1fico abajo), empate t\u00e9cnico. En este caso, una elevada proporci\u00f3n de los electores (uno de cada cinco) no supo responder.<\/p><p><a href=\"https:\/\/delfoscba.com.ar\/\/dev\/\/wp-content\/uploads\/2024\/04\/7-2.jpg\"><img loading=\"lazy\" decoding=\"async\" class=\"aligncenter wp-image-16027 size-full\" src=\"https:\/\/delfoscba.com.ar\/\/dev\/\/wp-content\/uploads\/2024\/04\/7-2.jpg\" alt=\"\" width=\"668\" height=\"944\" srcset=\"https:\/\/delfoscba.com.ar\/dev\/wp-content\/uploads\/2024\/04\/7-2.jpg 668w, https:\/\/delfoscba.com.ar\/dev\/wp-content\/uploads\/2024\/04\/7-2-212x300.jpg 212w\" sizes=\"(max-width: 668px) 100vw, 668px\" \/><\/a><\/p><p>En conclusi\u00f3n: 1) al gobierno nacional no le sobra nada en la evaluaci\u00f3n de la pol\u00edtica econ\u00f3mica\u00a0 por parte de los votantes 2) la distribuci\u00f3n de tendencias es consistente con las creencias a nivel del metro cuadrado de los electores, donde el ajuste en marcha tiene un acompa\u00f1amiento no menor, pero se ubica por debajo del casi 51% que no tiene expectativas al respecto 3) esto confirma que los resultados en esa materia en la opini\u00f3n p\u00fablica hasta el momento son, en el mejor de los casos, magros.<\/p>\t\t\t\t\t\t\t\t<\/div>\n\t\t\t\t\t<\/div>\n\t\t<\/div>\n\t\t\t\t\t<\/div>\n\t\t<\/section>\n\t\t\t\t<section class=\"elementor-section elementor-top-section elementor-element elementor-element-b28ac47 elementor-section-height-min-height elementor-section-boxed elementor-section-height-default elementor-section-items-middle\" data-id=\"b28ac47\" data-element_type=\"section\" data-e-type=\"section\" data-settings=\"{&quot;background_background&quot;:&quot;classic&quot;}\">\n\t\t\t\t\t\t\t<div class=\"elementor-background-overlay\"><\/div>\n\t\t\t\t\t\t\t<div class=\"elementor-container elementor-column-gap-default\">\n\t\t\t\t\t<div class=\"elementor-column elementor-col-100 elementor-top-column elementor-element elementor-element-88fba06\" data-id=\"88fba06\" data-element_type=\"column\" data-e-type=\"column\">\n\t\t\t<div class=\"elementor-widget-wrap elementor-element-populated\">\n\t\t\t\t\t\t<div class=\"elementor-element elementor-element-7e65226 elementor-widget elementor-widget-heading\" data-id=\"7e65226\" data-element_type=\"widget\" data-e-type=\"widget\" data-widget_type=\"heading.default\">\n\t\t\t\t\t<h2 class=\"elementor-heading-title elementor-size-large\">Seguinos en nuestras redes<\/h2>\t\t\t\t<\/div>\n\t\t\t\t<div class=\"elementor-element elementor-element-c37b7ef elementor-shape-circle e-grid-align-tablet-center e-grid-align-mobile-center e-grid-align-left elementor-grid-0 elementor-widget elementor-widget-social-icons\" data-id=\"c37b7ef\" data-element_type=\"widget\" data-e-type=\"widget\" data-widget_type=\"social-icons.default\">\n\t\t\t\t\t\t\t<div class=\"elementor-social-icons-wrapper elementor-grid\" role=\"list\">\n\t\t\t\t\t\t\t<span class=\"elementor-grid-item\" role=\"listitem\">\n\t\t\t\t\t<a class=\"elementor-icon elementor-social-icon elementor-social-icon-facebook-f elementor-repeater-item-lf5yt4c\" href=\"https:\/\/www.facebook.com\/ConsultoraDelfos\" target=\"_blank\">\n\t\t\t\t\t\t<span class=\"elementor-screen-only\">Facebook-f<\/span>\n\t\t\t\t\t\t<i aria-hidden=\"true\" class=\"fab fa-facebook-f\"><\/i>\t\t\t\t\t<\/a>\n\t\t\t\t<\/span>\n\t\t\t\t\t\t\t<span class=\"elementor-grid-item\" role=\"listitem\">\n\t\t\t\t\t<a class=\"elementor-icon elementor-social-icon elementor-social-icon-twitter elementor-repeater-item-01xie82\" href=\"https:\/\/twitter.com\/delfoscba\" target=\"_blank\">\n\t\t\t\t\t\t<span class=\"elementor-screen-only\">Twitter<\/span>\n\t\t\t\t\t\t<i aria-hidden=\"true\" class=\"fab fa-twitter\"><\/i>\t\t\t\t\t<\/a>\n\t\t\t\t<\/span>\n\t\t\t\t\t\t\t<span class=\"elementor-grid-item\" role=\"listitem\">\n\t\t\t\t\t<a class=\"elementor-icon elementor-social-icon elementor-social-icon-linkedin elementor-repeater-item-grhvqhn\" target=\"_blank\">\n\t\t\t\t\t\t<span class=\"elementor-screen-only\">Linkedin<\/span>\n\t\t\t\t\t\t<i aria-hidden=\"true\" class=\"fab fa-linkedin\"><\/i>\t\t\t\t\t<\/a>\n\t\t\t\t<\/span>\n\t\t\t\t\t<\/div>\n\t\t\t\t\t\t<\/div>\n\t\t\t\t\t<\/div>\n\t\t<\/div>\n\t\t\t\t\t<\/div>\n\t\t<\/section>\n\t\t\t\t<\/div>\n\t\t","protected":false},"excerpt":{"rendered":"<p>El balance popular del supuesto punto fuerte de la gesti\u00f3n Milei, a cuatro meses de su inicio<\/p>\n","protected":false},"author":2,"featured_media":16019,"comment_status":"open","ping_status":"open","sticky":false,"template":"","format":"standard","meta":{"_acf_changed":false,"footnotes":""},"categories":[2,3],"tags":[1322,1370,39,1368,1281,40,38,348,128,710,246,929,230,538,343,138,1369,569,592,57,1033,188,1166,56,591,997,107,488,1038,1304,1030],"class_list":["post-16018","post","type-post","status-publish","format-standard","has-post-thumbnail","hentry","category-economia","category-politica","tag-1322","tag-agora-consultores","tag-argentina","tag-atlas","tag-caputo","tag-consultora","tag-cordoba","tag-datos","tag-delfos","tag-economica","tag-encuestas","tag-espanol","tag-estadistica","tag-exterior","tag-fmi","tag-gestion","tag-intel","tag-milei","tag-negativa","tag-norman-berra","tag-opinaia","tag-opinion-publica","tag-pobres","tag-politica","tag-positiva","tag-proyeccion","tag-seguridad","tag-sudamerica","tag-union-por-la-patria","tag-universidad-de-san-andres","tag-zuban","et-has-post-format-content","et_post_format-et-post-format-standard"],"acf":[],"_links":{"self":[{"href":"https:\/\/delfoscba.com.ar\/dev\/wp-json\/wp\/v2\/posts\/16018","targetHints":{"allow":["GET"]}}],"collection":[{"href":"https:\/\/delfoscba.com.ar\/dev\/wp-json\/wp\/v2\/posts"}],"about":[{"href":"https:\/\/delfoscba.com.ar\/dev\/wp-json\/wp\/v2\/types\/post"}],"author":[{"embeddable":true,"href":"https:\/\/delfoscba.com.ar\/dev\/wp-json\/wp\/v2\/users\/2"}],"replies":[{"embeddable":true,"href":"https:\/\/delfoscba.com.ar\/dev\/wp-json\/wp\/v2\/comments?post=16018"}],"version-history":[{"count":4,"href":"https:\/\/delfoscba.com.ar\/dev\/wp-json\/wp\/v2\/posts\/16018\/revisions"}],"predecessor-version":[{"id":16030,"href":"https:\/\/delfoscba.com.ar\/dev\/wp-json\/wp\/v2\/posts\/16018\/revisions\/16030"}],"wp:featuredmedia":[{"embeddable":true,"href":"https:\/\/delfoscba.com.ar\/dev\/wp-json\/wp\/v2\/media\/16019"}],"wp:attachment":[{"href":"https:\/\/delfoscba.com.ar\/dev\/wp-json\/wp\/v2\/media?parent=16018"}],"wp:term":[{"taxonomy":"category","embeddable":true,"href":"https:\/\/delfoscba.com.ar\/dev\/wp-json\/wp\/v2\/categories?post=16018"},{"taxonomy":"post_tag","embeddable":true,"href":"https:\/\/delfoscba.com.ar\/dev\/wp-json\/wp\/v2\/tags?post=16018"}],"curies":[{"name":"wp","href":"https:\/\/api.w.org\/{rel}","templated":true}]}}