{"id":16160,"date":"2024-04-29T15:10:47","date_gmt":"2024-04-29T15:10:47","guid":{"rendered":"https:\/\/delfoscba.com.ar\/\/dev\/\/?p=16160"},"modified":"2024-04-29T15:21:48","modified_gmt":"2024-04-29T15:21:48","slug":"a-dos-dias-del-1-m-las-encuestas-marcan-las-limitaciones-de-una-agenda-oficialista-que-gira-en-torno-a-la-inflacion","status":"publish","type":"post","link":"https:\/\/delfoscba.com.ar\/dev\/sociedad\/a-dos-dias-del-1-m-las-encuestas-marcan-las-limitaciones-de-una-agenda-oficialista-que-gira-en-torno-a-la-inflacion\/","title":{"rendered":"A dos d\u00edas del 1-m, las encuestas marcan las limitaciones de una agenda oficialista que gira en torno a la inflaci\u00f3n"},"content":{"rendered":"\t\t<div data-elementor-type=\"wp-post\" data-elementor-id=\"16160\" class=\"elementor elementor-16160\" data-elementor-post-type=\"post\">\n\t\t\t\t\t\t<section class=\"elementor-section elementor-top-section elementor-element elementor-element-41498b4 elementor-section-height-min-height elementor-section-boxed elementor-section-height-default elementor-section-items-middle\" data-id=\"41498b4\" data-element_type=\"section\" data-e-type=\"section\" data-settings=\"{&quot;background_background&quot;:&quot;classic&quot;}\">\n\t\t\t\t\t\t\t<div class=\"elementor-background-overlay\"><\/div>\n\t\t\t\t\t\t\t<div class=\"elementor-container elementor-column-gap-no\">\n\t\t\t\t\t<div class=\"elementor-column elementor-col-100 elementor-top-column elementor-element elementor-element-a18ac89\" data-id=\"a18ac89\" data-element_type=\"column\" data-e-type=\"column\">\n\t\t\t<div class=\"elementor-widget-wrap elementor-element-populated\">\n\t\t\t\t\t\t<div class=\"elementor-element elementor-element-e493600 elementor-widget elementor-widget-heading\" data-id=\"e493600\" data-element_type=\"widget\" data-e-type=\"widget\" data-widget_type=\"heading.default\">\n\t\t\t\t\t<h2 class=\"elementor-heading-title elementor-size-large\">SOCIEDAD<\/h2>\t\t\t\t<\/div>\n\t\t\t\t\t<\/div>\n\t\t<\/div>\n\t\t\t\t\t<\/div>\n\t\t<\/section>\n\t\t\t\t<section class=\"elementor-section elementor-top-section elementor-element elementor-element-7dafb6e4 elementor-section-boxed elementor-section-height-default elementor-section-height-default\" data-id=\"7dafb6e4\" data-element_type=\"section\" data-e-type=\"section\">\n\t\t\t\t\t\t<div class=\"elementor-container elementor-column-gap-default\">\n\t\t\t\t\t<div class=\"elementor-column elementor-col-100 elementor-top-column elementor-element elementor-element-38ae5a14\" data-id=\"38ae5a14\" data-element_type=\"column\" data-e-type=\"column\">\n\t\t\t<div class=\"elementor-widget-wrap elementor-element-populated\">\n\t\t\t\t\t\t<div class=\"elementor-element elementor-element-f8a3207 elementor-widget elementor-widget-author-box\" data-id=\"f8a3207\" data-element_type=\"widget\" data-e-type=\"widget\" data-widget_type=\"author-box.default\">\n\t\t\t\t\t\t\t<div class=\"elementor-author-box\">\n\t\t\t\t\t\t\t<a href=\"https:\/\/delfoscba.com.ar\/\/dev\/\/nosotros\/\" class=\"elementor-author-box__avatar\">\n\t\t\t\t\t<img decoding=\"async\" src=\"https:\/\/delfoscba.com.ar\/dev\/wp-content\/uploads\/2021\/02\/norman-250x250-1.jpg\" alt=\"Picture of Norman Berra\" loading=\"lazy\">\n\t\t\t\t<\/a>\n\t\t\t\n\t\t\t<div class=\"elementor-author-box__text\">\n\t\t\t\t\t\t\t\t\t<a href=\"https:\/\/delfoscba.com.ar\/\/dev\/\/nosotros\/\">\n\t\t\t\t\t\t<h4 class=\"elementor-author-box__name\">\n\t\t\t\t\t\t\tNorman Berra\t\t\t\t\t\t<\/h4>\n\t\t\t\t\t<\/a>\n\t\t\t\t\n\t\t\t\t\t\t\t\t\t<div class=\"elementor-author-box__bio\">\n\t\t\t\t\t\t<p>L\u00edder de Proyectos<\/p>\n\t\t\t\t\t<\/div>\n\t\t\t\t\n\t\t\t\t\t\t\t<\/div>\n\t\t<\/div>\n\t\t\t\t\t\t<\/div>\n\t\t\t\t<div class=\"elementor-element elementor-element-7aefe4b4 elementor-widget elementor-widget-text-editor\" data-id=\"7aefe4b4\" data-element_type=\"widget\" data-e-type=\"widget\" data-widget_type=\"text-editor.default\">\n\t\t\t\t\t\t\t\t\t<p><a href=\"https:\/\/delfoscba.com.ar\/\/dev\/\/wp-content\/uploads\/2024\/04\/1-3-2.jpg\"><img fetchpriority=\"high\" decoding=\"async\" class=\"aligncenter wp-image-16162 size-full\" src=\"https:\/\/delfoscba.com.ar\/\/dev\/\/wp-content\/uploads\/2024\/04\/1-3-2.jpg\" alt=\"\" width=\"860\" height=\"606\" srcset=\"https:\/\/delfoscba.com.ar\/dev\/wp-content\/uploads\/2024\/04\/1-3-2.jpg 860w, https:\/\/delfoscba.com.ar\/dev\/wp-content\/uploads\/2024\/04\/1-3-2-300x211.jpg 300w, https:\/\/delfoscba.com.ar\/dev\/wp-content\/uploads\/2024\/04\/1-3-2-768x541.jpg 768w\" sizes=\"(max-width: 860px) 100vw, 860px\" \/><\/a><\/p><p>La cadena nacional del pasado lunes 22 de abril confirm\u00f3 que el gobierno nacional de Javier Milei se concentra en una agenda socioecon\u00f3mica que gira en torno a la inflaci\u00f3n y a bajarla forzando el equilibrio fiscal a base de \u201clicuadora y motosierra\u201d. Al d\u00eda siguiente, la masiva, federal y transversal marcha del 23-A en defensa de las universidades p\u00fablicas puso de manifiesto la vulnerabilidad pol\u00edtica de esa definici\u00f3n monotem\u00e1tica, que las \u00faltimas encuestas ya ven\u00edan mostrando. A fines de marzo, la medici\u00f3n de Reale-Dalla Torre (RDT) arroj\u00f3 que la preocupaci\u00f3n por la inflaci\u00f3n ven\u00eda cediendo desde febrero pasado, al mismo tiempo que crec\u00edan las inquietudes por la inseguridad, la p\u00e9rdida de poder adquisitivo, el empleo, la educaci\u00f3n y la salud; en tanto, ingres\u00f3 en el top 5 la preocupaci\u00f3n por el alza de tarifas de servicios p\u00fablicos en marcha (gr\u00e1fico arriba).\u00a0<\/p><p><a href=\"https:\/\/delfoscba.com.ar\/\/dev\/\/wp-content\/uploads\/2024\/04\/2-3-2.jpg\"><img decoding=\"async\" class=\"aligncenter wp-image-16163 size-full\" src=\"https:\/\/delfoscba.com.ar\/\/dev\/\/wp-content\/uploads\/2024\/04\/2-3-2.jpg\" alt=\"\" width=\"980\" height=\"549\" srcset=\"https:\/\/delfoscba.com.ar\/dev\/wp-content\/uploads\/2024\/04\/2-3-2.jpg 980w, https:\/\/delfoscba.com.ar\/dev\/wp-content\/uploads\/2024\/04\/2-3-2-300x168.jpg 300w, https:\/\/delfoscba.com.ar\/dev\/wp-content\/uploads\/2024\/04\/2-3-2-768x430.jpg 768w\" sizes=\"(max-width: 980px) 100vw, 980px\" \/><\/a><\/p><p>Consistente con eso, la encuesta realizada por \u00c1gora consultores en abril marc\u00f3 que mientras la gesti\u00f3n del gobierno nacional respecto a la inflaci\u00f3n alcanza 44% de valoraci\u00f3n positiva vs 45% de negativa (empate t\u00e9cnico), las valoraciones en materia de educaci\u00f3n, ayuda social, salud, empleo, ingresos\/sueldos y jubilaciones resultan desfavorables (gr\u00e1fico arriba). En esos 6 \u00edtems, los saldos negativos oscilan desde un m\u00ednimo de -3 pp hasta un m\u00e1ximo de -32 pp.<\/p><p><a href=\"https:\/\/delfoscba.com.ar\/\/dev\/\/wp-content\/uploads\/2024\/04\/3-3-2.jpg\"><img decoding=\"async\" class=\"aligncenter wp-image-16164 size-full\" src=\"https:\/\/delfoscba.com.ar\/\/dev\/\/wp-content\/uploads\/2024\/04\/3-3-2.jpg\" alt=\"\" width=\"980\" height=\"549\" srcset=\"https:\/\/delfoscba.com.ar\/dev\/wp-content\/uploads\/2024\/04\/3-3-2.jpg 980w, https:\/\/delfoscba.com.ar\/dev\/wp-content\/uploads\/2024\/04\/3-3-2-300x168.jpg 300w, https:\/\/delfoscba.com.ar\/dev\/wp-content\/uploads\/2024\/04\/3-3-2-768x430.jpg 768w\" sizes=\"(max-width: 980px) 100vw, 980px\" \/><\/a><\/p><p>El mismo informe arroja que los bajos ingresos (20%) ya compiten con la inflaci\u00f3n (19%) en t\u00e9rminos de problem\u00e1ticas percibidas como principales: mientras los primeros tienden a crecer, la segunda baja (gr\u00e1fico arriba). Con mayor contundencia a\u00fan, la encuesta m\u00e1s reciente de Opina arroj\u00f3 que la desocupaci\u00f3n (30%) ya disputa la primac\u00eda con la inflaci\u00f3n (32%, gr\u00e1fico abajo). La brecha de 2 puntos porcentuales (pp) entre ambas no resulta estad\u00edsticamente significativa, y mientras que la primera viene creciendo, la preocupaci\u00f3n por la suba de precios cedi\u00f3 a partir de febrero pasado.<\/p><p><a href=\"https:\/\/delfoscba.com.ar\/\/dev\/\/wp-content\/uploads\/2024\/04\/4-3-2.jpg\"><img loading=\"lazy\" decoding=\"async\" class=\"aligncenter wp-image-16165 size-full\" src=\"https:\/\/delfoscba.com.ar\/\/dev\/\/wp-content\/uploads\/2024\/04\/4-3-2.jpg\" alt=\"\" width=\"862\" height=\"440\" srcset=\"https:\/\/delfoscba.com.ar\/dev\/wp-content\/uploads\/2024\/04\/4-3-2.jpg 862w, https:\/\/delfoscba.com.ar\/dev\/wp-content\/uploads\/2024\/04\/4-3-2-300x153.jpg 300w, https:\/\/delfoscba.com.ar\/dev\/wp-content\/uploads\/2024\/04\/4-3-2-768x392.jpg 768w\" sizes=\"(max-width: 862px) 100vw, 862px\" \/><\/a><\/p><p>De cara al 1ro de mayo que se celebra esta semana, una de las primeras mediciones en identificar el deterioro en el mercado de trabajo fue la de Atlas Intel (gr\u00e1fico abajo): respecto a noviembre de 2023 (mes del ballotage), la expectativa de empeoramiento creci\u00f3 de 22% a 52% (suba de 30 pp), mientras que la de mejor\u00eda cay\u00f3 de 50% a 41% (-9 pp).<\/p><p><a href=\"https:\/\/delfoscba.com.ar\/\/dev\/\/wp-content\/uploads\/2024\/04\/5-3-2.jpg\"><img loading=\"lazy\" decoding=\"async\" class=\"aligncenter wp-image-16166 size-full\" src=\"https:\/\/delfoscba.com.ar\/\/dev\/\/wp-content\/uploads\/2024\/04\/5-3-2.jpg\" alt=\"\" width=\"824\" height=\"464\" srcset=\"https:\/\/delfoscba.com.ar\/dev\/wp-content\/uploads\/2024\/04\/5-3-2.jpg 824w, https:\/\/delfoscba.com.ar\/dev\/wp-content\/uploads\/2024\/04\/5-3-2-300x169.jpg 300w, https:\/\/delfoscba.com.ar\/dev\/wp-content\/uploads\/2024\/04\/5-3-2-768x432.jpg 768w\" sizes=\"(max-width: 824px) 100vw, 824px\" \/><\/a><\/p><p>En la misma l\u00ednea, la encuesta nacional realizada por Delfos en abril report\u00f3 que 58% de la poblaci\u00f3n econ\u00f3micamente activa (PEA) percibi\u00f3 una disminuci\u00f3n en su trabajo o actividad en el \u00faltimo trimestre, vs 40% que no (gr\u00e1fico abajo), una proporci\u00f3n muy alta en lo que va del a\u00f1o.<\/p><p><a href=\"https:\/\/delfoscba.com.ar\/\/dev\/\/wp-content\/uploads\/2024\/04\/73.png\"><img loading=\"lazy\" decoding=\"async\" class=\"aligncenter wp-image-16034 size-large\" src=\"https:\/\/delfoscba.com.ar\/\/dev\/\/wp-content\/uploads\/2024\/04\/73-1024x726.png\" alt=\"\" width=\"1024\" height=\"726\" srcset=\"https:\/\/delfoscba.com.ar\/dev\/wp-content\/uploads\/2024\/04\/73-1024x726.png 1024w, https:\/\/delfoscba.com.ar\/dev\/wp-content\/uploads\/2024\/04\/73-300x213.png 300w, https:\/\/delfoscba.com.ar\/dev\/wp-content\/uploads\/2024\/04\/73-768x545.png 768w, https:\/\/delfoscba.com.ar\/dev\/wp-content\/uploads\/2024\/04\/73-1536x1090.png 1536w, https:\/\/delfoscba.com.ar\/dev\/wp-content\/uploads\/2024\/04\/73-400x284.png 400w, https:\/\/delfoscba.com.ar\/dev\/wp-content\/uploads\/2024\/04\/73-1080x766.png 1080w, https:\/\/delfoscba.com.ar\/dev\/wp-content\/uploads\/2024\/04\/73.png 1748w\" sizes=\"(max-width: 1024px) 100vw, 1024px\" \/><\/a><\/p><p>Sobre ese casi 60%, m\u00e1s de la mitad (55%) percibi\u00f3 mucha disminuci\u00f3n (gr\u00e1fico abajo). Eso marca la intensidad del fen\u00f3meno en la PEA, que conforma el sector socialmente m\u00e1s din\u00e1mico.<\/p><p><a href=\"https:\/\/delfoscba.com.ar\/\/dev\/\/wp-content\/uploads\/2024\/04\/74.png\"><img loading=\"lazy\" decoding=\"async\" class=\"aligncenter wp-image-16035 size-large\" src=\"https:\/\/delfoscba.com.ar\/\/dev\/\/wp-content\/uploads\/2024\/04\/74-1024x726.png\" alt=\"\" width=\"1024\" height=\"726\" srcset=\"https:\/\/delfoscba.com.ar\/dev\/wp-content\/uploads\/2024\/04\/74-1024x726.png 1024w, https:\/\/delfoscba.com.ar\/dev\/wp-content\/uploads\/2024\/04\/74-300x213.png 300w, https:\/\/delfoscba.com.ar\/dev\/wp-content\/uploads\/2024\/04\/74-768x545.png 768w, https:\/\/delfoscba.com.ar\/dev\/wp-content\/uploads\/2024\/04\/74-1536x1090.png 1536w, https:\/\/delfoscba.com.ar\/dev\/wp-content\/uploads\/2024\/04\/74-400x284.png 400w, https:\/\/delfoscba.com.ar\/dev\/wp-content\/uploads\/2024\/04\/74-1080x766.png 1080w, https:\/\/delfoscba.com.ar\/dev\/wp-content\/uploads\/2024\/04\/74.png 1748w\" sizes=\"(max-width: 1024px) 100vw, 1024px\" \/><\/a><\/p><p>En este contexto, 46% de la poblaci\u00f3n en relaci\u00f3n de dependencia dijo tener miedo de perder el trabajo, una proporci\u00f3n muy alta, en situaci\u00f3n de empate t\u00e9cnico con quienes no experimentan esa sensaci\u00f3n (gr\u00e1fico abajo). Esto marca un cambio de tendencia, ya que al cierre de la gesti\u00f3n del Frente de Todos el desempleo toc\u00f3 valores m\u00ednimos de los \u00faltimos a\u00f1os; el desaf\u00edo pasaba por la p\u00e9rdida del poder adquisitivo que afectaba tanto a asalariados formales como informales.<\/p><p><a href=\"https:\/\/delfoscba.com.ar\/\/dev\/\/wp-content\/uploads\/2024\/04\/75.png\"><img loading=\"lazy\" decoding=\"async\" class=\"aligncenter wp-image-16036 size-large\" src=\"https:\/\/delfoscba.com.ar\/\/dev\/\/wp-content\/uploads\/2024\/04\/75-1024x726.png\" alt=\"\" width=\"1024\" height=\"726\" srcset=\"https:\/\/delfoscba.com.ar\/dev\/wp-content\/uploads\/2024\/04\/75-1024x726.png 1024w, https:\/\/delfoscba.com.ar\/dev\/wp-content\/uploads\/2024\/04\/75-300x213.png 300w, https:\/\/delfoscba.com.ar\/dev\/wp-content\/uploads\/2024\/04\/75-768x545.png 768w, https:\/\/delfoscba.com.ar\/dev\/wp-content\/uploads\/2024\/04\/75-1536x1090.png 1536w, https:\/\/delfoscba.com.ar\/dev\/wp-content\/uploads\/2024\/04\/75-400x284.png 400w, https:\/\/delfoscba.com.ar\/dev\/wp-content\/uploads\/2024\/04\/75-1080x766.png 1080w, https:\/\/delfoscba.com.ar\/dev\/wp-content\/uploads\/2024\/04\/75.png 1748w\" sizes=\"(max-width: 1024px) 100vw, 1024px\" \/><\/a><\/p><p>Cuando se hace foco en el segmento de poblaci\u00f3n empleadora o cuentapropista, 44% plantea temor a tener que cerrar su negocio o empresa, o a dejar de prestar servicios (gr\u00e1fico abajo).<\/p><p><a href=\"https:\/\/delfoscba.com.ar\/\/dev\/\/wp-content\/uploads\/2024\/04\/76.png\"><img loading=\"lazy\" decoding=\"async\" class=\"aligncenter wp-image-16037 size-large\" src=\"https:\/\/delfoscba.com.ar\/\/dev\/\/wp-content\/uploads\/2024\/04\/76-1024x726.png\" alt=\"\" width=\"1024\" height=\"726\" srcset=\"https:\/\/delfoscba.com.ar\/dev\/wp-content\/uploads\/2024\/04\/76-1024x726.png 1024w, https:\/\/delfoscba.com.ar\/dev\/wp-content\/uploads\/2024\/04\/76-300x213.png 300w, https:\/\/delfoscba.com.ar\/dev\/wp-content\/uploads\/2024\/04\/76-768x545.png 768w, https:\/\/delfoscba.com.ar\/dev\/wp-content\/uploads\/2024\/04\/76-1536x1090.png 1536w, https:\/\/delfoscba.com.ar\/dev\/wp-content\/uploads\/2024\/04\/76-400x284.png 400w, https:\/\/delfoscba.com.ar\/dev\/wp-content\/uploads\/2024\/04\/76-1080x766.png 1080w, https:\/\/delfoscba.com.ar\/dev\/wp-content\/uploads\/2024\/04\/76.png 1748w\" sizes=\"(max-width: 1024px) 100vw, 1024px\" \/><\/a><\/p><p>En s\u00edntesis: 1) aunque la inflaci\u00f3n sigue al tope de la agenda social, no se trata del \u00fanico tema prioritario 2) la receta de ajuste definida por el gobierno ha reinstalado la preocupaci\u00f3n por la p\u00e9rdida de poder adquisitivo de sueldos y jubilaciones, el desempleo y la ayuda social, junto a los servicios de educaci\u00f3n y salud 3) haciendo foco en el \u00e1mbito de trabajo, las \u00faltimas mediciones marcan claramente el deterioro de la actividad en el marco de la recesi\u00f3n econ\u00f3mica, lo que genera una suba del temor a perder la fuente de ingresos 4) la agenda social no es una diana, sino un blanco m\u00f3vil; si el gobierno insiste en restringir su foco de manera monotem\u00e1tica, con la reducci\u00f3n de la inflaci\u00f3n como \u00fanico objetivo de su pol\u00edtica econ\u00f3mica, corre el riesgo de quedar desfasado con respecto a las urgencias que plantea el metro cuadrado de los electores.\u00a0<\/p>\t\t\t\t\t\t\t\t<\/div>\n\t\t\t\t\t<\/div>\n\t\t<\/div>\n\t\t\t\t\t<\/div>\n\t\t<\/section>\n\t\t\t\t<section class=\"elementor-section elementor-top-section elementor-element elementor-element-b28ac47 elementor-section-height-min-height elementor-section-boxed elementor-section-height-default elementor-section-items-middle\" data-id=\"b28ac47\" data-element_type=\"section\" data-e-type=\"section\" data-settings=\"{&quot;background_background&quot;:&quot;classic&quot;}\">\n\t\t\t\t\t\t\t<div class=\"elementor-background-overlay\"><\/div>\n\t\t\t\t\t\t\t<div class=\"elementor-container elementor-column-gap-default\">\n\t\t\t\t\t<div class=\"elementor-column elementor-col-100 elementor-top-column elementor-element elementor-element-88fba06\" data-id=\"88fba06\" data-element_type=\"column\" data-e-type=\"column\">\n\t\t\t<div class=\"elementor-widget-wrap elementor-element-populated\">\n\t\t\t\t\t\t<div class=\"elementor-element elementor-element-7e65226 elementor-widget elementor-widget-heading\" data-id=\"7e65226\" data-element_type=\"widget\" data-e-type=\"widget\" data-widget_type=\"heading.default\">\n\t\t\t\t\t<h2 class=\"elementor-heading-title elementor-size-large\">Seguinos en nuestras redes<\/h2>\t\t\t\t<\/div>\n\t\t\t\t<div class=\"elementor-element elementor-element-c37b7ef elementor-shape-circle e-grid-align-tablet-center e-grid-align-mobile-center e-grid-align-left elementor-grid-0 elementor-widget elementor-widget-social-icons\" data-id=\"c37b7ef\" data-element_type=\"widget\" data-e-type=\"widget\" data-widget_type=\"social-icons.default\">\n\t\t\t\t\t\t\t<div class=\"elementor-social-icons-wrapper elementor-grid\" role=\"list\">\n\t\t\t\t\t\t\t<span class=\"elementor-grid-item\" role=\"listitem\">\n\t\t\t\t\t<a class=\"elementor-icon elementor-social-icon elementor-social-icon-facebook-f elementor-repeater-item-lf5yt4c\" href=\"https:\/\/www.facebook.com\/ConsultoraDelfos\" target=\"_blank\">\n\t\t\t\t\t\t<span class=\"elementor-screen-only\">Facebook-f<\/span>\n\t\t\t\t\t\t<i aria-hidden=\"true\" class=\"fab fa-facebook-f\"><\/i>\t\t\t\t\t<\/a>\n\t\t\t\t<\/span>\n\t\t\t\t\t\t\t<span class=\"elementor-grid-item\" role=\"listitem\">\n\t\t\t\t\t<a class=\"elementor-icon elementor-social-icon elementor-social-icon-twitter elementor-repeater-item-01xie82\" href=\"https:\/\/twitter.com\/delfoscba\" target=\"_blank\">\n\t\t\t\t\t\t<span class=\"elementor-screen-only\">Twitter<\/span>\n\t\t\t\t\t\t<i aria-hidden=\"true\" class=\"fab fa-twitter\"><\/i>\t\t\t\t\t<\/a>\n\t\t\t\t<\/span>\n\t\t\t\t\t\t\t<span class=\"elementor-grid-item\" role=\"listitem\">\n\t\t\t\t\t<a class=\"elementor-icon elementor-social-icon elementor-social-icon-linkedin elementor-repeater-item-grhvqhn\" target=\"_blank\">\n\t\t\t\t\t\t<span class=\"elementor-screen-only\">Linkedin<\/span>\n\t\t\t\t\t\t<i aria-hidden=\"true\" class=\"fab fa-linkedin\"><\/i>\t\t\t\t\t<\/a>\n\t\t\t\t<\/span>\n\t\t\t\t\t<\/div>\n\t\t\t\t\t\t<\/div>\n\t\t\t\t\t<\/div>\n\t\t<\/div>\n\t\t\t\t\t<\/div>\n\t\t<\/section>\n\t\t\t\t<\/div>\n\t\t","protected":false},"excerpt":{"rendered":"<p>Seguimos el proceso de mutaci\u00f3n de la agenda popular a trav\u00e9s de m\u00faltiples encuestas nacionales<\/p>\n","protected":false},"author":2,"featured_media":16161,"comment_status":"open","ping_status":"open","sticky":false,"template":"","format":"standard","meta":{"_acf_changed":false,"footnotes":""},"categories":[4],"tags":[1322,1381,349,39,1152,40,38,348,128,246,929,230,145,43,916,569,57,1347,188,327,56,785,1317,553,488,112],"class_list":["post-16160","post","type-post","status-publish","format-standard","has-post-thumbnail","hentry","category-sociedad","tag-1322","tag-agora","tag-ajuste","tag-argentina","tag-atlas-intel","tag-consultora","tag-cordoba","tag-datos","tag-delfos","tag-encuestas","tag-espanol","tag-estadistica","tag-inflacion","tag-ingresos","tag-inseguridad","tag-milei","tag-norman-berra","tag-opina","tag-opinion-publica","tag-poder-adquisitivo","tag-politica","tag-publica","tag-reale-dalla-torre","tag-salarios","tag-sudamerica","tag-trabajo","et-has-post-format-content","et_post_format-et-post-format-standard"],"acf":[],"_links":{"self":[{"href":"https:\/\/delfoscba.com.ar\/dev\/wp-json\/wp\/v2\/posts\/16160","targetHints":{"allow":["GET"]}}],"collection":[{"href":"https:\/\/delfoscba.com.ar\/dev\/wp-json\/wp\/v2\/posts"}],"about":[{"href":"https:\/\/delfoscba.com.ar\/dev\/wp-json\/wp\/v2\/types\/post"}],"author":[{"embeddable":true,"href":"https:\/\/delfoscba.com.ar\/dev\/wp-json\/wp\/v2\/users\/2"}],"replies":[{"embeddable":true,"href":"https:\/\/delfoscba.com.ar\/dev\/wp-json\/wp\/v2\/comments?post=16160"}],"version-history":[{"count":4,"href":"https:\/\/delfoscba.com.ar\/dev\/wp-json\/wp\/v2\/posts\/16160\/revisions"}],"predecessor-version":[{"id":16174,"href":"https:\/\/delfoscba.com.ar\/dev\/wp-json\/wp\/v2\/posts\/16160\/revisions\/16174"}],"wp:featuredmedia":[{"embeddable":true,"href":"https:\/\/delfoscba.com.ar\/dev\/wp-json\/wp\/v2\/media\/16161"}],"wp:attachment":[{"href":"https:\/\/delfoscba.com.ar\/dev\/wp-json\/wp\/v2\/media?parent=16160"}],"wp:term":[{"taxonomy":"category","embeddable":true,"href":"https:\/\/delfoscba.com.ar\/dev\/wp-json\/wp\/v2\/categories?post=16160"},{"taxonomy":"post_tag","embeddable":true,"href":"https:\/\/delfoscba.com.ar\/dev\/wp-json\/wp\/v2\/tags?post=16160"}],"curies":[{"name":"wp","href":"https:\/\/api.w.org\/{rel}","templated":true}]}}