{"id":16179,"date":"2024-05-13T19:12:53","date_gmt":"2024-05-13T19:12:53","guid":{"rendered":"https:\/\/delfoscba.com.ar\/\/dev\/\/?p=16179"},"modified":"2024-05-13T19:19:28","modified_gmt":"2024-05-13T19:19:28","slug":"tras-el-paro-y-con-el-proyecto-bases-en-debate-como-se-reconfigura-la-oposicion","status":"publish","type":"post","link":"https:\/\/delfoscba.com.ar\/dev\/politica\/tras-el-paro-y-con-el-proyecto-bases-en-debate-como-se-reconfigura-la-oposicion\/","title":{"rendered":"Tras el paro y con el proyecto bases en debate, c\u00f3mo se reconfigura la oposici\u00f3n"},"content":{"rendered":"\t\t<div data-elementor-type=\"wp-post\" data-elementor-id=\"16179\" class=\"elementor elementor-16179\" data-elementor-post-type=\"post\">\n\t\t\t\t\t\t<section class=\"elementor-section elementor-top-section elementor-element elementor-element-41498b4 elementor-section-height-min-height elementor-section-boxed elementor-section-height-default elementor-section-items-middle\" data-id=\"41498b4\" data-element_type=\"section\" data-e-type=\"section\" data-settings=\"{&quot;background_background&quot;:&quot;classic&quot;}\">\n\t\t\t\t\t\t\t<div class=\"elementor-background-overlay\"><\/div>\n\t\t\t\t\t\t\t<div class=\"elementor-container elementor-column-gap-no\">\n\t\t\t\t\t<div class=\"elementor-column elementor-col-100 elementor-top-column elementor-element elementor-element-a18ac89\" data-id=\"a18ac89\" data-element_type=\"column\" data-e-type=\"column\">\n\t\t\t<div class=\"elementor-widget-wrap elementor-element-populated\">\n\t\t\t\t\t\t<div class=\"elementor-element elementor-element-e493600 elementor-widget elementor-widget-heading\" data-id=\"e493600\" data-element_type=\"widget\" data-e-type=\"widget\" data-widget_type=\"heading.default\">\n\t\t\t\t\t<h2 class=\"elementor-heading-title elementor-size-large\">POL\u00cdTICA<\/h2>\t\t\t\t<\/div>\n\t\t\t\t\t<\/div>\n\t\t<\/div>\n\t\t\t\t\t<\/div>\n\t\t<\/section>\n\t\t\t\t<section class=\"elementor-section elementor-top-section elementor-element elementor-element-7dafb6e4 elementor-section-boxed elementor-section-height-default elementor-section-height-default\" data-id=\"7dafb6e4\" data-element_type=\"section\" data-e-type=\"section\">\n\t\t\t\t\t\t<div class=\"elementor-container elementor-column-gap-default\">\n\t\t\t\t\t<div class=\"elementor-column elementor-col-100 elementor-top-column elementor-element elementor-element-38ae5a14\" data-id=\"38ae5a14\" data-element_type=\"column\" data-e-type=\"column\">\n\t\t\t<div class=\"elementor-widget-wrap elementor-element-populated\">\n\t\t\t\t\t\t<div class=\"elementor-element elementor-element-f8a3207 elementor-widget elementor-widget-author-box\" data-id=\"f8a3207\" data-element_type=\"widget\" data-e-type=\"widget\" data-widget_type=\"author-box.default\">\n\t\t\t\t\t\t\t<div class=\"elementor-author-box\">\n\t\t\t\t\t\t\t<a href=\"https:\/\/delfoscba.com.ar\/\/dev\/\/nosotros\/\" class=\"elementor-author-box__avatar\">\n\t\t\t\t\t<img decoding=\"async\" src=\"https:\/\/delfoscba.com.ar\/dev\/wp-content\/uploads\/2021\/02\/norman-250x250-1.jpg\" alt=\"Picture of Norman Berra\" loading=\"lazy\">\n\t\t\t\t<\/a>\n\t\t\t\n\t\t\t<div class=\"elementor-author-box__text\">\n\t\t\t\t\t\t\t\t\t<a href=\"https:\/\/delfoscba.com.ar\/\/dev\/\/nosotros\/\">\n\t\t\t\t\t\t<h4 class=\"elementor-author-box__name\">\n\t\t\t\t\t\t\tNorman Berra\t\t\t\t\t\t<\/h4>\n\t\t\t\t\t<\/a>\n\t\t\t\t\n\t\t\t\t\t\t\t\t\t<div class=\"elementor-author-box__bio\">\n\t\t\t\t\t\t<p>L\u00edder de Proyectos<\/p>\n\t\t\t\t\t<\/div>\n\t\t\t\t\n\t\t\t\t\t\t\t<\/div>\n\t\t<\/div>\n\t\t\t\t\t\t<\/div>\n\t\t\t\t<div class=\"elementor-element elementor-element-7aefe4b4 elementor-widget elementor-widget-text-editor\" data-id=\"7aefe4b4\" data-element_type=\"widget\" data-e-type=\"widget\" data-widget_type=\"text-editor.default\">\n\t\t\t\t\t\t\t\t\t<p><a href=\"https:\/\/delfoscba.com.ar\/\/dev\/\/wp-content\/uploads\/2024\/05\/1-3.jpg\"><img fetchpriority=\"high\" decoding=\"async\" class=\"aligncenter wp-image-16180 size-full\" src=\"https:\/\/delfoscba.com.ar\/\/dev\/\/wp-content\/uploads\/2024\/05\/1-3.jpg\" alt=\"\" width=\"736\" height=\"412\" srcset=\"https:\/\/delfoscba.com.ar\/dev\/wp-content\/uploads\/2024\/05\/1-3.jpg 736w, https:\/\/delfoscba.com.ar\/dev\/wp-content\/uploads\/2024\/05\/1-3-300x168.jpg 300w\" sizes=\"(max-width: 736px) 100vw, 736px\" \/><\/a><\/p><p>La contundencia del segundo paro nacional en 5 meses de gesti\u00f3n nacional coincidi\u00f3 con un proyecto de ley \u201cBases\u201d (antes conocido como \u201c\u00d3mnibus\u201d) empantanado en el Senado nacional. La media sanci\u00f3n de la C\u00e1mara de Diputados perfil\u00f3 el tablero pol\u00edtico de un modo n\u00edtido y traz\u00f3 claves de cara a la reconfiguraci\u00f3n de la oposici\u00f3n. La reciente medici\u00f3n de consultora Pulso arroj\u00f3 un acuerdo de 35,5% vs un desacuerdo de 42,4% (gr\u00e1fico arriba), lo que ubica al apoyo al paquete por encima del voto duro de La Libertad Avanza (LLA) en las primarias de agosto y la primera vuelta de octubre, pero casi 7 puntos porcentuales por detr\u00e1s de los detractores, que est\u00e1n en el mismo orden de magnitud del voto a Uni\u00f3n por la Patria (UP) en el ballotage de noviembre de 2023 (44,35%).<\/p><p><a href=\"https:\/\/delfoscba.com.ar\/\/dev\/\/wp-content\/uploads\/2024\/05\/2-3.jpg\"><img decoding=\"async\" class=\"aligncenter wp-image-16181 size-large\" src=\"https:\/\/delfoscba.com.ar\/\/dev\/\/wp-content\/uploads\/2024\/05\/2-3-1024x767.jpg\" alt=\"\" width=\"1024\" height=\"767\" srcset=\"https:\/\/delfoscba.com.ar\/dev\/wp-content\/uploads\/2024\/05\/2-3-1024x767.jpg 1024w, https:\/\/delfoscba.com.ar\/dev\/wp-content\/uploads\/2024\/05\/2-3-300x225.jpg 300w, https:\/\/delfoscba.com.ar\/dev\/wp-content\/uploads\/2024\/05\/2-3-768x575.jpg 768w, https:\/\/delfoscba.com.ar\/dev\/wp-content\/uploads\/2024\/05\/2-3-1080x809.jpg 1080w, https:\/\/delfoscba.com.ar\/dev\/wp-content\/uploads\/2024\/05\/2-3.jpg 1100w\" sizes=\"(max-width: 1024px) 100vw, 1024px\" \/><\/a><\/p><p>Consultora Circuitos cerr\u00f3 su encuesta el 27 de abril; aunque midi\u00f3 de manera m\u00e1s general el acuerdo con el paquete de medidas del presidente Milei (que forman el proyecto \u201cBases\u201d junto con el Decreto de Necesidad y Urgencia 70\/23), nuevamente report\u00f3 un desacuerdo de 42%, vs un acuerdo de 41,9% (gr\u00e1fico arriba). As\u00ed, la oposici\u00f3n claramente fideliza a los electores que no votaron a Milei en el ballotage, mientras que el apoyo promedia 38,7%. Sin embargo, esa distribuci\u00f3n de tendencias no se reflej\u00f3 en Diputados, que mostr\u00f3 una ampliaci\u00f3n del panorama de aliados a LLA (que aport\u00f3 37 votos): el PRO (36 votos), la mayor parte de la UCR (30 votos), el bloque Hacemos Coalici\u00f3n Federal (HCF, 18), 3 del bloque MID (desprendimiento de LLA), 3 del bloque Independencia (responden al gobernador tucumano Osvaldo Jaldo), 8 de Innovaci\u00f3n Federal, m\u00e1s 7 votos de bloques m\u00e1s peque\u00f1os o unipersonales. Votaron en contra 98 de los 99 miembros del bloque UP, 5 de la izquierda y 3 de HCF (entre ellos, la cordobesa Natalia de la Sota). La UCR merece un p\u00e1rrafo aparte, pues por fuera de los radicales aliados al gobierno hubo 4 abstenciones (entre ellas, el fallido precandidato presidencial de 2023, Facundo Manes). Los llamados opositores \u201cdialoguistas\u201d votaron como colectora del oficialismo, mientras que UP form\u00f3 la columna vertebral del rechazo, junto con la izquierda y referentes cr\u00edticos que votaron en sentido contrario a sus bloques, d\u00e1ndole representaci\u00f3n a esa oposici\u00f3n que ronda el 42% en el promedio de las encuestas.\u00a0<\/p><p><a href=\"https:\/\/delfoscba.com.ar\/\/dev\/\/wp-content\/uploads\/2024\/05\/3-3.jpg\"><img decoding=\"async\" class=\"aligncenter wp-image-16182 size-large\" src=\"https:\/\/delfoscba.com.ar\/\/dev\/\/wp-content\/uploads\/2024\/05\/3-3-1024x767.jpg\" alt=\"\" width=\"1024\" height=\"767\" srcset=\"https:\/\/delfoscba.com.ar\/dev\/wp-content\/uploads\/2024\/05\/3-3-1024x767.jpg 1024w, https:\/\/delfoscba.com.ar\/dev\/wp-content\/uploads\/2024\/05\/3-3-300x225.jpg 300w, https:\/\/delfoscba.com.ar\/dev\/wp-content\/uploads\/2024\/05\/3-3-768x575.jpg 768w, https:\/\/delfoscba.com.ar\/dev\/wp-content\/uploads\/2024\/05\/3-3-1080x809.jpg 1080w, https:\/\/delfoscba.com.ar\/dev\/wp-content\/uploads\/2024\/05\/3-3.jpg 1100w\" sizes=\"(max-width: 1024px) 100vw, 1024px\" \/><\/a><\/p><p>As\u00ed, resulta clave sondear qui\u00e9n puede capitalizar mejor ese caudal de cara a los futuros turnos electorales. El \u00faltimo informe de Circuitos reporta paridad entre el candidato presidencial de UP en 2023, Sergio Massa, y el reelecto gobernador de Provincia de Buenos Aires (PBA), Axel Kicillof: 24,5% vs 23,2% (gr\u00e1fico arriba), brecha de 1,3 puntos porcentuales estad\u00edsticamente no significativa que implica un empate t\u00e9cnico. Luego, disputan el segundo pelot\u00f3n CFK (casi 14%), el ex candidato presidencial Guillermo Moreno (casi 12%) y el radical Mart\u00edn Lousteau (11,2%), que tiene en el Senado la oportunidad para reforzar su perfil opositor que Manes desaprovech\u00f3 en Diputados. La ex candidata presidencial de la izquierda, Myriam Bregman, roza el 6%.<\/p><p><a href=\"https:\/\/delfoscba.com.ar\/\/dev\/\/wp-content\/uploads\/2024\/05\/4-3.jpg\"><img loading=\"lazy\" decoding=\"async\" class=\"aligncenter wp-image-16183 size-full\" src=\"https:\/\/delfoscba.com.ar\/\/dev\/\/wp-content\/uploads\/2024\/05\/4-3.jpg\" alt=\"\" width=\"508\" height=\"704\" srcset=\"https:\/\/delfoscba.com.ar\/dev\/wp-content\/uploads\/2024\/05\/4-3.jpg 508w, https:\/\/delfoscba.com.ar\/dev\/wp-content\/uploads\/2024\/05\/4-3-216x300.jpg 216w\" sizes=\"(max-width: 508px) 100vw, 508px\" \/><\/a><\/p><p>En vez de medir con respuesta \u00fanica, Proyecci\u00f3n Consultores habilit\u00f3 m\u00faltiple respuesta en su \u00faltima encuesta: en este caso, Kicillof (casi 33%) duplic\u00f3 a Massa (16,6%), mientras que Leandro Santoro (14,4%), tambi\u00e9n de UP, se meti\u00f3 en el top 3, pero sin CFK entre las opciones.<\/p><p><a href=\"https:\/\/delfoscba.com.ar\/\/dev\/\/wp-content\/uploads\/2024\/05\/5-3.jpg\"><img loading=\"lazy\" decoding=\"async\" class=\"aligncenter wp-image-16184 size-full\" src=\"https:\/\/delfoscba.com.ar\/\/dev\/\/wp-content\/uploads\/2024\/05\/5-3.jpg\" alt=\"\" width=\"508\" height=\"712\" srcset=\"https:\/\/delfoscba.com.ar\/dev\/wp-content\/uploads\/2024\/05\/5-3.jpg 508w, https:\/\/delfoscba.com.ar\/dev\/wp-content\/uploads\/2024\/05\/5-3-214x300.jpg 214w\" sizes=\"(max-width: 508px) 100vw, 508px\" \/><\/a><\/p><p>Si pasamos de las encuestas al monitoreo de redes sociales, entre los gobernadores m\u00e1s mencionados el Interbar\u00f3metro de CIGOB ubica a Kicillof como l\u00edder, con casi 55% y muy lejos de los dem\u00e1s (gr\u00e1fico arriba). Al medir actores de la oposici\u00f3n, el mismo informe arroja un empate t\u00e9cnico entre CFK (17,5%) y el gobernador de PBA (casi 16%; gr\u00e1fico abajo).<\/p><p><a href=\"https:\/\/delfoscba.com.ar\/\/dev\/\/wp-content\/uploads\/2024\/05\/6-3.jpg\"><img loading=\"lazy\" decoding=\"async\" class=\"aligncenter wp-image-16185 size-full\" src=\"https:\/\/delfoscba.com.ar\/\/dev\/\/wp-content\/uploads\/2024\/05\/6-3.jpg\" alt=\"\" width=\"508\" height=\"713\" srcset=\"https:\/\/delfoscba.com.ar\/dev\/wp-content\/uploads\/2024\/05\/6-3.jpg 508w, https:\/\/delfoscba.com.ar\/dev\/wp-content\/uploads\/2024\/05\/6-3-214x300.jpg 214w\" sizes=\"(max-width: 508px) 100vw, 508px\" \/><\/a><\/p><p>En la misma l\u00ednea, el monitoreo de redes sociales de Ad hoc ratifica el liderazgo de Kicillof en t\u00e9rminos de menciones y sentimientos positivos, de la mano de su gesti\u00f3n y su acompa\u00f1amiento a la marcha universitaria del pasado 23 de abril (gr\u00e1fico abajo).<\/p><p><a href=\"https:\/\/delfoscba.com.ar\/\/dev\/\/wp-content\/uploads\/2024\/05\/7-2.jpg\"><img loading=\"lazy\" decoding=\"async\" class=\"aligncenter wp-image-16186 size-full\" src=\"https:\/\/delfoscba.com.ar\/\/dev\/\/wp-content\/uploads\/2024\/05\/7-2.jpg\" alt=\"\" width=\"492\" height=\"932\" srcset=\"https:\/\/delfoscba.com.ar\/dev\/wp-content\/uploads\/2024\/05\/7-2.jpg 492w, https:\/\/delfoscba.com.ar\/dev\/wp-content\/uploads\/2024\/05\/7-2-158x300.jpg 158w\" sizes=\"(max-width: 492px) 100vw, 492px\" \/><\/a><\/p><p>En pleno debate del proyecto de ley \u201cBases\u201d en el Senado, el gobernador de PBA fue el primero en posicionarse para traccionar un rechazo, y esta semana tambi\u00e9n se pronunci\u00f3 abiertamente en favor del paro general. En s\u00edntesis, cinco datos recientes de cuatro mediciones distintas lo ubican en una posici\u00f3n ventajosa en la disputa por el liderazgo opositor. Adem\u00e1s, Kicillof tiene una ventaja extra sobre los dem\u00e1s mandatarios, ya que gobierna la \u00fanica provincia de gran peso electoral donde UP le gan\u00f3 el ballotage a LLA, condici\u00f3n que no ostenta ninguna otra figura con visibilidad nacional (gr\u00e1fico abajo).<\/p><p><a href=\"https:\/\/delfoscba.com.ar\/\/dev\/\/wp-content\/uploads\/2024\/05\/8.jpg\"><img loading=\"lazy\" decoding=\"async\" class=\"aligncenter wp-image-16187 size-full\" src=\"https:\/\/delfoscba.com.ar\/\/dev\/\/wp-content\/uploads\/2024\/05\/8.jpg\" alt=\"\" width=\"400\" height=\"400\" srcset=\"https:\/\/delfoscba.com.ar\/dev\/wp-content\/uploads\/2024\/05\/8.jpg 400w, https:\/\/delfoscba.com.ar\/dev\/wp-content\/uploads\/2024\/05\/8-300x300.jpg 300w, https:\/\/delfoscba.com.ar\/dev\/wp-content\/uploads\/2024\/05\/8-150x150.jpg 150w\" sizes=\"(max-width: 400px) 100vw, 400px\" \/><\/a><\/p>\t\t\t\t\t\t\t\t<\/div>\n\t\t\t\t\t<\/div>\n\t\t<\/div>\n\t\t\t\t\t<\/div>\n\t\t<\/section>\n\t\t\t\t<section class=\"elementor-section elementor-top-section elementor-element elementor-element-b28ac47 elementor-section-height-min-height elementor-section-boxed elementor-section-height-default elementor-section-items-middle\" data-id=\"b28ac47\" data-element_type=\"section\" data-e-type=\"section\" data-settings=\"{&quot;background_background&quot;:&quot;classic&quot;}\">\n\t\t\t\t\t\t\t<div class=\"elementor-background-overlay\"><\/div>\n\t\t\t\t\t\t\t<div class=\"elementor-container elementor-column-gap-default\">\n\t\t\t\t\t<div class=\"elementor-column elementor-col-100 elementor-top-column elementor-element elementor-element-88fba06\" data-id=\"88fba06\" data-element_type=\"column\" data-e-type=\"column\">\n\t\t\t<div class=\"elementor-widget-wrap elementor-element-populated\">\n\t\t\t\t\t\t<div class=\"elementor-element elementor-element-7e65226 elementor-widget elementor-widget-heading\" data-id=\"7e65226\" data-element_type=\"widget\" data-e-type=\"widget\" data-widget_type=\"heading.default\">\n\t\t\t\t\t<h2 class=\"elementor-heading-title elementor-size-large\">Seguinos en nuestras redes<\/h2>\t\t\t\t<\/div>\n\t\t\t\t<div class=\"elementor-element elementor-element-c37b7ef elementor-shape-circle e-grid-align-tablet-center e-grid-align-mobile-center e-grid-align-left elementor-grid-0 elementor-widget elementor-widget-social-icons\" data-id=\"c37b7ef\" data-element_type=\"widget\" data-e-type=\"widget\" data-widget_type=\"social-icons.default\">\n\t\t\t\t\t\t\t<div class=\"elementor-social-icons-wrapper elementor-grid\" role=\"list\">\n\t\t\t\t\t\t\t<span class=\"elementor-grid-item\" role=\"listitem\">\n\t\t\t\t\t<a class=\"elementor-icon elementor-social-icon elementor-social-icon-facebook-f elementor-repeater-item-lf5yt4c\" href=\"https:\/\/www.facebook.com\/ConsultoraDelfos\" target=\"_blank\">\n\t\t\t\t\t\t<span class=\"elementor-screen-only\">Facebook-f<\/span>\n\t\t\t\t\t\t<i aria-hidden=\"true\" class=\"fab fa-facebook-f\"><\/i>\t\t\t\t\t<\/a>\n\t\t\t\t<\/span>\n\t\t\t\t\t\t\t<span class=\"elementor-grid-item\" role=\"listitem\">\n\t\t\t\t\t<a class=\"elementor-icon elementor-social-icon elementor-social-icon-twitter elementor-repeater-item-01xie82\" href=\"https:\/\/twitter.com\/delfoscba\" target=\"_blank\">\n\t\t\t\t\t\t<span class=\"elementor-screen-only\">Twitter<\/span>\n\t\t\t\t\t\t<i aria-hidden=\"true\" class=\"fab fa-twitter\"><\/i>\t\t\t\t\t<\/a>\n\t\t\t\t<\/span>\n\t\t\t\t\t\t\t<span class=\"elementor-grid-item\" role=\"listitem\">\n\t\t\t\t\t<a class=\"elementor-icon elementor-social-icon elementor-social-icon-linkedin elementor-repeater-item-grhvqhn\" target=\"_blank\">\n\t\t\t\t\t\t<span class=\"elementor-screen-only\">Linkedin<\/span>\n\t\t\t\t\t\t<i aria-hidden=\"true\" class=\"fab fa-linkedin\"><\/i>\t\t\t\t\t<\/a>\n\t\t\t\t<\/span>\n\t\t\t\t\t<\/div>\n\t\t\t\t\t\t<\/div>\n\t\t\t\t\t<\/div>\n\t\t<\/div>\n\t\t\t\t\t<\/div>\n\t\t<\/section>\n\t\t\t\t<\/div>\n\t\t","protected":false},"excerpt":{"rendered":"<p>Abordamos los niveles de acuerdo con las propuestas oficialistas y los apoyos que recaban referentes de la oposici\u00f3n en su proceso de reconfiguraci\u00f3n<\/p>\n","protected":false},"author":2,"featured_media":16188,"comment_status":"open","ping_status":"open","sticky":false,"template":"","format":"standard","meta":{"_acf_changed":false,"footnotes":""},"categories":[3],"tags":[1322,1242,39,1313,1383,1153,40,38,348,128,269,246,929,230,415,977,1382,1287,259,569,57,644,188,355,56,997,270,488,395,1038],"class_list":["post-16179","post","type-post","status-publish","format-standard","has-post-thumbnail","hentry","category-politica","tag-1322","tag-ad-hoc","tag-argentina","tag-bases","tag-cigob","tag-circuitos","tag-consultora","tag-cordoba","tag-datos","tag-delfos","tag-diputados","tag-encuestas","tag-espanol","tag-estadistica","tag-kicillof","tag-la-libertad-avanza","tag-la-sastreria","tag-ley","tag-massa","tag-milei","tag-norman-berra","tag-omnibus","tag-opinion-publica","tag-oposicion","tag-politica","tag-proyeccion","tag-senadores","tag-sudamerica","tag-ucr","tag-union-por-la-patria","et-has-post-format-content","et_post_format-et-post-format-standard"],"acf":[],"_links":{"self":[{"href":"https:\/\/delfoscba.com.ar\/dev\/wp-json\/wp\/v2\/posts\/16179","targetHints":{"allow":["GET"]}}],"collection":[{"href":"https:\/\/delfoscba.com.ar\/dev\/wp-json\/wp\/v2\/posts"}],"about":[{"href":"https:\/\/delfoscba.com.ar\/dev\/wp-json\/wp\/v2\/types\/post"}],"author":[{"embeddable":true,"href":"https:\/\/delfoscba.com.ar\/dev\/wp-json\/wp\/v2\/users\/2"}],"replies":[{"embeddable":true,"href":"https:\/\/delfoscba.com.ar\/dev\/wp-json\/wp\/v2\/comments?post=16179"}],"version-history":[{"count":5,"href":"https:\/\/delfoscba.com.ar\/dev\/wp-json\/wp\/v2\/posts\/16179\/revisions"}],"predecessor-version":[{"id":16193,"href":"https:\/\/delfoscba.com.ar\/dev\/wp-json\/wp\/v2\/posts\/16179\/revisions\/16193"}],"wp:featuredmedia":[{"embeddable":true,"href":"https:\/\/delfoscba.com.ar\/dev\/wp-json\/wp\/v2\/media\/16188"}],"wp:attachment":[{"href":"https:\/\/delfoscba.com.ar\/dev\/wp-json\/wp\/v2\/media?parent=16179"}],"wp:term":[{"taxonomy":"category","embeddable":true,"href":"https:\/\/delfoscba.com.ar\/dev\/wp-json\/wp\/v2\/categories?post=16179"},{"taxonomy":"post_tag","embeddable":true,"href":"https:\/\/delfoscba.com.ar\/dev\/wp-json\/wp\/v2\/tags?post=16179"}],"curies":[{"name":"wp","href":"https:\/\/api.w.org\/{rel}","templated":true}]}}