{"id":16256,"date":"2024-06-11T10:23:31","date_gmt":"2024-06-11T10:23:31","guid":{"rendered":"https:\/\/delfoscba.com.ar\/\/dev\/\/?p=16256"},"modified":"2024-06-11T10:26:39","modified_gmt":"2024-06-11T10:26:39","slug":"la-aprobacion-de-la-gestion-de-milei-en-las-ultimas-encuestas-nacionales","status":"publish","type":"post","link":"https:\/\/delfoscba.com.ar\/dev\/politica\/la-aprobacion-de-la-gestion-de-milei-en-las-ultimas-encuestas-nacionales\/","title":{"rendered":"La aprobaci\u00f3n de la gesti\u00f3n de Milei en las \u00faltimas encuestas nacionales"},"content":{"rendered":"\t\t<div data-elementor-type=\"wp-post\" data-elementor-id=\"16256\" class=\"elementor elementor-16256\" data-elementor-post-type=\"post\">\n\t\t\t\t\t\t<section class=\"elementor-section elementor-top-section elementor-element elementor-element-41498b4 elementor-section-height-min-height elementor-section-boxed elementor-section-height-default elementor-section-items-middle\" data-id=\"41498b4\" data-element_type=\"section\" data-e-type=\"section\" data-settings=\"{&quot;background_background&quot;:&quot;classic&quot;}\">\n\t\t\t\t\t\t\t<div class=\"elementor-background-overlay\"><\/div>\n\t\t\t\t\t\t\t<div class=\"elementor-container elementor-column-gap-no\">\n\t\t\t\t\t<div class=\"elementor-column elementor-col-100 elementor-top-column elementor-element elementor-element-a18ac89\" data-id=\"a18ac89\" data-element_type=\"column\" data-e-type=\"column\">\n\t\t\t<div class=\"elementor-widget-wrap elementor-element-populated\">\n\t\t\t\t\t\t<div class=\"elementor-element elementor-element-e493600 elementor-widget elementor-widget-heading\" data-id=\"e493600\" data-element_type=\"widget\" data-e-type=\"widget\" data-widget_type=\"heading.default\">\n\t\t\t\t\t<h2 class=\"elementor-heading-title elementor-size-large\">POL\u00cdTICA<\/h2>\t\t\t\t<\/div>\n\t\t\t\t\t<\/div>\n\t\t<\/div>\n\t\t\t\t\t<\/div>\n\t\t<\/section>\n\t\t\t\t<section class=\"elementor-section elementor-top-section elementor-element elementor-element-7dafb6e4 elementor-section-boxed elementor-section-height-default elementor-section-height-default\" data-id=\"7dafb6e4\" data-element_type=\"section\" data-e-type=\"section\">\n\t\t\t\t\t\t<div class=\"elementor-container elementor-column-gap-default\">\n\t\t\t\t\t<div class=\"elementor-column elementor-col-100 elementor-top-column elementor-element elementor-element-38ae5a14\" data-id=\"38ae5a14\" data-element_type=\"column\" data-e-type=\"column\">\n\t\t\t<div class=\"elementor-widget-wrap elementor-element-populated\">\n\t\t\t\t\t\t<div class=\"elementor-element elementor-element-f8a3207 elementor-widget elementor-widget-author-box\" data-id=\"f8a3207\" data-element_type=\"widget\" data-e-type=\"widget\" data-widget_type=\"author-box.default\">\n\t\t\t\t\t\t\t<div class=\"elementor-author-box\">\n\t\t\t\t\t\t\t<a href=\"https:\/\/delfoscba.com.ar\/\/dev\/\/nosotros\/\" class=\"elementor-author-box__avatar\">\n\t\t\t\t\t<img decoding=\"async\" src=\"https:\/\/delfoscba.com.ar\/dev\/wp-content\/uploads\/2021\/02\/norman-250x250-1.jpg\" alt=\"Picture of Norman Berra\" loading=\"lazy\">\n\t\t\t\t<\/a>\n\t\t\t\n\t\t\t<div class=\"elementor-author-box__text\">\n\t\t\t\t\t\t\t\t\t<a href=\"https:\/\/delfoscba.com.ar\/\/dev\/\/nosotros\/\">\n\t\t\t\t\t\t<h4 class=\"elementor-author-box__name\">\n\t\t\t\t\t\t\tNorman Berra\t\t\t\t\t\t<\/h4>\n\t\t\t\t\t<\/a>\n\t\t\t\t\n\t\t\t\t\t\t\t\t\t<div class=\"elementor-author-box__bio\">\n\t\t\t\t\t\t<p>L\u00edder de Proyectos<\/p>\n\t\t\t\t\t<\/div>\n\t\t\t\t\n\t\t\t\t\t\t\t<\/div>\n\t\t<\/div>\n\t\t\t\t\t\t<\/div>\n\t\t\t\t<div class=\"elementor-element elementor-element-7aefe4b4 elementor-widget elementor-widget-text-editor\" data-id=\"7aefe4b4\" data-element_type=\"widget\" data-e-type=\"widget\" data-widget_type=\"text-editor.default\">\n\t\t\t\t\t\t\t\t\t<p><a href=\"https:\/\/delfoscba.com.ar\/\/dev\/\/wp-content\/uploads\/2024\/06\/1-6.jpg\"><img fetchpriority=\"high\" decoding=\"async\" class=\"aligncenter wp-image-16265 size-large\" src=\"https:\/\/delfoscba.com.ar\/\/dev\/\/wp-content\/uploads\/2024\/06\/1-6-1024x575.jpg\" alt=\"\" width=\"1024\" height=\"575\" srcset=\"https:\/\/delfoscba.com.ar\/dev\/wp-content\/uploads\/2024\/06\/1-6-1024x575.jpg 1024w, https:\/\/delfoscba.com.ar\/dev\/wp-content\/uploads\/2024\/06\/1-6-300x168.jpg 300w, https:\/\/delfoscba.com.ar\/dev\/wp-content\/uploads\/2024\/06\/1-6-768x431.jpg 768w, https:\/\/delfoscba.com.ar\/dev\/wp-content\/uploads\/2024\/06\/1-6.jpg 1080w\" sizes=\"(max-width: 1024px) 100vw, 1024px\" \/><\/a><\/p><p>El 10 de junio Javier Milei cumpli\u00f3 6 meses de mandato, lo que amerita un repaso por las recientes mediciones que sondean la aprobaci\u00f3n de su gesti\u00f3n. A fines de mayo, la Universidad de San Andr\u00e9s (Udesa) report\u00f3 48% de aprobaci\u00f3n vs 50% de desaprobaci\u00f3n (gr\u00e1fico arriba), un saldo desfavorable de \u20132 puntos porcentuales que, en rigor, equivale a un empate t\u00e9cnico. En cualquier caso, las opiniones est\u00e1n polarizadas: la distribuci\u00f3n de tendencias ya no es la del ballotage de noviembre de 2023 (55,6% vs 44,4%), sino que el apoyo perfora el umbral del 50%, mientras que la oposici\u00f3n lo alcanza y se perfila como primera minor\u00eda.<\/p><p><a href=\"https:\/\/delfoscba.com.ar\/\/dev\/\/wp-content\/uploads\/2024\/06\/2-6.jpg\"><img decoding=\"async\" class=\"aligncenter wp-image-16264 size-full\" src=\"https:\/\/delfoscba.com.ar\/\/dev\/\/wp-content\/uploads\/2024\/06\/2-6.jpg\" alt=\"\" width=\"532\" height=\"925\" srcset=\"https:\/\/delfoscba.com.ar\/dev\/wp-content\/uploads\/2024\/06\/2-6.jpg 532w, https:\/\/delfoscba.com.ar\/dev\/wp-content\/uploads\/2024\/06\/2-6-173x300.jpg 173w\" sizes=\"(max-width: 532px) 100vw, 532px\" \/><\/a><\/p><p>La \u00faltima encuesta de Zuban C\u00f3rdoba arroja un panorama m\u00e1s adverso: casi 47% aprueba vs 53,2% que desaprueba (gr\u00e1fico arriba). En este caso, la oposici\u00f3n supera por 8,8 pp el caudal obtenido por Uni\u00f3n por la Patria (UP) en el ballotage, mientras que el apoyo al oficialismo retrocede 9 pp respecto al caudal que consagr\u00f3 presidente a Milei en segunda vuelta; as\u00ed, el saldo desfavorable trepa a 6,6 pp.<\/p><p><a href=\"https:\/\/delfoscba.com.ar\/\/dev\/\/wp-content\/uploads\/2024\/06\/3-6.jpg\"><img decoding=\"async\" class=\"aligncenter wp-image-16263 size-full\" src=\"https:\/\/delfoscba.com.ar\/\/dev\/\/wp-content\/uploads\/2024\/06\/3-6.jpg\" alt=\"\" width=\"964\" height=\"682\" srcset=\"https:\/\/delfoscba.com.ar\/dev\/wp-content\/uploads\/2024\/06\/3-6.jpg 964w, https:\/\/delfoscba.com.ar\/dev\/wp-content\/uploads\/2024\/06\/3-6-300x212.jpg 300w, https:\/\/delfoscba.com.ar\/dev\/wp-content\/uploads\/2024\/06\/3-6-768x543.jpg 768w, https:\/\/delfoscba.com.ar\/dev\/wp-content\/uploads\/2024\/06\/3-6-400x284.jpg 400w\" sizes=\"(max-width: 964px) 100vw, 964px\" \/><\/a><\/p><p>Con apenas matices, la medici\u00f3n de Isasi\/Burdman reporta 51% de desaprobaci\u00f3n vs 48% de aprobaci\u00f3n; el saldo desfavorable es de 3 pp. En cualquier caso, se confirma una situaci\u00f3n de polarizaci\u00f3n, con el apoyo al gobierno en leve desventaja respecto a los cr\u00edticos de la gesti\u00f3n.<\/p><p><a href=\"https:\/\/delfoscba.com.ar\/\/dev\/\/wp-content\/uploads\/2024\/06\/4-6.jpg\"><img loading=\"lazy\" decoding=\"async\" class=\"aligncenter wp-image-16262 size-large\" src=\"https:\/\/delfoscba.com.ar\/\/dev\/\/wp-content\/uploads\/2024\/06\/4-6-1024x645.jpg\" alt=\"\" width=\"1024\" height=\"645\" srcset=\"https:\/\/delfoscba.com.ar\/dev\/wp-content\/uploads\/2024\/06\/4-6-1024x645.jpg 1024w, https:\/\/delfoscba.com.ar\/dev\/wp-content\/uploads\/2024\/06\/4-6-300x189.jpg 300w, https:\/\/delfoscba.com.ar\/dev\/wp-content\/uploads\/2024\/06\/4-6-768x484.jpg 768w, https:\/\/delfoscba.com.ar\/dev\/wp-content\/uploads\/2024\/06\/4-6-1080x680.jpg 1080w, https:\/\/delfoscba.com.ar\/dev\/wp-content\/uploads\/2024\/06\/4-6.jpg 1224w\" sizes=\"(max-width: 1024px) 100vw, 1024px\" \/><\/a><\/p><p>En tanto, la encuesta realizada por el Observatorio de Psicolog\u00eda Aplicada de la Universidad de Buenos Aires (OPSA\/UBA) entre los d\u00edas 1 y 5 de junio arroja 50,1% de aprobaci\u00f3n vs 49,9% de desaprobaci\u00f3n, un claro empate (gr\u00e1fico arriba). Como dato extra, el informe detecta casi 13% de \u201carrepentidos\u201d de haber votado a Milei para presidente, un guarismo significativo que replica la desaprobaci\u00f3n de su gesti\u00f3n entre quienes lo eligieron en la segunda vuelta de 2023.<\/p><p><a href=\"https:\/\/delfoscba.com.ar\/\/dev\/\/wp-content\/uploads\/2024\/06\/5-6.jpg\"><img loading=\"lazy\" decoding=\"async\" class=\"aligncenter wp-image-16261 size-full\" src=\"https:\/\/delfoscba.com.ar\/\/dev\/\/wp-content\/uploads\/2024\/06\/5-6.jpg\" alt=\"\" width=\"1016\" height=\"717\" srcset=\"https:\/\/delfoscba.com.ar\/dev\/wp-content\/uploads\/2024\/06\/5-6.jpg 1016w, https:\/\/delfoscba.com.ar\/dev\/wp-content\/uploads\/2024\/06\/5-6-300x212.jpg 300w, https:\/\/delfoscba.com.ar\/dev\/wp-content\/uploads\/2024\/06\/5-6-768x542.jpg 768w\" sizes=\"(max-width: 1016px) 100vw, 1016px\" \/><\/a><\/p><p>Por su parte, la \u00faltima encuesta de Analog\u00edas midi\u00f3 la segmentaci\u00f3n por opini\u00f3n pol\u00edtica, una variable complementaria a la de aprobaci\u00f3n: detect\u00f3 que 51,3% se define como oficialista (piso de la serie evolutiva) y 48,7% como opositor (pico de la serie; gr\u00e1fico arriba): la distribuci\u00f3n replica ya no el resultado del ballotage de noviembre de 2023 sino el de 2015, cuando Juntos por el Cambio (JXC) y el Frente para la Victoria (FPV) alcanzaron esos guarismos. En s\u00edntesis: 1) si hacemos un promedio de las cuatro encuestas nacionales que miden aprobaci\u00f3n vs desaprobaci\u00f3n, el resultado es 48,2% vs 51%, respectivamente 2) el saldo desfavorable de -2,8 pp, si bien acotado, marca un desgaste 3) estos datos a\u00fan no acusan el impacto de la crisis de gabinete que atraviesa el gobierno, primero con la traum\u00e1tica salida de Nicol\u00e1s Posse y luego con los esc\u00e1ndalos en el Ministerio de Capital Humano que conduce Sandra Pettovello. Seg\u00fan los monitoreos de redes sociales de Ad hoc, las menciones digitales a la falta de entrega de alimentos tocaron niveles pico (gr\u00e1fico abajo).<\/p><p><a href=\"https:\/\/delfoscba.com.ar\/\/dev\/\/wp-content\/uploads\/2024\/06\/6-5.jpg\"><img loading=\"lazy\" decoding=\"async\" class=\"aligncenter wp-image-16260 size-full\" src=\"https:\/\/delfoscba.com.ar\/\/dev\/\/wp-content\/uploads\/2024\/06\/6-5.jpg\" alt=\"\" width=\"912\" height=\"513\" srcset=\"https:\/\/delfoscba.com.ar\/dev\/wp-content\/uploads\/2024\/06\/6-5.jpg 912w, https:\/\/delfoscba.com.ar\/dev\/wp-content\/uploads\/2024\/06\/6-5-300x169.jpg 300w, https:\/\/delfoscba.com.ar\/dev\/wp-content\/uploads\/2024\/06\/6-5-768x432.jpg 768w\" sizes=\"(max-width: 912px) 100vw, 912px\" \/><\/a><\/p><p>Las menciones a Pettovello registraron una negatividad de 77% en los \u00faltimos d\u00edas, lo que impact\u00f3 en la imagen digital de Milei: las menciones a \u201cMilei\u201d + \u201ccomedores\u201d alcanzaron 75% de negatividad, las menciones a \u201cMilei\u201d + \u201cPettovello\u201d 88% de negatividad y el sentimiento en las menciones totales al presidente desde el 23 de mayo arroja 53% de negatividad. <em>\u201cEl encuadre negativo de la audiencia prim\u00f3 sobre la comunicaci\u00f3n oficial. Los conceptos m\u00e1s utilizados para hablar sobre la entrega de alimentos en relaci\u00f3n a Milei muestran que, a pesar de los posteos defensivos del presidente, tuvieron m\u00e1s impacto los t\u00e9rminos cr\u00edticos\u201d<\/em>, apunt\u00f3 Ad hoc, lo que pone en evidencia que el oficialismo perdi\u00f3 el control de la agenda en este tema.<\/p><p><a href=\"https:\/\/delfoscba.com.ar\/\/dev\/\/wp-content\/uploads\/2024\/06\/7.jpg\"><img loading=\"lazy\" decoding=\"async\" class=\"aligncenter wp-image-16259 size-large\" src=\"https:\/\/delfoscba.com.ar\/\/dev\/\/wp-content\/uploads\/2024\/06\/7-1024x576.jpg\" alt=\"\" width=\"1024\" height=\"576\" srcset=\"https:\/\/delfoscba.com.ar\/dev\/wp-content\/uploads\/2024\/06\/7-1024x576.jpg 1024w, https:\/\/delfoscba.com.ar\/dev\/wp-content\/uploads\/2024\/06\/7-300x169.jpg 300w, https:\/\/delfoscba.com.ar\/dev\/wp-content\/uploads\/2024\/06\/7-768x432.jpg 768w, https:\/\/delfoscba.com.ar\/dev\/wp-content\/uploads\/2024\/06\/7.jpg 1072w\" sizes=\"(max-width: 1024px) 100vw, 1024px\" \/><\/a><\/p>\t\t\t\t\t\t\t\t<\/div>\n\t\t\t\t\t<\/div>\n\t\t<\/div>\n\t\t\t\t\t<\/div>\n\t\t<\/section>\n\t\t\t\t<section class=\"elementor-section elementor-top-section elementor-element elementor-element-b28ac47 elementor-section-height-min-height elementor-section-boxed elementor-section-height-default elementor-section-items-middle\" data-id=\"b28ac47\" data-element_type=\"section\" data-e-type=\"section\" data-settings=\"{&quot;background_background&quot;:&quot;classic&quot;}\">\n\t\t\t\t\t\t\t<div class=\"elementor-background-overlay\"><\/div>\n\t\t\t\t\t\t\t<div class=\"elementor-container elementor-column-gap-default\">\n\t\t\t\t\t<div class=\"elementor-column elementor-col-100 elementor-top-column elementor-element elementor-element-88fba06\" data-id=\"88fba06\" data-element_type=\"column\" data-e-type=\"column\">\n\t\t\t<div class=\"elementor-widget-wrap elementor-element-populated\">\n\t\t\t\t\t\t<div class=\"elementor-element elementor-element-7e65226 elementor-widget elementor-widget-heading\" data-id=\"7e65226\" data-element_type=\"widget\" data-e-type=\"widget\" data-widget_type=\"heading.default\">\n\t\t\t\t\t<h2 class=\"elementor-heading-title elementor-size-large\">Seguinos en nuestras redes<\/h2>\t\t\t\t<\/div>\n\t\t\t\t<div class=\"elementor-element elementor-element-c37b7ef elementor-shape-circle e-grid-align-tablet-center e-grid-align-mobile-center e-grid-align-left elementor-grid-0 elementor-widget elementor-widget-social-icons\" data-id=\"c37b7ef\" data-element_type=\"widget\" data-e-type=\"widget\" data-widget_type=\"social-icons.default\">\n\t\t\t\t\t\t\t<div class=\"elementor-social-icons-wrapper elementor-grid\" role=\"list\">\n\t\t\t\t\t\t\t<span class=\"elementor-grid-item\" role=\"listitem\">\n\t\t\t\t\t<a class=\"elementor-icon elementor-social-icon elementor-social-icon-facebook-f elementor-repeater-item-lf5yt4c\" href=\"https:\/\/www.facebook.com\/ConsultoraDelfos\" target=\"_blank\">\n\t\t\t\t\t\t<span class=\"elementor-screen-only\">Facebook-f<\/span>\n\t\t\t\t\t\t<i aria-hidden=\"true\" class=\"fab fa-facebook-f\"><\/i>\t\t\t\t\t<\/a>\n\t\t\t\t<\/span>\n\t\t\t\t\t\t\t<span class=\"elementor-grid-item\" role=\"listitem\">\n\t\t\t\t\t<a class=\"elementor-icon elementor-social-icon elementor-social-icon-twitter elementor-repeater-item-01xie82\" href=\"https:\/\/twitter.com\/delfoscba\" target=\"_blank\">\n\t\t\t\t\t\t<span class=\"elementor-screen-only\">Twitter<\/span>\n\t\t\t\t\t\t<i aria-hidden=\"true\" class=\"fab fa-twitter\"><\/i>\t\t\t\t\t<\/a>\n\t\t\t\t<\/span>\n\t\t\t\t\t\t\t<span class=\"elementor-grid-item\" role=\"listitem\">\n\t\t\t\t\t<a class=\"elementor-icon elementor-social-icon elementor-social-icon-linkedin elementor-repeater-item-grhvqhn\" target=\"_blank\">\n\t\t\t\t\t\t<span class=\"elementor-screen-only\">Linkedin<\/span>\n\t\t\t\t\t\t<i aria-hidden=\"true\" class=\"fab fa-linkedin\"><\/i>\t\t\t\t\t<\/a>\n\t\t\t\t<\/span>\n\t\t\t\t\t<\/div>\n\t\t\t\t\t\t<\/div>\n\t\t\t\t\t<\/div>\n\t\t<\/div>\n\t\t\t\t\t<\/div>\n\t\t<\/section>\n\t\t\t\t<\/div>\n\t\t","protected":false},"excerpt":{"rendered":"<p>A 6 meses de iniciada la gesti\u00f3n y en las v\u00edsperas del tratamiento de la ley Bases en el Senado, analizamos la aprobaci\u00f3n del presidente en las principales encuestas nacionales <\/p>\n","protected":false},"author":2,"featured_media":16257,"comment_status":"open","ping_status":"open","sticky":false,"template":"","format":"standard","meta":{"_acf_changed":false,"footnotes":""},"categories":[3],"tags":[1322,1356,1242,1061,1343,536,39,1395,40,38,348,128,269,246,929,230,138,61,1394,977,1287,1344,1355,569,57,188,1385,56,1396,535,488,1150,1030],"class_list":["post-16256","post","type-post","status-publish","format-standard","has-post-thumbnail","hentry","category-politica","tag-1322","tag-1356","tag-ad-hoc","tag-analogias","tag-apoyo","tag-aprobacion","tag-argentina","tag-burdman","tag-consultora","tag-cordoba","tag-datos","tag-delfos","tag-diputados","tag-encuestas","tag-espanol","tag-estadistica","tag-gestion","tag-imagen","tag-isasi","tag-la-libertad-avanza","tag-ley","tag-mayo","tag-meses","tag-milei","tag-norman-berra","tag-opinion-publica","tag-pacto","tag-politica","tag-seis","tag-senado","tag-sudamerica","tag-udesa","tag-zuban","et-has-post-format-content","et_post_format-et-post-format-standard"],"acf":[],"_links":{"self":[{"href":"https:\/\/delfoscba.com.ar\/dev\/wp-json\/wp\/v2\/posts\/16256","targetHints":{"allow":["GET"]}}],"collection":[{"href":"https:\/\/delfoscba.com.ar\/dev\/wp-json\/wp\/v2\/posts"}],"about":[{"href":"https:\/\/delfoscba.com.ar\/dev\/wp-json\/wp\/v2\/types\/post"}],"author":[{"embeddable":true,"href":"https:\/\/delfoscba.com.ar\/dev\/wp-json\/wp\/v2\/users\/2"}],"replies":[{"embeddable":true,"href":"https:\/\/delfoscba.com.ar\/dev\/wp-json\/wp\/v2\/comments?post=16256"}],"version-history":[{"count":4,"href":"https:\/\/delfoscba.com.ar\/dev\/wp-json\/wp\/v2\/posts\/16256\/revisions"}],"predecessor-version":[{"id":16268,"href":"https:\/\/delfoscba.com.ar\/dev\/wp-json\/wp\/v2\/posts\/16256\/revisions\/16268"}],"wp:featuredmedia":[{"embeddable":true,"href":"https:\/\/delfoscba.com.ar\/dev\/wp-json\/wp\/v2\/media\/16257"}],"wp:attachment":[{"href":"https:\/\/delfoscba.com.ar\/dev\/wp-json\/wp\/v2\/media?parent=16256"}],"wp:term":[{"taxonomy":"category","embeddable":true,"href":"https:\/\/delfoscba.com.ar\/dev\/wp-json\/wp\/v2\/categories?post=16256"},{"taxonomy":"post_tag","embeddable":true,"href":"https:\/\/delfoscba.com.ar\/dev\/wp-json\/wp\/v2\/tags?post=16256"}],"curies":[{"name":"wp","href":"https:\/\/api.w.org\/{rel}","templated":true}]}}