{"id":16291,"date":"2024-06-26T17:50:22","date_gmt":"2024-06-26T17:50:22","guid":{"rendered":"https:\/\/delfoscba.com.ar\/\/dev\/\/?p=16291"},"modified":"2024-06-26T17:52:55","modified_gmt":"2024-06-26T17:52:55","slug":"a-7-meses-del-ballotage-como-mide-el-presidente-javier-milei-en-cordoba","status":"publish","type":"post","link":"https:\/\/delfoscba.com.ar\/dev\/politica\/a-7-meses-del-ballotage-como-mide-el-presidente-javier-milei-en-cordoba\/","title":{"rendered":"A 7 meses del ballotage, c\u00f3mo mide el presidente Javier Milei en C\u00f3rdoba"},"content":{"rendered":"\t\t<div data-elementor-type=\"wp-post\" data-elementor-id=\"16291\" class=\"elementor elementor-16291\" data-elementor-post-type=\"post\">\n\t\t\t\t\t\t<section class=\"elementor-section elementor-top-section elementor-element elementor-element-41498b4 elementor-section-height-min-height elementor-section-boxed elementor-section-height-default elementor-section-items-middle\" data-id=\"41498b4\" data-element_type=\"section\" data-e-type=\"section\" data-settings=\"{&quot;background_background&quot;:&quot;classic&quot;}\">\n\t\t\t\t\t\t\t<div class=\"elementor-background-overlay\"><\/div>\n\t\t\t\t\t\t\t<div class=\"elementor-container elementor-column-gap-no\">\n\t\t\t\t\t<div class=\"elementor-column elementor-col-100 elementor-top-column elementor-element elementor-element-a18ac89\" data-id=\"a18ac89\" data-element_type=\"column\" data-e-type=\"column\">\n\t\t\t<div class=\"elementor-widget-wrap elementor-element-populated\">\n\t\t\t\t\t\t<div class=\"elementor-element elementor-element-e493600 elementor-widget elementor-widget-heading\" data-id=\"e493600\" data-element_type=\"widget\" data-e-type=\"widget\" data-widget_type=\"heading.default\">\n\t\t\t\t\t<h2 class=\"elementor-heading-title elementor-size-large\">POL\u00cdTICA<\/h2>\t\t\t\t<\/div>\n\t\t\t\t\t<\/div>\n\t\t<\/div>\n\t\t\t\t\t<\/div>\n\t\t<\/section>\n\t\t\t\t<section class=\"elementor-section elementor-top-section elementor-element elementor-element-7dafb6e4 elementor-section-boxed elementor-section-height-default elementor-section-height-default\" data-id=\"7dafb6e4\" data-element_type=\"section\" data-e-type=\"section\">\n\t\t\t\t\t\t<div class=\"elementor-container elementor-column-gap-default\">\n\t\t\t\t\t<div class=\"elementor-column elementor-col-100 elementor-top-column elementor-element elementor-element-38ae5a14\" data-id=\"38ae5a14\" data-element_type=\"column\" data-e-type=\"column\">\n\t\t\t<div class=\"elementor-widget-wrap elementor-element-populated\">\n\t\t\t\t\t\t<div class=\"elementor-element elementor-element-f8a3207 elementor-widget elementor-widget-author-box\" data-id=\"f8a3207\" data-element_type=\"widget\" data-e-type=\"widget\" data-widget_type=\"author-box.default\">\n\t\t\t\t\t\t\t<div class=\"elementor-author-box\">\n\t\t\t\t\t\t\t<a href=\"https:\/\/delfoscba.com.ar\/\/dev\/\/nosotros\/\" class=\"elementor-author-box__avatar\">\n\t\t\t\t\t<img decoding=\"async\" src=\"https:\/\/delfoscba.com.ar\/dev\/wp-content\/uploads\/2021\/02\/norman-250x250-1.jpg\" alt=\"Picture of Norman Berra\" loading=\"lazy\">\n\t\t\t\t<\/a>\n\t\t\t\n\t\t\t<div class=\"elementor-author-box__text\">\n\t\t\t\t\t\t\t\t\t<a href=\"https:\/\/delfoscba.com.ar\/\/dev\/\/nosotros\/\">\n\t\t\t\t\t\t<h4 class=\"elementor-author-box__name\">\n\t\t\t\t\t\t\tNorman Berra\t\t\t\t\t\t<\/h4>\n\t\t\t\t\t<\/a>\n\t\t\t\t\n\t\t\t\t\t\t\t\t\t<div class=\"elementor-author-box__bio\">\n\t\t\t\t\t\t<p>L\u00edder de Proyectos<\/p>\n\t\t\t\t\t<\/div>\n\t\t\t\t\n\t\t\t\t\t\t\t<\/div>\n\t\t<\/div>\n\t\t\t\t\t\t<\/div>\n\t\t\t\t<div class=\"elementor-element elementor-element-7aefe4b4 elementor-widget elementor-widget-text-editor\" data-id=\"7aefe4b4\" data-element_type=\"widget\" data-e-type=\"widget\" data-widget_type=\"text-editor.default\">\n\t\t\t\t\t\t\t\t\t<p><a href=\"https:\/\/delfoscba.com.ar\/\/dev\/\/wp-content\/uploads\/2024\/06\/1-3-1.jpg\"><img fetchpriority=\"high\" decoding=\"async\" class=\"aligncenter wp-image-16293 size-large\" src=\"https:\/\/delfoscba.com.ar\/\/dev\/\/wp-content\/uploads\/2024\/06\/1-3-1-1024x575.jpg\" alt=\"\" width=\"1024\" height=\"575\" srcset=\"https:\/\/delfoscba.com.ar\/dev\/wp-content\/uploads\/2024\/06\/1-3-1-1024x575.jpg 1024w, https:\/\/delfoscba.com.ar\/dev\/wp-content\/uploads\/2024\/06\/1-3-1-300x169.jpg 300w, https:\/\/delfoscba.com.ar\/dev\/wp-content\/uploads\/2024\/06\/1-3-1-768x431.jpg 768w, https:\/\/delfoscba.com.ar\/dev\/wp-content\/uploads\/2024\/06\/1-3-1-1080x607.jpg 1080w, https:\/\/delfoscba.com.ar\/dev\/wp-content\/uploads\/2024\/06\/1-3-1.jpg 1100w\" sizes=\"(max-width: 1024px) 100vw, 1024px\" \/><\/a><\/p><p>El pasado domingo 24 de junio se celebr\u00f3 la elecci\u00f3n de intendente en R\u00edo Cuarto y Javier Milei, quien en ese distrito obtuvo 73,25% de los votos como candidato a presidente de La Libertad Avanza (LLA) en el ballotage de noviembre de 2023, no cont\u00f3 con una lista competitiva. El candidato Mario Lamberghini se present\u00f3 con el sello del Partido Libertario, que no es org\u00e1nico dentro de LLA, obtuvo casi 7% de los votos, un magro resultado similar al de la mayor\u00eda de los candidatos afines al actual oficialismo en las elecciones de gobernador e intendente en 2023. Ese resultado local no se puede extrapolar a tendencias nacionales, pero amerita una actualizaci\u00f3n acerca de c\u00f3mo mide actualmente Milei en la provincia de C\u00f3rdoba, donde alcanz\u00f3 74% de los votos en noviembre del a\u00f1o pasado. Seg\u00fan la encuesta de Pulso Social realizada este mes en nuestra provincia, 54% tiene una opini\u00f3n positiva de su gesti\u00f3n vs 42% que tiene opini\u00f3n negativa (gr\u00e1fico arriba); as\u00ed, la calificaci\u00f3n favorable arroja un saldo favorable de 12 puntos porcentuales pero se ubica 20 pp por debajo del resultado de la segunda vuelta de hace 7 meses, en tanto que la negativa supera por unos 16 pp al caudal que sum\u00f3 Uni\u00f3n por la Patria (UP) en la misma instancia (casi 26%).<\/p><p><a href=\"https:\/\/delfoscba.com.ar\/\/dev\/\/wp-content\/uploads\/2024\/06\/2-3-1.jpg\"><img decoding=\"async\" class=\"aligncenter wp-image-16294 size-large\" src=\"https:\/\/delfoscba.com.ar\/\/dev\/\/wp-content\/uploads\/2024\/06\/2-3-1-1024x724.jpg\" alt=\"\" width=\"1024\" height=\"724\" srcset=\"https:\/\/delfoscba.com.ar\/dev\/wp-content\/uploads\/2024\/06\/2-3-1-1024x724.jpg 1024w, https:\/\/delfoscba.com.ar\/dev\/wp-content\/uploads\/2024\/06\/2-3-1-300x212.jpg 300w, https:\/\/delfoscba.com.ar\/dev\/wp-content\/uploads\/2024\/06\/2-3-1-768x543.jpg 768w, https:\/\/delfoscba.com.ar\/dev\/wp-content\/uploads\/2024\/06\/2-3-1-400x284.jpg 400w, https:\/\/delfoscba.com.ar\/dev\/wp-content\/uploads\/2024\/06\/2-3-1-1080x763.jpg 1080w, https:\/\/delfoscba.com.ar\/dev\/wp-content\/uploads\/2024\/06\/2-3-1.jpg 1336w\" sizes=\"(max-width: 1024px) 100vw, 1024px\" \/><\/a><\/p><p>Por su parte, Grupo Feedback hizo foco en el \u00e1rea metropolitana de C\u00f3rdoba y midi\u00f3 la imagen del gobierno nacional no de manera polarizada sino con la categor\u00eda de respuesta \u201cregular\u201d: en este caso, 46% calific\u00f3 de manera positiva, 30% regular y 22% negativa (gr\u00e1fico arriba). El 22% de imagen negativa se ubica en el mismo orden de magnitud del 25,95% que sum\u00f3 UP en noviembre de 2023 en nuestra provincia. Si se considera el regular no como una respuesta neutra sino como un primer nivel de malestar, el resultado es 46% vs 52% (regular + mala) y el saldo resulta desfavorable en 6 pp.<\/p><p><a href=\"https:\/\/delfoscba.com.ar\/\/dev\/\/wp-content\/uploads\/2024\/06\/3-3-1.jpg\"><img decoding=\"async\" class=\"aligncenter wp-image-16295 size-large\" src=\"https:\/\/delfoscba.com.ar\/\/dev\/\/wp-content\/uploads\/2024\/06\/3-3-1-1024x575.jpg\" alt=\"\" width=\"1024\" height=\"575\" srcset=\"https:\/\/delfoscba.com.ar\/dev\/wp-content\/uploads\/2024\/06\/3-3-1-1024x575.jpg 1024w, https:\/\/delfoscba.com.ar\/dev\/wp-content\/uploads\/2024\/06\/3-3-1-300x169.jpg 300w, https:\/\/delfoscba.com.ar\/dev\/wp-content\/uploads\/2024\/06\/3-3-1-768x431.jpg 768w, https:\/\/delfoscba.com.ar\/dev\/wp-content\/uploads\/2024\/06\/3-3-1-1080x607.jpg 1080w, https:\/\/delfoscba.com.ar\/dev\/wp-content\/uploads\/2024\/06\/3-3-1.jpg 1100w\" sizes=\"(max-width: 1024px) 100vw, 1024px\" \/><\/a><\/p><p>Cuando no se mide gesti\u00f3n sino al presidente, seg\u00fan Pulso Social, Milei alcanza 56% de positiva vs 42% de negativa (gr\u00e1fico arriba), de lo que resulta un saldo favorable de 14 pp. As\u00ed, mide apenas mejor que su gesti\u00f3n, pero la diferencia entre variables no resulta estad\u00edsticamente significativa. Entre las dem\u00e1s figuras oficialistas, Patricia Bullrich mide igual que el presidente, la vicepresidenta tiene similar imagen positiva pero menos negativa (saldo favorable de 19 pp), mientras que el ministro Luis Caputo presenta el saldo m\u00e1s ajustado: 4 pp, empate t\u00e9cnico.<\/p><p><a href=\"https:\/\/delfoscba.com.ar\/\/dev\/\/wp-content\/uploads\/2024\/06\/4-3-1.jpg\"><img loading=\"lazy\" decoding=\"async\" class=\"aligncenter wp-image-16296 size-large\" src=\"https:\/\/delfoscba.com.ar\/\/dev\/\/wp-content\/uploads\/2024\/06\/4-3-1-1024x724.jpg\" alt=\"\" width=\"1024\" height=\"724\" srcset=\"https:\/\/delfoscba.com.ar\/dev\/wp-content\/uploads\/2024\/06\/4-3-1-1024x724.jpg 1024w, https:\/\/delfoscba.com.ar\/dev\/wp-content\/uploads\/2024\/06\/4-3-1-300x212.jpg 300w, https:\/\/delfoscba.com.ar\/dev\/wp-content\/uploads\/2024\/06\/4-3-1-768x543.jpg 768w, https:\/\/delfoscba.com.ar\/dev\/wp-content\/uploads\/2024\/06\/4-3-1-400x284.jpg 400w, https:\/\/delfoscba.com.ar\/dev\/wp-content\/uploads\/2024\/06\/4-3-1-1080x763.jpg 1080w, https:\/\/delfoscba.com.ar\/dev\/wp-content\/uploads\/2024\/06\/4-3-1.jpg 1336w\" sizes=\"(max-width: 1024px) 100vw, 1024px\" \/><\/a><\/p><p>Seg\u00fan Feedback, la imagen positiva de Milei es de 47%, con una regular de 27% y una negativa de 23% (gr\u00e1fico arriba). En este caso, el malestar acumulado (regular + mala) trepa a 50%, de lo que resulta un saldo desfavorable de apenas 3 pp que implica un empate t\u00e9cnico.<\/p><p><a href=\"https:\/\/delfoscba.com.ar\/\/dev\/\/wp-content\/uploads\/2024\/06\/5-3-1.jpg\"><img loading=\"lazy\" decoding=\"async\" class=\"aligncenter wp-image-16298 size-large\" src=\"https:\/\/delfoscba.com.ar\/\/dev\/\/wp-content\/uploads\/2024\/06\/5-3-1-1024x778.jpg\" alt=\"\" width=\"1024\" height=\"778\" srcset=\"https:\/\/delfoscba.com.ar\/dev\/wp-content\/uploads\/2024\/06\/5-3-1-1024x778.jpg 1024w, https:\/\/delfoscba.com.ar\/dev\/wp-content\/uploads\/2024\/06\/5-3-1-300x228.jpg 300w, https:\/\/delfoscba.com.ar\/dev\/wp-content\/uploads\/2024\/06\/5-3-1-768x583.jpg 768w, https:\/\/delfoscba.com.ar\/dev\/wp-content\/uploads\/2024\/06\/5-3-1-1080x820.jpg 1080w, https:\/\/delfoscba.com.ar\/dev\/wp-content\/uploads\/2024\/06\/5-3-1.jpg 1168w\" sizes=\"(max-width: 1024px) 100vw, 1024px\" \/><\/a><\/p><p>Finalmente, la medici\u00f3n m\u00e1s favorable de junio para Milei es la de CB Consultora: casi 65% de positiva vs casi 32% de negativa (gr\u00e1fico arriba), lo que arroja un saldo favorable de 33,1 pp. En este caso, su imagen favorable se ubica 9,25 pp por debajo del caudal de votos que logr\u00f3 en el ballotage de 2023. En s\u00edntesis: 1) respecto al porcentaje de votos que alcanz\u00f3 en la segunda vuelta del a\u00f1o pasado, el presidente Milei tiene una imagen positiva que supera el 50%, pero se ubica entre 9 pp y 18 pp por debajo en las encuestas que miden esa variable de manera polarizada, como Pulso Social y CB 2) en cambio, seg\u00fan Grupo Feedback, que mide esa variable con tres segmentaciones, su imagen positiva se ubica por debajo del 50% y se ubica en empate t\u00e9cnico con el malestar acumulado 3) la diferencia entre su imagen como figura y la de su gesti\u00f3n no resulta estad\u00edsticamente significativa.\u00a0<\/p>\t\t\t\t\t\t\t\t<\/div>\n\t\t\t\t\t<\/div>\n\t\t<\/div>\n\t\t\t\t\t<\/div>\n\t\t<\/section>\n\t\t\t\t<section class=\"elementor-section elementor-top-section elementor-element elementor-element-b28ac47 elementor-section-height-min-height elementor-section-boxed elementor-section-height-default elementor-section-items-middle\" data-id=\"b28ac47\" data-element_type=\"section\" data-e-type=\"section\" data-settings=\"{&quot;background_background&quot;:&quot;classic&quot;}\">\n\t\t\t\t\t\t\t<div class=\"elementor-background-overlay\"><\/div>\n\t\t\t\t\t\t\t<div class=\"elementor-container elementor-column-gap-default\">\n\t\t\t\t\t<div class=\"elementor-column elementor-col-100 elementor-top-column elementor-element elementor-element-88fba06\" data-id=\"88fba06\" data-element_type=\"column\" data-e-type=\"column\">\n\t\t\t<div class=\"elementor-widget-wrap elementor-element-populated\">\n\t\t\t\t\t\t<div class=\"elementor-element elementor-element-7e65226 elementor-widget elementor-widget-heading\" data-id=\"7e65226\" data-element_type=\"widget\" data-e-type=\"widget\" data-widget_type=\"heading.default\">\n\t\t\t\t\t<h2 class=\"elementor-heading-title elementor-size-large\">Seguinos en nuestras redes<\/h2>\t\t\t\t<\/div>\n\t\t\t\t<div class=\"elementor-element elementor-element-c37b7ef elementor-shape-circle e-grid-align-tablet-center e-grid-align-mobile-center e-grid-align-left elementor-grid-0 elementor-widget elementor-widget-social-icons\" data-id=\"c37b7ef\" data-element_type=\"widget\" data-e-type=\"widget\" data-widget_type=\"social-icons.default\">\n\t\t\t\t\t\t\t<div class=\"elementor-social-icons-wrapper elementor-grid\" role=\"list\">\n\t\t\t\t\t\t\t<span class=\"elementor-grid-item\" role=\"listitem\">\n\t\t\t\t\t<a class=\"elementor-icon elementor-social-icon elementor-social-icon-facebook-f elementor-repeater-item-lf5yt4c\" href=\"https:\/\/www.facebook.com\/ConsultoraDelfos\" target=\"_blank\">\n\t\t\t\t\t\t<span class=\"elementor-screen-only\">Facebook-f<\/span>\n\t\t\t\t\t\t<i aria-hidden=\"true\" class=\"fab fa-facebook-f\"><\/i>\t\t\t\t\t<\/a>\n\t\t\t\t<\/span>\n\t\t\t\t\t\t\t<span class=\"elementor-grid-item\" role=\"listitem\">\n\t\t\t\t\t<a class=\"elementor-icon elementor-social-icon elementor-social-icon-twitter elementor-repeater-item-01xie82\" href=\"https:\/\/twitter.com\/delfoscba\" target=\"_blank\">\n\t\t\t\t\t\t<span class=\"elementor-screen-only\">Twitter<\/span>\n\t\t\t\t\t\t<i aria-hidden=\"true\" class=\"fab fa-twitter\"><\/i>\t\t\t\t\t<\/a>\n\t\t\t\t<\/span>\n\t\t\t\t\t\t\t<span class=\"elementor-grid-item\" role=\"listitem\">\n\t\t\t\t\t<a class=\"elementor-icon elementor-social-icon elementor-social-icon-linkedin elementor-repeater-item-grhvqhn\" target=\"_blank\">\n\t\t\t\t\t\t<span class=\"elementor-screen-only\">Linkedin<\/span>\n\t\t\t\t\t\t<i aria-hidden=\"true\" class=\"fab fa-linkedin\"><\/i>\t\t\t\t\t<\/a>\n\t\t\t\t<\/span>\n\t\t\t\t\t<\/div>\n\t\t\t\t\t\t<\/div>\n\t\t\t\t\t<\/div>\n\t\t<\/div>\n\t\t\t\t\t<\/div>\n\t\t<\/section>\n\t\t\t\t<\/div>\n\t\t","protected":false},"excerpt":{"rendered":"<p>Despu\u00e9s del magro desempe\u00f1o libertario en R\u00edo Cuarto, actualizamos la imagen del presidente a nivel provincial<\/p>\n","protected":false},"author":2,"featured_media":16292,"comment_status":"open","ping_status":"open","sticky":false,"template":"","format":"standard","meta":{"_acf_changed":false,"footnotes":""},"categories":[3],"tags":[1322,39,258,1281,1052,40,38,348,128,246,929,230,138,1398,61,569,592,57,188,56,591,1320,590,488],"class_list":["post-16291","post","type-post","status-publish","format-standard","has-post-thumbnail","hentry","category-politica","tag-1322","tag-argentina","tag-bullrich","tag-caputo","tag-cb","tag-consultora","tag-cordoba","tag-datos","tag-delfos","tag-encuestas","tag-espanol","tag-estadistica","tag-gestion","tag-grupo-feedback","tag-imagen","tag-milei","tag-negativa","tag-norman-berra","tag-opinion-publica","tag-politica","tag-positiva","tag-pulso-social","tag-regular","tag-sudamerica","et-has-post-format-content","et_post_format-et-post-format-standard"],"acf":[],"_links":{"self":[{"href":"https:\/\/delfoscba.com.ar\/dev\/wp-json\/wp\/v2\/posts\/16291","targetHints":{"allow":["GET"]}}],"collection":[{"href":"https:\/\/delfoscba.com.ar\/dev\/wp-json\/wp\/v2\/posts"}],"about":[{"href":"https:\/\/delfoscba.com.ar\/dev\/wp-json\/wp\/v2\/types\/post"}],"author":[{"embeddable":true,"href":"https:\/\/delfoscba.com.ar\/dev\/wp-json\/wp\/v2\/users\/2"}],"replies":[{"embeddable":true,"href":"https:\/\/delfoscba.com.ar\/dev\/wp-json\/wp\/v2\/comments?post=16291"}],"version-history":[{"count":4,"href":"https:\/\/delfoscba.com.ar\/dev\/wp-json\/wp\/v2\/posts\/16291\/revisions"}],"predecessor-version":[{"id":16301,"href":"https:\/\/delfoscba.com.ar\/dev\/wp-json\/wp\/v2\/posts\/16291\/revisions\/16301"}],"wp:featuredmedia":[{"embeddable":true,"href":"https:\/\/delfoscba.com.ar\/dev\/wp-json\/wp\/v2\/media\/16292"}],"wp:attachment":[{"href":"https:\/\/delfoscba.com.ar\/dev\/wp-json\/wp\/v2\/media?parent=16291"}],"wp:term":[{"taxonomy":"category","embeddable":true,"href":"https:\/\/delfoscba.com.ar\/dev\/wp-json\/wp\/v2\/categories?post=16291"},{"taxonomy":"post_tag","embeddable":true,"href":"https:\/\/delfoscba.com.ar\/dev\/wp-json\/wp\/v2\/tags?post=16291"}],"curies":[{"name":"wp","href":"https:\/\/api.w.org\/{rel}","templated":true}]}}