{"id":16343,"date":"2024-07-10T20:37:58","date_gmt":"2024-07-10T20:37:58","guid":{"rendered":"https:\/\/delfoscba.com.ar\/\/dev\/\/?p=16343"},"modified":"2024-07-10T20:53:42","modified_gmt":"2024-07-10T20:53:42","slug":"el-pacto-de-mayo-y-el-vinculo-nacion-provincias-en-las-encuestas","status":"publish","type":"post","link":"https:\/\/delfoscba.com.ar\/dev\/politica\/el-pacto-de-mayo-y-el-vinculo-nacion-provincias-en-las-encuestas\/","title":{"rendered":"El Pacto de Mayo y el v\u00ednculo naci\u00f3n-provincias en las encuestas"},"content":{"rendered":"\t\t<div data-elementor-type=\"wp-post\" data-elementor-id=\"16343\" class=\"elementor elementor-16343\" data-elementor-post-type=\"post\">\n\t\t\t\t\t\t<section class=\"elementor-section elementor-top-section elementor-element elementor-element-41498b4 elementor-section-height-min-height elementor-section-boxed elementor-section-height-default elementor-section-items-middle\" data-id=\"41498b4\" data-element_type=\"section\" data-e-type=\"section\" data-settings=\"{&quot;background_background&quot;:&quot;classic&quot;}\">\n\t\t\t\t\t\t\t<div class=\"elementor-background-overlay\"><\/div>\n\t\t\t\t\t\t\t<div class=\"elementor-container elementor-column-gap-no\">\n\t\t\t\t\t<div class=\"elementor-column elementor-col-100 elementor-top-column elementor-element elementor-element-a18ac89\" data-id=\"a18ac89\" data-element_type=\"column\" data-e-type=\"column\">\n\t\t\t<div class=\"elementor-widget-wrap elementor-element-populated\">\n\t\t\t\t\t\t<div class=\"elementor-element elementor-element-e493600 elementor-widget elementor-widget-heading\" data-id=\"e493600\" data-element_type=\"widget\" data-e-type=\"widget\" data-widget_type=\"heading.default\">\n\t\t\t\t\t<h2 class=\"elementor-heading-title elementor-size-large\">POL\u00cdTICA<\/h2>\t\t\t\t<\/div>\n\t\t\t\t\t<\/div>\n\t\t<\/div>\n\t\t\t\t\t<\/div>\n\t\t<\/section>\n\t\t\t\t<section class=\"elementor-section elementor-top-section elementor-element elementor-element-7dafb6e4 elementor-section-boxed elementor-section-height-default elementor-section-height-default\" data-id=\"7dafb6e4\" data-element_type=\"section\" data-e-type=\"section\">\n\t\t\t\t\t\t<div class=\"elementor-container elementor-column-gap-default\">\n\t\t\t\t\t<div class=\"elementor-column elementor-col-100 elementor-top-column elementor-element elementor-element-38ae5a14\" data-id=\"38ae5a14\" data-element_type=\"column\" data-e-type=\"column\">\n\t\t\t<div class=\"elementor-widget-wrap elementor-element-populated\">\n\t\t\t\t\t\t<div class=\"elementor-element elementor-element-f8a3207 elementor-widget elementor-widget-author-box\" data-id=\"f8a3207\" data-element_type=\"widget\" data-e-type=\"widget\" data-widget_type=\"author-box.default\">\n\t\t\t\t\t\t\t<div class=\"elementor-author-box\">\n\t\t\t\t\t\t\t<a href=\"https:\/\/delfoscba.com.ar\/\/dev\/\/nosotros\/\" class=\"elementor-author-box__avatar\">\n\t\t\t\t\t<img decoding=\"async\" src=\"https:\/\/delfoscba.com.ar\/dev\/wp-content\/uploads\/2021\/02\/norman-250x250-1.jpg\" alt=\"Picture of Norman Berra\" loading=\"lazy\">\n\t\t\t\t<\/a>\n\t\t\t\n\t\t\t<div class=\"elementor-author-box__text\">\n\t\t\t\t\t\t\t\t\t<a href=\"https:\/\/delfoscba.com.ar\/\/dev\/\/nosotros\/\">\n\t\t\t\t\t\t<h4 class=\"elementor-author-box__name\">\n\t\t\t\t\t\t\tNorman Berra\t\t\t\t\t\t<\/h4>\n\t\t\t\t\t<\/a>\n\t\t\t\t\n\t\t\t\t\t\t\t\t\t<div class=\"elementor-author-box__bio\">\n\t\t\t\t\t\t<p>L\u00edder de Proyectos<\/p>\n\t\t\t\t\t<\/div>\n\t\t\t\t\n\t\t\t\t\t\t\t<\/div>\n\t\t<\/div>\n\t\t\t\t\t\t<\/div>\n\t\t\t\t<div class=\"elementor-element elementor-element-7aefe4b4 elementor-widget elementor-widget-text-editor\" data-id=\"7aefe4b4\" data-element_type=\"widget\" data-e-type=\"widget\" data-widget_type=\"text-editor.default\">\n\t\t\t\t\t\t\t\t\t<p><a href=\"https:\/\/delfoscba.com.ar\/\/dev\/\/wp-content\/uploads\/2024\/07\/1-3-1.jpg\"><img fetchpriority=\"high\" decoding=\"async\" class=\"aligncenter wp-image-16345 size-large\" src=\"https:\/\/delfoscba.com.ar\/\/dev\/\/wp-content\/uploads\/2024\/07\/1-3-1-1024x575.jpg\" alt=\"\" width=\"1024\" height=\"575\" srcset=\"https:\/\/delfoscba.com.ar\/dev\/wp-content\/uploads\/2024\/07\/1-3-1-1024x575.jpg 1024w, https:\/\/delfoscba.com.ar\/dev\/wp-content\/uploads\/2024\/07\/1-3-1-300x169.jpg 300w, https:\/\/delfoscba.com.ar\/dev\/wp-content\/uploads\/2024\/07\/1-3-1-768x431.jpg 768w, https:\/\/delfoscba.com.ar\/dev\/wp-content\/uploads\/2024\/07\/1-3-1-1080x607.jpg 1080w, https:\/\/delfoscba.com.ar\/dev\/wp-content\/uploads\/2024\/07\/1-3-1.jpg 1100w\" sizes=\"(max-width: 1024px) 100vw, 1024px\" \/><\/a><\/p><p>El Pacto de Mayo que se firm\u00f3 ayer 9 de julio en Tucum\u00e1n se origin\u00f3 en un anuncio del presidente Javier Milei en la apertura de sesiones del Congreso el pasado 1 de marzo. Luego de la ca\u00edda del primer proyecto de Ley Bases en febrero, el libertario busc\u00f3 dar un gui\u00f1o consensual, pero su accionar pol\u00edtico (ratific\u00f3 el proceso de ajuste) mantuvo activo el conflicto. En ese marco, no sorprendi\u00f3 que la primera encuesta nacional al respecto arrojara resultados magros: entre marzo y abril, Pulso Research report\u00f3 que la percepci\u00f3n de que el pacto pod\u00eda ayudar a resolver los problemas del pa\u00eds hab\u00eda cedido desde casi 38% a 35,1%, mientras que quienes cre\u00edan que los empeorar\u00eda crec\u00eda desde casi 23% a 30,2% (gr\u00e1fico arriba).<\/p><p><a href=\"https:\/\/delfoscba.com.ar\/\/dev\/\/wp-content\/uploads\/2024\/07\/2-3-1.jpg\"><img decoding=\"async\" class=\"aligncenter wp-image-16346 size-large\" src=\"https:\/\/delfoscba.com.ar\/\/dev\/\/wp-content\/uploads\/2024\/07\/2-3-1-1024x576.jpg\" alt=\"\" width=\"1024\" height=\"576\" srcset=\"https:\/\/delfoscba.com.ar\/dev\/wp-content\/uploads\/2024\/07\/2-3-1-1024x576.jpg 1024w, https:\/\/delfoscba.com.ar\/dev\/wp-content\/uploads\/2024\/07\/2-3-1-300x169.jpg 300w, https:\/\/delfoscba.com.ar\/dev\/wp-content\/uploads\/2024\/07\/2-3-1-768x432.jpg 768w, https:\/\/delfoscba.com.ar\/dev\/wp-content\/uploads\/2024\/07\/2-3-1-1080x608.jpg 1080w, https:\/\/delfoscba.com.ar\/dev\/wp-content\/uploads\/2024\/07\/2-3-1.jpg 1212w\" sizes=\"(max-width: 1024px) 100vw, 1024px\" \/><\/a><\/p><p>En mayo, la encuesta de la Universidad de San Andr\u00e9s (Udesa) arroj\u00f3 42% de acuerdo vs 32% de desacuerdo con el pacto; por otro lado, 26% no sab\u00eda o prefer\u00eda no contestar (gr\u00e1fico arriba). As\u00ed, hab\u00eda apenas una primera minor\u00eda de apoyo en un marco de opiniones divididas, muy lejos de un consenso mayoritario. En la misma l\u00ednea, el informe mostraba que s\u00f3lo 15% cre\u00eda que el pacto deber\u00eda firmarse tal como lo propon\u00eda el presidente, mientras que 33% se inclinaba por firmarlo luego de que fuera modificado y 29% pensaba que no deber\u00eda firmarse (gr\u00e1fico abajo).<\/p><p><a href=\"https:\/\/delfoscba.com.ar\/\/dev\/\/wp-content\/uploads\/2024\/07\/3-3-1.jpg\"><img decoding=\"async\" class=\"aligncenter wp-image-16347 size-large\" src=\"https:\/\/delfoscba.com.ar\/\/dev\/\/wp-content\/uploads\/2024\/07\/3-3-1-1024x576.jpg\" alt=\"\" width=\"1024\" height=\"576\" srcset=\"https:\/\/delfoscba.com.ar\/dev\/wp-content\/uploads\/2024\/07\/3-3-1-1024x576.jpg 1024w, https:\/\/delfoscba.com.ar\/dev\/wp-content\/uploads\/2024\/07\/3-3-1-300x169.jpg 300w, https:\/\/delfoscba.com.ar\/dev\/wp-content\/uploads\/2024\/07\/3-3-1-768x432.jpg 768w, https:\/\/delfoscba.com.ar\/dev\/wp-content\/uploads\/2024\/07\/3-3-1-1080x608.jpg 1080w, https:\/\/delfoscba.com.ar\/dev\/wp-content\/uploads\/2024\/07\/3-3-1.jpg 1212w\" sizes=\"(max-width: 1024px) 100vw, 1024px\" \/><\/a><\/p><p>En mayo apareci\u00f3 la \u00fanica encuesta que mostraba un respaldo m\u00e1s amplio: seg\u00fan Isasi\/Burdman, 53% estaba de acuerdo con el pacto, vs 34% en desacuerdo (gr\u00e1fico abajo).<\/p><p><a href=\"https:\/\/delfoscba.com.ar\/\/dev\/\/wp-content\/uploads\/2024\/07\/4-3-1.jpg\"><img loading=\"lazy\" decoding=\"async\" class=\"aligncenter wp-image-16348 size-large\" src=\"https:\/\/delfoscba.com.ar\/\/dev\/\/wp-content\/uploads\/2024\/07\/4-3-1-1024x723.jpg\" alt=\"\" width=\"1024\" height=\"723\" srcset=\"https:\/\/delfoscba.com.ar\/dev\/wp-content\/uploads\/2024\/07\/4-3-1-1024x723.jpg 1024w, https:\/\/delfoscba.com.ar\/dev\/wp-content\/uploads\/2024\/07\/4-3-1-300x212.jpg 300w, https:\/\/delfoscba.com.ar\/dev\/wp-content\/uploads\/2024\/07\/4-3-1-768x542.jpg 768w, https:\/\/delfoscba.com.ar\/dev\/wp-content\/uploads\/2024\/07\/4-3-1-1080x762.jpg 1080w, https:\/\/delfoscba.com.ar\/dev\/wp-content\/uploads\/2024\/07\/4-3-1.jpg 1288w\" sizes=\"(max-width: 1024px) 100vw, 1024px\" \/><\/a><\/p><p>Ese mismo mes estall\u00f3 la crisis en la provincia de Misiones, en el marco del proceso de ajuste llevado a cabo por la Naci\u00f3n y que en ese distrito (como en otros) impactaba en t\u00e9rminos de un recorte de los fondos enviados por el gobierno de Milei. La encuesta nacional realizada por Analog\u00edas en mayo detect\u00f3 que 45,4% de los electores a nivel pa\u00eds cre\u00eda que el conflicto con la polic\u00eda y los docentes que sacudi\u00f3 a la provincia mesopot\u00e1mica podr\u00eda replicarse en otras, vs apenas 29% que pensaba lo contrario (gr\u00e1fico abajo).<\/p><p><a href=\"https:\/\/delfoscba.com.ar\/\/dev\/\/wp-content\/uploads\/2024\/07\/5-3-1.jpg\"><img loading=\"lazy\" decoding=\"async\" class=\"aligncenter wp-image-16349 size-full\" src=\"https:\/\/delfoscba.com.ar\/\/dev\/\/wp-content\/uploads\/2024\/07\/5-3-1.jpg\" alt=\"\" width=\"964\" height=\"682\" srcset=\"https:\/\/delfoscba.com.ar\/dev\/wp-content\/uploads\/2024\/07\/5-3-1.jpg 964w, https:\/\/delfoscba.com.ar\/dev\/wp-content\/uploads\/2024\/07\/5-3-1-300x212.jpg 300w, https:\/\/delfoscba.com.ar\/dev\/wp-content\/uploads\/2024\/07\/5-3-1-768x543.jpg 768w, https:\/\/delfoscba.com.ar\/dev\/wp-content\/uploads\/2024\/07\/5-3-1-400x284.jpg 400w\" sizes=\"(max-width: 964px) 100vw, 964px\" \/><\/a><\/p><p>En junio, Isasi\/Burdman midi\u00f3 la crisis de Misiones a nivel pa\u00eds: 53% atribuy\u00f3 la responsabilidad al gobernador de esa provincia, vs 42% que la carg\u00f3 en el presidente (gr\u00e1fico abajo).<\/p><p><a href=\"https:\/\/delfoscba.com.ar\/\/dev\/\/wp-content\/uploads\/2024\/07\/6-3-1.jpg\"><img loading=\"lazy\" decoding=\"async\" class=\"aligncenter wp-image-16350 size-large\" src=\"https:\/\/delfoscba.com.ar\/\/dev\/\/wp-content\/uploads\/2024\/07\/6-3-1-1024x699.jpg\" alt=\"\" width=\"1024\" height=\"699\" srcset=\"https:\/\/delfoscba.com.ar\/dev\/wp-content\/uploads\/2024\/07\/6-3-1-1024x699.jpg 1024w, https:\/\/delfoscba.com.ar\/dev\/wp-content\/uploads\/2024\/07\/6-3-1-300x205.jpg 300w, https:\/\/delfoscba.com.ar\/dev\/wp-content\/uploads\/2024\/07\/6-3-1-768x524.jpg 768w, https:\/\/delfoscba.com.ar\/dev\/wp-content\/uploads\/2024\/07\/6-3-1.jpg 1040w\" sizes=\"(max-width: 1024px) 100vw, 1024px\" \/><\/a><\/p><p>\u00bfEs posible mensurar el impacto de la crisis a nivel distrital? Seg\u00fan CB Consultora, entre mayo y junio el gobernador Hugo Passalacqua perdi\u00f3 5,4 puntos porcentuales de imagen positiva en Misiones, al pasar de 63,4% a 58% (gr\u00e1fico abajo). En el mismo lapso, la negativa creci\u00f3 de 33,5% a 39,2% (suba de 5,7 pp).<\/p><p><a href=\"https:\/\/delfoscba.com.ar\/\/dev\/\/wp-content\/uploads\/2024\/07\/7-2.jpg\"><img loading=\"lazy\" decoding=\"async\" class=\"aligncenter wp-image-16351 size-large\" src=\"https:\/\/delfoscba.com.ar\/\/dev\/\/wp-content\/uploads\/2024\/07\/7-2-1024x850.jpg\" alt=\"\" width=\"1024\" height=\"850\" srcset=\"https:\/\/delfoscba.com.ar\/dev\/wp-content\/uploads\/2024\/07\/7-2-1024x850.jpg 1024w, https:\/\/delfoscba.com.ar\/dev\/wp-content\/uploads\/2024\/07\/7-2-300x249.jpg 300w, https:\/\/delfoscba.com.ar\/dev\/wp-content\/uploads\/2024\/07\/7-2-768x637.jpg 768w, https:\/\/delfoscba.com.ar\/dev\/wp-content\/uploads\/2024\/07\/7-2-1080x896.jpg 1080w, https:\/\/delfoscba.com.ar\/dev\/wp-content\/uploads\/2024\/07\/7-2.jpg 1168w\" sizes=\"(max-width: 1024px) 100vw, 1024px\" \/><\/a><\/p><p>Seg\u00fan el mismo estudio, a nivel intermensual la imagen positiva de Milei en Misiones cedi\u00f3 de 52,4% a 49,7% (2,7 puntos porcentuales menos; gr\u00e1fico abajo), mientras que la negativa pas\u00f3 de 42,6% a 45,7% (un alza de 3,1 puntos porcentuales). En ambos dirigentes las variaciones son menores, lo que sugiere que la crisis no tuvo un impacto may\u00fasculo (o bien que la herramienta de la encuesta no tiene la sensibilidad como para captarla, tal como la elevada imagen de Passalacqua en mayo no permit\u00eda anticipar la crisis). En cualquier caso, el presidente sali\u00f3 mejor parado que Passalacqua, lo que confirmar\u00eda la tendencia que arroj\u00f3 la encuesta de Isasi\/Burdman en el sentido de que la crisis afecta m\u00e1s a los gobernadores.<\/p><p><a href=\"https:\/\/delfoscba.com.ar\/\/dev\/\/wp-content\/uploads\/2024\/07\/8.jpg\"><img loading=\"lazy\" decoding=\"async\" class=\"aligncenter wp-image-16352 size-full\" src=\"https:\/\/delfoscba.com.ar\/\/dev\/\/wp-content\/uploads\/2024\/07\/8.jpg\" alt=\"\" width=\"976\" height=\"969\" srcset=\"https:\/\/delfoscba.com.ar\/dev\/wp-content\/uploads\/2024\/07\/8.jpg 976w, https:\/\/delfoscba.com.ar\/dev\/wp-content\/uploads\/2024\/07\/8-300x298.jpg 300w, https:\/\/delfoscba.com.ar\/dev\/wp-content\/uploads\/2024\/07\/8-150x150.jpg 150w, https:\/\/delfoscba.com.ar\/dev\/wp-content\/uploads\/2024\/07\/8-768x762.jpg 768w\" sizes=\"(max-width: 976px) 100vw, 976px\" \/><\/a><\/p><p>Yendo a los datos duros, el monitor fiscal que analiza las transferencias nacionales no autom\u00e1ticas a las provincias arroj\u00f3 que en mayo de 2024 los distritos recibieron recursos (cr\u00e9dito pagado) en un monto que implica una ca\u00edda interanual nominal de 36,3% y una real de 83,3%. Todas las jurisdicciones sufrieron una baja interanual real. Los menores descensos se observaron en Ciudad Aut\u00f3noma de Buenos Aires (-35,5%), Salta (-36,3%) y Jujuy (-53,3%) y los mayores en La Rioja, San Luis, Santa Fe y Chubut (m\u00e1s del 99; gr\u00e1fico abajo).<\/p><p><a href=\"https:\/\/delfoscba.com.ar\/\/dev\/\/wp-content\/uploads\/2024\/07\/9.jpg\"><img loading=\"lazy\" decoding=\"async\" class=\"aligncenter wp-image-16353 size-large\" src=\"https:\/\/delfoscba.com.ar\/\/dev\/\/wp-content\/uploads\/2024\/07\/9-1024x727.jpg\" alt=\"\" width=\"1024\" height=\"727\" srcset=\"https:\/\/delfoscba.com.ar\/dev\/wp-content\/uploads\/2024\/07\/9-1024x727.jpg 1024w, https:\/\/delfoscba.com.ar\/dev\/wp-content\/uploads\/2024\/07\/9-300x213.jpg 300w, https:\/\/delfoscba.com.ar\/dev\/wp-content\/uploads\/2024\/07\/9-768x545.jpg 768w, https:\/\/delfoscba.com.ar\/dev\/wp-content\/uploads\/2024\/07\/9-400x284.jpg 400w, https:\/\/delfoscba.com.ar\/dev\/wp-content\/uploads\/2024\/07\/9-1080x766.jpg 1080w, https:\/\/delfoscba.com.ar\/dev\/wp-content\/uploads\/2024\/07\/9.jpg 1364w\" sizes=\"(max-width: 1024px) 100vw, 1024px\" \/><\/a><\/p><p>Seg\u00fan la encuesta nacional de Zuban C\u00f3rdoba realizada a 6 meses de gesti\u00f3n, apenas 30,2% califica de manera positiva la relaci\u00f3n de Milei con los gobernadores, en tanto que quienes la perciben de manera negativa son m\u00e1s del doble: casi 66% (gr\u00e1fico abajo). Eso la ubica como uno de los tres \u00e1mbitos de peor valoraci\u00f3n del gobierno nacional; s\u00f3lo el v\u00ednculo con el Congreso aparece en una posici\u00f3n m\u00e1s desfavorable.<\/p><p><a href=\"https:\/\/delfoscba.com.ar\/\/dev\/\/wp-content\/uploads\/2024\/07\/10.jpg\"><img loading=\"lazy\" decoding=\"async\" class=\"aligncenter wp-image-16354 size-full\" src=\"https:\/\/delfoscba.com.ar\/\/dev\/\/wp-content\/uploads\/2024\/07\/10.jpg\" alt=\"\" width=\"540\" height=\"944\" srcset=\"https:\/\/delfoscba.com.ar\/dev\/wp-content\/uploads\/2024\/07\/10.jpg 540w, https:\/\/delfoscba.com.ar\/dev\/wp-content\/uploads\/2024\/07\/10-172x300.jpg 172w\" sizes=\"(max-width: 540px) 100vw, 540px\" \/><\/a><\/p><p>En s\u00edntesis, con el Pacto de mayo, muchos de los gobernadores firmantes corren el riesgo de seguir d\u00e1ndole gobernabilidad a Milei a costa de su propia gobernabilidad en los distritos que administran. Esto puede atribuirse a varias razones, pero puede haber una de fondo: quiz\u00e1 no entienden que el juego que juega el presidente no es el que ellos est\u00e1n jugando. Como anticip\u00f3 Ad Hoc en su informe de febrero pasado: <em>\u201cLa confrontaci\u00f3n no es s\u00f3lo un arraigo de su personalidad, es su modelo de implementaci\u00f3n. Es la competencia, no la cooperaci\u00f3n, la que gu\u00eda la econom\u00eda y la acci\u00f3n pol\u00edtica del Presidente\u201d<\/em>. Quienes s\u00ed parecen entender el juego son los gobernadores que no suscribieron el pacto y que han definido un posicionamiento netamente opositor a Milei, con el bonaerense Axel Kicillof a la cabeza.<\/p>\t\t\t\t\t\t\t\t<\/div>\n\t\t\t\t\t<\/div>\n\t\t<\/div>\n\t\t\t\t\t<\/div>\n\t\t<\/section>\n\t\t\t\t<section class=\"elementor-section elementor-top-section elementor-element elementor-element-b28ac47 elementor-section-height-min-height elementor-section-boxed elementor-section-height-default elementor-section-items-middle\" data-id=\"b28ac47\" data-element_type=\"section\" data-e-type=\"section\" data-settings=\"{&quot;background_background&quot;:&quot;classic&quot;}\">\n\t\t\t\t\t\t\t<div class=\"elementor-background-overlay\"><\/div>\n\t\t\t\t\t\t\t<div class=\"elementor-container elementor-column-gap-default\">\n\t\t\t\t\t<div class=\"elementor-column elementor-col-100 elementor-top-column elementor-element elementor-element-88fba06\" data-id=\"88fba06\" data-element_type=\"column\" data-e-type=\"column\">\n\t\t\t<div class=\"elementor-widget-wrap elementor-element-populated\">\n\t\t\t\t\t\t<div class=\"elementor-element elementor-element-7e65226 elementor-widget elementor-widget-heading\" data-id=\"7e65226\" data-element_type=\"widget\" data-e-type=\"widget\" data-widget_type=\"heading.default\">\n\t\t\t\t\t<h2 class=\"elementor-heading-title elementor-size-large\">Seguinos en nuestras redes<\/h2>\t\t\t\t<\/div>\n\t\t\t\t<div class=\"elementor-element elementor-element-c37b7ef elementor-shape-circle e-grid-align-tablet-center e-grid-align-mobile-center e-grid-align-left elementor-grid-0 elementor-widget elementor-widget-social-icons\" data-id=\"c37b7ef\" data-element_type=\"widget\" data-e-type=\"widget\" data-widget_type=\"social-icons.default\">\n\t\t\t\t\t\t\t<div class=\"elementor-social-icons-wrapper elementor-grid\" role=\"list\">\n\t\t\t\t\t\t\t<span class=\"elementor-grid-item\" role=\"listitem\">\n\t\t\t\t\t<a class=\"elementor-icon elementor-social-icon elementor-social-icon-facebook-f elementor-repeater-item-lf5yt4c\" href=\"https:\/\/www.facebook.com\/ConsultoraDelfos\" target=\"_blank\">\n\t\t\t\t\t\t<span class=\"elementor-screen-only\">Facebook-f<\/span>\n\t\t\t\t\t\t<i aria-hidden=\"true\" class=\"fab fa-facebook-f\"><\/i>\t\t\t\t\t<\/a>\n\t\t\t\t<\/span>\n\t\t\t\t\t\t\t<span class=\"elementor-grid-item\" role=\"listitem\">\n\t\t\t\t\t<a class=\"elementor-icon elementor-social-icon elementor-social-icon-twitter elementor-repeater-item-01xie82\" href=\"https:\/\/twitter.com\/delfoscba\" target=\"_blank\">\n\t\t\t\t\t\t<span class=\"elementor-screen-only\">Twitter<\/span>\n\t\t\t\t\t\t<i aria-hidden=\"true\" class=\"fab fa-twitter\"><\/i>\t\t\t\t\t<\/a>\n\t\t\t\t<\/span>\n\t\t\t\t\t\t\t<span class=\"elementor-grid-item\" role=\"listitem\">\n\t\t\t\t\t<a class=\"elementor-icon elementor-social-icon elementor-social-icon-linkedin elementor-repeater-item-grhvqhn\" target=\"_blank\">\n\t\t\t\t\t\t<span class=\"elementor-screen-only\">Linkedin<\/span>\n\t\t\t\t\t\t<i aria-hidden=\"true\" class=\"fab fa-linkedin\"><\/i>\t\t\t\t\t<\/a>\n\t\t\t\t<\/span>\n\t\t\t\t\t<\/div>\n\t\t\t\t\t\t<\/div>\n\t\t\t\t\t<\/div>\n\t\t<\/div>\n\t\t\t\t\t<\/div>\n\t\t<\/section>\n\t\t\t\t<\/div>\n\t\t","protected":false},"excerpt":{"rendered":"<p>El Pacto de Mayo y sus costos y beneficios para los gobernadores firmantes<\/p>\n","protected":false},"author":2,"featured_media":16356,"comment_status":"open","ping_status":"open","sticky":false,"template":"","format":"standard","meta":{"_acf_changed":false,"footnotes":""},"categories":[3],"tags":[1322,1061,39,1395,1052,201,40,1303,38,1401,348,128,246,929,230,1330,61,1394,1344,569,1021,57,188,1385,56,1366,1315,488,1150,1030],"class_list":["post-16343","post","type-post","status-publish","format-standard","has-post-thumbnail","hentry","category-politica","tag-1322","tag-analogias","tag-argentina","tag-burdman","tag-cb","tag-confianza","tag-consultora","tag-consultores","tag-cordoba","tag-costos","tag-datos","tag-delfos","tag-encuestas","tag-espanol","tag-estadistica","tag-gobernadores","tag-imagen","tag-isasi","tag-mayo","tag-milei","tag-misiones","tag-norman-berra","tag-opinion-publica","tag-pacto","tag-politica","tag-pulso","tag-san-andres","tag-sudamerica","tag-udesa","tag-zuban","et-has-post-format-content","et_post_format-et-post-format-standard"],"acf":[],"_links":{"self":[{"href":"https:\/\/delfoscba.com.ar\/dev\/wp-json\/wp\/v2\/posts\/16343","targetHints":{"allow":["GET"]}}],"collection":[{"href":"https:\/\/delfoscba.com.ar\/dev\/wp-json\/wp\/v2\/posts"}],"about":[{"href":"https:\/\/delfoscba.com.ar\/dev\/wp-json\/wp\/v2\/types\/post"}],"author":[{"embeddable":true,"href":"https:\/\/delfoscba.com.ar\/dev\/wp-json\/wp\/v2\/users\/2"}],"replies":[{"embeddable":true,"href":"https:\/\/delfoscba.com.ar\/dev\/wp-json\/wp\/v2\/comments?post=16343"}],"version-history":[{"count":5,"href":"https:\/\/delfoscba.com.ar\/dev\/wp-json\/wp\/v2\/posts\/16343\/revisions"}],"predecessor-version":[{"id":16364,"href":"https:\/\/delfoscba.com.ar\/dev\/wp-json\/wp\/v2\/posts\/16343\/revisions\/16364"}],"wp:featuredmedia":[{"embeddable":true,"href":"https:\/\/delfoscba.com.ar\/dev\/wp-json\/wp\/v2\/media\/16356"}],"wp:attachment":[{"href":"https:\/\/delfoscba.com.ar\/dev\/wp-json\/wp\/v2\/media?parent=16343"}],"wp:term":[{"taxonomy":"category","embeddable":true,"href":"https:\/\/delfoscba.com.ar\/dev\/wp-json\/wp\/v2\/categories?post=16343"},{"taxonomy":"post_tag","embeddable":true,"href":"https:\/\/delfoscba.com.ar\/dev\/wp-json\/wp\/v2\/tags?post=16343"}],"curies":[{"name":"wp","href":"https:\/\/api.w.org\/{rel}","templated":true}]}}