{"id":16389,"date":"2024-07-26T15:36:43","date_gmt":"2024-07-26T15:36:43","guid":{"rendered":"https:\/\/delfoscba.com.ar\/\/dev\/\/?p=16389"},"modified":"2024-07-26T15:41:33","modified_gmt":"2024-07-26T15:41:33","slug":"el-presidente-javier-milei-empieza-el-segundo-semestre-con-el-pie-izquierdo","status":"publish","type":"post","link":"https:\/\/delfoscba.com.ar\/dev\/politica\/el-presidente-javier-milei-empieza-el-segundo-semestre-con-el-pie-izquierdo\/","title":{"rendered":"El presidente Javier Milei empieza el segundo semestre con el pie izquierdo"},"content":{"rendered":"\t\t<div data-elementor-type=\"wp-post\" data-elementor-id=\"16389\" class=\"elementor elementor-16389\" data-elementor-post-type=\"post\">\n\t\t\t\t\t\t<section class=\"elementor-section elementor-top-section elementor-element elementor-element-41498b4 elementor-section-height-min-height elementor-section-boxed elementor-section-height-default elementor-section-items-middle\" data-id=\"41498b4\" data-element_type=\"section\" data-e-type=\"section\" data-settings=\"{&quot;background_background&quot;:&quot;classic&quot;}\">\n\t\t\t\t\t\t\t<div class=\"elementor-background-overlay\"><\/div>\n\t\t\t\t\t\t\t<div class=\"elementor-container elementor-column-gap-no\">\n\t\t\t\t\t<div class=\"elementor-column elementor-col-100 elementor-top-column elementor-element elementor-element-a18ac89\" data-id=\"a18ac89\" data-element_type=\"column\" data-e-type=\"column\">\n\t\t\t<div class=\"elementor-widget-wrap elementor-element-populated\">\n\t\t\t\t\t\t<div class=\"elementor-element elementor-element-e493600 elementor-widget elementor-widget-heading\" data-id=\"e493600\" data-element_type=\"widget\" data-e-type=\"widget\" data-widget_type=\"heading.default\">\n\t\t\t\t\t<h2 class=\"elementor-heading-title elementor-size-large\">POL\u00cdTICA<\/h2>\t\t\t\t<\/div>\n\t\t\t\t\t<\/div>\n\t\t<\/div>\n\t\t\t\t\t<\/div>\n\t\t<\/section>\n\t\t\t\t<section class=\"elementor-section elementor-top-section elementor-element elementor-element-7dafb6e4 elementor-section-boxed elementor-section-height-default elementor-section-height-default\" data-id=\"7dafb6e4\" data-element_type=\"section\" data-e-type=\"section\">\n\t\t\t\t\t\t<div class=\"elementor-container elementor-column-gap-default\">\n\t\t\t\t\t<div class=\"elementor-column elementor-col-100 elementor-top-column elementor-element elementor-element-38ae5a14\" data-id=\"38ae5a14\" data-element_type=\"column\" data-e-type=\"column\">\n\t\t\t<div class=\"elementor-widget-wrap elementor-element-populated\">\n\t\t\t\t\t\t<div class=\"elementor-element elementor-element-f8a3207 elementor-widget elementor-widget-author-box\" data-id=\"f8a3207\" data-element_type=\"widget\" data-e-type=\"widget\" data-widget_type=\"author-box.default\">\n\t\t\t\t\t\t\t<div class=\"elementor-author-box\">\n\t\t\t\t\t\t\t<a href=\"https:\/\/delfoscba.com.ar\/\/dev\/\/nosotros\/\" class=\"elementor-author-box__avatar\">\n\t\t\t\t\t<img decoding=\"async\" src=\"https:\/\/delfoscba.com.ar\/dev\/wp-content\/uploads\/2021\/02\/norman-250x250-1.jpg\" alt=\"Picture of Norman Berra\" loading=\"lazy\">\n\t\t\t\t<\/a>\n\t\t\t\n\t\t\t<div class=\"elementor-author-box__text\">\n\t\t\t\t\t\t\t\t\t<a href=\"https:\/\/delfoscba.com.ar\/\/dev\/\/nosotros\/\">\n\t\t\t\t\t\t<h4 class=\"elementor-author-box__name\">\n\t\t\t\t\t\t\tNorman Berra\t\t\t\t\t\t<\/h4>\n\t\t\t\t\t<\/a>\n\t\t\t\t\n\t\t\t\t\t\t\t\t\t<div class=\"elementor-author-box__bio\">\n\t\t\t\t\t\t<p>L\u00edder de Proyectos<\/p>\n\t\t\t\t\t<\/div>\n\t\t\t\t\n\t\t\t\t\t\t\t<\/div>\n\t\t<\/div>\n\t\t\t\t\t\t<\/div>\n\t\t\t\t<div class=\"elementor-element elementor-element-7aefe4b4 elementor-widget elementor-widget-text-editor\" data-id=\"7aefe4b4\" data-element_type=\"widget\" data-e-type=\"widget\" data-widget_type=\"text-editor.default\">\n\t\t\t\t\t\t\t\t\t<p><a href=\"https:\/\/delfoscba.com.ar\/\/dev\/\/wp-content\/uploads\/2024\/07\/1-4.jpg\"><img fetchpriority=\"high\" decoding=\"async\" class=\"aligncenter wp-image-16391 size-large\" src=\"https:\/\/delfoscba.com.ar\/\/dev\/\/wp-content\/uploads\/2024\/07\/1-4-1024x706.jpg\" alt=\"\" width=\"1024\" height=\"706\" srcset=\"https:\/\/delfoscba.com.ar\/dev\/wp-content\/uploads\/2024\/07\/1-4-1024x706.jpg 1024w, https:\/\/delfoscba.com.ar\/dev\/wp-content\/uploads\/2024\/07\/1-4-300x207.jpg 300w, https:\/\/delfoscba.com.ar\/dev\/wp-content\/uploads\/2024\/07\/1-4-768x529.jpg 768w, https:\/\/delfoscba.com.ar\/dev\/wp-content\/uploads\/2024\/07\/1-4.jpg 1040w\" sizes=\"(max-width: 1024px) 100vw, 1024px\" \/><\/a><\/p><p>Seg\u00fan la encuesta nacional realizada por consultora Delfos en julio, el presidente Javier Milei arranc\u00f3 \u201cel segundo semestre\u201d de su mandato con el pie izquierdo. Las opiniones positivas sobre su gesti\u00f3n de gobierno ratifican una tendencia a la baja que comenz\u00f3 a registrarse en junio: el mandatario comienza la segunda mitad del a\u00f1o con una paridad entre quienes opinan bien (47%) y mal (46%) de su gesti\u00f3n, lo que retrotrae las posturas a una situaci\u00f3n similar a la que se hab\u00eda registrado en marzo pasado (gr\u00e1fico arriba).<\/p><p><a href=\"https:\/\/delfoscba.com.ar\/\/dev\/\/wp-content\/uploads\/2024\/07\/2-4.jpg\"><img decoding=\"async\" class=\"aligncenter wp-image-16392 size-large\" src=\"https:\/\/delfoscba.com.ar\/\/dev\/\/wp-content\/uploads\/2024\/07\/2-4-1024x706.jpg\" alt=\"\" width=\"1024\" height=\"706\" srcset=\"https:\/\/delfoscba.com.ar\/dev\/wp-content\/uploads\/2024\/07\/2-4-1024x706.jpg 1024w, https:\/\/delfoscba.com.ar\/dev\/wp-content\/uploads\/2024\/07\/2-4-300x207.jpg 300w, https:\/\/delfoscba.com.ar\/dev\/wp-content\/uploads\/2024\/07\/2-4-768x529.jpg 768w, https:\/\/delfoscba.com.ar\/dev\/wp-content\/uploads\/2024\/07\/2-4.jpg 1040w\" sizes=\"(max-width: 1024px) 100vw, 1024px\" \/><\/a><\/p><p>\u00a0<\/p><p>La aprobaci\u00f3n arroja un panorama m\u00e1s desfavorable para el oficialismo: 47% vs 52% (gr\u00e1fico arriba), con un saldo negativo de 5 puntos porcentuales, al igual que en marzo pasado. En lo que va de 2024, s\u00f3lo abril present\u00f3 un panorama peor, con una brecha en contra de 13 puntos porcentuales. Esto ratifica que la opini\u00f3n p\u00fablica est\u00e1 operando sobre tres factores ordenadores: 1) el pol\u00edtico, que se explica al enfrentar a Milei con <em>\u201cla casta\u201d<\/em>. Las controversias con el kirchnerismo, con el sindicalismo y las organizaciones sociales, a las que su discurso y construcci\u00f3n pol\u00edtica se contrapone 2) el econ\u00f3mico, atado fuertemente a la promesa marcaria de bajar la inflaci\u00f3n, hasta ahora cumplido en una mayor\u00eda perceptiva (aunque en junio se fren\u00f3 la tendencia a la desinflaci\u00f3n visible desde enero pasado) 3) el social, entendido como el proceso de deterioro que sufren las econom\u00edas dom\u00e9sticas y las condiciones sociales en el marco del ajuste en marcha.<\/p><p>Milei hab\u00eda consolidado su base de sustento en el factor econ\u00f3mico, que a lo largo del primer semestre le permiti\u00f3 mantener niveles de apoyo mayores al 40%. S\u00f3lo cuando enfrent\u00f3 situaciones de disputa de poder con impacto masivo (como el paro de la CGT) logr\u00f3 politizar las opiniones y sumar a su caudal un apoyo extra en <em>\u201cla pelea contra la casta\u201d. <\/em>Desde que ese episodio se fue disipando, tambi\u00e9n fue cayendo el acompa\u00f1amiento.<\/p><p><a href=\"https:\/\/delfoscba.com.ar\/\/dev\/\/wp-content\/uploads\/2024\/07\/3-4.jpg\"><img decoding=\"async\" class=\"aligncenter wp-image-16393 size-full\" src=\"https:\/\/delfoscba.com.ar\/\/dev\/\/wp-content\/uploads\/2024\/07\/3-4.jpg\" alt=\"\" width=\"404\" height=\"717\" srcset=\"https:\/\/delfoscba.com.ar\/dev\/wp-content\/uploads\/2024\/07\/3-4.jpg 404w, https:\/\/delfoscba.com.ar\/dev\/wp-content\/uploads\/2024\/07\/3-4-169x300.jpg 169w\" sizes=\"(max-width: 404px) 100vw, 404px\" \/><\/a><\/p><p>En junio, Proyecci\u00f3n ya hab\u00eda detectado paridad en la evaluaci\u00f3n de gesti\u00f3n: 46,2% positiva vs 47% de negativa (gr\u00e1fico arriba). En tanto, la medici\u00f3n m\u00e1s reciente de la Universidad de San Andr\u00e9s (Udesa) arroj\u00f3 una situaci\u00f3n polarizada en aprobaci\u00f3n, con un saldo desfavorable de 1 punto porcentual, y Delfos ubica a la negatividad en esa variable por encima del 50%.\u00a0<\/p><p><a href=\"https:\/\/delfoscba.com.ar\/\/dev\/\/wp-content\/uploads\/2024\/07\/4-4.jpg\"><img loading=\"lazy\" decoding=\"async\" class=\"aligncenter wp-image-16394 size-large\" src=\"https:\/\/delfoscba.com.ar\/\/dev\/\/wp-content\/uploads\/2024\/07\/4-4-1024x575.jpg\" alt=\"\" width=\"1024\" height=\"575\" srcset=\"https:\/\/delfoscba.com.ar\/dev\/wp-content\/uploads\/2024\/07\/4-4-1024x575.jpg 1024w, https:\/\/delfoscba.com.ar\/dev\/wp-content\/uploads\/2024\/07\/4-4-300x168.jpg 300w, https:\/\/delfoscba.com.ar\/dev\/wp-content\/uploads\/2024\/07\/4-4-768x431.jpg 768w, https:\/\/delfoscba.com.ar\/dev\/wp-content\/uploads\/2024\/07\/4-4.jpg 1080w\" sizes=\"(max-width: 1024px) 100vw, 1024px\" \/><\/a><\/p><p>El malestar social se expresa con m\u00e1s contundencia en los sentimientos que genera en los electores la actual situaci\u00f3n del pa\u00eds: Delfos detect\u00f3 56% de negatividad vs 42% de positividad, un saldo desfavorable de 14 puntos porcentuales (gr\u00e1fico abajo). El 30% de esperanza se corresponde con el n\u00facleo duro del voto a Milei (ese caudal lo vot\u00f3 en las primarias de agosto y en la primera vuelta de octubre de 2023), pero las emocionalidades negativas presentan mayores vol\u00famenes.\u00a0<\/p><p><img loading=\"lazy\" decoding=\"async\" class=\"aligncenter wp-image-16395 size-large\" src=\"https:\/\/delfoscba.com.ar\/\/dev\/\/wp-content\/uploads\/2024\/07\/5-4-1024x706.jpg\" alt=\"\" width=\"1024\" height=\"706\" srcset=\"https:\/\/delfoscba.com.ar\/dev\/wp-content\/uploads\/2024\/07\/5-4-1024x706.jpg 1024w, https:\/\/delfoscba.com.ar\/dev\/wp-content\/uploads\/2024\/07\/5-4-300x207.jpg 300w, https:\/\/delfoscba.com.ar\/dev\/wp-content\/uploads\/2024\/07\/5-4-768x529.jpg 768w, https:\/\/delfoscba.com.ar\/dev\/wp-content\/uploads\/2024\/07\/5-4.jpg 1040w\" sizes=\"(max-width: 1024px) 100vw, 1024px\" \/><\/p><p>As\u00ed, avanzado julio, queda detr\u00e1s la situaci\u00f3n de polarizaci\u00f3n que se ve\u00eda en esa variable en mediciones como las de Trespuntozero: 50% de negatividad vs 49,6% de positividad (gr\u00e1fico abajo).<\/p><p><a href=\"https:\/\/delfoscba.com.ar\/\/dev\/\/wp-content\/uploads\/2024\/07\/6-3-2.jpg\"><img loading=\"lazy\" decoding=\"async\" class=\"aligncenter wp-image-16396 size-full\" src=\"https:\/\/delfoscba.com.ar\/\/dev\/\/wp-content\/uploads\/2024\/07\/6-3-2.jpg\" alt=\"\" width=\"668\" height=\"944\" srcset=\"https:\/\/delfoscba.com.ar\/dev\/wp-content\/uploads\/2024\/07\/6-3-2.jpg 668w, https:\/\/delfoscba.com.ar\/dev\/wp-content\/uploads\/2024\/07\/6-3-2-212x300.jpg 212w\" sizes=\"(max-width: 668px) 100vw, 668px\" \/><\/a><\/p><p>En la misma l\u00ednea, desde junio pasado la serie evolutiva de Opinaia ven\u00eda mostrando un alza de las emociones negativas a costa del optimismo (gr\u00e1fico abajo).<\/p><p><a href=\"https:\/\/delfoscba.com.ar\/\/dev\/\/wp-content\/uploads\/2024\/07\/7-2-1.jpg\"><img loading=\"lazy\" decoding=\"async\" class=\"aligncenter wp-image-16397 size-large\" src=\"https:\/\/delfoscba.com.ar\/\/dev\/\/wp-content\/uploads\/2024\/07\/7-2-1-1024x575.jpg\" alt=\"\" width=\"1024\" height=\"575\" srcset=\"https:\/\/delfoscba.com.ar\/dev\/wp-content\/uploads\/2024\/07\/7-2-1-1024x575.jpg 1024w, https:\/\/delfoscba.com.ar\/dev\/wp-content\/uploads\/2024\/07\/7-2-1-300x169.jpg 300w, https:\/\/delfoscba.com.ar\/dev\/wp-content\/uploads\/2024\/07\/7-2-1-768x431.jpg 768w, https:\/\/delfoscba.com.ar\/dev\/wp-content\/uploads\/2024\/07\/7-2-1-1080x607.jpg 1080w, https:\/\/delfoscba.com.ar\/dev\/wp-content\/uploads\/2024\/07\/7-2-1.jpg 1100w\" sizes=\"(max-width: 1024px) 100vw, 1024px\" \/><\/a><\/p><p>En s\u00edntesis: 1) las \u00faltimas encuestas nacionales perfilan un deterioro de la imagen del gobierno nacional, con paridad y polarizaci\u00f3n entre opiniones positivas y negativas 2) en la variable aprobaci\u00f3n de gesti\u00f3n, el panorama es cercano al de empate t\u00e9cnico, pero el saldo comienza a ser desfavorable, con brechas que van desde menos 1 hasta menos 5 puntos porcentuales 3) el sentimiento social ya es predominantemente negativo. \u00a0<\/p>\t\t\t\t\t\t\t\t<\/div>\n\t\t\t\t\t<\/div>\n\t\t<\/div>\n\t\t\t\t\t<\/div>\n\t\t<\/section>\n\t\t\t\t<section class=\"elementor-section elementor-top-section elementor-element elementor-element-b28ac47 elementor-section-height-min-height elementor-section-boxed elementor-section-height-default elementor-section-items-middle\" data-id=\"b28ac47\" data-element_type=\"section\" data-e-type=\"section\" data-settings=\"{&quot;background_background&quot;:&quot;classic&quot;}\">\n\t\t\t\t\t\t\t<div class=\"elementor-background-overlay\"><\/div>\n\t\t\t\t\t\t\t<div class=\"elementor-container elementor-column-gap-default\">\n\t\t\t\t\t<div class=\"elementor-column elementor-col-100 elementor-top-column elementor-element elementor-element-88fba06\" data-id=\"88fba06\" data-element_type=\"column\" data-e-type=\"column\">\n\t\t\t<div class=\"elementor-widget-wrap elementor-element-populated\">\n\t\t\t\t\t\t<div class=\"elementor-element elementor-element-7e65226 elementor-widget elementor-widget-heading\" data-id=\"7e65226\" data-element_type=\"widget\" data-e-type=\"widget\" data-widget_type=\"heading.default\">\n\t\t\t\t\t<h2 class=\"elementor-heading-title elementor-size-large\">Seguinos en nuestras redes<\/h2>\t\t\t\t<\/div>\n\t\t\t\t<div class=\"elementor-element elementor-element-c37b7ef elementor-shape-circle e-grid-align-tablet-center e-grid-align-mobile-center e-grid-align-left elementor-grid-0 elementor-widget elementor-widget-social-icons\" data-id=\"c37b7ef\" data-element_type=\"widget\" data-e-type=\"widget\" data-widget_type=\"social-icons.default\">\n\t\t\t\t\t\t\t<div class=\"elementor-social-icons-wrapper elementor-grid\" role=\"list\">\n\t\t\t\t\t\t\t<span class=\"elementor-grid-item\" role=\"listitem\">\n\t\t\t\t\t<a class=\"elementor-icon elementor-social-icon elementor-social-icon-facebook-f elementor-repeater-item-lf5yt4c\" href=\"https:\/\/www.facebook.com\/ConsultoraDelfos\" target=\"_blank\">\n\t\t\t\t\t\t<span class=\"elementor-screen-only\">Facebook-f<\/span>\n\t\t\t\t\t\t<i aria-hidden=\"true\" class=\"fab fa-facebook-f\"><\/i>\t\t\t\t\t<\/a>\n\t\t\t\t<\/span>\n\t\t\t\t\t\t\t<span class=\"elementor-grid-item\" role=\"listitem\">\n\t\t\t\t\t<a class=\"elementor-icon elementor-social-icon elementor-social-icon-twitter elementor-repeater-item-01xie82\" href=\"https:\/\/twitter.com\/delfoscba\" target=\"_blank\">\n\t\t\t\t\t\t<span class=\"elementor-screen-only\">Twitter<\/span>\n\t\t\t\t\t\t<i aria-hidden=\"true\" class=\"fab fa-twitter\"><\/i>\t\t\t\t\t<\/a>\n\t\t\t\t<\/span>\n\t\t\t\t\t\t\t<span class=\"elementor-grid-item\" role=\"listitem\">\n\t\t\t\t\t<a class=\"elementor-icon elementor-social-icon elementor-social-icon-linkedin elementor-repeater-item-grhvqhn\" target=\"_blank\">\n\t\t\t\t\t\t<span class=\"elementor-screen-only\">Linkedin<\/span>\n\t\t\t\t\t\t<i aria-hidden=\"true\" class=\"fab fa-linkedin\"><\/i>\t\t\t\t\t<\/a>\n\t\t\t\t<\/span>\n\t\t\t\t\t<\/div>\n\t\t\t\t\t\t<\/div>\n\t\t\t\t\t<\/div>\n\t\t<\/div>\n\t\t\t\t\t<\/div>\n\t\t<\/section>\n\t\t\t\t<\/div>\n\t\t","protected":false},"excerpt":{"rendered":"<p>El gobierno nacional inicia el segundo semestre con mermas en los principales indicadores de gesti\u00f3n<\/p>\n","protected":false},"author":2,"featured_media":16402,"comment_status":"open","ping_status":"open","sticky":false,"template":"","format":"standard","meta":{"_acf_changed":false,"footnotes":""},"categories":[3],"tags":[1322,536,39,40,1303,38,348,128,42,1409,246,929,230,1408,138,61,1402,569,57,1033,188,56,755,997,1406,1407,844,564,488,1410,1150,1304],"class_list":["post-16389","post","type-post","status-publish","format-standard","has-post-thumbnail","hentry","category-politica","tag-1322","tag-aprobacion","tag-argentina","tag-consultora","tag-consultores","tag-cordoba","tag-datos","tag-delfos","tag-economia","tag-economico","tag-encuestas","tag-espanol","tag-estadistica","tag-factores","tag-gestion","tag-imagen","tag-julio","tag-milei","tag-norman-berra","tag-opinaia","tag-opinion-publica","tag-politica","tag-politico","tag-proyeccion","tag-segundo","tag-semestre","tag-sentimientos","tag-social","tag-sudamerica","tag-trespuntozero","tag-udesa","tag-universidad-de-san-andres","et-has-post-format-content","et_post_format-et-post-format-standard"],"acf":[],"_links":{"self":[{"href":"https:\/\/delfoscba.com.ar\/dev\/wp-json\/wp\/v2\/posts\/16389","targetHints":{"allow":["GET"]}}],"collection":[{"href":"https:\/\/delfoscba.com.ar\/dev\/wp-json\/wp\/v2\/posts"}],"about":[{"href":"https:\/\/delfoscba.com.ar\/dev\/wp-json\/wp\/v2\/types\/post"}],"author":[{"embeddable":true,"href":"https:\/\/delfoscba.com.ar\/dev\/wp-json\/wp\/v2\/users\/2"}],"replies":[{"embeddable":true,"href":"https:\/\/delfoscba.com.ar\/dev\/wp-json\/wp\/v2\/comments?post=16389"}],"version-history":[{"count":5,"href":"https:\/\/delfoscba.com.ar\/dev\/wp-json\/wp\/v2\/posts\/16389\/revisions"}],"predecessor-version":[{"id":16403,"href":"https:\/\/delfoscba.com.ar\/dev\/wp-json\/wp\/v2\/posts\/16389\/revisions\/16403"}],"wp:featuredmedia":[{"embeddable":true,"href":"https:\/\/delfoscba.com.ar\/dev\/wp-json\/wp\/v2\/media\/16402"}],"wp:attachment":[{"href":"https:\/\/delfoscba.com.ar\/dev\/wp-json\/wp\/v2\/media?parent=16389"}],"wp:term":[{"taxonomy":"category","embeddable":true,"href":"https:\/\/delfoscba.com.ar\/dev\/wp-json\/wp\/v2\/categories?post=16389"},{"taxonomy":"post_tag","embeddable":true,"href":"https:\/\/delfoscba.com.ar\/dev\/wp-json\/wp\/v2\/tags?post=16389"}],"curies":[{"name":"wp","href":"https:\/\/api.w.org\/{rel}","templated":true}]}}