{"id":16438,"date":"2024-08-15T19:18:12","date_gmt":"2024-08-15T19:18:12","guid":{"rendered":"https:\/\/delfoscba.com.ar\/\/dev\/\/?p=16438"},"modified":"2024-08-15T20:12:58","modified_gmt":"2024-08-15T20:12:58","slug":"a-un-ano-de-las-paso-como-se-reconfigura-la-oferta-politica","status":"publish","type":"post","link":"https:\/\/delfoscba.com.ar\/dev\/politica\/a-un-ano-de-las-paso-como-se-reconfigura-la-oferta-politica\/","title":{"rendered":"A un a\u00f1o de las Paso, c\u00f3mo se reconfigura la oferta pol\u00edtica"},"content":{"rendered":"\t\t<div data-elementor-type=\"wp-post\" data-elementor-id=\"16438\" class=\"elementor elementor-16438\" data-elementor-post-type=\"post\">\n\t\t\t\t\t\t<section class=\"elementor-section elementor-top-section elementor-element elementor-element-41498b4 elementor-section-height-min-height elementor-section-boxed elementor-section-height-default elementor-section-items-middle\" data-id=\"41498b4\" data-element_type=\"section\" data-e-type=\"section\" data-settings=\"{&quot;background_background&quot;:&quot;classic&quot;}\">\n\t\t\t\t\t\t\t<div class=\"elementor-background-overlay\"><\/div>\n\t\t\t\t\t\t\t<div class=\"elementor-container elementor-column-gap-no\">\n\t\t\t\t\t<div class=\"elementor-column elementor-col-100 elementor-top-column elementor-element elementor-element-a18ac89\" data-id=\"a18ac89\" data-element_type=\"column\" data-e-type=\"column\">\n\t\t\t<div class=\"elementor-widget-wrap elementor-element-populated\">\n\t\t\t\t\t\t<div class=\"elementor-element elementor-element-e493600 elementor-widget elementor-widget-heading\" data-id=\"e493600\" data-element_type=\"widget\" data-e-type=\"widget\" data-widget_type=\"heading.default\">\n\t\t\t\t\t<h2 class=\"elementor-heading-title elementor-size-large\">POL\u00cdTICA<\/h2>\t\t\t\t<\/div>\n\t\t\t\t\t<\/div>\n\t\t<\/div>\n\t\t\t\t\t<\/div>\n\t\t<\/section>\n\t\t\t\t<section class=\"elementor-section elementor-top-section elementor-element elementor-element-7dafb6e4 elementor-section-boxed elementor-section-height-default elementor-section-height-default\" data-id=\"7dafb6e4\" data-element_type=\"section\" data-e-type=\"section\">\n\t\t\t\t\t\t<div class=\"elementor-container elementor-column-gap-default\">\n\t\t\t\t\t<div class=\"elementor-column elementor-col-100 elementor-top-column elementor-element elementor-element-38ae5a14\" data-id=\"38ae5a14\" data-element_type=\"column\" data-e-type=\"column\">\n\t\t\t<div class=\"elementor-widget-wrap elementor-element-populated\">\n\t\t\t\t\t\t<div class=\"elementor-element elementor-element-f8a3207 elementor-widget elementor-widget-author-box\" data-id=\"f8a3207\" data-element_type=\"widget\" data-e-type=\"widget\" data-widget_type=\"author-box.default\">\n\t\t\t\t\t\t\t<div class=\"elementor-author-box\">\n\t\t\t\t\t\t\t<a href=\"https:\/\/delfoscba.com.ar\/\/dev\/\/nosotros\/\" class=\"elementor-author-box__avatar\">\n\t\t\t\t\t<img decoding=\"async\" src=\"https:\/\/delfoscba.com.ar\/dev\/wp-content\/uploads\/2021\/02\/norman-250x250-1.jpg\" alt=\"Picture of Norman Berra\" loading=\"lazy\">\n\t\t\t\t<\/a>\n\t\t\t\n\t\t\t<div class=\"elementor-author-box__text\">\n\t\t\t\t\t\t\t\t\t<a href=\"https:\/\/delfoscba.com.ar\/\/dev\/\/nosotros\/\">\n\t\t\t\t\t\t<h4 class=\"elementor-author-box__name\">\n\t\t\t\t\t\t\tNorman Berra\t\t\t\t\t\t<\/h4>\n\t\t\t\t\t<\/a>\n\t\t\t\t\n\t\t\t\t\t\t\t\t\t<div class=\"elementor-author-box__bio\">\n\t\t\t\t\t\t<p>L\u00edder de Proyectos<\/p>\n\t\t\t\t\t<\/div>\n\t\t\t\t\n\t\t\t\t\t\t\t<\/div>\n\t\t<\/div>\n\t\t\t\t\t\t<\/div>\n\t\t\t\t<div class=\"elementor-element elementor-element-7aefe4b4 elementor-widget elementor-widget-text-editor\" data-id=\"7aefe4b4\" data-element_type=\"widget\" data-e-type=\"widget\" data-widget_type=\"text-editor.default\">\n\t\t\t\t\t\t\t\t\t<p>Hace un a\u00f1o, la lista de La Libertad Avanza (LLA) encabezada por Javier Milei obten\u00eda el 28,96% de los votos en las primarias abiertas, simult\u00e1neas y obligatorias (PASO); Juntos por el Cambio (JXC) sumaba 28% con dos listas (una de Patricia Bullrich y otra de Horacio Rodr\u00edguez Larreta), en tanto que Uni\u00f3n por la Patria (UP) alcanzaba 27,28% con la sumatoria de las boletas de Sergio Massa y Juan Grabois. Un a\u00f1o despu\u00e9s, Milei acaba de cumplir 8 meses de gesti\u00f3n como presidente surgido de un ballotage en el cual resultaron decisivos los votos de JXC y con la lista de Bullrich integrada a su gabinete (ella como ministra de Seguridad y su candidato a vicepresidente, Luis Petri, como titular de Defensa).<\/p><p>JXC y el PRO atraviesan una crisis de identidad, con riesgo de ruptura entre el ala bullrichista y la referenciada en Mauricio Macri, mientras que UP atraviesa una crisis de liderazgo generada por la derrota en segunda vuelta m\u00e1s la tormenta originada por el esc\u00e1ndalo que protagoniza el ex presidente Alberto Fern\u00e1ndez vs Fabiola Y\u00e1\u00f1ez. De cara a las PASO de 2025, \u00bfc\u00f3mo se reconfigura la oferta pol\u00edtica?<\/p><p><a href=\"https:\/\/delfoscba.com.ar\/\/dev\/\/wp-content\/uploads\/2024\/08\/1.jpg\"><img fetchpriority=\"high\" decoding=\"async\" class=\"aligncenter wp-image-16440 size-full\" src=\"https:\/\/delfoscba.com.ar\/\/dev\/\/wp-content\/uploads\/2024\/08\/1.jpg\" alt=\"\" width=\"1016\" height=\"718\" srcset=\"https:\/\/delfoscba.com.ar\/dev\/wp-content\/uploads\/2024\/08\/1.jpg 1016w, https:\/\/delfoscba.com.ar\/dev\/wp-content\/uploads\/2024\/08\/1-300x212.jpg 300w, https:\/\/delfoscba.com.ar\/dev\/wp-content\/uploads\/2024\/08\/1-768x543.jpg 768w, https:\/\/delfoscba.com.ar\/dev\/wp-content\/uploads\/2024\/08\/1-400x284.jpg 400w\" sizes=\"(max-width: 1016px) 100vw, 1016px\" \/><\/a><\/p><p>A fines de julio, la consultora Reale-Dalla Torre (RDT) report\u00f3 que a 29,4% de los electores le parece bien que el PRO y los libertarios se fusionen en un nuevo espacio; a casi 20% le parece mal, mientras que a 40% le da lo mismo, pues no le gusta ninguno de ellos (gr\u00e1fico arriba).<\/p><p><a href=\"https:\/\/delfoscba.com.ar\/\/dev\/\/wp-content\/uploads\/2024\/08\/2.jpg\"><img decoding=\"async\" class=\"aligncenter wp-image-16441 size-full\" src=\"https:\/\/delfoscba.com.ar\/\/dev\/\/wp-content\/uploads\/2024\/08\/2.jpg\" alt=\"\" width=\"1016\" height=\"718\" srcset=\"https:\/\/delfoscba.com.ar\/dev\/wp-content\/uploads\/2024\/08\/2.jpg 1016w, https:\/\/delfoscba.com.ar\/dev\/wp-content\/uploads\/2024\/08\/2-300x212.jpg 300w, https:\/\/delfoscba.com.ar\/dev\/wp-content\/uploads\/2024\/08\/2-768x543.jpg 768w, https:\/\/delfoscba.com.ar\/dev\/wp-content\/uploads\/2024\/08\/2-400x284.jpg 400w\" sizes=\"(max-width: 1016px) 100vw, 1016px\" \/><\/a><\/p><p>As\u00ed, la primera minor\u00eda nacional se ubica en el mismo orden de magnitud del voto a UP en la segunda vuelta del a\u00f1o pasado. Al hacer zoom sobre los segmentos electorales, al 63,4% de los votantes de LLA les parece bien una eventual fusi\u00f3n, vs casi 16% que la ve mal; en JXC es acuerdo es similar, mientras que el desacuerdo es un poco m\u00e1s alto (gr\u00e1fico arriba).<\/p><p><a href=\"https:\/\/delfoscba.com.ar\/\/dev\/\/wp-content\/uploads\/2024\/08\/3.jpg\"><img decoding=\"async\" class=\"aligncenter wp-image-16442 size-large\" src=\"https:\/\/delfoscba.com.ar\/\/dev\/\/wp-content\/uploads\/2024\/08\/3-1024x575.jpg\" alt=\"\" width=\"1024\" height=\"575\" srcset=\"https:\/\/delfoscba.com.ar\/dev\/wp-content\/uploads\/2024\/08\/3-1024x575.jpg 1024w, https:\/\/delfoscba.com.ar\/dev\/wp-content\/uploads\/2024\/08\/3-300x168.jpg 300w, https:\/\/delfoscba.com.ar\/dev\/wp-content\/uploads\/2024\/08\/3-768x431.jpg 768w, https:\/\/delfoscba.com.ar\/dev\/wp-content\/uploads\/2024\/08\/3.jpg 1080w\" sizes=\"(max-width: 1024px) 100vw, 1024px\" \/><\/a><\/p><p>Seg\u00fan la \u00faltima medici\u00f3n de la Universidad de San Andr\u00e9s (Udesa), 38% est\u00e1 de acuerdo con una uni\u00f3n entre LLA y el PRO, vs 36% en desacuerdo; empate t\u00e9cnico. Entre votantes de Bullrich, casi 80% apoya, mientras que entre electores de Milei el acompa\u00f1amiento cae al 63% (gr\u00e1fico arriba).<\/p><p><a href=\"https:\/\/delfoscba.com.ar\/\/dev\/\/wp-content\/uploads\/2024\/08\/4.jpg\"><img loading=\"lazy\" decoding=\"async\" class=\"aligncenter wp-image-16443 size-full\" src=\"https:\/\/delfoscba.com.ar\/\/dev\/\/wp-content\/uploads\/2024\/08\/4.jpg\" alt=\"\" width=\"640\" height=\"717\" srcset=\"https:\/\/delfoscba.com.ar\/dev\/wp-content\/uploads\/2024\/08\/4.jpg 640w, https:\/\/delfoscba.com.ar\/dev\/wp-content\/uploads\/2024\/08\/4-268x300.jpg 268w\" sizes=\"(max-width: 640px) 100vw, 640px\" \/><\/a><\/p><p>Entre tanto, en su encuesta cerrada ayer 13 de agosto DC Consultores detect\u00f3 que casi dos de cada tres electores creen que el kirchnerismo ser\u00e1 el m\u00e1s perjudicado por el esc\u00e1ndalo en torno a Alberto Fern\u00e1ndez, mientras que poco m\u00e1s de un tercio cree que el impacto ser\u00e1 mayor sobre el peronismo (gr\u00e1fico arriba). Sin embargo, el sello K muestra una fuerte resiliencia: 22,2% se muestra hoy dispuesto a votarlo en las pr\u00f3ximas elecciones (gr\u00e1fico abajo), un caudal apenas por debajo del 27,28% que sum\u00f3 UP hace un a\u00f1o.<\/p><p><a href=\"https:\/\/delfoscba.com.ar\/\/dev\/\/wp-content\/uploads\/2024\/08\/5.jpg\"><img loading=\"lazy\" decoding=\"async\" class=\"aligncenter wp-image-16444 size-full\" src=\"https:\/\/delfoscba.com.ar\/\/dev\/\/wp-content\/uploads\/2024\/08\/5.jpg\" alt=\"\" width=\"644\" height=\"717\" srcset=\"https:\/\/delfoscba.com.ar\/dev\/wp-content\/uploads\/2024\/08\/5.jpg 644w, https:\/\/delfoscba.com.ar\/dev\/wp-content\/uploads\/2024\/08\/5-269x300.jpg 269w\" sizes=\"(max-width: 644px) 100vw, 644px\" \/><\/a><\/p><p>Por otro lado, de cara al turno electoral 2025 otras mediciones hacen foco en eventuales reformas electorales, como la implementaci\u00f3n de la Boleta \u00danica; seg\u00fan la \u00faltima encuesta de Pulso Research, 47,3% apoya esa incorporaci\u00f3n vs casi 40% que la rechaza (gr\u00e1fico abajo). La brecha de 7,6 puntos porcentuales no resulta estad\u00edsticamente significativa dado un error muestral de +\/-3,5%, lo que perfila una disputa relativamente pareja entre ambas posturas.<\/p><p><a href=\"https:\/\/delfoscba.com.ar\/\/dev\/\/wp-content\/uploads\/2024\/08\/6.jpg\"><img loading=\"lazy\" decoding=\"async\" class=\"aligncenter wp-image-16445 size-large\" src=\"https:\/\/delfoscba.com.ar\/\/dev\/\/wp-content\/uploads\/2024\/08\/6-1024x575.jpg\" alt=\"\" width=\"1024\" height=\"575\" srcset=\"https:\/\/delfoscba.com.ar\/dev\/wp-content\/uploads\/2024\/08\/6-1024x575.jpg 1024w, https:\/\/delfoscba.com.ar\/dev\/wp-content\/uploads\/2024\/08\/6-300x169.jpg 300w, https:\/\/delfoscba.com.ar\/dev\/wp-content\/uploads\/2024\/08\/6-768x431.jpg 768w, https:\/\/delfoscba.com.ar\/dev\/wp-content\/uploads\/2024\/08\/6-1080x607.jpg 1080w, https:\/\/delfoscba.com.ar\/dev\/wp-content\/uploads\/2024\/08\/6.jpg 1100w\" sizes=\"(max-width: 1024px) 100vw, 1024px\" \/><\/a><\/p><p>En cambio, seg\u00fan una reciente encuesta de Zuban C\u00f3rdoba, el acuerdo m\u00e1s que duplica al desacuerdo (gr\u00e1fico abajo).<\/p><p><a href=\"https:\/\/delfoscba.com.ar\/\/dev\/\/wp-content\/uploads\/2024\/08\/7.jpg\"><img loading=\"lazy\" decoding=\"async\" class=\"aligncenter wp-image-16446 size-full\" src=\"https:\/\/delfoscba.com.ar\/\/dev\/\/wp-content\/uploads\/2024\/08\/7.jpg\" alt=\"\" width=\"404\" height=\"717\" srcset=\"https:\/\/delfoscba.com.ar\/dev\/wp-content\/uploads\/2024\/08\/7.jpg 404w, https:\/\/delfoscba.com.ar\/dev\/wp-content\/uploads\/2024\/08\/7-169x300.jpg 169w\" sizes=\"(max-width: 404px) 100vw, 404px\" \/><\/a><\/p><p>Otro tema en la agenda es impulsar el voto a los 13 a\u00f1os; seg\u00fan Pulso Research, 43,2% est\u00e1 de acuerdo vs casi 50% en contra (gr\u00e1fico abajo). Nuevamente, la brecha resulta estad\u00edsticamente no significativa (6,3 puntos porcentuales), aunque la oposici\u00f3n tiene una ventaja al rozar el 50%.<\/p><p><a href=\"https:\/\/delfoscba.com.ar\/\/dev\/\/wp-content\/uploads\/2024\/08\/8-1.jpg\"><img loading=\"lazy\" decoding=\"async\" class=\"aligncenter wp-image-16447 size-large\" src=\"https:\/\/delfoscba.com.ar\/\/dev\/\/wp-content\/uploads\/2024\/08\/8-1-1024x575.jpg\" alt=\"\" width=\"1024\" height=\"575\" srcset=\"https:\/\/delfoscba.com.ar\/dev\/wp-content\/uploads\/2024\/08\/8-1-1024x575.jpg 1024w, https:\/\/delfoscba.com.ar\/dev\/wp-content\/uploads\/2024\/08\/8-1-300x169.jpg 300w, https:\/\/delfoscba.com.ar\/dev\/wp-content\/uploads\/2024\/08\/8-1-768x431.jpg 768w, https:\/\/delfoscba.com.ar\/dev\/wp-content\/uploads\/2024\/08\/8-1-1080x607.jpg 1080w, https:\/\/delfoscba.com.ar\/dev\/wp-content\/uploads\/2024\/08\/8-1.jpg 1100w\" sizes=\"(max-width: 1024px) 100vw, 1024px\" \/><\/a><\/p><p>Finalmente, seg\u00fan Udesa 63% est\u00e1 de acuerdo con introducir la boleta \u00fanica vs 22% en desacuerdo, mientras que apenas 23% apoya que puedan votar los j\u00f3venes desde los 14 a\u00f1os, vs 69% que est\u00e1 en contra (gr\u00e1fico abajo).<\/p><p><a href=\"https:\/\/delfoscba.com.ar\/\/dev\/\/wp-content\/uploads\/2024\/08\/9.jpg\"><img loading=\"lazy\" decoding=\"async\" class=\"aligncenter wp-image-16448 size-large\" src=\"https:\/\/delfoscba.com.ar\/\/dev\/\/wp-content\/uploads\/2024\/08\/9-1024x575.jpg\" alt=\"\" width=\"1024\" height=\"575\" srcset=\"https:\/\/delfoscba.com.ar\/dev\/wp-content\/uploads\/2024\/08\/9-1024x575.jpg 1024w, https:\/\/delfoscba.com.ar\/dev\/wp-content\/uploads\/2024\/08\/9-300x168.jpg 300w, https:\/\/delfoscba.com.ar\/dev\/wp-content\/uploads\/2024\/08\/9-768x431.jpg 768w, https:\/\/delfoscba.com.ar\/dev\/wp-content\/uploads\/2024\/08\/9.jpg 1080w\" sizes=\"(max-width: 1024px) 100vw, 1024px\" \/><\/a><\/p><p>En s\u00edntesis: 1) una eventual fusi\u00f3n entre LLA y el PRO divide opiniones a nivel general, aunque es mayoritariamente acompa\u00f1ada por los votantes de Milei y Bullrich 2) el affaire Fern\u00e1ndez vs Y\u00e1\u00f1ez impacta en el kirchnerismo, pero al menos por ahora no le genera un gran da\u00f1o en t\u00e9rminos de acompa\u00f1amiento electoral potencial 3) la implementaci\u00f3n de la boleta \u00fanica recoge resultados dispares en las encuestas, pero en el promedio de tres mediciones el apoyo ronda 56% vs 29% de desacuerdo 4) ampliar el voto desde los 13-14 a\u00f1os tiene un desacuerdo promedio de 59% vs un acuerdo de 33%.<\/p>\t\t\t\t\t\t\t\t<\/div>\n\t\t\t\t\t<\/div>\n\t\t<\/div>\n\t\t\t\t\t<\/div>\n\t\t<\/section>\n\t\t\t\t<section class=\"elementor-section elementor-top-section elementor-element elementor-element-b28ac47 elementor-section-height-min-height elementor-section-boxed elementor-section-height-default elementor-section-items-middle\" data-id=\"b28ac47\" data-element_type=\"section\" data-e-type=\"section\" data-settings=\"{&quot;background_background&quot;:&quot;classic&quot;}\">\n\t\t\t\t\t\t\t<div class=\"elementor-background-overlay\"><\/div>\n\t\t\t\t\t\t\t<div class=\"elementor-container elementor-column-gap-default\">\n\t\t\t\t\t<div class=\"elementor-column elementor-col-100 elementor-top-column elementor-element elementor-element-88fba06\" data-id=\"88fba06\" data-element_type=\"column\" data-e-type=\"column\">\n\t\t\t<div class=\"elementor-widget-wrap elementor-element-populated\">\n\t\t\t\t\t\t<div class=\"elementor-element elementor-element-7e65226 elementor-widget elementor-widget-heading\" data-id=\"7e65226\" data-element_type=\"widget\" data-e-type=\"widget\" data-widget_type=\"heading.default\">\n\t\t\t\t\t<h2 class=\"elementor-heading-title elementor-size-large\">Seguinos en nuestras redes<\/h2>\t\t\t\t<\/div>\n\t\t\t\t<div class=\"elementor-element elementor-element-c37b7ef elementor-shape-circle e-grid-align-tablet-center e-grid-align-mobile-center e-grid-align-left elementor-grid-0 elementor-widget elementor-widget-social-icons\" data-id=\"c37b7ef\" data-element_type=\"widget\" data-e-type=\"widget\" data-widget_type=\"social-icons.default\">\n\t\t\t\t\t\t\t<div class=\"elementor-social-icons-wrapper elementor-grid\" role=\"list\">\n\t\t\t\t\t\t\t<span class=\"elementor-grid-item\" role=\"listitem\">\n\t\t\t\t\t<a class=\"elementor-icon elementor-social-icon elementor-social-icon-facebook-f elementor-repeater-item-lf5yt4c\" href=\"https:\/\/www.facebook.com\/ConsultoraDelfos\" target=\"_blank\">\n\t\t\t\t\t\t<span class=\"elementor-screen-only\">Facebook-f<\/span>\n\t\t\t\t\t\t<i aria-hidden=\"true\" class=\"fab fa-facebook-f\"><\/i>\t\t\t\t\t<\/a>\n\t\t\t\t<\/span>\n\t\t\t\t\t\t\t<span class=\"elementor-grid-item\" role=\"listitem\">\n\t\t\t\t\t<a class=\"elementor-icon elementor-social-icon elementor-social-icon-twitter elementor-repeater-item-01xie82\" href=\"https:\/\/twitter.com\/delfoscba\" target=\"_blank\">\n\t\t\t\t\t\t<span class=\"elementor-screen-only\">Twitter<\/span>\n\t\t\t\t\t\t<i aria-hidden=\"true\" class=\"fab fa-twitter\"><\/i>\t\t\t\t\t<\/a>\n\t\t\t\t<\/span>\n\t\t\t\t\t\t\t<span class=\"elementor-grid-item\" role=\"listitem\">\n\t\t\t\t\t<a class=\"elementor-icon elementor-social-icon elementor-social-icon-linkedin elementor-repeater-item-grhvqhn\" target=\"_blank\">\n\t\t\t\t\t\t<span class=\"elementor-screen-only\">Linkedin<\/span>\n\t\t\t\t\t\t<i aria-hidden=\"true\" class=\"fab fa-linkedin\"><\/i>\t\t\t\t\t<\/a>\n\t\t\t\t<\/span>\n\t\t\t\t\t<\/div>\n\t\t\t\t\t\t<\/div>\n\t\t\t\t\t<\/div>\n\t\t<\/div>\n\t\t\t\t\t<\/div>\n\t\t<\/section>\n\t\t\t\t<\/div>\n\t\t","protected":false},"excerpt":{"rendered":"<p>El impacto de la denuncia por violencia de g\u00e9nero contra Alberto Fern\u00e1ndez y la ruptura de la asociaci\u00f3n pol\u00edtica Bullrich-Macri en la agenda<\/p>\n","protected":false},"author":2,"featured_media":16454,"comment_status":"open","ping_status":"open","sticky":false,"template":"","format":"standard","meta":{"_acf_changed":false,"footnotes":""},"categories":[3],"tags":[1420,1322,453,39,1419,258,40,38,348,1417,128,35,246,929,230,138,1421,354,977,978,259,569,57,188,422,56,161,289,1418,1240,1317,1416,488,1150,1256,1038,1304,1053,1030],"class_list":["post-16438","post","type-post","status-publish","format-standard","has-post-thumbnail","hentry","category-politica","tag-13-anos","tag-1322","tag-alberto","tag-argentina","tag-boleta-unica","tag-bullrich","tag-consultora","tag-cordoba","tag-datos","tag-dc-consultores","tag-delfos","tag-edad","tag-encuestas","tag-espanol","tag-estadistica","tag-gestion","tag-imputabilidad","tag-juntos-por-el-cambio","tag-la-libertad-avanza","tag-lla","tag-massa","tag-milei","tag-norman-berra","tag-opinion-publica","tag-partidos","tag-politica","tag-politicos","tag-pro","tag-pulso-research","tag-rdt","tag-reale-dalla-torre","tag-rencofiguracion","tag-sudamerica","tag-udesa","tag-union","tag-union-por-la-patria","tag-universidad-de-san-andres","tag-up","tag-zuban","et-has-post-format-content","et_post_format-et-post-format-standard"],"acf":[],"_links":{"self":[{"href":"https:\/\/delfoscba.com.ar\/dev\/wp-json\/wp\/v2\/posts\/16438","targetHints":{"allow":["GET"]}}],"collection":[{"href":"https:\/\/delfoscba.com.ar\/dev\/wp-json\/wp\/v2\/posts"}],"about":[{"href":"https:\/\/delfoscba.com.ar\/dev\/wp-json\/wp\/v2\/types\/post"}],"author":[{"embeddable":true,"href":"https:\/\/delfoscba.com.ar\/dev\/wp-json\/wp\/v2\/users\/2"}],"replies":[{"embeddable":true,"href":"https:\/\/delfoscba.com.ar\/dev\/wp-json\/wp\/v2\/comments?post=16438"}],"version-history":[{"count":7,"href":"https:\/\/delfoscba.com.ar\/dev\/wp-json\/wp\/v2\/posts\/16438\/revisions"}],"predecessor-version":[{"id":16457,"href":"https:\/\/delfoscba.com.ar\/dev\/wp-json\/wp\/v2\/posts\/16438\/revisions\/16457"}],"wp:featuredmedia":[{"embeddable":true,"href":"https:\/\/delfoscba.com.ar\/dev\/wp-json\/wp\/v2\/media\/16454"}],"wp:attachment":[{"href":"https:\/\/delfoscba.com.ar\/dev\/wp-json\/wp\/v2\/media?parent=16438"}],"wp:term":[{"taxonomy":"category","embeddable":true,"href":"https:\/\/delfoscba.com.ar\/dev\/wp-json\/wp\/v2\/categories?post=16438"},{"taxonomy":"post_tag","embeddable":true,"href":"https:\/\/delfoscba.com.ar\/dev\/wp-json\/wp\/v2\/tags?post=16438"}],"curies":[{"name":"wp","href":"https:\/\/api.w.org\/{rel}","templated":true}]}}