{"id":16458,"date":"2024-08-23T02:26:57","date_gmt":"2024-08-23T02:26:57","guid":{"rendered":"https:\/\/delfoscba.com.ar\/\/dev\/\/?p=16458"},"modified":"2024-08-23T02:30:04","modified_gmt":"2024-08-23T02:30:04","slug":"un-escandalo-politico-de-impacto-acotado-hacia-2025-segun-las-encuestas","status":"publish","type":"post","link":"https:\/\/delfoscba.com.ar\/dev\/politica\/un-escandalo-politico-de-impacto-acotado-hacia-2025-segun-las-encuestas\/","title":{"rendered":"Un esc\u00e1ndalo pol\u00edtico de impacto acotado hacia 2025, seg\u00fan las encuestas"},"content":{"rendered":"\t\t<div data-elementor-type=\"wp-post\" data-elementor-id=\"16458\" class=\"elementor elementor-16458\" data-elementor-post-type=\"post\">\n\t\t\t\t\t\t<section class=\"elementor-section elementor-top-section elementor-element elementor-element-41498b4 elementor-section-height-min-height elementor-section-boxed elementor-section-height-default elementor-section-items-middle\" data-id=\"41498b4\" data-element_type=\"section\" data-e-type=\"section\" data-settings=\"{&quot;background_background&quot;:&quot;classic&quot;}\">\n\t\t\t\t\t\t\t<div class=\"elementor-background-overlay\"><\/div>\n\t\t\t\t\t\t\t<div class=\"elementor-container elementor-column-gap-no\">\n\t\t\t\t\t<div class=\"elementor-column elementor-col-100 elementor-top-column elementor-element elementor-element-a18ac89\" data-id=\"a18ac89\" data-element_type=\"column\" data-e-type=\"column\">\n\t\t\t<div class=\"elementor-widget-wrap elementor-element-populated\">\n\t\t\t\t\t\t<div class=\"elementor-element elementor-element-e493600 elementor-widget elementor-widget-heading\" data-id=\"e493600\" data-element_type=\"widget\" data-e-type=\"widget\" data-widget_type=\"heading.default\">\n\t\t\t\t\t<h2 class=\"elementor-heading-title elementor-size-large\">POL\u00cdTICA<\/h2>\t\t\t\t<\/div>\n\t\t\t\t\t<\/div>\n\t\t<\/div>\n\t\t\t\t\t<\/div>\n\t\t<\/section>\n\t\t\t\t<section class=\"elementor-section elementor-top-section elementor-element elementor-element-7dafb6e4 elementor-section-boxed elementor-section-height-default elementor-section-height-default\" data-id=\"7dafb6e4\" data-element_type=\"section\" data-e-type=\"section\">\n\t\t\t\t\t\t<div class=\"elementor-container elementor-column-gap-default\">\n\t\t\t\t\t<div class=\"elementor-column elementor-col-100 elementor-top-column elementor-element elementor-element-38ae5a14\" data-id=\"38ae5a14\" data-element_type=\"column\" data-e-type=\"column\">\n\t\t\t<div class=\"elementor-widget-wrap elementor-element-populated\">\n\t\t\t\t\t\t<div class=\"elementor-element elementor-element-f8a3207 elementor-widget elementor-widget-author-box\" data-id=\"f8a3207\" data-element_type=\"widget\" data-e-type=\"widget\" data-widget_type=\"author-box.default\">\n\t\t\t\t\t\t\t<div class=\"elementor-author-box\">\n\t\t\t\t\t\t\t<a href=\"https:\/\/delfoscba.com.ar\/\/dev\/\/nosotros\/\" class=\"elementor-author-box__avatar\">\n\t\t\t\t\t<img decoding=\"async\" src=\"https:\/\/delfoscba.com.ar\/dev\/wp-content\/uploads\/2021\/02\/norman-250x250-1.jpg\" alt=\"Picture of Norman Berra\" loading=\"lazy\">\n\t\t\t\t<\/a>\n\t\t\t\n\t\t\t<div class=\"elementor-author-box__text\">\n\t\t\t\t\t\t\t\t\t<a href=\"https:\/\/delfoscba.com.ar\/\/dev\/\/nosotros\/\">\n\t\t\t\t\t\t<h4 class=\"elementor-author-box__name\">\n\t\t\t\t\t\t\tNorman Berra\t\t\t\t\t\t<\/h4>\n\t\t\t\t\t<\/a>\n\t\t\t\t\n\t\t\t\t\t\t\t\t\t<div class=\"elementor-author-box__bio\">\n\t\t\t\t\t\t<p>L\u00edder de Proyectos<\/p>\n\t\t\t\t\t<\/div>\n\t\t\t\t\n\t\t\t\t\t\t\t<\/div>\n\t\t<\/div>\n\t\t\t\t\t\t<\/div>\n\t\t\t\t<div class=\"elementor-element elementor-element-7aefe4b4 elementor-widget elementor-widget-text-editor\" data-id=\"7aefe4b4\" data-element_type=\"widget\" data-e-type=\"widget\" data-widget_type=\"text-editor.default\">\n\t\t\t\t\t\t\t\t\t<p><a href=\"https:\/\/delfoscba.com.ar\/\/dev\/\/wp-content\/uploads\/2024\/08\/1-7.jpg\"><img fetchpriority=\"high\" decoding=\"async\" class=\"aligncenter wp-image-16459 size-full\" src=\"https:\/\/delfoscba.com.ar\/\/dev\/\/wp-content\/uploads\/2024\/08\/1-7.jpg\" alt=\"\" width=\"644\" height=\"717\" srcset=\"https:\/\/delfoscba.com.ar\/dev\/wp-content\/uploads\/2024\/08\/1-7.jpg 644w, https:\/\/delfoscba.com.ar\/dev\/wp-content\/uploads\/2024\/08\/1-7-269x300.jpg 269w\" sizes=\"(max-width: 644px) 100vw, 644px\" \/><\/a><\/p><p>En nuestra nota de la semana pasada apunt\u00e1bamos que el affaire Fern\u00e1ndez vs Y\u00e1\u00f1ez impactaba en el kirchnerismo, pero al menos por ahora no le generaba un gran da\u00f1o en t\u00e9rminos de acompa\u00f1amiento electoral potencial seg\u00fan las \u00faltimas encuestas. La reciente medici\u00f3n de DC Consultores arroj\u00f3 que 22,2% estaba dispuesto a votar a ese sello en las pr\u00f3ximas elecciones (gr\u00e1fico arriba), lo cual implica una baja de 5,08 puntos porcentuales respecto al 27,28% de caudal que alcanz\u00f3 la sumatoria del sello Uni\u00f3n por la Patria (UP) en las primarias abiertas, simult\u00e1neas y obligatorias (PASO) de agosto de 2023. As\u00ed, la merma potencial no termina de resultar estad\u00edsticamente significativa, a lo que se agrega que falta un a\u00f1o para el turno electoral y el \u201cefecto Alberto\u201d podr\u00eda diluirse en ese plazo.<\/p><p><a href=\"https:\/\/delfoscba.com.ar\/\/dev\/\/wp-content\/uploads\/2024\/08\/2-7.jpg\"><img decoding=\"async\" class=\"aligncenter wp-image-16460 size-full\" src=\"https:\/\/delfoscba.com.ar\/\/dev\/\/wp-content\/uploads\/2024\/08\/2-7.jpg\" alt=\"\" width=\"860\" height=\"606\" srcset=\"https:\/\/delfoscba.com.ar\/dev\/wp-content\/uploads\/2024\/08\/2-7.jpg 860w, https:\/\/delfoscba.com.ar\/dev\/wp-content\/uploads\/2024\/08\/2-7-300x211.jpg 300w, https:\/\/delfoscba.com.ar\/dev\/wp-content\/uploads\/2024\/08\/2-7-768x541.jpg 768w\" sizes=\"(max-width: 860px) 100vw, 860px\" \/><\/a><\/p><p>Con apenas matices, la \u00faltima encuesta de los consultores Isasi-Burdman (gr\u00e1fico arriba) reporta que a\u00fan en pleno esc\u00e1ndalo 21% votar\u00eda al pan-peronismo (16% al peronismo y 5% al kirchnerismo), con lo cual la merma ser\u00eda de 6,28 puntos porcentuales hoy respecto al caudal obtenido en las PASO hace un a\u00f1o. La relativa estabilidad de la intenci\u00f3n de voto se confirma cuando se observa que 30% se inclinar\u00eda por La Libertad Avanza (LLA), sello que un a\u00f1o atr\u00e1s sum\u00f3 28,96%; la diferencia de 1,04 puntos porcentuales no resulta estad\u00edsticamente significativa dado el error muestral de +\/-2,18%.<\/p><p><a href=\"https:\/\/delfoscba.com.ar\/\/dev\/\/wp-content\/uploads\/2024\/08\/3-7.jpg\"><img decoding=\"async\" class=\"aligncenter wp-image-16461 size-full\" src=\"https:\/\/delfoscba.com.ar\/\/dev\/\/wp-content\/uploads\/2024\/08\/3-7.jpg\" alt=\"\" width=\"532\" height=\"944\" srcset=\"https:\/\/delfoscba.com.ar\/dev\/wp-content\/uploads\/2024\/08\/3-7.jpg 532w, https:\/\/delfoscba.com.ar\/dev\/wp-content\/uploads\/2024\/08\/3-7-169x300.jpg 169w\" sizes=\"(max-width: 532px) 100vw, 532px\" \/><\/a><\/p><p>A su turno, Zuban C\u00f3rdoba detect\u00f3 que 4% de los votantes de Massa en la primera vuelta de 2023 podr\u00eda dejar de votar al peronismo por el esc\u00e1ndalo, mientras que casi 7% ns\/nc (gr\u00e1fico arriba); as\u00ed, se puede estimar que hoy el caudal del espacio rondar\u00eda el 33% en el peor de los casos, contra 36,78% que sufrag\u00f3 por UP en octubre del a\u00f1o pasado; nuevamente, la merma potencial ser\u00eda acotada con la foto de hoy.<\/p><p><a href=\"https:\/\/delfoscba.com.ar\/\/dev\/\/wp-content\/uploads\/2024\/08\/4-7.jpg\"><img loading=\"lazy\" decoding=\"async\" class=\"aligncenter wp-image-16462 size-full\" src=\"https:\/\/delfoscba.com.ar\/\/dev\/\/wp-content\/uploads\/2024\/08\/4-7.jpg\" alt=\"\" width=\"980\" height=\"549\" srcset=\"https:\/\/delfoscba.com.ar\/dev\/wp-content\/uploads\/2024\/08\/4-7.jpg 980w, https:\/\/delfoscba.com.ar\/dev\/wp-content\/uploads\/2024\/08\/4-7-300x168.jpg 300w, https:\/\/delfoscba.com.ar\/dev\/wp-content\/uploads\/2024\/08\/4-7-768x430.jpg 768w\" sizes=\"(max-width: 980px) 100vw, 980px\" \/><\/a><\/p><p>De las \u00faltimas mediciones, la \u00fanica que muestra a LLA creciendo en la actual coyuntura es la que realiz\u00f3 el consultor Cristian Solmoirago; en un escenario donde no compite Juntos por el Cambio (JXC), LLA roza el 42%, pero el peronismo filo kirchnerista se muestra resiliente, con 30,5% (gr\u00e1fico arriba).<\/p><p>En s\u00edntesis, contra la sensaci\u00f3n instalada de que el esc\u00e1ndalo es capitalizado por Milei y pone en jaque al panperonismo, las \u00faltimas encuestas muestran una relativa estabilidad de las intenciones de voto de cara al turno electoral 2025. La comparaci\u00f3n de datos sugiere que el affaire Fern\u00e1ndez vs Y\u00e1\u00f1ez est\u00e1 cristalizando opiniones preexistentes (refuerza a los n\u00facleos duros del oficialismo vs a los de la principal fuerza opositora, m\u00e1s que modificar tendencias). En ese marco, la funcionalidad del caso para el gobierno nacional estar\u00eda quedando en evidencia, seg\u00fan el informe de Zuban C\u00f3rdoba: 60,5% de los electores est\u00e1n de acuerdo con que los libertarios aprovechan el issue para desviar la atenci\u00f3n respecto de la crisis econ\u00f3mica y el crecimiento de la pobreza (gr\u00e1fico abajo).<\/p><p><a href=\"https:\/\/delfoscba.com.ar\/\/dev\/\/wp-content\/uploads\/2024\/08\/5-6-1.jpg\"><img loading=\"lazy\" decoding=\"async\" class=\"aligncenter wp-image-16463 size-full\" src=\"https:\/\/delfoscba.com.ar\/\/dev\/\/wp-content\/uploads\/2024\/08\/5-6-1.jpg\" alt=\"\" width=\"404\" height=\"716\" srcset=\"https:\/\/delfoscba.com.ar\/dev\/wp-content\/uploads\/2024\/08\/5-6-1.jpg 404w, https:\/\/delfoscba.com.ar\/dev\/wp-content\/uploads\/2024\/08\/5-6-1-169x300.jpg 169w\" sizes=\"(max-width: 404px) 100vw, 404px\" \/><\/a><\/p><p>En la misma l\u00ednea, 63,5% acuerda con que el oficialismo aprovecha el caso para pegarle al gobierno anterior (gr\u00e1fico abajo). As\u00ed, la estrategia libertaria <em>\u201csi no hay pan, que haya circo\u201d<\/em> resulta eficaz hoy, pero dif\u00edcilmente pueda tener efectos a largo plazo que operen en la campa\u00f1a electoral 2025.<\/p><p><a href=\"https:\/\/delfoscba.com.ar\/\/dev\/\/wp-content\/uploads\/2024\/08\/6-5-1.jpg\"><img loading=\"lazy\" decoding=\"async\" class=\"aligncenter wp-image-16464 size-full\" src=\"https:\/\/delfoscba.com.ar\/\/dev\/\/wp-content\/uploads\/2024\/08\/6-5-1.jpg\" alt=\"\" width=\"404\" height=\"715\" srcset=\"https:\/\/delfoscba.com.ar\/dev\/wp-content\/uploads\/2024\/08\/6-5-1.jpg 404w, https:\/\/delfoscba.com.ar\/dev\/wp-content\/uploads\/2024\/08\/6-5-1-170x300.jpg 170w\" sizes=\"(max-width: 404px) 100vw, 404px\" \/><\/a><\/p>\t\t\t\t\t\t\t\t<\/div>\n\t\t\t\t\t<\/div>\n\t\t<\/div>\n\t\t\t\t\t<\/div>\n\t\t<\/section>\n\t\t\t\t<section class=\"elementor-section elementor-top-section elementor-element elementor-element-b28ac47 elementor-section-height-min-height elementor-section-boxed elementor-section-height-default elementor-section-items-middle\" data-id=\"b28ac47\" data-element_type=\"section\" data-e-type=\"section\" data-settings=\"{&quot;background_background&quot;:&quot;classic&quot;}\">\n\t\t\t\t\t\t\t<div class=\"elementor-background-overlay\"><\/div>\n\t\t\t\t\t\t\t<div class=\"elementor-container elementor-column-gap-default\">\n\t\t\t\t\t<div class=\"elementor-column elementor-col-100 elementor-top-column elementor-element elementor-element-88fba06\" data-id=\"88fba06\" data-element_type=\"column\" data-e-type=\"column\">\n\t\t\t<div class=\"elementor-widget-wrap elementor-element-populated\">\n\t\t\t\t\t\t<div class=\"elementor-element elementor-element-7e65226 elementor-widget elementor-widget-heading\" data-id=\"7e65226\" data-element_type=\"widget\" data-e-type=\"widget\" data-widget_type=\"heading.default\">\n\t\t\t\t\t<h2 class=\"elementor-heading-title elementor-size-large\">Seguinos en nuestras redes<\/h2>\t\t\t\t<\/div>\n\t\t\t\t<div class=\"elementor-element elementor-element-c37b7ef elementor-shape-circle e-grid-align-tablet-center e-grid-align-mobile-center e-grid-align-left elementor-grid-0 elementor-widget elementor-widget-social-icons\" data-id=\"c37b7ef\" data-element_type=\"widget\" data-e-type=\"widget\" data-widget_type=\"social-icons.default\">\n\t\t\t\t\t\t\t<div class=\"elementor-social-icons-wrapper elementor-grid\" role=\"list\">\n\t\t\t\t\t\t\t<span class=\"elementor-grid-item\" role=\"listitem\">\n\t\t\t\t\t<a class=\"elementor-icon elementor-social-icon elementor-social-icon-facebook-f elementor-repeater-item-lf5yt4c\" href=\"https:\/\/www.facebook.com\/ConsultoraDelfos\" target=\"_blank\">\n\t\t\t\t\t\t<span class=\"elementor-screen-only\">Facebook-f<\/span>\n\t\t\t\t\t\t<i aria-hidden=\"true\" class=\"fab fa-facebook-f\"><\/i>\t\t\t\t\t<\/a>\n\t\t\t\t<\/span>\n\t\t\t\t\t\t\t<span class=\"elementor-grid-item\" role=\"listitem\">\n\t\t\t\t\t<a class=\"elementor-icon elementor-social-icon elementor-social-icon-twitter elementor-repeater-item-01xie82\" href=\"https:\/\/twitter.com\/delfoscba\" target=\"_blank\">\n\t\t\t\t\t\t<span class=\"elementor-screen-only\">Twitter<\/span>\n\t\t\t\t\t\t<i aria-hidden=\"true\" class=\"fab fa-twitter\"><\/i>\t\t\t\t\t<\/a>\n\t\t\t\t<\/span>\n\t\t\t\t\t\t\t<span class=\"elementor-grid-item\" role=\"listitem\">\n\t\t\t\t\t<a class=\"elementor-icon elementor-social-icon elementor-social-icon-linkedin elementor-repeater-item-grhvqhn\" target=\"_blank\">\n\t\t\t\t\t\t<span class=\"elementor-screen-only\">Linkedin<\/span>\n\t\t\t\t\t\t<i aria-hidden=\"true\" class=\"fab fa-linkedin\"><\/i>\t\t\t\t\t<\/a>\n\t\t\t\t<\/span>\n\t\t\t\t\t<\/div>\n\t\t\t\t\t\t<\/div>\n\t\t\t\t\t<\/div>\n\t\t<\/div>\n\t\t\t\t\t<\/div>\n\t\t<\/section>\n\t\t\t\t<\/div>\n\t\t","protected":false},"excerpt":{"rendered":"<p>El impacto del esc\u00e1ndalo encabezado por Alberto Fern\u00e1ndez en el voto peronista. Las posibilidades que le brinda el contexto al oficialismo de usufructuar el caso con fines electorales, ya pensando en 2025.<\/p>\n","protected":false},"author":2,"featured_media":16466,"comment_status":"open","ping_status":"open","sticky":false,"template":"","format":"standard","meta":{"_acf_changed":false,"footnotes":""},"categories":[3],"tags":[1322,453,39,40,38,45,1424,348,1417,128,710,35,1422,246,929,230,138,496,979,1386,291,977,978,57,188,287,46,56,488,1038,1053,1423,265,1030],"class_list":["post-16458","post","type-post","status-publish","format-standard","has-post-thumbnail","hentry","category-politica","tag-1322","tag-alberto","tag-argentina","tag-consultora","tag-cordoba","tag-crisis","tag-cristian-solmoirago","tag-datos","tag-dc-consultores","tag-delfos","tag-economica","tag-edad","tag-efecto","tag-encuestas","tag-espanol","tag-estadistica","tag-gestion","tag-impacto","tag-intencion","tag-isasi-burdman","tag-kirchnerismo","tag-la-libertad-avanza","tag-lla","tag-norman-berra","tag-opinion-publica","tag-peronismo","tag-pobreza","tag-politica","tag-sudamerica","tag-union-por-la-patria","tag-up","tag-violencia","tag-voto","tag-zuban","et-has-post-format-content","et_post_format-et-post-format-standard"],"acf":[],"_links":{"self":[{"href":"https:\/\/delfoscba.com.ar\/dev\/wp-json\/wp\/v2\/posts\/16458","targetHints":{"allow":["GET"]}}],"collection":[{"href":"https:\/\/delfoscba.com.ar\/dev\/wp-json\/wp\/v2\/posts"}],"about":[{"href":"https:\/\/delfoscba.com.ar\/dev\/wp-json\/wp\/v2\/types\/post"}],"author":[{"embeddable":true,"href":"https:\/\/delfoscba.com.ar\/dev\/wp-json\/wp\/v2\/users\/2"}],"replies":[{"embeddable":true,"href":"https:\/\/delfoscba.com.ar\/dev\/wp-json\/wp\/v2\/comments?post=16458"}],"version-history":[{"count":4,"href":"https:\/\/delfoscba.com.ar\/dev\/wp-json\/wp\/v2\/posts\/16458\/revisions"}],"predecessor-version":[{"id":16470,"href":"https:\/\/delfoscba.com.ar\/dev\/wp-json\/wp\/v2\/posts\/16458\/revisions\/16470"}],"wp:featuredmedia":[{"embeddable":true,"href":"https:\/\/delfoscba.com.ar\/dev\/wp-json\/wp\/v2\/media\/16466"}],"wp:attachment":[{"href":"https:\/\/delfoscba.com.ar\/dev\/wp-json\/wp\/v2\/media?parent=16458"}],"wp:term":[{"taxonomy":"category","embeddable":true,"href":"https:\/\/delfoscba.com.ar\/dev\/wp-json\/wp\/v2\/categories?post=16458"},{"taxonomy":"post_tag","embeddable":true,"href":"https:\/\/delfoscba.com.ar\/dev\/wp-json\/wp\/v2\/tags?post=16458"}],"curies":[{"name":"wp","href":"https:\/\/api.w.org\/{rel}","templated":true}]}}