{"id":16471,"date":"2024-08-28T18:47:31","date_gmt":"2024-08-28T18:47:31","guid":{"rendered":"https:\/\/delfoscba.com.ar\/\/dev\/\/?p=16471"},"modified":"2024-08-28T18:55:50","modified_gmt":"2024-08-28T18:55:50","slug":"los-argentinos-comienzan-a-pasarle-factura-al-gobierno-nacional-la-imagen-negativa-vuelve-a-ser-mayoritaria","status":"publish","type":"post","link":"https:\/\/delfoscba.com.ar\/dev\/politica\/los-argentinos-comienzan-a-pasarle-factura-al-gobierno-nacional-la-imagen-negativa-vuelve-a-ser-mayoritaria\/","title":{"rendered":"Los argentinos comienzan a pasarle factura al Gobierno nacional: la imagen negativa vuelve a ser mayoritaria"},"content":{"rendered":"\t\t<div data-elementor-type=\"wp-post\" data-elementor-id=\"16471\" class=\"elementor elementor-16471\" data-elementor-post-type=\"post\">\n\t\t\t\t\t\t<section class=\"elementor-section elementor-top-section elementor-element elementor-element-41498b4 elementor-section-height-min-height elementor-section-boxed elementor-section-height-default elementor-section-items-middle\" data-id=\"41498b4\" data-element_type=\"section\" data-e-type=\"section\" data-settings=\"{&quot;background_background&quot;:&quot;classic&quot;}\">\n\t\t\t\t\t\t\t<div class=\"elementor-background-overlay\"><\/div>\n\t\t\t\t\t\t\t<div class=\"elementor-container elementor-column-gap-no\">\n\t\t\t\t\t<div class=\"elementor-column elementor-col-100 elementor-top-column elementor-element elementor-element-a18ac89\" data-id=\"a18ac89\" data-element_type=\"column\" data-e-type=\"column\">\n\t\t\t<div class=\"elementor-widget-wrap elementor-element-populated\">\n\t\t\t\t\t\t<div class=\"elementor-element elementor-element-e493600 elementor-widget elementor-widget-heading\" data-id=\"e493600\" data-element_type=\"widget\" data-e-type=\"widget\" data-widget_type=\"heading.default\">\n\t\t\t\t\t<h2 class=\"elementor-heading-title elementor-size-large\">POL\u00cdTICA<\/h2>\t\t\t\t<\/div>\n\t\t\t\t\t<\/div>\n\t\t<\/div>\n\t\t\t\t\t<\/div>\n\t\t<\/section>\n\t\t\t\t<section class=\"elementor-section elementor-top-section elementor-element elementor-element-7dafb6e4 elementor-section-boxed elementor-section-height-default elementor-section-height-default\" data-id=\"7dafb6e4\" data-element_type=\"section\" data-e-type=\"section\">\n\t\t\t\t\t\t<div class=\"elementor-container elementor-column-gap-default\">\n\t\t\t\t\t<div class=\"elementor-column elementor-col-100 elementor-top-column elementor-element elementor-element-38ae5a14\" data-id=\"38ae5a14\" data-element_type=\"column\" data-e-type=\"column\">\n\t\t\t<div class=\"elementor-widget-wrap elementor-element-populated\">\n\t\t\t\t\t\t<div class=\"elementor-element elementor-element-f8a3207 elementor-widget elementor-widget-author-box\" data-id=\"f8a3207\" data-element_type=\"widget\" data-e-type=\"widget\" data-widget_type=\"author-box.default\">\n\t\t\t\t\t\t\t<div class=\"elementor-author-box\">\n\t\t\t\t\t\t\t<a href=\"https:\/\/delfoscba.com.ar\/\/dev\/\/nosotros\/\" class=\"elementor-author-box__avatar\">\n\t\t\t\t\t<img decoding=\"async\" src=\"https:\/\/delfoscba.com.ar\/dev\/wp-content\/uploads\/2024\/03\/Blanco-y-negro-300x300.jpg\" alt=\"Picture of Jos\u00e9 Gangi\" loading=\"lazy\">\n\t\t\t\t<\/a>\n\t\t\t\n\t\t\t<div class=\"elementor-author-box__text\">\n\t\t\t\t\t\t\t\t\t<a href=\"https:\/\/delfoscba.com.ar\/\/dev\/\/nosotros\/\">\n\t\t\t\t\t\t<h4 class=\"elementor-author-box__name\">\n\t\t\t\t\t\t\tJos\u00e9 Gangi\t\t\t\t\t\t<\/h4>\n\t\t\t\t\t<\/a>\n\t\t\t\t\n\t\t\t\t\t\t\t\t\t<div class=\"elementor-author-box__bio\">\n\t\t\t\t\t\t<p>Edici\u00f3n y An\u00e1lisis de informes<\/p>\n\t\t\t\t\t<\/div>\n\t\t\t\t\n\t\t\t\t\t\t\t<\/div>\n\t\t<\/div>\n\t\t\t\t\t\t<\/div>\n\t\t\t\t<div class=\"elementor-element elementor-element-7aefe4b4 elementor-widget elementor-widget-text-editor\" data-id=\"7aefe4b4\" data-element_type=\"widget\" data-e-type=\"widget\" data-widget_type=\"text-editor.default\">\n\t\t\t\t\t\t\t\t\t<p>En las \u00faltimas semanas la agenda medi\u00e1tica nacional se pos\u00f3, principalmente, sobre el caso de violencia de g\u00e9nero denunciado por Fabiola Y\u00e1\u00f1ez contra el ex presidente Alberto Fern\u00e1ndez.<\/p><p>M\u00e1s all\u00e1 de la gravedad concreta del asunto, muchos apuntaron a que su permanencia en el centro de la agenda responde al inter\u00e9s del Gobierno nacional de correr el foco de los problemas que experimenta su gesti\u00f3n. \u00bfExisten razones para sustentar esta hip\u00f3tesis? Veamos\u2026<\/p><p><strong>Principal problema percibido<\/strong><\/p><p>De acuerdo con la \u00faltima encuesta nacional de Consultora Delfos realizada a 1.865 argentinos de todo el pa\u00eds, el principal problema percibido a resolver por el presidente Javier Milei volvi\u00f3 a ser la corrupci\u00f3n. La \u00faltima oportunidad en que eso hab\u00eda ocurrido fue en junio pasado, cuando la agenda estuvo dominada por el esc\u00e1ndalo vinculado a la no repartici\u00f3n de alimentos almacenados en dep\u00f3sitos de la Naci\u00f3n.<\/p><p><a href=\"https:\/\/delfoscba.com.ar\/\/dev\/\/wp-content\/uploads\/2024\/08\/122.png\"><img fetchpriority=\"high\" decoding=\"async\" class=\"aligncenter wp-image-16473 size-large\" src=\"https:\/\/delfoscba.com.ar\/\/dev\/\/wp-content\/uploads\/2024\/08\/122-1024x726.png\" alt=\"\" width=\"1024\" height=\"726\" srcset=\"https:\/\/delfoscba.com.ar\/dev\/wp-content\/uploads\/2024\/08\/122-1024x726.png 1024w, https:\/\/delfoscba.com.ar\/dev\/wp-content\/uploads\/2024\/08\/122-300x213.png 300w, https:\/\/delfoscba.com.ar\/dev\/wp-content\/uploads\/2024\/08\/122-768x545.png 768w, https:\/\/delfoscba.com.ar\/dev\/wp-content\/uploads\/2024\/08\/122-1536x1090.png 1536w, https:\/\/delfoscba.com.ar\/dev\/wp-content\/uploads\/2024\/08\/122-400x284.png 400w, https:\/\/delfoscba.com.ar\/dev\/wp-content\/uploads\/2024\/08\/122-1080x766.png 1080w, https:\/\/delfoscba.com.ar\/dev\/wp-content\/uploads\/2024\/08\/122.png 1748w\" sizes=\"(max-width: 1024px) 100vw, 1024px\" \/><\/a><\/p><p>Por otro lado, la falta de trabajo se estabiliza en torno al 10-11% y secunda en esta oportunidad a la corrupci\u00f3n, mientras que la inflaci\u00f3n contin\u00faa su lenta ca\u00edda como principal problema. No obstante, la econom\u00eda se estabiliza y permanece entre los principales problemas a resolver por la gesti\u00f3n nacional, lo que deja entrever problemas econ\u00f3micos consistentes con el escaso nivel de actividad.<\/p><p><a href=\"https:\/\/delfoscba.com.ar\/\/dev\/\/wp-content\/uploads\/2024\/08\/121.png\"><img decoding=\"async\" class=\"aligncenter wp-image-16472 size-large\" src=\"https:\/\/delfoscba.com.ar\/\/dev\/\/wp-content\/uploads\/2024\/08\/121-1024x726.png\" alt=\"\" width=\"1024\" height=\"726\" srcset=\"https:\/\/delfoscba.com.ar\/dev\/wp-content\/uploads\/2024\/08\/121-1024x726.png 1024w, https:\/\/delfoscba.com.ar\/dev\/wp-content\/uploads\/2024\/08\/121-300x213.png 300w, https:\/\/delfoscba.com.ar\/dev\/wp-content\/uploads\/2024\/08\/121-768x545.png 768w, https:\/\/delfoscba.com.ar\/dev\/wp-content\/uploads\/2024\/08\/121-1536x1090.png 1536w, https:\/\/delfoscba.com.ar\/dev\/wp-content\/uploads\/2024\/08\/121-400x284.png 400w, https:\/\/delfoscba.com.ar\/dev\/wp-content\/uploads\/2024\/08\/121-1080x766.png 1080w, https:\/\/delfoscba.com.ar\/dev\/wp-content\/uploads\/2024\/08\/121.png 1748w\" sizes=\"(max-width: 1024px) 100vw, 1024px\" \/><\/a><\/p><p><strong>Imagen y expectativas<\/strong><\/p><p>En otro orden de ideas, la imagen negativa de la gesti\u00f3n nacional experimenta un crecimiento significativo por segundo mes consecutivo. En el mes de agosto, este incremento fue de 6 puntos porcentuales (pp), impulsando este indicador a niveles similares a los del pico de la serie en abril, cuando lleg\u00f3 a 52%.<\/p><p><a href=\"https:\/\/delfoscba.com.ar\/\/dev\/\/wp-content\/uploads\/2024\/08\/123.png\"><img decoding=\"async\" class=\"aligncenter wp-image-16474 size-large\" src=\"https:\/\/delfoscba.com.ar\/\/dev\/\/wp-content\/uploads\/2024\/08\/123-1024x726.png\" alt=\"\" width=\"1024\" height=\"726\" srcset=\"https:\/\/delfoscba.com.ar\/dev\/wp-content\/uploads\/2024\/08\/123-1024x726.png 1024w, https:\/\/delfoscba.com.ar\/dev\/wp-content\/uploads\/2024\/08\/123-300x213.png 300w, https:\/\/delfoscba.com.ar\/dev\/wp-content\/uploads\/2024\/08\/123-768x545.png 768w, https:\/\/delfoscba.com.ar\/dev\/wp-content\/uploads\/2024\/08\/123-1536x1090.png 1536w, https:\/\/delfoscba.com.ar\/dev\/wp-content\/uploads\/2024\/08\/123-400x284.png 400w, https:\/\/delfoscba.com.ar\/dev\/wp-content\/uploads\/2024\/08\/123-1080x766.png 1080w, https:\/\/delfoscba.com.ar\/dev\/wp-content\/uploads\/2024\/08\/123.png 1748w\" sizes=\"(max-width: 1024px) 100vw, 1024px\" \/><\/a><\/p><p>En este marco de polarizaci\u00f3n, se aprecia que la imagen positiva del gobierno se sustenta en los votantes de Milei y Bullrich, mientras que los de Schiaretti se diferencian en una primera instancia de cr\u00edtica (el menor nivel de intensidad del malestar); en tanto, los de Massa y Bregman se posicionan como detractores netos.<\/p><p><a href=\"https:\/\/delfoscba.com.ar\/\/dev\/\/wp-content\/uploads\/2024\/08\/124.png\"><img loading=\"lazy\" decoding=\"async\" class=\"aligncenter wp-image-16475 size-large\" src=\"https:\/\/delfoscba.com.ar\/\/dev\/\/wp-content\/uploads\/2024\/08\/124-1024x726.png\" alt=\"\" width=\"1024\" height=\"726\" srcset=\"https:\/\/delfoscba.com.ar\/dev\/wp-content\/uploads\/2024\/08\/124-1024x726.png 1024w, https:\/\/delfoscba.com.ar\/dev\/wp-content\/uploads\/2024\/08\/124-300x213.png 300w, https:\/\/delfoscba.com.ar\/dev\/wp-content\/uploads\/2024\/08\/124-768x545.png 768w, https:\/\/delfoscba.com.ar\/dev\/wp-content\/uploads\/2024\/08\/124-1536x1090.png 1536w, https:\/\/delfoscba.com.ar\/dev\/wp-content\/uploads\/2024\/08\/124-400x284.png 400w, https:\/\/delfoscba.com.ar\/dev\/wp-content\/uploads\/2024\/08\/124-1080x766.png 1080w, https:\/\/delfoscba.com.ar\/dev\/wp-content\/uploads\/2024\/08\/124.png 1748w\" sizes=\"(max-width: 1024px) 100vw, 1024px\" \/><\/a><\/p><p>En consonancia con este deterioro de la imagen de la gesti\u00f3n nacional, la creencia en que tanto la situaci\u00f3n general del pa\u00eds como la personal empeorar\u00e1n crecieron 12 pp (52%) y 14 pp (53%) respectivamente. Al mismo tiempo, la fe en el gobierno cay\u00f3 10 pp, hasta pasar de ser mayoritaria con el 53% de las menciones a minoritaria con el 43%.<\/p><p><a href=\"https:\/\/delfoscba.com.ar\/\/dev\/\/wp-content\/uploads\/2024\/08\/125.png\"><img loading=\"lazy\" decoding=\"async\" class=\"aligncenter wp-image-16476 size-large\" src=\"https:\/\/delfoscba.com.ar\/\/dev\/\/wp-content\/uploads\/2024\/08\/125-1024x726.png\" alt=\"\" width=\"1024\" height=\"726\" srcset=\"https:\/\/delfoscba.com.ar\/dev\/wp-content\/uploads\/2024\/08\/125-1024x726.png 1024w, https:\/\/delfoscba.com.ar\/dev\/wp-content\/uploads\/2024\/08\/125-300x213.png 300w, https:\/\/delfoscba.com.ar\/dev\/wp-content\/uploads\/2024\/08\/125-768x545.png 768w, https:\/\/delfoscba.com.ar\/dev\/wp-content\/uploads\/2024\/08\/125-1536x1090.png 1536w, https:\/\/delfoscba.com.ar\/dev\/wp-content\/uploads\/2024\/08\/125-400x284.png 400w, https:\/\/delfoscba.com.ar\/dev\/wp-content\/uploads\/2024\/08\/125-1080x766.png 1080w, https:\/\/delfoscba.com.ar\/dev\/wp-content\/uploads\/2024\/08\/125.png 1748w\" sizes=\"(max-width: 1024px) 100vw, 1024px\" \/><\/a><\/p><p>Al comp\u00e1s de este desgaste generalizado de la gesti\u00f3n, crecen quienes afirman no poder aguantar m\u00e1s la situaci\u00f3n hasta alcanzar el 42% de las menciones, 7 pp m\u00e1s de lo detectado en marzo y junio, cuando esas menciones que mutaron se encontraban comprendidas en la franja de los que ten\u00edan poco margen de aguante y le otorgaban al gobierno de 1 a 3 meses (lapso en que esa paciencia se agot\u00f3).<\/p><p><a href=\"https:\/\/delfoscba.com.ar\/\/dev\/\/wp-content\/uploads\/2024\/08\/127.png\"><img loading=\"lazy\" decoding=\"async\" class=\"aligncenter wp-image-16478 size-large\" src=\"https:\/\/delfoscba.com.ar\/\/dev\/\/wp-content\/uploads\/2024\/08\/127-1024x726.png\" alt=\"\" width=\"1024\" height=\"726\" srcset=\"https:\/\/delfoscba.com.ar\/dev\/wp-content\/uploads\/2024\/08\/127-1024x726.png 1024w, https:\/\/delfoscba.com.ar\/dev\/wp-content\/uploads\/2024\/08\/127-300x213.png 300w, https:\/\/delfoscba.com.ar\/dev\/wp-content\/uploads\/2024\/08\/127-768x545.png 768w, https:\/\/delfoscba.com.ar\/dev\/wp-content\/uploads\/2024\/08\/127-1536x1090.png 1536w, https:\/\/delfoscba.com.ar\/dev\/wp-content\/uploads\/2024\/08\/127-400x284.png 400w, https:\/\/delfoscba.com.ar\/dev\/wp-content\/uploads\/2024\/08\/127-1080x766.png 1080w, https:\/\/delfoscba.com.ar\/dev\/wp-content\/uploads\/2024\/08\/127.png 1748w\" sizes=\"(max-width: 1024px) 100vw, 1024px\" \/><\/a><\/p><p><a href=\"https:\/\/delfoscba.com.ar\/\/dev\/\/wp-content\/uploads\/2024\/08\/126.png\"><img loading=\"lazy\" decoding=\"async\" class=\"aligncenter wp-image-16477 size-large\" src=\"https:\/\/delfoscba.com.ar\/\/dev\/\/wp-content\/uploads\/2024\/08\/126-1024x726.png\" alt=\"\" width=\"1024\" height=\"726\" srcset=\"https:\/\/delfoscba.com.ar\/dev\/wp-content\/uploads\/2024\/08\/126-1024x726.png 1024w, https:\/\/delfoscba.com.ar\/dev\/wp-content\/uploads\/2024\/08\/126-300x213.png 300w, https:\/\/delfoscba.com.ar\/dev\/wp-content\/uploads\/2024\/08\/126-768x545.png 768w, https:\/\/delfoscba.com.ar\/dev\/wp-content\/uploads\/2024\/08\/126-1536x1090.png 1536w, https:\/\/delfoscba.com.ar\/dev\/wp-content\/uploads\/2024\/08\/126-400x284.png 400w, https:\/\/delfoscba.com.ar\/dev\/wp-content\/uploads\/2024\/08\/126-1080x766.png 1080w, https:\/\/delfoscba.com.ar\/dev\/wp-content\/uploads\/2024\/08\/126.png 1748w\" sizes=\"(max-width: 1024px) 100vw, 1024px\" \/><\/a><\/p><p><strong>La estabilizaci\u00f3n del malestar<\/strong><\/p><p>Todo este panorama crecientemente adverso para la gesti\u00f3n libertaria se produce en un marco donde crece la cantidad de argentinos que afirman que no tendr\u00e1n problemas para afrontar sus gastos y compromisos del mes. En consonancia con las mejoras de los salarios del \u00faltimo per\u00edodo bimestral, la magnitud de argentinos que afirmaron esto pas\u00f3 de un magro 13% en junio a un 24% en agosto.<\/p><p>No obstante, existe un piso en la l\u00ednea hist\u00f3rica en torno al 60% de personas que creen que es probable que no lleguen a cubrir sus gastos y compromisos del mes en curso que resulta dif\u00edcil de obviar a la hora de leer los otros datos.<\/p><p><strong>Reflexiones finales<\/strong><\/p><p>M\u00e1s all\u00e1 de la renovada preminencia de la corrupci\u00f3n como principal problema a resolver por el actual presidente, existe un c\u00famulo de problemas de orden econ\u00f3mico \u2013falta de trabajo, inflaci\u00f3n, econom\u00eda- que, en conjunto, la superan ampliamente.<\/p><p>De este sustrato de preocupaciones populares se desprenden las causas detr\u00e1s del desmejoramiento de los indicadores vinculados a imagen de gesti\u00f3n, expectativas y fe en el Gobierno nacional, principalmente como fruto de la cristalizaci\u00f3n de un sector de la poblaci\u00f3n que realmente se encuentra en una situaci\u00f3n de gran vulnerabilidad y agot\u00f3 su margen de paciencia.<\/p><p>La polarizaci\u00f3n observada en torno a la imagen de la gesti\u00f3n se termina de configurar con el resto de argentinos que, m\u00e1s politizados y ya acomodados al ajuste aplicando el <em>protocolo de crisis<\/em>, mantienen una postura con un componente ideol\u00f3gico m\u00e1s marcado.<\/p>\t\t\t\t\t\t\t\t<\/div>\n\t\t\t\t\t<\/div>\n\t\t<\/div>\n\t\t\t\t\t<\/div>\n\t\t<\/section>\n\t\t\t\t<section class=\"elementor-section elementor-top-section elementor-element elementor-element-b28ac47 elementor-section-height-min-height elementor-section-boxed elementor-section-height-default elementor-section-items-middle\" data-id=\"b28ac47\" data-element_type=\"section\" data-e-type=\"section\" data-settings=\"{&quot;background_background&quot;:&quot;classic&quot;}\">\n\t\t\t\t\t\t\t<div class=\"elementor-background-overlay\"><\/div>\n\t\t\t\t\t\t\t<div class=\"elementor-container elementor-column-gap-default\">\n\t\t\t\t\t<div class=\"elementor-column elementor-col-100 elementor-top-column elementor-element elementor-element-88fba06\" data-id=\"88fba06\" data-element_type=\"column\" data-e-type=\"column\">\n\t\t\t<div class=\"elementor-widget-wrap elementor-element-populated\">\n\t\t\t\t\t\t<div class=\"elementor-element elementor-element-7e65226 elementor-widget elementor-widget-heading\" data-id=\"7e65226\" data-element_type=\"widget\" data-e-type=\"widget\" data-widget_type=\"heading.default\">\n\t\t\t\t\t<h2 class=\"elementor-heading-title elementor-size-large\">Seguinos en nuestras redes<\/h2>\t\t\t\t<\/div>\n\t\t\t\t<div class=\"elementor-element elementor-element-c37b7ef elementor-shape-circle e-grid-align-tablet-center e-grid-align-mobile-center e-grid-align-left elementor-grid-0 elementor-widget elementor-widget-social-icons\" data-id=\"c37b7ef\" data-element_type=\"widget\" data-e-type=\"widget\" data-widget_type=\"social-icons.default\">\n\t\t\t\t\t\t\t<div class=\"elementor-social-icons-wrapper elementor-grid\" role=\"list\">\n\t\t\t\t\t\t\t<span class=\"elementor-grid-item\" role=\"listitem\">\n\t\t\t\t\t<a class=\"elementor-icon elementor-social-icon elementor-social-icon-facebook-f elementor-repeater-item-lf5yt4c\" href=\"https:\/\/www.facebook.com\/ConsultoraDelfos\" target=\"_blank\">\n\t\t\t\t\t\t<span class=\"elementor-screen-only\">Facebook-f<\/span>\n\t\t\t\t\t\t<i aria-hidden=\"true\" class=\"fab fa-facebook-f\"><\/i>\t\t\t\t\t<\/a>\n\t\t\t\t<\/span>\n\t\t\t\t\t\t\t<span class=\"elementor-grid-item\" role=\"listitem\">\n\t\t\t\t\t<a class=\"elementor-icon elementor-social-icon elementor-social-icon-twitter elementor-repeater-item-01xie82\" href=\"https:\/\/twitter.com\/delfoscba\" target=\"_blank\">\n\t\t\t\t\t\t<span class=\"elementor-screen-only\">Twitter<\/span>\n\t\t\t\t\t\t<i aria-hidden=\"true\" class=\"fab fa-twitter\"><\/i>\t\t\t\t\t<\/a>\n\t\t\t\t<\/span>\n\t\t\t\t\t\t\t<span class=\"elementor-grid-item\" role=\"listitem\">\n\t\t\t\t\t<a class=\"elementor-icon elementor-social-icon elementor-social-icon-linkedin elementor-repeater-item-grhvqhn\" target=\"_blank\">\n\t\t\t\t\t\t<span class=\"elementor-screen-only\">Linkedin<\/span>\n\t\t\t\t\t\t<i aria-hidden=\"true\" class=\"fab fa-linkedin\"><\/i>\t\t\t\t\t<\/a>\n\t\t\t\t<\/span>\n\t\t\t\t\t<\/div>\n\t\t\t\t\t\t<\/div>\n\t\t\t\t\t<\/div>\n\t\t<\/div>\n\t\t\t\t\t<\/div>\n\t\t<\/section>\n\t\t\t\t<\/div>\n\t\t","protected":false},"excerpt":{"rendered":"<p>Analizamos principal problema percibido, imagen de gesti\u00f3n, expectativas, fe en el Gobierno y mucho m\u00e1s<\/p>\n","protected":false},"author":2,"featured_media":16479,"comment_status":"open","ping_status":"open","sticky":false,"template":"","format":"standard","meta":{"_acf_changed":false,"footnotes":""},"categories":[3],"tags":[1322,489,39,1379,1427,258,301,1378,42,246,929,230,338,1425,61,145,34,48,259,569,188,211,1426,306,488,112,200],"class_list":["post-16471","post","type-post","status-publish","format-standard","has-post-thumbnail","hentry","category-politica","tag-1322","tag-america-latina","tag-argentina","tag-argentinos","tag-bergman","tag-bullrich","tag-corrupcion","tag-demandas","tag-economia","tag-encuestas","tag-espanol","tag-estadistica","tag-expectativas","tag-falta","tag-imagen","tag-inflacion","tag-jose-gangi","tag-jovenes","tag-massa","tag-milei","tag-opinion-publica","tag-pais","tag-personales","tag-schiaretti","tag-sudamerica","tag-trabajo","tag-votantes","et-has-post-format-content","et_post_format-et-post-format-standard"],"acf":[],"_links":{"self":[{"href":"https:\/\/delfoscba.com.ar\/dev\/wp-json\/wp\/v2\/posts\/16471","targetHints":{"allow":["GET"]}}],"collection":[{"href":"https:\/\/delfoscba.com.ar\/dev\/wp-json\/wp\/v2\/posts"}],"about":[{"href":"https:\/\/delfoscba.com.ar\/dev\/wp-json\/wp\/v2\/types\/post"}],"author":[{"embeddable":true,"href":"https:\/\/delfoscba.com.ar\/dev\/wp-json\/wp\/v2\/users\/2"}],"replies":[{"embeddable":true,"href":"https:\/\/delfoscba.com.ar\/dev\/wp-json\/wp\/v2\/comments?post=16471"}],"version-history":[{"count":4,"href":"https:\/\/delfoscba.com.ar\/dev\/wp-json\/wp\/v2\/posts\/16471\/revisions"}],"predecessor-version":[{"id":16483,"href":"https:\/\/delfoscba.com.ar\/dev\/wp-json\/wp\/v2\/posts\/16471\/revisions\/16483"}],"wp:featuredmedia":[{"embeddable":true,"href":"https:\/\/delfoscba.com.ar\/dev\/wp-json\/wp\/v2\/media\/16479"}],"wp:attachment":[{"href":"https:\/\/delfoscba.com.ar\/dev\/wp-json\/wp\/v2\/media?parent=16471"}],"wp:term":[{"taxonomy":"category","embeddable":true,"href":"https:\/\/delfoscba.com.ar\/dev\/wp-json\/wp\/v2\/categories?post=16471"},{"taxonomy":"post_tag","embeddable":true,"href":"https:\/\/delfoscba.com.ar\/dev\/wp-json\/wp\/v2\/tags?post=16471"}],"curies":[{"name":"wp","href":"https:\/\/api.w.org\/{rel}","templated":true}]}}