{"id":16575,"date":"2024-10-07T02:26:34","date_gmt":"2024-10-07T02:26:34","guid":{"rendered":"https:\/\/delfoscba.com.ar\/\/dev\/\/?p=16575"},"modified":"2024-10-14T11:04:46","modified_gmt":"2024-10-14T11:04:46","slug":"como-estan-las-gestiones-de-gobierno-en-cordoba","status":"publish","type":"post","link":"https:\/\/delfoscba.com.ar\/dev\/politica\/como-estan-las-gestiones-de-gobierno-en-cordoba\/","title":{"rendered":"C\u00f3mo est\u00e1n las gestiones de gobierno en C\u00f3rdoba, seg\u00fan las encuestas"},"content":{"rendered":"\t\t<div data-elementor-type=\"wp-post\" data-elementor-id=\"16575\" class=\"elementor elementor-16575\" data-elementor-post-type=\"post\">\n\t\t\t\t\t\t<section class=\"elementor-section elementor-top-section elementor-element elementor-element-41498b4 elementor-section-height-min-height elementor-section-boxed elementor-section-height-default elementor-section-items-middle\" data-id=\"41498b4\" data-element_type=\"section\" data-e-type=\"section\" data-settings=\"{&quot;background_background&quot;:&quot;classic&quot;}\">\n\t\t\t\t\t\t\t<div class=\"elementor-background-overlay\"><\/div>\n\t\t\t\t\t\t\t<div class=\"elementor-container elementor-column-gap-no\">\n\t\t\t\t\t<div class=\"elementor-column elementor-col-100 elementor-top-column elementor-element elementor-element-a18ac89\" data-id=\"a18ac89\" data-element_type=\"column\" data-e-type=\"column\">\n\t\t\t<div class=\"elementor-widget-wrap elementor-element-populated\">\n\t\t\t\t\t\t<div class=\"elementor-element elementor-element-e493600 elementor-widget elementor-widget-heading\" data-id=\"e493600\" data-element_type=\"widget\" data-e-type=\"widget\" data-widget_type=\"heading.default\">\n\t\t\t\t\t<h2 class=\"elementor-heading-title elementor-size-large\">POL\u00cdTICA<\/h2>\t\t\t\t<\/div>\n\t\t\t\t\t<\/div>\n\t\t<\/div>\n\t\t\t\t\t<\/div>\n\t\t<\/section>\n\t\t\t\t<section class=\"elementor-section elementor-top-section elementor-element elementor-element-7dafb6e4 elementor-section-boxed elementor-section-height-default elementor-section-height-default\" data-id=\"7dafb6e4\" data-element_type=\"section\" data-e-type=\"section\">\n\t\t\t\t\t\t<div class=\"elementor-container elementor-column-gap-default\">\n\t\t\t\t\t<div class=\"elementor-column elementor-col-100 elementor-top-column elementor-element elementor-element-38ae5a14\" data-id=\"38ae5a14\" data-element_type=\"column\" data-e-type=\"column\">\n\t\t\t<div class=\"elementor-widget-wrap elementor-element-populated\">\n\t\t\t\t\t\t<div class=\"elementor-element elementor-element-f8a3207 elementor-widget elementor-widget-author-box\" data-id=\"f8a3207\" data-element_type=\"widget\" data-e-type=\"widget\" data-widget_type=\"author-box.default\">\n\t\t\t\t\t\t\t<div class=\"elementor-author-box\">\n\t\t\t\t\t\t\t<a href=\"https:\/\/delfoscba.com.ar\/\/dev\/\/nosotros\/\" class=\"elementor-author-box__avatar\">\n\t\t\t\t\t<img decoding=\"async\" src=\"https:\/\/delfoscba.com.ar\/dev\/wp-content\/uploads\/2021\/02\/norman-250x250-1.jpg\" alt=\"Picture of Norman Berra\" loading=\"lazy\">\n\t\t\t\t<\/a>\n\t\t\t\n\t\t\t<div class=\"elementor-author-box__text\">\n\t\t\t\t\t\t\t\t\t<a href=\"https:\/\/delfoscba.com.ar\/\/dev\/\/nosotros\/\">\n\t\t\t\t\t\t<h4 class=\"elementor-author-box__name\">\n\t\t\t\t\t\t\tNorman Berra\t\t\t\t\t\t<\/h4>\n\t\t\t\t\t<\/a>\n\t\t\t\t\n\t\t\t\t\t\t\t\t\t<div class=\"elementor-author-box__bio\">\n\t\t\t\t\t\t<p>L\u00edder de Proyectos<\/p>\n\t\t\t\t\t<\/div>\n\t\t\t\t\n\t\t\t\t\t\t\t<\/div>\n\t\t<\/div>\n\t\t\t\t\t\t<\/div>\n\t\t\t\t<div class=\"elementor-element elementor-element-7aefe4b4 elementor-widget elementor-widget-text-editor\" data-id=\"7aefe4b4\" data-element_type=\"widget\" data-e-type=\"widget\" data-widget_type=\"text-editor.default\">\n\t\t\t\t\t\t\t\t\t<p><a href=\"https:\/\/delfoscba.com.ar\/\/dev\/\/wp-content\/uploads\/2024\/10\/1.jpg\"><img fetchpriority=\"high\" decoding=\"async\" class=\"aligncenter wp-image-16597 size-full\" src=\"https:\/\/delfoscba.com.ar\/\/dev\/\/wp-content\/uploads\/2024\/10\/1.jpg\" alt=\"\" width=\"976\" height=\"907\" srcset=\"https:\/\/delfoscba.com.ar\/dev\/wp-content\/uploads\/2024\/10\/1.jpg 976w, https:\/\/delfoscba.com.ar\/dev\/wp-content\/uploads\/2024\/10\/1-300x279.jpg 300w, https:\/\/delfoscba.com.ar\/dev\/wp-content\/uploads\/2024\/10\/1-768x714.jpg 768w\" sizes=\"(max-width: 976px) 100vw, 976px\" \/><\/a><\/p><p>Como vimos en nuestra anterior nota de este espacio, el tr\u00e1nsito de agosto a septiembre marc\u00f3 una bisagra para el presidente Javier Milei: su gesti\u00f3n vio diluirse el diferencial positivo que supo tener a favor para quedar con saldos negativos o, en el mejor de los casos, neutros. En ese marco, es oportuno repasar c\u00f3mo encaran el \u00faltimo trimestre del a\u00f1o las gestiones del gobernador Mart\u00edn Llaryora y el intendente Daniel Passerini. A fines de junio de 2023, Llaryora gan\u00f3 la elecci\u00f3n de gobernador con 41,85% de los votos; a 15 meses de ese resultado y con 9 meses de mandato, tiene una imagen positiva de 55,8% vs una negativa de 40% en el promedio de las \u00faltimas 10 encuestas provinciales, lo que arroja un saldo favorable de casi 16 puntos porcentuales. La \u00faltima medici\u00f3n de CB report\u00f3 58,6% vs 37,8% (gr\u00e1fico arriba), un resultado mejor que la media.<\/p><p><a href=\"https:\/\/delfoscba.com.ar\/\/dev\/\/wp-content\/uploads\/2024\/10\/2.jpg\"><img decoding=\"async\" class=\"aligncenter wp-image-16596 size-full\" src=\"https:\/\/delfoscba.com.ar\/\/dev\/\/wp-content\/uploads\/2024\/10\/2.jpg\" alt=\"\" width=\"976\" height=\"899\" srcset=\"https:\/\/delfoscba.com.ar\/dev\/wp-content\/uploads\/2024\/10\/2.jpg 976w, https:\/\/delfoscba.com.ar\/dev\/wp-content\/uploads\/2024\/10\/2-300x276.jpg 300w, https:\/\/delfoscba.com.ar\/dev\/wp-content\/uploads\/2024\/10\/2-768x707.jpg 768w\" sizes=\"(max-width: 976px) 100vw, 976px\" \/><\/a><\/p><p>A su turno, a fines de julio de 2023 Daniel Passerini gan\u00f3 la elecci\u00f3n de intendente con 48,6% de los votos; a 14 meses de ese resultado y con 9 meses de gesti\u00f3n, tiene una imagen positiva de 56,2% vs una negativa de 40% en el promedio de las \u00faltimas 10 encuestas realizadas en ciudad de C\u00f3rdoba, de lo que surge un saldo favorable de 16,2 puntos porcentuales. Seg\u00fan la \u00faltima medici\u00f3n de CB, alcanz\u00f3 55% de positiva vs 40,6% negativa (gr\u00e1fico arriba).<\/p><p><a href=\"https:\/\/delfoscba.com.ar\/\/dev\/\/wp-content\/uploads\/2024\/10\/3.jpg\"><img decoding=\"async\" class=\"aligncenter wp-image-16595 size-large\" src=\"https:\/\/delfoscba.com.ar\/\/dev\/\/wp-content\/uploads\/2024\/10\/3-1024x575.jpg\" alt=\"\" width=\"1024\" height=\"575\" srcset=\"https:\/\/delfoscba.com.ar\/dev\/wp-content\/uploads\/2024\/10\/3-1024x575.jpg 1024w, https:\/\/delfoscba.com.ar\/dev\/wp-content\/uploads\/2024\/10\/3-300x169.jpg 300w, https:\/\/delfoscba.com.ar\/dev\/wp-content\/uploads\/2024\/10\/3-768x431.jpg 768w, https:\/\/delfoscba.com.ar\/dev\/wp-content\/uploads\/2024\/10\/3-1080x607.jpg 1080w, https:\/\/delfoscba.com.ar\/dev\/wp-content\/uploads\/2024\/10\/3.jpg 1100w\" sizes=\"(max-width: 1024px) 100vw, 1024px\" \/><\/a><\/p><p>En tanto, la encuesta realizada por Comparactiva a fines de septiembre en la ciudad de C\u00f3rdoba (gr\u00e1fico arriba) report\u00f3 que el intendente y el gobernador superan el 55% de imagen positiva (56% vs 58%, empate t\u00e9cnico); sin embargo, Passerini tiene una negativa menor (33% vs 40%), de lo que surge un saldo favorable de 23 puntos porcentuales, vs 18 puntos de Llaryora. Seg\u00fan ese informe, Milei tiene 56% de positiva vs 41% de negativa, lo que arroja un saldo positivo de 15 puntos.<\/p><p><a href=\"https:\/\/delfoscba.com.ar\/\/dev\/\/wp-content\/uploads\/2024\/10\/4.jpg\"><img loading=\"lazy\" decoding=\"async\" class=\"aligncenter wp-image-16594 size-large\" src=\"https:\/\/delfoscba.com.ar\/\/dev\/\/wp-content\/uploads\/2024\/10\/4-1024x575.jpg\" alt=\"\" width=\"1024\" height=\"575\" srcset=\"https:\/\/delfoscba.com.ar\/dev\/wp-content\/uploads\/2024\/10\/4-1024x575.jpg 1024w, https:\/\/delfoscba.com.ar\/dev\/wp-content\/uploads\/2024\/10\/4-300x169.jpg 300w, https:\/\/delfoscba.com.ar\/dev\/wp-content\/uploads\/2024\/10\/4-768x431.jpg 768w, https:\/\/delfoscba.com.ar\/dev\/wp-content\/uploads\/2024\/10\/4-1080x607.jpg 1080w, https:\/\/delfoscba.com.ar\/dev\/wp-content\/uploads\/2024\/10\/4.jpg 1100w\" sizes=\"(max-width: 1024px) 100vw, 1024px\" \/><\/a><\/p><p>La encuesta realizada por consultora Corinto entre fines de agosto y principios de septiembre permite calibrar los matices entre la imagen personal y la de gesti\u00f3n en la ciudad capital: el gobierno de Llaryora alcanz\u00f3 57% de positiva vs 38% de negativa (gr\u00e1fico arriba), lo que implica sinton\u00eda entre ambas variables, dado que las diferencias entre ellas no resultan estad\u00edsticamente significativas. El saldo a favor en este caso es de 19 puntos porcentuales.<\/p><p><a href=\"https:\/\/delfoscba.com.ar\/\/dev\/\/wp-content\/uploads\/2024\/10\/5.jpg\"><img loading=\"lazy\" decoding=\"async\" class=\"aligncenter wp-image-16599 size-large\" src=\"https:\/\/delfoscba.com.ar\/\/dev\/\/wp-content\/uploads\/2024\/10\/5-1024x575.jpg\" alt=\"\" width=\"1024\" height=\"575\" srcset=\"https:\/\/delfoscba.com.ar\/dev\/wp-content\/uploads\/2024\/10\/5-1024x575.jpg 1024w, https:\/\/delfoscba.com.ar\/dev\/wp-content\/uploads\/2024\/10\/5-300x169.jpg 300w, https:\/\/delfoscba.com.ar\/dev\/wp-content\/uploads\/2024\/10\/5-768x431.jpg 768w, https:\/\/delfoscba.com.ar\/dev\/wp-content\/uploads\/2024\/10\/5-1080x607.jpg 1080w, https:\/\/delfoscba.com.ar\/dev\/wp-content\/uploads\/2024\/10\/5.jpg 1100w\" sizes=\"(max-width: 1024px) 100vw, 1024px\" \/><\/a><\/p><p>Seg\u00fan el mismo informe, la gesti\u00f3n del intendente alcanz\u00f3 54% de positiva vs 33% de negativa en la ciudad (gr\u00e1fico arriba); nuevamente, las diferencias respecto a su imagen como dirigente resultan estad\u00edsticamente no significativas, es decir que las variables est\u00e1n alineadas. El saldo a favor en este caso es de 21 puntos porcentuales.<\/p><p><a href=\"https:\/\/delfoscba.com.ar\/\/dev\/\/wp-content\/uploads\/2024\/10\/6.jpg\"><img loading=\"lazy\" decoding=\"async\" class=\"aligncenter wp-image-16598 size-large\" src=\"https:\/\/delfoscba.com.ar\/\/dev\/\/wp-content\/uploads\/2024\/10\/6-1024x575.jpg\" alt=\"\" width=\"1024\" height=\"575\" srcset=\"https:\/\/delfoscba.com.ar\/dev\/wp-content\/uploads\/2024\/10\/6-1024x575.jpg 1024w, https:\/\/delfoscba.com.ar\/dev\/wp-content\/uploads\/2024\/10\/6-300x169.jpg 300w, https:\/\/delfoscba.com.ar\/dev\/wp-content\/uploads\/2024\/10\/6-768x431.jpg 768w, https:\/\/delfoscba.com.ar\/dev\/wp-content\/uploads\/2024\/10\/6-1080x607.jpg 1080w, https:\/\/delfoscba.com.ar\/dev\/wp-content\/uploads\/2024\/10\/6.jpg 1100w\" sizes=\"(max-width: 1024px) 100vw, 1024px\" \/><\/a><\/p><p>Finalmente, al hacer foco en las actitudes respecto a cada nivel de gesti\u00f3n, el apoyo al presidente duplica a la oposici\u00f3n (61% vs 31%) pero en el \u00faltimo trimestre viene en baja, mientras que los avales al gobernador y al intendente se mantienen estables en torno al 60% en el mismo lapso (gr\u00e1fico arriba). En s\u00edntesis, a diferencia de lo que sucede con Milei a nivel pa\u00eds, en C\u00f3rdoba provincia y en la ciudad capital las gestiones de gobierno provincial y municipal sostienen saldos favorables en imagen, con sinton\u00eda en t\u00e9rminos de la calificaci\u00f3n de Llaryora y Passerini como dirigentes. Ambos recogen guarismos positivos por encima del caudal de votos que obtuvieron hace m\u00e1s de un a\u00f1o.<\/p>\t\t\t\t\t\t\t\t<\/div>\n\t\t\t\t\t<\/div>\n\t\t<\/div>\n\t\t\t\t\t<\/div>\n\t\t<\/section>\n\t\t\t\t<section class=\"elementor-section elementor-top-section elementor-element elementor-element-b28ac47 elementor-section-height-min-height elementor-section-boxed elementor-section-height-default elementor-section-items-middle\" data-id=\"b28ac47\" data-element_type=\"section\" data-e-type=\"section\" data-settings=\"{&quot;background_background&quot;:&quot;classic&quot;}\">\n\t\t\t\t\t\t\t<div class=\"elementor-background-overlay\"><\/div>\n\t\t\t\t\t\t\t<div class=\"elementor-container elementor-column-gap-default\">\n\t\t\t\t\t<div class=\"elementor-column elementor-col-100 elementor-top-column elementor-element elementor-element-88fba06\" data-id=\"88fba06\" data-element_type=\"column\" data-e-type=\"column\">\n\t\t\t<div class=\"elementor-widget-wrap elementor-element-populated\">\n\t\t\t\t\t\t<div class=\"elementor-element elementor-element-7e65226 elementor-widget elementor-widget-heading\" data-id=\"7e65226\" data-element_type=\"widget\" data-e-type=\"widget\" data-widget_type=\"heading.default\">\n\t\t\t\t\t<h2 class=\"elementor-heading-title elementor-size-large\">Seguinos en nuestras redes<\/h2>\t\t\t\t<\/div>\n\t\t\t\t<div class=\"elementor-element elementor-element-c37b7ef elementor-shape-circle e-grid-align-tablet-center e-grid-align-mobile-center e-grid-align-left elementor-grid-0 elementor-widget elementor-widget-social-icons\" data-id=\"c37b7ef\" data-element_type=\"widget\" data-e-type=\"widget\" data-widget_type=\"social-icons.default\">\n\t\t\t\t\t\t\t<div class=\"elementor-social-icons-wrapper elementor-grid\" role=\"list\">\n\t\t\t\t\t\t\t<span class=\"elementor-grid-item\" role=\"listitem\">\n\t\t\t\t\t<a class=\"elementor-icon elementor-social-icon elementor-social-icon-facebook-f elementor-repeater-item-lf5yt4c\" href=\"https:\/\/www.facebook.com\/ConsultoraDelfos\" target=\"_blank\">\n\t\t\t\t\t\t<span class=\"elementor-screen-only\">Facebook-f<\/span>\n\t\t\t\t\t\t<i aria-hidden=\"true\" class=\"fab fa-facebook-f\"><\/i>\t\t\t\t\t<\/a>\n\t\t\t\t<\/span>\n\t\t\t\t\t\t\t<span class=\"elementor-grid-item\" role=\"listitem\">\n\t\t\t\t\t<a class=\"elementor-icon elementor-social-icon elementor-social-icon-twitter elementor-repeater-item-01xie82\" href=\"https:\/\/twitter.com\/delfoscba\" target=\"_blank\">\n\t\t\t\t\t\t<span class=\"elementor-screen-only\">Twitter<\/span>\n\t\t\t\t\t\t<i aria-hidden=\"true\" class=\"fab fa-twitter\"><\/i>\t\t\t\t\t<\/a>\n\t\t\t\t<\/span>\n\t\t\t\t\t\t\t<span class=\"elementor-grid-item\" role=\"listitem\">\n\t\t\t\t\t<a class=\"elementor-icon elementor-social-icon elementor-social-icon-linkedin elementor-repeater-item-grhvqhn\" target=\"_blank\">\n\t\t\t\t\t\t<span class=\"elementor-screen-only\">Linkedin<\/span>\n\t\t\t\t\t\t<i aria-hidden=\"true\" class=\"fab fa-linkedin\"><\/i>\t\t\t\t\t<\/a>\n\t\t\t\t<\/span>\n\t\t\t\t\t<\/div>\n\t\t\t\t\t\t<\/div>\n\t\t\t\t\t<\/div>\n\t\t<\/div>\n\t\t\t\t\t<\/div>\n\t\t<\/section>\n\t\t\t\t<\/div>\n\t\t","protected":false},"excerpt":{"rendered":"<p>La performance de la gesti\u00f3n provincial y municipal de la capital provincial, en el marco de un per\u00edodo de transici\u00f3n nacional<\/p>\n","protected":false},"author":2,"featured_media":16604,"comment_status":"open","ping_status":"open","sticky":false,"template":"","format":"standard","meta":{"_acf_changed":false,"footnotes":""},"categories":[3],"tags":[1322,39,1052,1446,40,1303,38,1447,348,128,246,929,230,338,138,583,569,787,57,188,1087,56,788,488],"class_list":["post-16575","post","type-post","status-publish","format-standard","has-post-thumbnail","hentry","category-politica","tag-1322","tag-argentina","tag-cb","tag-comparactiva","tag-consultora","tag-consultores","tag-cordoba","tag-corinto","tag-datos","tag-delfos","tag-encuestas","tag-espanol","tag-estadistica","tag-expectativas","tag-gestion","tag-llaryora","tag-milei","tag-municipal","tag-norman-berra","tag-opinion-publica","tag-passerini","tag-politica","tag-provincial","tag-sudamerica","et-has-post-format-content","et_post_format-et-post-format-standard"],"acf":[],"_links":{"self":[{"href":"https:\/\/delfoscba.com.ar\/dev\/wp-json\/wp\/v2\/posts\/16575","targetHints":{"allow":["GET"]}}],"collection":[{"href":"https:\/\/delfoscba.com.ar\/dev\/wp-json\/wp\/v2\/posts"}],"about":[{"href":"https:\/\/delfoscba.com.ar\/dev\/wp-json\/wp\/v2\/types\/post"}],"author":[{"embeddable":true,"href":"https:\/\/delfoscba.com.ar\/dev\/wp-json\/wp\/v2\/users\/2"}],"replies":[{"embeddable":true,"href":"https:\/\/delfoscba.com.ar\/dev\/wp-json\/wp\/v2\/comments?post=16575"}],"version-history":[{"count":9,"href":"https:\/\/delfoscba.com.ar\/dev\/wp-json\/wp\/v2\/posts\/16575\/revisions"}],"predecessor-version":[{"id":16605,"href":"https:\/\/delfoscba.com.ar\/dev\/wp-json\/wp\/v2\/posts\/16575\/revisions\/16605"}],"wp:featuredmedia":[{"embeddable":true,"href":"https:\/\/delfoscba.com.ar\/dev\/wp-json\/wp\/v2\/media\/16604"}],"wp:attachment":[{"href":"https:\/\/delfoscba.com.ar\/dev\/wp-json\/wp\/v2\/media?parent=16575"}],"wp:term":[{"taxonomy":"category","embeddable":true,"href":"https:\/\/delfoscba.com.ar\/dev\/wp-json\/wp\/v2\/categories?post=16575"},{"taxonomy":"post_tag","embeddable":true,"href":"https:\/\/delfoscba.com.ar\/dev\/wp-json\/wp\/v2\/tags?post=16575"}],"curies":[{"name":"wp","href":"https:\/\/api.w.org\/{rel}","templated":true}]}}