{"id":16746,"date":"2024-12-09T10:53:47","date_gmt":"2024-12-09T10:53:47","guid":{"rendered":"https:\/\/delfoscba.com.ar\/\/dev\/\/?p=16746"},"modified":"2024-12-09T10:57:11","modified_gmt":"2024-12-09T10:57:11","slug":"la-imagen-del-gobierno-nacional-metodologia-y-matices-en-las-encuestas","status":"publish","type":"post","link":"https:\/\/delfoscba.com.ar\/dev\/politica\/la-imagen-del-gobierno-nacional-metodologia-y-matices-en-las-encuestas\/","title":{"rendered":"La imagen del Gobierno nacional: metodolog\u00eda y matices en las encuestas"},"content":{"rendered":"\t\t<div data-elementor-type=\"wp-post\" data-elementor-id=\"16746\" class=\"elementor elementor-16746\" data-elementor-post-type=\"post\">\n\t\t\t\t\t\t<section class=\"elementor-section elementor-top-section elementor-element elementor-element-41498b4 elementor-section-height-min-height elementor-section-boxed elementor-section-height-default elementor-section-items-middle\" data-id=\"41498b4\" data-element_type=\"section\" data-e-type=\"section\" data-settings=\"{&quot;background_background&quot;:&quot;classic&quot;}\">\n\t\t\t\t\t\t\t<div class=\"elementor-background-overlay\"><\/div>\n\t\t\t\t\t\t\t<div class=\"elementor-container elementor-column-gap-no\">\n\t\t\t\t\t<div class=\"elementor-column elementor-col-100 elementor-top-column elementor-element elementor-element-a18ac89\" data-id=\"a18ac89\" data-element_type=\"column\" data-e-type=\"column\">\n\t\t\t<div class=\"elementor-widget-wrap elementor-element-populated\">\n\t\t\t\t\t\t<div class=\"elementor-element elementor-element-e493600 elementor-widget elementor-widget-heading\" data-id=\"e493600\" data-element_type=\"widget\" data-e-type=\"widget\" data-widget_type=\"heading.default\">\n\t\t\t\t\t<h2 class=\"elementor-heading-title elementor-size-large\">POL\u00cdTICA<\/h2>\t\t\t\t<\/div>\n\t\t\t\t\t<\/div>\n\t\t<\/div>\n\t\t\t\t\t<\/div>\n\t\t<\/section>\n\t\t\t\t<section class=\"elementor-section elementor-top-section elementor-element elementor-element-7dafb6e4 elementor-section-boxed elementor-section-height-default elementor-section-height-default\" data-id=\"7dafb6e4\" data-element_type=\"section\" data-e-type=\"section\">\n\t\t\t\t\t\t<div class=\"elementor-container elementor-column-gap-default\">\n\t\t\t\t\t<div class=\"elementor-column elementor-col-100 elementor-top-column elementor-element elementor-element-38ae5a14\" data-id=\"38ae5a14\" data-element_type=\"column\" data-e-type=\"column\">\n\t\t\t<div class=\"elementor-widget-wrap elementor-element-populated\">\n\t\t\t\t\t\t<div class=\"elementor-element elementor-element-f8a3207 elementor-widget elementor-widget-author-box\" data-id=\"f8a3207\" data-element_type=\"widget\" data-e-type=\"widget\" data-widget_type=\"author-box.default\">\n\t\t\t\t\t\t\t<div class=\"elementor-author-box\">\n\t\t\t\t\t\t\t<a href=\"https:\/\/delfoscba.com.ar\/\/dev\/\/nosotros\/\" class=\"elementor-author-box__avatar\">\n\t\t\t\t\t<img decoding=\"async\" src=\"https:\/\/delfoscba.com.ar\/dev\/wp-content\/uploads\/2021\/02\/norman-250x250-1.jpg\" alt=\"Picture of Norman Berra\" loading=\"lazy\">\n\t\t\t\t<\/a>\n\t\t\t\n\t\t\t<div class=\"elementor-author-box__text\">\n\t\t\t\t\t\t\t\t\t<a href=\"https:\/\/delfoscba.com.ar\/\/dev\/\/nosotros\/\">\n\t\t\t\t\t\t<h4 class=\"elementor-author-box__name\">\n\t\t\t\t\t\t\tNorman Berra\t\t\t\t\t\t<\/h4>\n\t\t\t\t\t<\/a>\n\t\t\t\t\n\t\t\t\t\t\t\t\t\t<div class=\"elementor-author-box__bio\">\n\t\t\t\t\t\t<p>L\u00edder de Proyectos<\/p>\n\t\t\t\t\t<\/div>\n\t\t\t\t\n\t\t\t\t\t\t\t<\/div>\n\t\t<\/div>\n\t\t\t\t\t\t<\/div>\n\t\t\t\t<div class=\"elementor-element elementor-element-7aefe4b4 elementor-widget elementor-widget-text-editor\" data-id=\"7aefe4b4\" data-element_type=\"widget\" data-e-type=\"widget\" data-widget_type=\"text-editor.default\">\n\t\t\t\t\t\t\t\t\t<p>En la pel\u00edcula <strong><em>Oppenheimer<\/em><\/strong>, el protagonista repasa algunas de las cuestiones clave de la f\u00edsica, como la dualidad onda-part\u00edcula: seg\u00fan la mec\u00e1nica cu\u00e1ntica, las part\u00edculas pueden comportarse a veces como ondas, mientras que las ondas tambi\u00e9n pueden comportarse como part\u00edculas. Combinada con el principio de incertidumbre de Heisenberg (la incertidumbre en la posici\u00f3n de una part\u00edcula, multiplicada por la incertidumbre en su velocidad y en la masa de la part\u00edcula nunca puede ser m\u00e1s peque\u00f1a que la constante de Planck) esa dualidad implica que las part\u00edculas ya no poseen posiciones y velocidades definidas por separado, sino un estado cu\u00e1ntico (combinaci\u00f3n de posici\u00f3n y velocidad). La mec\u00e1nica cu\u00e1ntica no predice un \u00fanico resultado de cada observaci\u00f3n, sino cierto n\u00famero de resultados posibles con diferentes grados de probabilidad; as\u00ed, introduce la aleatoriedad en la f\u00edsica y ense\u00f1a a convivir con una paradoja que funciona: para algunos fines es \u00fatil pensar en las part\u00edculas como ondas, mientras que para otros es mejor pensar en las ondas como part\u00edculas.\u00a0<\/p><p><a href=\"https:\/\/delfoscba.com.ar\/\/dev\/\/wp-content\/uploads\/2024\/12\/1-3.jpg\"><img fetchpriority=\"high\" decoding=\"async\" class=\"aligncenter wp-image-16753 size-full\" src=\"https:\/\/delfoscba.com.ar\/\/dev\/\/wp-content\/uploads\/2024\/12\/1-3.jpg\" alt=\"\" width=\"496\" height=\"716\" srcset=\"https:\/\/delfoscba.com.ar\/dev\/wp-content\/uploads\/2024\/12\/1-3.jpg 496w, https:\/\/delfoscba.com.ar\/dev\/wp-content\/uploads\/2024\/12\/1-3-208x300.jpg 208w\" sizes=\"(max-width: 496px) 100vw, 496px\" \/><\/a><\/p><p>\u00bfQu\u00e9 tiene que ver esto con la opini\u00f3n p\u00fablica? Mucho: en una <a href=\"https:\/\/delfoscba.com.ar\/\/dev\/\/politica\/como-esta-el-oficialismo-a-un-ano-del-ballotage-segun-las-encuestas\/\">nota reciente en este espacio<\/a> analizamos diversas encuestas y vimos que, comparativamente, la variable aprobaci\u00f3n manifestaba mayores vaivenes, mientras que la imagen se comportaba de manera m\u00e1s estable. Sin embargo, corresponde introducir un matiz aqu\u00ed, ya que hay distintas formas de medir imagen. Por ejemplo, Consultora Delfos utiliza tres niveles de calificaci\u00f3n, positiva, regular y negativa: con esas categor\u00edas de respuesta (y el ns\/nc como \u201cextra\u201d), la gesti\u00f3n de Milei tuvo en noviembre 49% de imagen positiva vs 44% de negativa (empate t\u00e9cnico, dado el error muestral de +\/-2,1%) y 6% de regular. En esta forma de medir, el regular no funciona como respuesta neutra sino como un primer nivel de malestar, de menor intensidad que el negativo.<\/p><p><a href=\"https:\/\/delfoscba.com.ar\/\/dev\/\/wp-content\/uploads\/2024\/12\/2-3.jpg\"><img decoding=\"async\" class=\"aligncenter wp-image-16752 size-full\" src=\"https:\/\/delfoscba.com.ar\/\/dev\/\/wp-content\/uploads\/2024\/12\/2-3.jpg\" alt=\"\" width=\"928\" height=\"735\" srcset=\"https:\/\/delfoscba.com.ar\/dev\/wp-content\/uploads\/2024\/12\/2-3.jpg 928w, https:\/\/delfoscba.com.ar\/dev\/wp-content\/uploads\/2024\/12\/2-3-300x238.jpg 300w, https:\/\/delfoscba.com.ar\/dev\/wp-content\/uploads\/2024\/12\/2-3-768x608.jpg 768w\" sizes=\"(max-width: 928px) 100vw, 928px\" \/><\/a><\/p><p>En cambio, las consultoras Grupo de Opini\u00f3n P\u00fablica (GOP) y Trespuntozero miden de manera\u00a0 binaria: positiva vs negativa, sin regular. As\u00ed, en noviembre reportaron 48,6% vs 48,5%, respectivamente (gr\u00e1fico arriba). El resultado coincide con Delfos en t\u00e9rminos de empate t\u00e9cnico, pero arroja mayor polarizaci\u00f3n.<\/p><p><a href=\"https:\/\/delfoscba.com.ar\/\/dev\/\/wp-content\/uploads\/2024\/12\/3-3.jpg\"><img decoding=\"async\" class=\"aligncenter wp-image-16751 size-large\" src=\"https:\/\/delfoscba.com.ar\/\/dev\/\/wp-content\/uploads\/2024\/12\/3-3-1024x575.jpg\" alt=\"\" width=\"1024\" height=\"575\" srcset=\"https:\/\/delfoscba.com.ar\/dev\/wp-content\/uploads\/2024\/12\/3-3-1024x575.jpg 1024w, https:\/\/delfoscba.com.ar\/dev\/wp-content\/uploads\/2024\/12\/3-3-300x169.jpg 300w, https:\/\/delfoscba.com.ar\/dev\/wp-content\/uploads\/2024\/12\/3-3-768x431.jpg 768w, https:\/\/delfoscba.com.ar\/dev\/wp-content\/uploads\/2024\/12\/3-3-1080x607.jpg 1080w, https:\/\/delfoscba.com.ar\/dev\/wp-content\/uploads\/2024\/12\/3-3.jpg 1100w\" sizes=\"(max-width: 1024px) 100vw, 1024px\" \/><\/a><\/p><p>A su turno, la medici\u00f3n binaria de Pulso Research de noviembre report\u00f3 casi 49% de positiva vs 42,2% de negativa (gr\u00e1fico arriba). Aunque mide de la misma manera que GOP-TPZ, el resultado de Pulso se parece m\u00e1s al de Delfos. Dado el error muestral de +\/-3,5%, sigue trat\u00e1ndose de un empate t\u00e9cnico. As\u00ed, aunque Pulso Research y GOP-TPZ comparten la aproximaci\u00f3n metodol\u00f3gica en el sentido de medir la variable de manera dicot\u00f3mica, sus resultados difieren.<\/p><p><a href=\"https:\/\/delfoscba.com.ar\/\/dev\/\/wp-content\/uploads\/2024\/12\/4-3.jpg\"><img loading=\"lazy\" decoding=\"async\" class=\"aligncenter wp-image-16750 size-large\" src=\"https:\/\/delfoscba.com.ar\/\/dev\/\/wp-content\/uploads\/2024\/12\/4-3-1024x766.jpg\" alt=\"\" width=\"1024\" height=\"766\" srcset=\"https:\/\/delfoscba.com.ar\/dev\/wp-content\/uploads\/2024\/12\/4-3-1024x766.jpg 1024w, https:\/\/delfoscba.com.ar\/dev\/wp-content\/uploads\/2024\/12\/4-3-300x224.jpg 300w, https:\/\/delfoscba.com.ar\/dev\/wp-content\/uploads\/2024\/12\/4-3-768x574.jpg 768w, https:\/\/delfoscba.com.ar\/dev\/wp-content\/uploads\/2024\/12\/4-3-1080x807.jpg 1080w, https:\/\/delfoscba.com.ar\/dev\/wp-content\/uploads\/2024\/12\/4-3.jpg 1284w\" sizes=\"(max-width: 1024px) 100vw, 1024px\" \/><\/a><\/p><p>Por su parte, Tendencias Consultora introduce una variante: adem\u00e1s de positiva y negativa agrega el regular, pero con otro tratamiento seg\u00fan su cercan\u00eda relativa al polo positivo o al negativo. Se trata de una elecci\u00f3n metodol\u00f3gica no exenta de pol\u00e9mica, dado que podr\u00eda discutirse si transformar una opini\u00f3n regular en regular positiva o regular negativa no es forzado. En cualquier caso, con esa decisi\u00f3n metodol\u00f3gica, \u00a0en noviembre (gr\u00e1fico arriba) report\u00f3 para la gesti\u00f3n de Milei 45% de imagen positiva vs 42% de negativa y 13% de regular; agrupado, eso \u00a0se transforma en 53% de positiva vs 47% de negativa, lo que arroja un saldo favorable de 6 puntos porcentuales, estad\u00edsticamente significativo dado el error muestral de +\/-0,96%.<\/p><p><a href=\"https:\/\/delfoscba.com.ar\/\/dev\/\/wp-content\/uploads\/2024\/12\/5-3.jpg\"><img loading=\"lazy\" decoding=\"async\" class=\"aligncenter wp-image-16749 size-large\" src=\"https:\/\/delfoscba.com.ar\/\/dev\/\/wp-content\/uploads\/2024\/12\/5-3-1024x575.jpg\" alt=\"\" width=\"1024\" height=\"575\" srcset=\"https:\/\/delfoscba.com.ar\/dev\/wp-content\/uploads\/2024\/12\/5-3-1024x575.jpg 1024w, https:\/\/delfoscba.com.ar\/dev\/wp-content\/uploads\/2024\/12\/5-3-300x169.jpg 300w, https:\/\/delfoscba.com.ar\/dev\/wp-content\/uploads\/2024\/12\/5-3-768x431.jpg 768w, https:\/\/delfoscba.com.ar\/dev\/wp-content\/uploads\/2024\/12\/5-3-1080x607.jpg 1080w, https:\/\/delfoscba.com.ar\/dev\/wp-content\/uploads\/2024\/12\/5-3.jpg 1100w\" sizes=\"(max-width: 1024px) 100vw, 1024px\" \/><\/a><\/p><p>Con la misma forma de medir que Tendencias, Aresco report\u00f3 en noviembre 46% de imagen positiva, 23% de regular y 31% de negativa, un resultado muy diferente. Luego, en la misma l\u00ednea que Tendencias, acumula positiva + regular positiva y negativa + regular negativa, con lo que obtiene 57% vs 43%, respectivamente, un saldo favorable de 14 puntos porcentuales, m\u00e1s amplio y estad\u00edsticamente significativo (gr\u00e1ficos arriba y abajo).<\/p><p><a href=\"https:\/\/delfoscba.com.ar\/\/dev\/\/wp-content\/uploads\/2024\/12\/6-3.jpg\"><img loading=\"lazy\" decoding=\"async\" class=\"aligncenter wp-image-16748 size-large\" src=\"https:\/\/delfoscba.com.ar\/\/dev\/\/wp-content\/uploads\/2024\/12\/6-3-1024x575.jpg\" alt=\"\" width=\"1024\" height=\"575\" srcset=\"https:\/\/delfoscba.com.ar\/dev\/wp-content\/uploads\/2024\/12\/6-3-1024x575.jpg 1024w, https:\/\/delfoscba.com.ar\/dev\/wp-content\/uploads\/2024\/12\/6-3-300x169.jpg 300w, https:\/\/delfoscba.com.ar\/dev\/wp-content\/uploads\/2024\/12\/6-3-768x431.jpg 768w, https:\/\/delfoscba.com.ar\/dev\/wp-content\/uploads\/2024\/12\/6-3-1080x607.jpg 1080w, https:\/\/delfoscba.com.ar\/dev\/wp-content\/uploads\/2024\/12\/6-3.jpg 1100w\" sizes=\"(max-width: 1024px) 100vw, 1024px\" \/><\/a><\/p><p>Estas cinco encuestas nacionales se realizaron durante noviembre, pero en distintos momentos del mes: eso, por s\u00ed s\u00f3lo, ya puede implicar cambios en los estados de opini\u00f3n p\u00fablica que cada una capt\u00f3, dado que cada medici\u00f3n es un recorte o foto de un momento. Por su parte, hay distintas formas de medir: las consultoras que miden positivo-regular y negativo parten de la base de que la opini\u00f3n p\u00fablica es un proceso que fluye, y que por lo tanto hay opiniones que pasan por el regular antes de irse al polo negativo y otras que pasan por el mismo punto antes de irse al polo positivo. En tanto, las consultoras que optan por medir de manera binaria (positivo vs negativo, sin regular) hacen foco en el estado de la opini\u00f3n p\u00fablica y fuerzan a que la respuesta se elija entre s\u00ed y no, como en el sufragio (\u201clo voto, o no lo voto\u201d). Mientras que una forma de medir hace foco en el proceso, la otra se concentra en el estado. \u00bfQu\u00e9 es mejor? La mec\u00e1nica cu\u00e1ntica nos da la respuesta: <em>\u201clas part\u00edculas pueden comportarse a veces como ondas, y las ondas tambi\u00e9n pueden comportarse como part\u00edculas\u201d<\/em>. <em>Mutatis mutandis<\/em>: la opini\u00f3n p\u00fablica es a la vez proceso y estado; es proceso, porque su naturaleza es vol\u00e1til, fluida, cambiante; sin embargo, tambi\u00e9n es un estado, porque siempre que medimos, medimos un estado de opini\u00f3n p\u00fablica, una foto. Del mismo modo que la mec\u00e1nica cu\u00e1ntica no predice un \u00fanico resultado de cada observaci\u00f3n, sino cierto n\u00famero de resultados posibles con diferentes grados de probabilidad, en opini\u00f3n p\u00fablica hay que habituarse a convivir con la aleatoriedad, la incertidumbre y plantear escenarios, en lugar de un resultado.\u00a0<\/p><p>\u00a0<\/p>\t\t\t\t\t\t\t\t<\/div>\n\t\t\t\t\t<\/div>\n\t\t<\/div>\n\t\t\t\t\t<\/div>\n\t\t<\/section>\n\t\t\t\t<section class=\"elementor-section elementor-top-section elementor-element elementor-element-b28ac47 elementor-section-height-min-height elementor-section-boxed elementor-section-height-default elementor-section-items-middle\" data-id=\"b28ac47\" data-element_type=\"section\" data-e-type=\"section\" data-settings=\"{&quot;background_background&quot;:&quot;classic&quot;}\">\n\t\t\t\t\t\t\t<div class=\"elementor-background-overlay\"><\/div>\n\t\t\t\t\t\t\t<div class=\"elementor-container elementor-column-gap-default\">\n\t\t\t\t\t<div class=\"elementor-column elementor-col-100 elementor-top-column elementor-element elementor-element-88fba06\" data-id=\"88fba06\" data-element_type=\"column\" data-e-type=\"column\">\n\t\t\t<div class=\"elementor-widget-wrap elementor-element-populated\">\n\t\t\t\t\t\t<div class=\"elementor-element elementor-element-7e65226 elementor-widget elementor-widget-heading\" data-id=\"7e65226\" data-element_type=\"widget\" data-e-type=\"widget\" data-widget_type=\"heading.default\">\n\t\t\t\t\t<h2 class=\"elementor-heading-title elementor-size-large\">Seguinos en nuestras redes<\/h2>\t\t\t\t<\/div>\n\t\t\t\t<div class=\"elementor-element elementor-element-c37b7ef elementor-shape-circle e-grid-align-tablet-center e-grid-align-mobile-center e-grid-align-left elementor-grid-0 elementor-widget elementor-widget-social-icons\" data-id=\"c37b7ef\" data-element_type=\"widget\" data-e-type=\"widget\" data-widget_type=\"social-icons.default\">\n\t\t\t\t\t\t\t<div class=\"elementor-social-icons-wrapper elementor-grid\" role=\"list\">\n\t\t\t\t\t\t\t<span class=\"elementor-grid-item\" role=\"listitem\">\n\t\t\t\t\t<a class=\"elementor-icon elementor-social-icon elementor-social-icon-facebook-f elementor-repeater-item-lf5yt4c\" href=\"https:\/\/www.facebook.com\/ConsultoraDelfos\" target=\"_blank\">\n\t\t\t\t\t\t<span class=\"elementor-screen-only\">Facebook-f<\/span>\n\t\t\t\t\t\t<i aria-hidden=\"true\" class=\"fab fa-facebook-f\"><\/i>\t\t\t\t\t<\/a>\n\t\t\t\t<\/span>\n\t\t\t\t\t\t\t<span class=\"elementor-grid-item\" role=\"listitem\">\n\t\t\t\t\t<a class=\"elementor-icon elementor-social-icon elementor-social-icon-twitter elementor-repeater-item-01xie82\" href=\"https:\/\/twitter.com\/delfoscba\" target=\"_blank\">\n\t\t\t\t\t\t<span class=\"elementor-screen-only\">Twitter<\/span>\n\t\t\t\t\t\t<i aria-hidden=\"true\" class=\"fab fa-twitter\"><\/i>\t\t\t\t\t<\/a>\n\t\t\t\t<\/span>\n\t\t\t\t\t\t\t<span class=\"elementor-grid-item\" role=\"listitem\">\n\t\t\t\t\t<a class=\"elementor-icon elementor-social-icon elementor-social-icon-linkedin elementor-repeater-item-grhvqhn\" target=\"_blank\">\n\t\t\t\t\t\t<span class=\"elementor-screen-only\">Linkedin<\/span>\n\t\t\t\t\t\t<i aria-hidden=\"true\" class=\"fab fa-linkedin\"><\/i>\t\t\t\t\t<\/a>\n\t\t\t\t<\/span>\n\t\t\t\t\t<\/div>\n\t\t\t\t\t\t<\/div>\n\t\t\t\t\t<\/div>\n\t\t<\/div>\n\t\t\t\t\t<\/div>\n\t\t<\/section>\n\t\t\t\t<\/div>\n\t\t","protected":false},"excerpt":{"rendered":"<p>Una reflexi\u00f3n sobre el modo en el que se leen las encuestas y, particularmente en este caso, la imagen de gesti\u00f3n<\/p>\n","protected":false},"author":2,"featured_media":16747,"comment_status":"open","ping_status":"open","sticky":false,"template":"","format":"standard","meta":{"_acf_changed":false,"footnotes":""},"categories":[3],"tags":[1322,1461,1040,39,40,38,348,128,246,929,230,138,1459,1433,977,978,569,547,57,1173,188,46,56,1418,488,1460,1196],"class_list":["post-16746","post","type-post","status-publish","format-standard","has-post-thumbnail","hentry","category-politica","tag-1322","tag-aleatoriedad","tag-aresco","tag-argentina","tag-consultora","tag-cordoba","tag-datos","tag-delfos","tag-encuestas","tag-espanol","tag-estadistica","tag-gestion","tag-grupo-de-opinion-publica-gop","tag-incertidumbre","tag-la-libertad-avanza","tag-lla","tag-milei","tag-nacional","tag-norman-berra","tag-noviembre","tag-opinion-publica","tag-pobreza","tag-politica","tag-pulso-research","tag-sudamerica","tag-tendencias-consultora","tag-tres-punto-zero","et-has-post-format-content","et_post_format-et-post-format-standard"],"acf":[],"_links":{"self":[{"href":"https:\/\/delfoscba.com.ar\/dev\/wp-json\/wp\/v2\/posts\/16746","targetHints":{"allow":["GET"]}}],"collection":[{"href":"https:\/\/delfoscba.com.ar\/dev\/wp-json\/wp\/v2\/posts"}],"about":[{"href":"https:\/\/delfoscba.com.ar\/dev\/wp-json\/wp\/v2\/types\/post"}],"author":[{"embeddable":true,"href":"https:\/\/delfoscba.com.ar\/dev\/wp-json\/wp\/v2\/users\/2"}],"replies":[{"embeddable":true,"href":"https:\/\/delfoscba.com.ar\/dev\/wp-json\/wp\/v2\/comments?post=16746"}],"version-history":[{"count":4,"href":"https:\/\/delfoscba.com.ar\/dev\/wp-json\/wp\/v2\/posts\/16746\/revisions"}],"predecessor-version":[{"id":16757,"href":"https:\/\/delfoscba.com.ar\/dev\/wp-json\/wp\/v2\/posts\/16746\/revisions\/16757"}],"wp:featuredmedia":[{"embeddable":true,"href":"https:\/\/delfoscba.com.ar\/dev\/wp-json\/wp\/v2\/media\/16747"}],"wp:attachment":[{"href":"https:\/\/delfoscba.com.ar\/dev\/wp-json\/wp\/v2\/media?parent=16746"}],"wp:term":[{"taxonomy":"category","embeddable":true,"href":"https:\/\/delfoscba.com.ar\/dev\/wp-json\/wp\/v2\/categories?post=16746"},{"taxonomy":"post_tag","embeddable":true,"href":"https:\/\/delfoscba.com.ar\/dev\/wp-json\/wp\/v2\/tags?post=16746"}],"curies":[{"name":"wp","href":"https:\/\/api.w.org\/{rel}","templated":true}]}}