{"id":17048,"date":"2025-05-30T20:42:40","date_gmt":"2025-05-30T20:42:40","guid":{"rendered":"https:\/\/delfoscba.com.ar\/\/dev\/\/?p=17048"},"modified":"2025-05-30T20:46:43","modified_gmt":"2025-05-30T20:46:43","slug":"como-llega-el-presidente-javier-milei-a-junio-segun-las-ultimas-encuestas","status":"publish","type":"post","link":"https:\/\/delfoscba.com.ar\/dev\/politica\/como-llega-el-presidente-javier-milei-a-junio-segun-las-ultimas-encuestas\/","title":{"rendered":"C\u00f3mo llega el presidente Javier Milei a junio, seg\u00fan las \u00faltimas encuestas"},"content":{"rendered":"\t\t<div data-elementor-type=\"wp-post\" data-elementor-id=\"17048\" class=\"elementor elementor-17048\" data-elementor-post-type=\"post\">\n\t\t\t\t\t\t<section class=\"elementor-section elementor-top-section elementor-element elementor-element-41498b4 elementor-section-height-min-height elementor-section-boxed elementor-section-height-default elementor-section-items-middle\" data-id=\"41498b4\" data-element_type=\"section\" data-e-type=\"section\" data-settings=\"{&quot;background_background&quot;:&quot;classic&quot;}\">\n\t\t\t\t\t\t\t<div class=\"elementor-background-overlay\"><\/div>\n\t\t\t\t\t\t\t<div class=\"elementor-container elementor-column-gap-no\">\n\t\t\t\t\t<div class=\"elementor-column elementor-col-100 elementor-top-column elementor-element elementor-element-a18ac89\" data-id=\"a18ac89\" data-element_type=\"column\" data-e-type=\"column\">\n\t\t\t<div class=\"elementor-widget-wrap elementor-element-populated\">\n\t\t\t\t\t\t<div class=\"elementor-element elementor-element-e493600 elementor-widget elementor-widget-heading\" data-id=\"e493600\" data-element_type=\"widget\" data-e-type=\"widget\" data-widget_type=\"heading.default\">\n\t\t\t\t\t<h2 class=\"elementor-heading-title elementor-size-large\">POL\u00cdTICA<\/h2>\t\t\t\t<\/div>\n\t\t\t\t\t<\/div>\n\t\t<\/div>\n\t\t\t\t\t<\/div>\n\t\t<\/section>\n\t\t\t\t<section class=\"elementor-section elementor-top-section elementor-element elementor-element-7dafb6e4 elementor-section-boxed elementor-section-height-default elementor-section-height-default\" data-id=\"7dafb6e4\" data-element_type=\"section\" data-e-type=\"section\">\n\t\t\t\t\t\t<div class=\"elementor-container elementor-column-gap-default\">\n\t\t\t\t\t<div class=\"elementor-column elementor-col-100 elementor-top-column elementor-element elementor-element-38ae5a14\" data-id=\"38ae5a14\" data-element_type=\"column\" data-e-type=\"column\">\n\t\t\t<div class=\"elementor-widget-wrap elementor-element-populated\">\n\t\t\t\t\t\t<div class=\"elementor-element elementor-element-f8a3207 elementor-widget elementor-widget-author-box\" data-id=\"f8a3207\" data-element_type=\"widget\" data-e-type=\"widget\" data-widget_type=\"author-box.default\">\n\t\t\t\t\t\t\t<div class=\"elementor-author-box\">\n\t\t\t\t\t\t\t<a href=\"https:\/\/delfoscba.com.ar\/\/dev\/\/nosotros\/\" class=\"elementor-author-box__avatar\">\n\t\t\t\t\t<img decoding=\"async\" src=\"https:\/\/delfoscba.com.ar\/dev\/wp-content\/uploads\/2021\/02\/norman-250x250-1.jpg\" alt=\"Picture of Norman Berra\" loading=\"lazy\">\n\t\t\t\t<\/a>\n\t\t\t\n\t\t\t<div class=\"elementor-author-box__text\">\n\t\t\t\t\t\t\t\t\t<a href=\"https:\/\/delfoscba.com.ar\/\/dev\/\/nosotros\/\">\n\t\t\t\t\t\t<h4 class=\"elementor-author-box__name\">\n\t\t\t\t\t\t\tNorman Berra\t\t\t\t\t\t<\/h4>\n\t\t\t\t\t<\/a>\n\t\t\t\t\n\t\t\t\t\t\t\t\t\t<div class=\"elementor-author-box__bio\">\n\t\t\t\t\t\t<p>L\u00edder de Proyectos<\/p>\n\t\t\t\t\t<\/div>\n\t\t\t\t\n\t\t\t\t\t\t\t<\/div>\n\t\t<\/div>\n\t\t\t\t\t\t<\/div>\n\t\t\t\t<div class=\"elementor-element elementor-element-7aefe4b4 elementor-widget elementor-widget-text-editor\" data-id=\"7aefe4b4\" data-element_type=\"widget\" data-e-type=\"widget\" data-widget_type=\"text-editor.default\">\n\t\t\t\t\t\t\t\t\t<p><a href=\"https:\/\/delfoscba.com.ar\/\/dev\/\/wp-content\/uploads\/2025\/05\/1-nota-norman.png\"><img fetchpriority=\"high\" decoding=\"async\" class=\"aligncenter wp-image-17056 size-full\" src=\"https:\/\/delfoscba.com.ar\/\/dev\/\/wp-content\/uploads\/2025\/05\/1-nota-norman.png\" alt=\"\" width=\"568\" height=\"821\" srcset=\"https:\/\/delfoscba.com.ar\/dev\/wp-content\/uploads\/2025\/05\/1-nota-norman.png 568w, https:\/\/delfoscba.com.ar\/dev\/wp-content\/uploads\/2025\/05\/1-nota-norman-208x300.png 208w\" sizes=\"(max-width: 568px) 100vw, 568px\" \/><\/a><\/p><p>\u00bfC\u00f3mo llega Javier Milei a junio? Seg\u00fan la \u00faltima encuesta nacional realizada por Delfos, luego de un per\u00edodo de desgaste la gesti\u00f3n nacional se resete\u00f3: la aprobaci\u00f3n lleg\u00f3 a 47% vs una desaprobaci\u00f3n de 51% (gr\u00e1fico arriba), de lo que resulta un saldo desfavorable de -4 puntos porcentuales (pp). Con apenas matices, la \u00faltima medici\u00f3n realizada por Atlas Intel &amp; Bloomberg arroj\u00f3 45,3% de aprobaci\u00f3n vs casi 46% de desaprobaci\u00f3n, un empate t\u00e9cnico (gr\u00e1fico abajo).<\/p><p><a href=\"https:\/\/delfoscba.com.ar\/\/dev\/\/wp-content\/uploads\/2025\/05\/2-6.jpg\"><img decoding=\"async\" class=\"aligncenter wp-image-17051 size-full\" src=\"https:\/\/delfoscba.com.ar\/\/dev\/\/wp-content\/uploads\/2025\/05\/2-6.jpg\" alt=\"\" width=\"798\" height=\"492\" srcset=\"https:\/\/delfoscba.com.ar\/dev\/wp-content\/uploads\/2025\/05\/2-6.jpg 798w, https:\/\/delfoscba.com.ar\/dev\/wp-content\/uploads\/2025\/05\/2-6-300x185.jpg 300w, https:\/\/delfoscba.com.ar\/dev\/wp-content\/uploads\/2025\/05\/2-6-768x474.jpg 768w\" sizes=\"(max-width: 798px) 100vw, 798px\" \/><\/a><\/p><p>Mientras que la variable imagen presenta mayores niveles de volatilidad en funci\u00f3n de los vaivenes de la coyuntura, la aprobaci\u00f3n viene comport\u00e1ndose como un indicador de mayor estabilidad relativa en la serie longitudinal: el dato de Delfos es cercano al promedio de las \u00faltimas 10 mediciones nacionales, que arroja 43% de aprobaci\u00f3n vs 50% de desaprobaci\u00f3n (saldo de -7 pp). Esto implica un aval que se ubica unos 12,6 pp por debajo del 55,6% de los votos que obtuvo Milei en el ballotage de noviembre de 2023.<\/p><p><a href=\"https:\/\/delfoscba.com.ar\/\/dev\/\/wp-content\/uploads\/2025\/05\/3-6.jpg\"><img decoding=\"async\" class=\"aligncenter wp-image-17052 size-large\" src=\"https:\/\/delfoscba.com.ar\/\/dev\/\/wp-content\/uploads\/2025\/05\/3-6-1024x575.jpg\" alt=\"\" width=\"1024\" height=\"575\" srcset=\"https:\/\/delfoscba.com.ar\/dev\/wp-content\/uploads\/2025\/05\/3-6-1024x575.jpg 1024w, https:\/\/delfoscba.com.ar\/dev\/wp-content\/uploads\/2025\/05\/3-6-300x168.jpg 300w, https:\/\/delfoscba.com.ar\/dev\/wp-content\/uploads\/2025\/05\/3-6-768x431.jpg 768w, https:\/\/delfoscba.com.ar\/dev\/wp-content\/uploads\/2025\/05\/3-6-1080x606.jpg 1080w, https:\/\/delfoscba.com.ar\/dev\/wp-content\/uploads\/2025\/05\/3-6.jpg 1324w\" sizes=\"(max-width: 1024px) 100vw, 1024px\" \/><\/a><\/p><p>Asimismo, la variable aprobaci\u00f3n est\u00e1 relativamente alineada con la imagen presidencial, que arroja un promedio de 45% positiva vs 52% de negativa en el promedio de las \u00faltimas 10 encuestas nacionales; nuevamente, el saldo es de -7 pp. La mejor aproximaci\u00f3n a la media la aport\u00f3 la encuesta realizada por D\u00b4Alessio\/IROL a fines de abril (gr\u00e1fico arriba), que report\u00f3 44% de positiva vs 52% de negativa (saldo de -8 pp).<\/p><p><a href=\"https:\/\/delfoscba.com.ar\/\/dev\/\/wp-content\/uploads\/2025\/05\/4-6.jpg\"><img loading=\"lazy\" decoding=\"async\" class=\"aligncenter wp-image-17053 size-full\" src=\"https:\/\/delfoscba.com.ar\/\/dev\/\/wp-content\/uploads\/2025\/05\/4-6.jpg\" alt=\"\" width=\"680\" height=\"960\" srcset=\"https:\/\/delfoscba.com.ar\/dev\/wp-content\/uploads\/2025\/05\/4-6.jpg 680w, https:\/\/delfoscba.com.ar\/dev\/wp-content\/uploads\/2025\/05\/4-6-213x300.jpg 213w\" sizes=\"(max-width: 680px) 100vw, 680px\" \/><\/a><\/p><p>Haciendo zoom en la provincia de C\u00f3rdoba, donde Milei obtuvo en el ballotage de noviembre de 2023 74% de los votos vs 26% de Sergio Massa, la \u00faltima medici\u00f3n de la consultora Pulso Social cerrada hacia fines de mayo report\u00f3 una valoraci\u00f3n positiva de 61% vs una negativa de 36% (gr\u00e1fico abajo), lo que deja un saldo a favor de 25 pp. El promedio de las \u00faltimas 10 mediciones provinciales arroja 58% vs 39%, lo cual se ubica apenas por debajo del dato de Pulso Social, pero en el mismo orden de magnitud si se considera el error muestral medio. En este caso, el saldo favorable se achica a 19 pp; sigue siendo amplio, pero con un desgaste tambi\u00e9n n\u00edtido en el sentido de que los detractores del oficialismo superan en 10 pp al caudal de Uni\u00f3n por la Patria en la segunda vuelta de 2023 (UxP).<\/p><p><a href=\"https:\/\/delfoscba.com.ar\/\/dev\/\/wp-content\/uploads\/2025\/05\/5-6.jpg\"><img loading=\"lazy\" decoding=\"async\" class=\"aligncenter wp-image-17054 size-full\" src=\"https:\/\/delfoscba.com.ar\/\/dev\/\/wp-content\/uploads\/2025\/05\/5-6.jpg\" alt=\"\" width=\"680\" height=\"960\" srcset=\"https:\/\/delfoscba.com.ar\/dev\/wp-content\/uploads\/2025\/05\/5-6.jpg 680w, https:\/\/delfoscba.com.ar\/dev\/wp-content\/uploads\/2025\/05\/5-6-213x300.jpg 213w\" sizes=\"(max-width: 680px) 100vw, 680px\" \/><\/a><\/p><p>Seg\u00fan el mismo informe provincial, la imagen positiva de Milei como dirigente es de 57% vs una negativa de 41% (gr\u00e1fico arriba), lo que deja un saldo favorable de 16 pp. El promedio de las \u00faltimas 10 mediciones en C\u00f3rdoba arroja 57% vs 39% y se ubica en el mismo orden de magnitud del dato de Pulso Social. El saldo favorable es de 18 pp, n\u00edtido y similar al que arroja la variable gesti\u00f3n, sin matices estad\u00edsticamente significativos entre ambas variables. En s\u00edntesis: 1) llegando a la mitad de a\u00f1o, tanto la variable aprobaci\u00f3n de la gesti\u00f3n presidencial como la imagen de Milei a nivel pa\u00eds muestran avales por debajo del 50% y saldos negativos, si bien menores a los 10 pp 2) claramente, el oficialismo polariza opiniones, y la pendiente est\u00e1 inclinada en sentido desfavorable, pero el acompa\u00f1amiento tambi\u00e9n es s\u00f3lido 3) en cambio, en el caso de C\u00f3rdoba tanto la imagen de gesti\u00f3n como la valoraci\u00f3n de la figura de Milei siguen elevadas y rondan entre 55% y 60%, si bien por debajo del caudal relativo de votos que obtuvo en la segunda vuelta de 2023.<\/p>\t\t\t\t\t\t\t\t<\/div>\n\t\t\t\t\t<\/div>\n\t\t<\/div>\n\t\t\t\t\t<\/div>\n\t\t<\/section>\n\t\t\t\t<section class=\"elementor-section elementor-top-section elementor-element elementor-element-b28ac47 elementor-section-height-min-height elementor-section-boxed elementor-section-height-default elementor-section-items-middle\" data-id=\"b28ac47\" data-element_type=\"section\" data-e-type=\"section\" data-settings=\"{&quot;background_background&quot;:&quot;classic&quot;}\">\n\t\t\t\t\t\t\t<div class=\"elementor-background-overlay\"><\/div>\n\t\t\t\t\t\t\t<div class=\"elementor-container elementor-column-gap-default\">\n\t\t\t\t\t<div class=\"elementor-column elementor-col-100 elementor-top-column elementor-element elementor-element-88fba06\" data-id=\"88fba06\" data-element_type=\"column\" data-e-type=\"column\">\n\t\t\t<div class=\"elementor-widget-wrap elementor-element-populated\">\n\t\t\t\t\t\t<div class=\"elementor-element elementor-element-7e65226 elementor-widget elementor-widget-heading\" data-id=\"7e65226\" data-element_type=\"widget\" data-e-type=\"widget\" data-widget_type=\"heading.default\">\n\t\t\t\t\t<h2 class=\"elementor-heading-title elementor-size-large\">Seguinos en nuestras redes<\/h2>\t\t\t\t<\/div>\n\t\t\t\t<div class=\"elementor-element elementor-element-c37b7ef elementor-shape-circle e-grid-align-tablet-center e-grid-align-mobile-center e-grid-align-left elementor-grid-0 elementor-widget elementor-widget-social-icons\" data-id=\"c37b7ef\" data-element_type=\"widget\" data-e-type=\"widget\" data-widget_type=\"social-icons.default\">\n\t\t\t\t\t\t\t<div class=\"elementor-social-icons-wrapper elementor-grid\" role=\"list\">\n\t\t\t\t\t\t\t<span class=\"elementor-grid-item\" role=\"listitem\">\n\t\t\t\t\t<a class=\"elementor-icon elementor-social-icon elementor-social-icon-facebook-f elementor-repeater-item-lf5yt4c\" href=\"https:\/\/www.facebook.com\/ConsultoraDelfos\" target=\"_blank\">\n\t\t\t\t\t\t<span class=\"elementor-screen-only\">Facebook-f<\/span>\n\t\t\t\t\t\t<i aria-hidden=\"true\" class=\"fab fa-facebook-f\"><\/i>\t\t\t\t\t<\/a>\n\t\t\t\t<\/span>\n\t\t\t\t\t\t\t<span class=\"elementor-grid-item\" role=\"listitem\">\n\t\t\t\t\t<a class=\"elementor-icon elementor-social-icon elementor-social-icon-twitter elementor-repeater-item-01xie82\" href=\"https:\/\/twitter.com\/delfoscba\" target=\"_blank\">\n\t\t\t\t\t\t<span class=\"elementor-screen-only\">Twitter<\/span>\n\t\t\t\t\t\t<i aria-hidden=\"true\" class=\"fab fa-twitter\"><\/i>\t\t\t\t\t<\/a>\n\t\t\t\t<\/span>\n\t\t\t\t\t\t\t<span class=\"elementor-grid-item\" role=\"listitem\">\n\t\t\t\t\t<a class=\"elementor-icon elementor-social-icon elementor-social-icon-linkedin elementor-repeater-item-grhvqhn\" target=\"_blank\">\n\t\t\t\t\t\t<span class=\"elementor-screen-only\">Linkedin<\/span>\n\t\t\t\t\t\t<i aria-hidden=\"true\" class=\"fab fa-linkedin\"><\/i>\t\t\t\t\t<\/a>\n\t\t\t\t<\/span>\n\t\t\t\t\t<\/div>\n\t\t\t\t\t\t<\/div>\n\t\t\t\t\t<\/div>\n\t\t<\/div>\n\t\t\t\t\t<\/div>\n\t\t<\/section>\n\t\t\t\t<\/div>\n\t\t","protected":false},"excerpt":{"rendered":"<p>El avance del Gobierno cosecha desgaste y un n\u00facleo de apoyo firme.<\/p>\n","protected":false},"author":2,"featured_media":17049,"comment_status":"open","ping_status":"open","sticky":false,"template":"","format":"standard","meta":{"_acf_changed":false,"footnotes":""},"categories":[3],"tags":[1337,536,39,1502,40,38,1363,348,128,1501,246,929,230,61,1014,1344,569,547,57,188,56,1320],"class_list":["post-17048","post","type-post","status-publish","format-standard","has-post-thumbnail","hentry","category-politica","tag-abril","tag-aprobacion","tag-argentina","tag-atlas-intel-bloomberg","tag-consultora","tag-cordoba","tag-dalessio-irol","tag-datos","tag-delfos","tag-desgaste","tag-encuestas","tag-espanol","tag-estadistica","tag-imagen","tag-junio","tag-mayo","tag-milei","tag-nacional","tag-norman-berra","tag-opinion-publica","tag-politica","tag-pulso-social","et-has-post-format-content","et_post_format-et-post-format-standard"],"acf":[],"_links":{"self":[{"href":"https:\/\/delfoscba.com.ar\/dev\/wp-json\/wp\/v2\/posts\/17048","targetHints":{"allow":["GET"]}}],"collection":[{"href":"https:\/\/delfoscba.com.ar\/dev\/wp-json\/wp\/v2\/posts"}],"about":[{"href":"https:\/\/delfoscba.com.ar\/dev\/wp-json\/wp\/v2\/types\/post"}],"author":[{"embeddable":true,"href":"https:\/\/delfoscba.com.ar\/dev\/wp-json\/wp\/v2\/users\/2"}],"replies":[{"embeddable":true,"href":"https:\/\/delfoscba.com.ar\/dev\/wp-json\/wp\/v2\/comments?post=17048"}],"version-history":[{"count":7,"href":"https:\/\/delfoscba.com.ar\/dev\/wp-json\/wp\/v2\/posts\/17048\/revisions"}],"predecessor-version":[{"id":17062,"href":"https:\/\/delfoscba.com.ar\/dev\/wp-json\/wp\/v2\/posts\/17048\/revisions\/17062"}],"wp:featuredmedia":[{"embeddable":true,"href":"https:\/\/delfoscba.com.ar\/dev\/wp-json\/wp\/v2\/media\/17049"}],"wp:attachment":[{"href":"https:\/\/delfoscba.com.ar\/dev\/wp-json\/wp\/v2\/media?parent=17048"}],"wp:term":[{"taxonomy":"category","embeddable":true,"href":"https:\/\/delfoscba.com.ar\/dev\/wp-json\/wp\/v2\/categories?post=17048"},{"taxonomy":"post_tag","embeddable":true,"href":"https:\/\/delfoscba.com.ar\/dev\/wp-json\/wp\/v2\/tags?post=17048"}],"curies":[{"name":"wp","href":"https:\/\/api.w.org\/{rel}","templated":true}]}}