{"id":17063,"date":"2025-06-06T19:41:20","date_gmt":"2025-06-06T19:41:20","guid":{"rendered":"https:\/\/delfoscba.com.ar\/\/dev\/\/?p=17063"},"modified":"2025-06-06T19:46:47","modified_gmt":"2025-06-06T19:46:47","slug":"desinflacion-y-metro-cuadrado-del-elector-segun-las-ultimas-encuestas-nacionales","status":"publish","type":"post","link":"https:\/\/delfoscba.com.ar\/dev\/economia\/desinflacion-y-metro-cuadrado-del-elector-segun-las-ultimas-encuestas-nacionales\/","title":{"rendered":"Desinflaci\u00f3n y metro cuadrado del elector, seg\u00fan las \u00faltimas encuestas nacionales"},"content":{"rendered":"\t\t<div data-elementor-type=\"wp-post\" data-elementor-id=\"17063\" class=\"elementor elementor-17063\" data-elementor-post-type=\"post\">\n\t\t\t\t\t\t<section class=\"elementor-section elementor-top-section elementor-element elementor-element-41498b4 elementor-section-height-min-height elementor-section-boxed elementor-section-height-default elementor-section-items-middle\" data-id=\"41498b4\" data-element_type=\"section\" data-e-type=\"section\" data-settings=\"{&quot;background_background&quot;:&quot;classic&quot;}\">\n\t\t\t\t\t\t\t<div class=\"elementor-background-overlay\"><\/div>\n\t\t\t\t\t\t\t<div class=\"elementor-container elementor-column-gap-no\">\n\t\t\t\t\t<div class=\"elementor-column elementor-col-100 elementor-top-column elementor-element elementor-element-a18ac89\" data-id=\"a18ac89\" data-element_type=\"column\" data-e-type=\"column\">\n\t\t\t<div class=\"elementor-widget-wrap elementor-element-populated\">\n\t\t\t\t\t\t<div class=\"elementor-element elementor-element-e493600 elementor-widget elementor-widget-heading\" data-id=\"e493600\" data-element_type=\"widget\" data-e-type=\"widget\" data-widget_type=\"heading.default\">\n\t\t\t\t\t<h2 class=\"elementor-heading-title elementor-size-large\">ECONOM\u00cdA<\/h2>\t\t\t\t<\/div>\n\t\t\t\t\t<\/div>\n\t\t<\/div>\n\t\t\t\t\t<\/div>\n\t\t<\/section>\n\t\t\t\t<section class=\"elementor-section elementor-top-section elementor-element elementor-element-7dafb6e4 elementor-section-boxed elementor-section-height-default elementor-section-height-default\" data-id=\"7dafb6e4\" data-element_type=\"section\" data-e-type=\"section\">\n\t\t\t\t\t\t<div class=\"elementor-container elementor-column-gap-default\">\n\t\t\t\t\t<div class=\"elementor-column elementor-col-100 elementor-top-column elementor-element elementor-element-38ae5a14\" data-id=\"38ae5a14\" data-element_type=\"column\" data-e-type=\"column\">\n\t\t\t<div class=\"elementor-widget-wrap elementor-element-populated\">\n\t\t\t\t\t\t<div class=\"elementor-element elementor-element-f8a3207 elementor-widget elementor-widget-author-box\" data-id=\"f8a3207\" data-element_type=\"widget\" data-e-type=\"widget\" data-widget_type=\"author-box.default\">\n\t\t\t\t\t\t\t<div class=\"elementor-author-box\">\n\t\t\t\t\t\t\t<a href=\"https:\/\/delfoscba.com.ar\/\/dev\/\/nosotros\/\" class=\"elementor-author-box__avatar\">\n\t\t\t\t\t<img decoding=\"async\" src=\"https:\/\/delfoscba.com.ar\/dev\/wp-content\/uploads\/2021\/02\/norman-250x250-1.jpg\" alt=\"Picture of Norman Berra\" loading=\"lazy\">\n\t\t\t\t<\/a>\n\t\t\t\n\t\t\t<div class=\"elementor-author-box__text\">\n\t\t\t\t\t\t\t\t\t<a href=\"https:\/\/delfoscba.com.ar\/\/dev\/\/nosotros\/\">\n\t\t\t\t\t\t<h4 class=\"elementor-author-box__name\">\n\t\t\t\t\t\t\tNorman Berra\t\t\t\t\t\t<\/h4>\n\t\t\t\t\t<\/a>\n\t\t\t\t\n\t\t\t\t\t\t\t\t\t<div class=\"elementor-author-box__bio\">\n\t\t\t\t\t\t<p>L\u00edder de Proyectos<\/p>\n\t\t\t\t\t<\/div>\n\t\t\t\t\n\t\t\t\t\t\t\t<\/div>\n\t\t<\/div>\n\t\t\t\t\t\t<\/div>\n\t\t\t\t<div class=\"elementor-element elementor-element-7aefe4b4 elementor-widget elementor-widget-text-editor\" data-id=\"7aefe4b4\" data-element_type=\"widget\" data-e-type=\"widget\" data-widget_type=\"text-editor.default\">\n\t\t\t\t\t\t\t\t\t<p><a href=\"https:\/\/delfoscba.com.ar\/\/dev\/\/wp-content\/uploads\/2025\/06\/1-8.jpg\"><img fetchpriority=\"high\" decoding=\"async\" class=\"aligncenter wp-image-17072 size-large\" src=\"https:\/\/delfoscba.com.ar\/\/dev\/\/wp-content\/uploads\/2025\/06\/1-8-1024x588.jpg\" alt=\"\" width=\"1024\" height=\"588\" srcset=\"https:\/\/delfoscba.com.ar\/dev\/wp-content\/uploads\/2025\/06\/1-8-1024x588.jpg 1024w, https:\/\/delfoscba.com.ar\/dev\/wp-content\/uploads\/2025\/06\/1-8-300x172.jpg 300w, https:\/\/delfoscba.com.ar\/dev\/wp-content\/uploads\/2025\/06\/1-8-768x441.jpg 768w, https:\/\/delfoscba.com.ar\/dev\/wp-content\/uploads\/2025\/06\/1-8-1536x882.jpg 1536w, https:\/\/delfoscba.com.ar\/dev\/wp-content\/uploads\/2025\/06\/1-8-1080x620.jpg 1080w, https:\/\/delfoscba.com.ar\/dev\/wp-content\/uploads\/2025\/06\/1-8.jpg 1800w\" sizes=\"(max-width: 1024px) 100vw, 1024px\" \/><\/a><\/p><p>El gobierno nacional aspira a consolidar un sendero de desinflaci\u00f3n como argumento central de campa\u00f1a de cara a la elecci\u00f3n de medio t\u00e9rmino de octubre. \u00bfQu\u00e9 dicen los \u00faltimos datos duros de la econom\u00eda y en qu\u00e9 medida se corresponden o no con los datos blandos de las encuestas?\u00a0 El dato oficial de la inflaci\u00f3n tiene rezago de un mes; as\u00ed, el registro publicado en mayo pasado corresponde a abril. Seg\u00fan el Indec (gr\u00e1fico arriba), el \u00edndice de precios al consumidor (IPC) fue de 2,8% ese mes, lo que implica una baja de 0,9 puntos porcentuales (pp) respecto a marzo (3,7%); la inflaci\u00f3n acumul\u00f3 47,3% interanual y 11,6% en el primer cuatrimestre del a\u00f1o. Aunque \u00a0abril marc\u00f3 una desaceleraci\u00f3n inflacionaria respecto a marzo, fue el segundo registro m\u00e1s alto de los \u00faltimos 7 meses, lo cual indica que la desinflaci\u00f3n no est\u00e1 consolidada.\u00a0<\/p><p><a href=\"https:\/\/delfoscba.com.ar\/\/dev\/\/wp-content\/uploads\/2025\/06\/2-7.jpg\"><img decoding=\"async\" class=\"aligncenter wp-image-17071 size-full\" src=\"https:\/\/delfoscba.com.ar\/\/dev\/\/wp-content\/uploads\/2025\/06\/2-7.jpg\" alt=\"\" width=\"714\" height=\"436\" srcset=\"https:\/\/delfoscba.com.ar\/dev\/wp-content\/uploads\/2025\/06\/2-7.jpg 714w, https:\/\/delfoscba.com.ar\/dev\/wp-content\/uploads\/2025\/06\/2-7-300x183.jpg 300w\" sizes=\"(max-width: 714px) 100vw, 714px\" \/><\/a><\/p><p>En tanto, seg\u00fan los datos blandos de la encuesta del Centro de Investigaci\u00f3n en Finanzas de la Universidad Torcuato Di Tella (CIF-UTDT; gr\u00e1fico arriba), la expectativa de inflaci\u00f3n a futuro para los pr\u00f3ximos 12 meses se ubic\u00f3 en mayo en 38,8% (promedio), arrojando una baja de 2,5 pp respecto al mes anterior (41,3%). Eso indica expectativas inflacionarias estables, dado que se trata de una variaci\u00f3n estad\u00edsticamente no significativa considerando el error muestral de +\/-3,5%. Por otra parte, esa medici\u00f3n tambi\u00e9n muestra un desacople entre la inflaci\u00f3n oficial y la percibida: en la percepci\u00f3n del \u201cmetro cuadrado\u201d de los electores, los precios en un plazo de 30 d\u00edas mensuales marcan una suba de 4,23%, cuando las estimaciones preliminares apuntan a que el IPC de mayo ser\u00e1 de alrededor del 2% (lo cual se confirmar\u00e1 o no a mediados de junio). Es decir, la inflaci\u00f3n perceptiva m\u00e1s que duplicar\u00eda a la oficial.<\/p><p><a href=\"https:\/\/delfoscba.com.ar\/\/dev\/\/wp-content\/uploads\/2025\/06\/3-7.jpg\"><img decoding=\"async\" class=\"aligncenter wp-image-17070 size-large\" src=\"https:\/\/delfoscba.com.ar\/\/dev\/\/wp-content\/uploads\/2025\/06\/3-7-1024x575.jpg\" alt=\"\" width=\"1024\" height=\"575\" srcset=\"https:\/\/delfoscba.com.ar\/dev\/wp-content\/uploads\/2025\/06\/3-7-1024x575.jpg 1024w, https:\/\/delfoscba.com.ar\/dev\/wp-content\/uploads\/2025\/06\/3-7-300x169.jpg 300w, https:\/\/delfoscba.com.ar\/dev\/wp-content\/uploads\/2025\/06\/3-7-768x431.jpg 768w, https:\/\/delfoscba.com.ar\/dev\/wp-content\/uploads\/2025\/06\/3-7-1080x607.jpg 1080w, https:\/\/delfoscba.com.ar\/dev\/wp-content\/uploads\/2025\/06\/3-7.jpg 1100w\" sizes=\"(max-width: 1024px) 100vw, 1024px\" \/><\/a><\/p><p>Profundizando el an\u00e1lisis, si ampliamos el marco con una encuesta alternativa, como la \u00faltima realizada por AtlasIntel\/Bloomberg, el resultado es a\u00fan peor (gr\u00e1fico arriba): si bien coincide con el CIF en que la expectativa futura se ubica por debajo del 40% (en este caso, para un lapso de 6 meses en vez de 12), la expectativa a corto plazo roza el 7%. Aqu\u00ed, la percepci\u00f3n m\u00e1s que triplicar\u00eda a la estimaci\u00f3n de inflaci\u00f3n oficial.<\/p><p><a href=\"https:\/\/delfoscba.com.ar\/\/dev\/\/wp-content\/uploads\/2025\/06\/Captura-de-pantalla-2025-06-06-164308.png\"><img loading=\"lazy\" decoding=\"async\" class=\"aligncenter wp-image-17073 size-full\" src=\"https:\/\/delfoscba.com.ar\/\/dev\/\/wp-content\/uploads\/2025\/06\/Captura-de-pantalla-2025-06-06-164308.png\" alt=\"\" width=\"572\" height=\"828\" srcset=\"https:\/\/delfoscba.com.ar\/dev\/wp-content\/uploads\/2025\/06\/Captura-de-pantalla-2025-06-06-164308.png 572w, https:\/\/delfoscba.com.ar\/dev\/wp-content\/uploads\/2025\/06\/Captura-de-pantalla-2025-06-06-164308-207x300.png 207w\" sizes=\"(max-width: 572px) 100vw, 572px\" \/><\/a><\/p><p>Esto permite explicar por qu\u00e9 la desinflaci\u00f3n en el metro cuadrado del elector (es decir, a nivel micro) no tiene la contundencia que el gobierno nacional pretende con su relato apalancado en la macro: seg\u00fan la \u00faltima encuesta de Consultora Delfos, menos de un tercio de los votantes (29%) cree en el relato de que la inflaci\u00f3n baja y de que eso se siente en el bolsillo. Una primera minor\u00eda del 41% cree que la inflaci\u00f3n no est\u00e1 bajando, en tanto que 26% dice que baja, pero eso no se siente en su bolsillo (gr\u00e1fico arriba).<\/p><p><a href=\"https:\/\/delfoscba.com.ar\/\/dev\/\/wp-content\/uploads\/2025\/06\/5-7.jpg\"><img loading=\"lazy\" decoding=\"async\" class=\"aligncenter wp-image-17068 size-full\" src=\"https:\/\/delfoscba.com.ar\/\/dev\/\/wp-content\/uploads\/2025\/06\/5-7-e1749239136433.jpg\" alt=\"\" width=\"412\" height=\"632\" srcset=\"https:\/\/delfoscba.com.ar\/dev\/wp-content\/uploads\/2025\/06\/5-7-e1749239136433.jpg 412w, https:\/\/delfoscba.com.ar\/dev\/wp-content\/uploads\/2025\/06\/5-7-e1749239136433-196x300.jpg 196w\" sizes=\"(max-width: 412px) 100vw, 412px\" \/><\/a><\/p><p>Con matices, lo mismo se observa en otras encuestas nacionales recientes: Tendencias Consultora report\u00f3 que 28,2% siente una baja de la inflaci\u00f3n y mejoras en su bolsillo, mientras que 13,4% opina que baj\u00f3 pero no se siente en su bolsillo. Por otro lado, casi 25% no ve mejoras en la econom\u00eda ni en su bolsillo, y m\u00e1s de un tercio percibe un deterioro generalizado.\u00a0<\/p><p><a href=\"https:\/\/delfoscba.com.ar\/\/dev\/\/wp-content\/uploads\/2025\/06\/6-6.jpg\"><img loading=\"lazy\" decoding=\"async\" class=\"aligncenter wp-image-17067 size-large\" src=\"https:\/\/delfoscba.com.ar\/\/dev\/\/wp-content\/uploads\/2025\/06\/6-6-1024x580.jpg\" alt=\"\" width=\"1024\" height=\"580\" srcset=\"https:\/\/delfoscba.com.ar\/dev\/wp-content\/uploads\/2025\/06\/6-6-1024x580.jpg 1024w, https:\/\/delfoscba.com.ar\/dev\/wp-content\/uploads\/2025\/06\/6-6-300x170.jpg 300w, https:\/\/delfoscba.com.ar\/dev\/wp-content\/uploads\/2025\/06\/6-6-768x435.jpg 768w, https:\/\/delfoscba.com.ar\/dev\/wp-content\/uploads\/2025\/06\/6-6-1080x612.jpg 1080w, https:\/\/delfoscba.com.ar\/dev\/wp-content\/uploads\/2025\/06\/6-6.jpg 1172w\" sizes=\"(max-width: 1024px) 100vw, 1024px\" \/><\/a><\/p><p>Cuando la percepci\u00f3n se mide de manera binaria, como lo hizo Analog\u00edas en su \u00faltima encuesta nacional, casi 37% coincide con el relato del oficialismo, vs 55,5% que no (gr\u00e1fico arriba). Apenas hay matices al cruzar los datos por variables sociodemogr\u00e1ficas: s\u00f3lo entre los electores masculinos se insin\u00faa un \u201cempate t\u00e9cnico\u201d entre esas creencias contrarias.<\/p><p><a href=\"https:\/\/delfoscba.com.ar\/\/dev\/\/wp-content\/uploads\/2025\/06\/7-4.jpg\"><img loading=\"lazy\" decoding=\"async\" class=\"aligncenter wp-image-17066 size-full\" src=\"https:\/\/delfoscba.com.ar\/\/dev\/\/wp-content\/uploads\/2025\/06\/7-4.jpg\" alt=\"\" width=\"412\" height=\"713\" srcset=\"https:\/\/delfoscba.com.ar\/dev\/wp-content\/uploads\/2025\/06\/7-4.jpg 412w, https:\/\/delfoscba.com.ar\/dev\/wp-content\/uploads\/2025\/06\/7-4-173x300.jpg 173w\" sizes=\"(max-width: 412px) 100vw, 412px\" \/><\/a><\/p><p>En una medici\u00f3n reciente, Zuban C\u00f3rdoba &amp; Asociados ensay\u00f3 una variante a la medici\u00f3n polarizada: pregunt\u00f3 el acuerdo con la frase <em>\u201cla inflaci\u00f3n est\u00e1 subiendo\u201d<\/em> (gr\u00e1fico arriba). Un 36,3% se mostr\u00f3 en desacuerdo, es decir que el segmento que cree en el relato oficial coincide con el que report\u00f3 Analog\u00edas. En s\u00edntesis: 1) los resultados marcan que el discurso libertario respecto a la baja de la inflaci\u00f3n y su impacto en la econom\u00eda dom\u00e9stica (es decir, el efecto de la macro en lo micro, el \u201cmetro cuadrado\u201d del elector) enfrenta l\u00edmites concretos al entrar en contraste con la realidad cotidiana 2) el acompa\u00f1amiento al gobierno nacional en este tema se ubica en el mismo orden de magnitud del 30% que vot\u00f3 a Javier Milei en las primarias de agosto y la primera vuelta de octubre de 2023, por debajo del umbral del 40% \u00a03) en el mejor de los casos, la proporci\u00f3n favorable al relato oficial ronda el 36% de los electores, muy lejos (casi 20 pp menos) del 55,6% que consagr\u00f3 a Milei presidente en el ballotage de noviembre de aquel a\u00f1o 4) esos dos umbrales entre el 30% y el 36% marcan un intervalo de acompa\u00f1amiento del oficialismo que podr\u00eda alcanzarle para ganar los comicios de medio t\u00e9rmino 5) pero, si su performance descendiera al piso de ese umbral y Uni\u00f3n por la Patria mantuviera su unidad como frente, la elecci\u00f3n a nivel pa\u00eds podr\u00eda tornarse muy competitiva 6) desde hace meses se instal\u00f3 el debate t\u00e9cnico sobre la necesidad de actualizar la canasta de consumo de productos y servicios con la cual el Indec calcula el IPC, junto con la ponderaci\u00f3n de cada \u00edtem 7) las brechas entre la medici\u00f3n oficial y la percepci\u00f3n en el metro cuadrado del elector reactualizan esa discusi\u00f3n.<\/p><p>\u00a0<\/p>\t\t\t\t\t\t\t\t<\/div>\n\t\t\t\t\t<\/div>\n\t\t<\/div>\n\t\t\t\t\t<\/div>\n\t\t<\/section>\n\t\t\t\t<section class=\"elementor-section elementor-top-section elementor-element elementor-element-b28ac47 elementor-section-height-min-height elementor-section-boxed elementor-section-height-default elementor-section-items-middle\" data-id=\"b28ac47\" data-element_type=\"section\" data-e-type=\"section\" data-settings=\"{&quot;background_background&quot;:&quot;classic&quot;}\">\n\t\t\t\t\t\t\t<div class=\"elementor-background-overlay\"><\/div>\n\t\t\t\t\t\t\t<div class=\"elementor-container elementor-column-gap-default\">\n\t\t\t\t\t<div class=\"elementor-column elementor-col-100 elementor-top-column elementor-element elementor-element-88fba06\" data-id=\"88fba06\" data-element_type=\"column\" data-e-type=\"column\">\n\t\t\t<div class=\"elementor-widget-wrap elementor-element-populated\">\n\t\t\t\t\t\t<div class=\"elementor-element elementor-element-7e65226 elementor-widget elementor-widget-heading\" data-id=\"7e65226\" data-element_type=\"widget\" data-e-type=\"widget\" data-widget_type=\"heading.default\">\n\t\t\t\t\t<h2 class=\"elementor-heading-title elementor-size-large\">Seguinos en nuestras redes<\/h2>\t\t\t\t<\/div>\n\t\t\t\t<div class=\"elementor-element elementor-element-c37b7ef elementor-shape-circle e-grid-align-tablet-center e-grid-align-mobile-center e-grid-align-left elementor-grid-0 elementor-widget elementor-widget-social-icons\" data-id=\"c37b7ef\" data-element_type=\"widget\" data-e-type=\"widget\" data-widget_type=\"social-icons.default\">\n\t\t\t\t\t\t\t<div class=\"elementor-social-icons-wrapper elementor-grid\" role=\"list\">\n\t\t\t\t\t\t\t<span class=\"elementor-grid-item\" role=\"listitem\">\n\t\t\t\t\t<a class=\"elementor-icon elementor-social-icon elementor-social-icon-facebook-f elementor-repeater-item-lf5yt4c\" href=\"https:\/\/www.facebook.com\/ConsultoraDelfos\" target=\"_blank\">\n\t\t\t\t\t\t<span class=\"elementor-screen-only\">Facebook-f<\/span>\n\t\t\t\t\t\t<i aria-hidden=\"true\" class=\"fab fa-facebook-f\"><\/i>\t\t\t\t\t<\/a>\n\t\t\t\t<\/span>\n\t\t\t\t\t\t\t<span class=\"elementor-grid-item\" role=\"listitem\">\n\t\t\t\t\t<a class=\"elementor-icon elementor-social-icon elementor-social-icon-twitter elementor-repeater-item-01xie82\" href=\"https:\/\/twitter.com\/delfoscba\" target=\"_blank\">\n\t\t\t\t\t\t<span class=\"elementor-screen-only\">Twitter<\/span>\n\t\t\t\t\t\t<i aria-hidden=\"true\" class=\"fab fa-twitter\"><\/i>\t\t\t\t\t<\/a>\n\t\t\t\t<\/span>\n\t\t\t\t\t\t\t<span class=\"elementor-grid-item\" role=\"listitem\">\n\t\t\t\t\t<a class=\"elementor-icon elementor-social-icon elementor-social-icon-linkedin elementor-repeater-item-grhvqhn\" target=\"_blank\">\n\t\t\t\t\t\t<span class=\"elementor-screen-only\">Linkedin<\/span>\n\t\t\t\t\t\t<i aria-hidden=\"true\" class=\"fab fa-linkedin\"><\/i>\t\t\t\t\t<\/a>\n\t\t\t\t<\/span>\n\t\t\t\t\t<\/div>\n\t\t\t\t\t\t<\/div>\n\t\t\t\t\t<\/div>\n\t\t<\/div>\n\t\t\t\t\t<\/div>\n\t\t<\/section>\n\t\t\t\t<\/div>\n\t\t","protected":false},"excerpt":{"rendered":"<p>Los datos de inflaci\u00f3n no se corresponden con la percepci\u00f3n que tienen los argentinos de lo que rinde sus bolsillo. <\/p>\n","protected":false},"author":2,"featured_media":17065,"comment_status":"open","ping_status":"open","sticky":false,"template":"","format":"standard","meta":{"_acf_changed":false,"footnotes":""},"categories":[2],"tags":[1337,1061,1506,39,1502,561,1384,1404,40,38,348,128,97,246,929,230,338,145,1014,977,240,978,1344,920,1504,569,547,57,188,560,56,1503,1505,1044,1507],"class_list":["post-17063","post","type-post","status-publish","format-standard","has-post-thumbnail","hentry","category-economia","tag-abril","tag-analogias","tag-anual","tag-argentina","tag-atlas-intel-bloomberg","tag-baja","tag-bolsillo","tag-centro-de-investigacion-en-finanzas-de-la-universidad-torcuato-di-tella","tag-consultora","tag-cordoba","tag-datos","tag-delfos","tag-elecciones","tag-encuestas","tag-espanol","tag-estadistica","tag-expectativas","tag-inflacion","tag-junio","tag-la-libertad-avanza","tag-legislativas","tag-lla","tag-mayo","tag-medio","tag-mensual","tag-milei","tag-nacional","tag-norman-berra","tag-opinion-publica","tag-percepcion","tag-politica","tag-pronostico","tag-suba","tag-tendencias","tag-termino","et-has-post-format-content","et_post_format-et-post-format-standard"],"acf":[],"_links":{"self":[{"href":"https:\/\/delfoscba.com.ar\/dev\/wp-json\/wp\/v2\/posts\/17063","targetHints":{"allow":["GET"]}}],"collection":[{"href":"https:\/\/delfoscba.com.ar\/dev\/wp-json\/wp\/v2\/posts"}],"about":[{"href":"https:\/\/delfoscba.com.ar\/dev\/wp-json\/wp\/v2\/types\/post"}],"author":[{"embeddable":true,"href":"https:\/\/delfoscba.com.ar\/dev\/wp-json\/wp\/v2\/users\/2"}],"replies":[{"embeddable":true,"href":"https:\/\/delfoscba.com.ar\/dev\/wp-json\/wp\/v2\/comments?post=17063"}],"version-history":[{"count":4,"href":"https:\/\/delfoscba.com.ar\/dev\/wp-json\/wp\/v2\/posts\/17063\/revisions"}],"predecessor-version":[{"id":17076,"href":"https:\/\/delfoscba.com.ar\/dev\/wp-json\/wp\/v2\/posts\/17063\/revisions\/17076"}],"wp:featuredmedia":[{"embeddable":true,"href":"https:\/\/delfoscba.com.ar\/dev\/wp-json\/wp\/v2\/media\/17065"}],"wp:attachment":[{"href":"https:\/\/delfoscba.com.ar\/dev\/wp-json\/wp\/v2\/media?parent=17063"}],"wp:term":[{"taxonomy":"category","embeddable":true,"href":"https:\/\/delfoscba.com.ar\/dev\/wp-json\/wp\/v2\/categories?post=17063"},{"taxonomy":"post_tag","embeddable":true,"href":"https:\/\/delfoscba.com.ar\/dev\/wp-json\/wp\/v2\/tags?post=17063"}],"curies":[{"name":"wp","href":"https:\/\/api.w.org\/{rel}","templated":true}]}}