{"id":17121,"date":"2025-09-02T10:44:07","date_gmt":"2025-09-02T10:44:07","guid":{"rendered":"https:\/\/delfoscba.com.ar\/\/dev\/\/?p=17121"},"modified":"2025-10-29T23:09:17","modified_gmt":"2025-10-29T23:09:17","slug":"elecciones-en-provincia-de-buenos-aires-la-piedra-angular-para-el-sustento-politico-de-javier-milei","status":"publish","type":"post","link":"https:\/\/delfoscba.com.ar\/dev\/hero-slider\/elecciones-en-provincia-de-buenos-aires-la-piedra-angular-para-el-sustento-politico-de-javier-milei\/","title":{"rendered":"Elecciones en Provincia de Buenos Aires: la piedra angular para el sustento pol\u00edtico de Javier Milei"},"content":{"rendered":"\t\t<div data-elementor-type=\"wp-post\" data-elementor-id=\"17121\" class=\"elementor elementor-17121\" data-elementor-post-type=\"post\">\n\t\t\t\t\t\t<section class=\"elementor-section elementor-top-section elementor-element elementor-element-41498b4 elementor-section-height-min-height elementor-section-boxed elementor-section-height-default elementor-section-items-middle\" data-id=\"41498b4\" data-element_type=\"section\" data-e-type=\"section\" data-settings=\"{&quot;background_background&quot;:&quot;classic&quot;}\">\n\t\t\t\t\t\t\t<div class=\"elementor-background-overlay\"><\/div>\n\t\t\t\t\t\t\t<div class=\"elementor-container elementor-column-gap-no\">\n\t\t\t\t\t<div class=\"elementor-column elementor-col-100 elementor-top-column elementor-element elementor-element-a18ac89\" data-id=\"a18ac89\" data-element_type=\"column\" data-e-type=\"column\">\n\t\t\t<div class=\"elementor-widget-wrap elementor-element-populated\">\n\t\t\t\t\t\t<div class=\"elementor-element elementor-element-e493600 elementor-widget elementor-widget-heading\" data-id=\"e493600\" data-element_type=\"widget\" data-e-type=\"widget\" data-widget_type=\"heading.default\">\n\t\t\t\t\t<h2 class=\"elementor-heading-title elementor-size-large\">NOTA DE OPINI\u00d3N<\/h2>\t\t\t\t<\/div>\n\t\t\t\t\t<\/div>\n\t\t<\/div>\n\t\t\t\t\t<\/div>\n\t\t<\/section>\n\t\t\t\t<section class=\"elementor-section elementor-top-section elementor-element elementor-element-7dafb6e4 elementor-section-boxed elementor-section-height-default elementor-section-height-default\" data-id=\"7dafb6e4\" data-element_type=\"section\" data-e-type=\"section\">\n\t\t\t\t\t\t<div class=\"elementor-container elementor-column-gap-default\">\n\t\t\t\t\t<div class=\"elementor-column elementor-col-100 elementor-top-column elementor-element elementor-element-38ae5a14\" data-id=\"38ae5a14\" data-element_type=\"column\" data-e-type=\"column\">\n\t\t\t<div class=\"elementor-widget-wrap elementor-element-populated\">\n\t\t\t\t\t\t<div class=\"elementor-element elementor-element-f8a3207 elementor-widget elementor-widget-author-box\" data-id=\"f8a3207\" data-element_type=\"widget\" data-e-type=\"widget\" data-widget_type=\"author-box.default\">\n\t\t\t\t\t\t\t<div class=\"elementor-author-box\">\n\t\t\t\t\t\t\t<a href=\"https:\/\/delfoscba.com.ar\/\/dev\/\/nosotros\/\" class=\"elementor-author-box__avatar\">\n\t\t\t\t\t<img decoding=\"async\" src=\"https:\/\/delfoscba.com.ar\/dev\/wp-content\/uploads\/2021\/02\/luis-250x250-1.jpg\" alt=\"Picture of Luis Dall&#039; Aglio\" loading=\"lazy\">\n\t\t\t\t<\/a>\n\t\t\t\n\t\t\t<div class=\"elementor-author-box__text\">\n\t\t\t\t\t\t\t\t\t<a href=\"https:\/\/delfoscba.com.ar\/\/dev\/\/nosotros\/\">\n\t\t\t\t\t\t<h4 class=\"elementor-author-box__name\">\n\t\t\t\t\t\t\tLuis Dall' Aglio\t\t\t\t\t\t<\/h4>\n\t\t\t\t\t<\/a>\n\t\t\t\t\n\t\t\t\t\t\t\t\t\t<div class=\"elementor-author-box__bio\">\n\t\t\t\t\t\t<p>Director<\/p>\n\t\t\t\t\t<\/div>\n\t\t\t\t\n\t\t\t\t\t\t\t<\/div>\n\t\t<\/div>\n\t\t\t\t\t\t<\/div>\n\t\t\t\t<div class=\"elementor-element elementor-element-7aefe4b4 elementor-widget elementor-widget-text-editor\" data-id=\"7aefe4b4\" data-element_type=\"widget\" data-e-type=\"widget\" data-widget_type=\"text-editor.default\">\n\t\t\t\t\t\t\t\t\t<p>El andamiaje del Gobierno nacional que sostuvo su apoyo pol\u00edtico en este tiempo reconoci\u00f3 al menos cinco factores que lo estructuraron:<\/p><p>a. Discurso anticasta<br \/>b. Cruzada contra la corrupci\u00f3n<br \/>c. Estabilidad econ\u00f3mica<br \/>d. Expectativa de mejora<br \/>e. Apoyo popular<\/p><p>Los vetos en contra de los aumentos a jubilados, a la ciencia, a las universidades, a las pol\u00edticas de discapacidad, pusieron en crisis este factor ordenador de la pol\u00edtica que le permiti\u00f3 ocupar una de las orillas de la grieta desplazando al macrismo.<\/p><p>Respecto de la cruzada contra la corrupci\u00f3n, est\u00e1 sufriendo un nuevo embate que hoy pone al Gobierno en igualdad de condiciones con sus antecesores en su paso por el poder. El da\u00f1o del caso Libra y ahora los audios vinculados al caso Andis, erosionan fuertemente la legitimidad de este mensaje.<\/p><p>La estabilidad econ\u00f3mica, que contin\u00faa siendo un logro altamente reconocido a Javier Milei, comienza a sentirse ineficaz como argumento toda vez que ahora, aquella demanda de tranquilidad de precios, compite con la idea de que la plata no alcanza. Hoy, el 70 por ciento de los argentinos vive con lo justo o directamente no llega a fin de mes.<\/p><p>Finalmente, el apoyo popular sin estructuras partidarias, sin ataduras pol\u00edticas a la vista, sostenido en un perfil pol\u00edtico frontal y sincero por parte de los argentinos, empieza a ponerse en tela de juicio en todas las encuestas que se conocen.<\/p><p>No obstante, las encuestas no alcanzan a materializarse como una realidad pol\u00edtica. Por eso, las elecciones legislativas del pr\u00f3ximo 7 de setiembre en Provincia de Buenos Aires se convierten en una piedra angular en el sustento pol\u00edtico del Presidente. Es un hecho pol\u00edtico que m\u00e1s all\u00e1 de lo electoral, puede convertir en evidencia la ca\u00edda de la legitimidad popular.<\/p><p>All\u00ed radica le importancia de la elecci\u00f3n del domingo: puede poner al Gobierno nacional en una situaci\u00f3n de vulnerabilidad pol\u00edtica que lo obligue a resetear gran parte de su primera versi\u00f3n en el poder y empezar a mostrar otra faceta, menos confrontativa, m\u00e1s abierta y sensible con una sociedad que lo acompa\u00f1\u00f3 con sacrificio y ahora pide resultados.<\/p>\t\t\t\t\t\t\t\t<\/div>\n\t\t\t\t\t<\/div>\n\t\t<\/div>\n\t\t\t\t\t<\/div>\n\t\t<\/section>\n\t\t\t\t<section class=\"elementor-section elementor-top-section elementor-element elementor-element-b28ac47 elementor-section-height-min-height elementor-section-boxed elementor-section-height-default elementor-section-items-middle\" data-id=\"b28ac47\" data-element_type=\"section\" data-e-type=\"section\" data-settings=\"{&quot;background_background&quot;:&quot;classic&quot;}\">\n\t\t\t\t\t\t\t<div class=\"elementor-background-overlay\"><\/div>\n\t\t\t\t\t\t\t<div class=\"elementor-container elementor-column-gap-default\">\n\t\t\t\t\t<div class=\"elementor-column elementor-col-100 elementor-top-column elementor-element elementor-element-88fba06\" data-id=\"88fba06\" data-element_type=\"column\" data-e-type=\"column\">\n\t\t\t<div class=\"elementor-widget-wrap elementor-element-populated\">\n\t\t\t\t\t\t<div class=\"elementor-element elementor-element-7e65226 elementor-widget elementor-widget-heading\" data-id=\"7e65226\" data-element_type=\"widget\" data-e-type=\"widget\" data-widget_type=\"heading.default\">\n\t\t\t\t\t<h2 class=\"elementor-heading-title elementor-size-large\">Seguinos en nuestras redes<\/h2>\t\t\t\t<\/div>\n\t\t\t\t<div class=\"elementor-element elementor-element-c37b7ef elementor-shape-circle e-grid-align-tablet-center e-grid-align-mobile-center e-grid-align-left elementor-grid-0 elementor-widget elementor-widget-social-icons\" data-id=\"c37b7ef\" data-element_type=\"widget\" data-e-type=\"widget\" data-widget_type=\"social-icons.default\">\n\t\t\t\t\t\t\t<div class=\"elementor-social-icons-wrapper elementor-grid\" role=\"list\">\n\t\t\t\t\t\t\t<span class=\"elementor-grid-item\" role=\"listitem\">\n\t\t\t\t\t<a class=\"elementor-icon elementor-social-icon elementor-social-icon-facebook-f elementor-repeater-item-lf5yt4c\" href=\"https:\/\/www.facebook.com\/ConsultoraDelfos\" target=\"_blank\">\n\t\t\t\t\t\t<span class=\"elementor-screen-only\">Facebook-f<\/span>\n\t\t\t\t\t\t<i aria-hidden=\"true\" class=\"fab fa-facebook-f\"><\/i>\t\t\t\t\t<\/a>\n\t\t\t\t<\/span>\n\t\t\t\t\t\t\t<span class=\"elementor-grid-item\" role=\"listitem\">\n\t\t\t\t\t<a class=\"elementor-icon elementor-social-icon elementor-social-icon-twitter elementor-repeater-item-01xie82\" href=\"https:\/\/twitter.com\/delfoscba\" target=\"_blank\">\n\t\t\t\t\t\t<span class=\"elementor-screen-only\">Twitter<\/span>\n\t\t\t\t\t\t<i aria-hidden=\"true\" class=\"fab fa-twitter\"><\/i>\t\t\t\t\t<\/a>\n\t\t\t\t<\/span>\n\t\t\t\t\t\t\t<span class=\"elementor-grid-item\" role=\"listitem\">\n\t\t\t\t\t<a class=\"elementor-icon elementor-social-icon elementor-social-icon-linkedin elementor-repeater-item-grhvqhn\" target=\"_blank\">\n\t\t\t\t\t\t<span class=\"elementor-screen-only\">Linkedin<\/span>\n\t\t\t\t\t\t<i aria-hidden=\"true\" class=\"fab fa-linkedin\"><\/i>\t\t\t\t\t<\/a>\n\t\t\t\t<\/span>\n\t\t\t\t\t<\/div>\n\t\t\t\t\t\t<\/div>\n\t\t\t\t\t<\/div>\n\t\t<\/div>\n\t\t\t\t\t<\/div>\n\t\t<\/section>\n\t\t\t\t<\/div>\n\t\t","protected":false},"excerpt":{"rendered":"<p>Renovar las condiciones del pacto con la sociedad y con los referentes se vuelve una necesidad cada vez m\u00e1s grande para el oficialismo<\/p>\n","protected":false},"author":2,"featured_media":17122,"comment_status":"open","ping_status":"open","sticky":false,"template":"","format":"standard","meta":{"_acf_changed":false,"footnotes":""},"categories":[1,6],"tags":[1357,39,244,1297,40,38,301,348,128,97,246,1517,929,230,194,1518,1275,1508,569,547,282,188,560,56,305],"class_list":["post-17121","post","type-post","status-publish","format-standard","has-post-thumbnail","hentry","category-hero-slider","category-notas-de-opinion","tag-1357","tag-argentina","tag-buenos-aires","tag-consenso","tag-consultora","tag-cordoba","tag-corrupcion","tag-datos","tag-delfos","tag-elecciones","tag-encuestas","tag-enfrentamientos","tag-espanol","tag-estadistica","tag-ideologia","tag-karina","tag-legitimidad","tag-luis-dall-aglio","tag-milei","tag-nacional","tag-opinion","tag-opinion-publica","tag-percepcion","tag-politica","tag-provincia","et-has-post-format-content","et_post_format-et-post-format-standard"],"acf":[],"_links":{"self":[{"href":"https:\/\/delfoscba.com.ar\/dev\/wp-json\/wp\/v2\/posts\/17121","targetHints":{"allow":["GET"]}}],"collection":[{"href":"https:\/\/delfoscba.com.ar\/dev\/wp-json\/wp\/v2\/posts"}],"about":[{"href":"https:\/\/delfoscba.com.ar\/dev\/wp-json\/wp\/v2\/types\/post"}],"author":[{"embeddable":true,"href":"https:\/\/delfoscba.com.ar\/dev\/wp-json\/wp\/v2\/users\/2"}],"replies":[{"embeddable":true,"href":"https:\/\/delfoscba.com.ar\/dev\/wp-json\/wp\/v2\/comments?post=17121"}],"version-history":[{"count":6,"href":"https:\/\/delfoscba.com.ar\/dev\/wp-json\/wp\/v2\/posts\/17121\/revisions"}],"predecessor-version":[{"id":20000,"href":"https:\/\/delfoscba.com.ar\/dev\/wp-json\/wp\/v2\/posts\/17121\/revisions\/20000"}],"wp:featuredmedia":[{"embeddable":true,"href":"https:\/\/delfoscba.com.ar\/dev\/wp-json\/wp\/v2\/media\/17122"}],"wp:attachment":[{"href":"https:\/\/delfoscba.com.ar\/dev\/wp-json\/wp\/v2\/media?parent=17121"}],"wp:term":[{"taxonomy":"category","embeddable":true,"href":"https:\/\/delfoscba.com.ar\/dev\/wp-json\/wp\/v2\/categories?post=17121"},{"taxonomy":"post_tag","embeddable":true,"href":"https:\/\/delfoscba.com.ar\/dev\/wp-json\/wp\/v2\/tags?post=17121"}],"curies":[{"name":"wp","href":"https:\/\/api.w.org\/{rel}","templated":true}]}}