{"id":1743,"date":"2021-03-22T15:09:31","date_gmt":"2021-03-22T15:09:31","guid":{"rendered":"https:\/\/delfoscba.com.ar\/\/dev\/\/?p=1743"},"modified":"2021-03-25T13:27:39","modified_gmt":"2021-03-25T13:27:39","slug":"20-anos-no-son-nada","status":"publish","type":"post","link":"https:\/\/delfoscba.com.ar\/dev\/notas-de-opinion\/20-anos-no-son-nada\/","title":{"rendered":"20 a\u00f1os no son nada"},"content":{"rendered":"\t\t<div data-elementor-type=\"wp-post\" data-elementor-id=\"1743\" class=\"elementor elementor-1743\" data-elementor-post-type=\"post\">\n\t\t\t\t\t\t<section class=\"elementor-section elementor-top-section elementor-element elementor-element-41498b4 elementor-section-height-min-height elementor-section-boxed elementor-section-height-default elementor-section-items-middle\" data-id=\"41498b4\" data-element_type=\"section\" data-e-type=\"section\" data-settings=\"{&quot;background_background&quot;:&quot;classic&quot;}\">\n\t\t\t\t\t\t\t<div class=\"elementor-background-overlay\"><\/div>\n\t\t\t\t\t\t\t<div class=\"elementor-container elementor-column-gap-no\">\n\t\t\t\t\t<div class=\"elementor-column elementor-col-100 elementor-top-column elementor-element elementor-element-a18ac89\" data-id=\"a18ac89\" data-element_type=\"column\" data-e-type=\"column\">\n\t\t\t<div class=\"elementor-widget-wrap elementor-element-populated\">\n\t\t\t\t\t\t<div class=\"elementor-element elementor-element-e493600 elementor-widget elementor-widget-heading\" data-id=\"e493600\" data-element_type=\"widget\" data-e-type=\"widget\" data-widget_type=\"heading.default\">\n\t\t\t\t\t<h2 class=\"elementor-heading-title elementor-size-large\">NOTA DE OPINI\u00d3N<\/h2>\t\t\t\t<\/div>\n\t\t\t\t\t<\/div>\n\t\t<\/div>\n\t\t\t\t\t<\/div>\n\t\t<\/section>\n\t\t\t\t<section class=\"elementor-section elementor-top-section elementor-element elementor-element-7dafb6e4 elementor-section-boxed elementor-section-height-default elementor-section-height-default\" data-id=\"7dafb6e4\" data-element_type=\"section\" data-e-type=\"section\">\n\t\t\t\t\t\t<div class=\"elementor-container elementor-column-gap-default\">\n\t\t\t\t\t<div class=\"elementor-column elementor-col-100 elementor-top-column elementor-element elementor-element-38ae5a14\" data-id=\"38ae5a14\" data-element_type=\"column\" data-e-type=\"column\">\n\t\t\t<div class=\"elementor-widget-wrap elementor-element-populated\">\n\t\t\t\t\t\t<div class=\"elementor-element elementor-element-f8a3207 elementor-widget elementor-widget-author-box\" data-id=\"f8a3207\" data-element_type=\"widget\" data-e-type=\"widget\" data-widget_type=\"author-box.default\">\n\t\t\t\t\t\t\t<div class=\"elementor-author-box\">\n\t\t\t\t\t\t\t<a href=\"https:\/\/delfoscba.com.ar\/\/dev\/\/nosotros\/\" class=\"elementor-author-box__avatar\">\n\t\t\t\t\t<img decoding=\"async\" src=\"https:\/\/delfoscba.com.ar\/dev\/wp-content\/uploads\/2021\/02\/peto-250x250-1.jpg\" alt=\"Picture of Daniel Petoletti\" loading=\"lazy\">\n\t\t\t\t<\/a>\n\t\t\t\n\t\t\t<div class=\"elementor-author-box__text\">\n\t\t\t\t\t\t\t\t\t<a href=\"https:\/\/delfoscba.com.ar\/\/dev\/\/nosotros\/\">\n\t\t\t\t\t\t<h4 class=\"elementor-author-box__name\">\n\t\t\t\t\t\t\tDaniel Petoletti\t\t\t\t\t\t<\/h4>\n\t\t\t\t\t<\/a>\n\t\t\t\t\n\t\t\t\t\t\t\t\t\t<div class=\"elementor-author-box__bio\">\n\t\t\t\t\t\t<p>Coordinador general<\/p>\n\t\t\t\t\t<\/div>\n\t\t\t\t\n\t\t\t\t\t\t\t<\/div>\n\t\t<\/div>\n\t\t\t\t\t\t<\/div>\n\t\t\t\t<div class=\"elementor-element elementor-element-7aefe4b4 elementor-widget elementor-widget-text-editor\" data-id=\"7aefe4b4\" data-element_type=\"widget\" data-e-type=\"widget\" data-widget_type=\"text-editor.default\">\n\t\t\t\t\t\t\t\t\t<p style=\"margin-bottom: 0cm; line-height: normal; text-align: left;\"><i><span style=\"font-size: 10.0pt; mso-bidi-font-size: 11.0pt;\">Sentir<\/span><\/i><\/p><p style=\"margin-bottom: 0cm; line-height: normal;\"><i><span style=\"font-size: 10.0pt; mso-bidi-font-size: 11.0pt;\">Que es un soplo la vida<\/span><\/i><\/p><p style=\"margin-bottom: 0cm; line-height: normal;\"><i><span style=\"font-size: 10.0pt; mso-bidi-font-size: 11.0pt;\">Que veinte a\u00f1os, no es nada<\/span><\/i><\/p><p style=\"margin-bottom: 0cm; line-height: normal;\"><i><span style=\"font-size: 10.0pt; mso-bidi-font-size: 11.0pt;\">Que febril la mirada<\/span><\/i><\/p><p style=\"margin-bottom: 0cm; line-height: normal;\"><i><span style=\"font-size: 10.0pt; mso-bidi-font-size: 11.0pt;\">Errante en las sombras<\/span><\/i><\/p><p style=\"margin-bottom: 0cm; line-height: normal;\"><i><span style=\"font-size: 10.0pt; mso-bidi-font-size: 11.0pt;\">Te busca y te nombra<\/span><\/i><\/p><p style=\"margin-bottom: 0cm; line-height: normal;\"><i><span style=\"font-size: 10.0pt; mso-bidi-font-size: 11.0pt;\">\u00a0<\/span><\/i><\/p><p style=\"text-align: left;\">Tarareando alg\u00fan p\u00e1rrafo de aquel inmortal tango compuesto por Carlos Gardel all\u00e1 por 1934, cuando volv\u00eda de alg\u00fan exilio que la vida le habr\u00eda impuesto, o de cualquier viaje imaginario que lo inspir\u00f3 a recordar momentos vividos dos d\u00e9cadas atr\u00e1s, nos encontramos con una frase demasiado fuerte y m\u00e1s esperanzadora, o no\u2026.<\/p><p><b><u>Volver<\/u><\/b><\/p><p>Desde la Consultora Delfos, auscultamos sistem\u00e1ticamente a la sociedad cordobesa para saber qu\u00e9 opina acerca de diferentes cuestiones sociales, pol\u00edticas y de mercado. Este a\u00f1o lo hicimos trazando un paralelo entre los cordobeses del 2021, con las opiniones que compart\u00edan durante el tumultuoso y cr\u00edtico (se mire desde donde se lo mire) 2001.<\/p><p>Quiz\u00e1s afectados por una Pandemia que puso al mundo de pies\u00a0para arriba en 2020, seis de cada 10 comprovincianos de todos los segmentos\u00a0etarios consideran que hoy viven<b> la peor etapa de su vida<\/b>, dato que marca una diferencia con el a\u00f1o 2001 cuando el 50% lo consideraba de esa manera. Llama la atenci\u00f3n en este punto, que en aquel momento eran los j\u00f3venes de 18 a 29 a\u00f1os quienes se mostraban algo m\u00e1s expectantes, a\u00fan sumergidos en la profundidad de una crisis pol\u00edtica, econ\u00f3mica y social que marcaba a fuego el presente y llenaba de incertidumbre cualquier futuro por venir, y le pon\u00edan la cuota de esperanza que se necesitaba para seguir adelante.<\/p><p>20 a\u00f1os despu\u00e9s, seg\u00fan los datos de nuestra encuesta entre los cordobeses, no se vislumbra una expectativa auspiciosa, la nueva normalidad no motoriza las expectativas que la sociedad mediterr\u00e1nea tiene respecto del momento actual.<\/p>\t\t\t\t\t\t\t\t<\/div>\n\t\t\t\t\t<\/div>\n\t\t<\/div>\n\t\t\t\t\t<\/div>\n\t\t<\/section>\n\t\t\t\t<section class=\"elementor-section elementor-top-section elementor-element elementor-element-b28ac47 elementor-section-height-min-height elementor-section-boxed elementor-section-height-default elementor-section-items-middle\" data-id=\"b28ac47\" data-element_type=\"section\" data-e-type=\"section\" data-settings=\"{&quot;background_background&quot;:&quot;classic&quot;}\">\n\t\t\t\t\t\t\t<div class=\"elementor-background-overlay\"><\/div>\n\t\t\t\t\t\t\t<div class=\"elementor-container elementor-column-gap-default\">\n\t\t\t\t\t<div class=\"elementor-column elementor-col-100 elementor-top-column elementor-element elementor-element-88fba06\" data-id=\"88fba06\" data-element_type=\"column\" data-e-type=\"column\">\n\t\t\t<div class=\"elementor-widget-wrap elementor-element-populated\">\n\t\t\t\t\t\t<div class=\"elementor-element elementor-element-7e65226 elementor-widget elementor-widget-heading\" data-id=\"7e65226\" data-element_type=\"widget\" data-e-type=\"widget\" data-widget_type=\"heading.default\">\n\t\t\t\t\t<h2 class=\"elementor-heading-title elementor-size-large\">Seguinos en nuestras redes<\/h2>\t\t\t\t<\/div>\n\t\t\t\t<div class=\"elementor-element elementor-element-c37b7ef elementor-shape-circle e-grid-align-tablet-center e-grid-align-mobile-center e-grid-align-left elementor-grid-0 elementor-widget elementor-widget-social-icons\" data-id=\"c37b7ef\" data-element_type=\"widget\" data-e-type=\"widget\" data-widget_type=\"social-icons.default\">\n\t\t\t\t\t\t\t<div class=\"elementor-social-icons-wrapper elementor-grid\" role=\"list\">\n\t\t\t\t\t\t\t<span class=\"elementor-grid-item\" role=\"listitem\">\n\t\t\t\t\t<a class=\"elementor-icon elementor-social-icon elementor-social-icon-facebook-f elementor-repeater-item-lf5yt4c\" href=\"https:\/\/www.facebook.com\/ConsultoraDelfos\" target=\"_blank\">\n\t\t\t\t\t\t<span class=\"elementor-screen-only\">Facebook-f<\/span>\n\t\t\t\t\t\t<i aria-hidden=\"true\" class=\"fab fa-facebook-f\"><\/i>\t\t\t\t\t<\/a>\n\t\t\t\t<\/span>\n\t\t\t\t\t\t\t<span class=\"elementor-grid-item\" role=\"listitem\">\n\t\t\t\t\t<a class=\"elementor-icon elementor-social-icon elementor-social-icon-twitter elementor-repeater-item-01xie82\" href=\"https:\/\/twitter.com\/delfoscba\" target=\"_blank\">\n\t\t\t\t\t\t<span class=\"elementor-screen-only\">Twitter<\/span>\n\t\t\t\t\t\t<i aria-hidden=\"true\" class=\"fab fa-twitter\"><\/i>\t\t\t\t\t<\/a>\n\t\t\t\t<\/span>\n\t\t\t\t\t\t\t<span class=\"elementor-grid-item\" role=\"listitem\">\n\t\t\t\t\t<a class=\"elementor-icon elementor-social-icon elementor-social-icon-linkedin elementor-repeater-item-grhvqhn\" target=\"_blank\">\n\t\t\t\t\t\t<span class=\"elementor-screen-only\">Linkedin<\/span>\n\t\t\t\t\t\t<i aria-hidden=\"true\" class=\"fab fa-linkedin\"><\/i>\t\t\t\t\t<\/a>\n\t\t\t\t<\/span>\n\t\t\t\t\t<\/div>\n\t\t\t\t\t\t<\/div>\n\t\t\t\t\t<\/div>\n\t\t<\/div>\n\t\t\t\t\t<\/div>\n\t\t<\/section>\n\t\t\t\t<\/div>\n\t\t","protected":false},"excerpt":{"rendered":"<p>La nueva normalidad no motoriza las expectativas que la sociedad mediterr\u00e1nea tiene respecto del momento actual.<\/p>\n","protected":false},"author":2,"featured_media":1920,"comment_status":"open","ping_status":"open","sticky":false,"template":"","format":"standard","meta":{"_acf_changed":false,"footnotes":""},"categories":[6],"tags":[39,63,40,38,64,41,66,65,31],"class_list":["post-1743","post","type-post","status-publish","format-standard","has-post-thumbnail","hentry","category-notas-de-opinion","tag-argentina","tag-cambio","tag-consultora","tag-cordoba","tag-daniel-petoletti","tag-encuesta","tag-etapas-de-la-vida","tag-nota-de-opinion","tag-sociedad","et-has-post-format-content","et_post_format-et-post-format-standard"],"acf":[],"_links":{"self":[{"href":"https:\/\/delfoscba.com.ar\/dev\/wp-json\/wp\/v2\/posts\/1743","targetHints":{"allow":["GET"]}}],"collection":[{"href":"https:\/\/delfoscba.com.ar\/dev\/wp-json\/wp\/v2\/posts"}],"about":[{"href":"https:\/\/delfoscba.com.ar\/dev\/wp-json\/wp\/v2\/types\/post"}],"author":[{"embeddable":true,"href":"https:\/\/delfoscba.com.ar\/dev\/wp-json\/wp\/v2\/users\/2"}],"replies":[{"embeddable":true,"href":"https:\/\/delfoscba.com.ar\/dev\/wp-json\/wp\/v2\/comments?post=1743"}],"version-history":[{"count":18,"href":"https:\/\/delfoscba.com.ar\/dev\/wp-json\/wp\/v2\/posts\/1743\/revisions"}],"predecessor-version":[{"id":1946,"href":"https:\/\/delfoscba.com.ar\/dev\/wp-json\/wp\/v2\/posts\/1743\/revisions\/1946"}],"wp:featuredmedia":[{"embeddable":true,"href":"https:\/\/delfoscba.com.ar\/dev\/wp-json\/wp\/v2\/media\/1920"}],"wp:attachment":[{"href":"https:\/\/delfoscba.com.ar\/dev\/wp-json\/wp\/v2\/media?parent=1743"}],"wp:term":[{"taxonomy":"category","embeddable":true,"href":"https:\/\/delfoscba.com.ar\/dev\/wp-json\/wp\/v2\/categories?post=1743"},{"taxonomy":"post_tag","embeddable":true,"href":"https:\/\/delfoscba.com.ar\/dev\/wp-json\/wp\/v2\/tags?post=1743"}],"curies":[{"name":"wp","href":"https:\/\/api.w.org\/{rel}","templated":true}]}}