{"id":1752,"date":"2013-01-16T12:34:18","date_gmt":"2013-01-16T15:34:18","guid":{"rendered":"https:\/\/delfosold.exportech.com.ar\/?p=1752"},"modified":"2013-01-16T12:34:18","modified_gmt":"2013-01-16T15:34:18","slug":"elecciones-2013-que-hay-en-juego","status":"publish","type":"post","link":"https:\/\/delfoscba.com.ar\/dev\/politica\/elecciones-2013-que-hay-en-juego\/","title":{"rendered":"Elecciones 2013 \u00bfQu\u00e9 hay en juego?"},"content":{"rendered":"<p>Este a\u00f1o se eligen diputados y senadores nacionales y gobernadores en dos provincias (Santiago del Estero, donde gobierna el radical K Gerardo Zamora, y Corrientes, donde gobierna el radical opositor Ricardo Colombi). Se trata de un test electoral clave para el oficialismo, dado que se trata de una elecci\u00f3n de medio t\u00e9rmino; sin embargo, la oposici\u00f3n al kirchnerismo tambi\u00e9n arriesga mucho en 2013.<\/p>\n<p>Veamos:<\/p>\n<p>1) en 2013 se ponen en juego muchas bancas que la oposici\u00f3n consigui\u00f3 en 2009, en lo que fue la peor elecci\u00f3n del kirchnerismo desde que est\u00e1 en el poder. Eso le da al oficialismo una ventaja relativa (ya que parte de un piso bajo).<\/p>\n<p>2) Un repaso: como partido, el radicalismo es el que arriesgar\u00e1 m\u00e1s bancas, mientras que el FPV renueva en octubre las que obtuvo en su peor elecci\u00f3n, la de 2009, cuando perdi\u00f3 la mayor\u00eda tanto en el Senado como en Diputados. En cambio, a la UCR se le vencen los mandatos de 25 de sus 40 diputados. El interbloque del Frente Amplio Progresista que hoy lidera el ex candidato presidencial Hermes Binner (y que en 2009 integraba junto con la UCR y la Coalici\u00f3n C\u00edvica el Acuerdo C\u00edvico y Social) arriesga menos (8 bancas de un total de 22). Por su parte, la Coalici\u00f3n C\u00edvica arriesga todo lo que tiene, 6 bancas, al igual que el bloque Proyecto Sur, que pone en juego 3 de 3.<\/p>\n<p>3) Muchos de los principales referentes opositores culminan su mandato y arriesgan su permanencia en el Congreso y en el escenario pol\u00edtico, por ejemplo, Ricardo Alfons\u00edn y Ricardo Gil Lavedra (UCR), Margarita Stolbizer y Gerardo Milman (FAP), Elisa Carri\u00f3 y Alfonso Prat Gay (Coalici\u00f3n C\u00edvica). Vencen tambi\u00e9n los mandatos de varios \u201cagrodiputados\u201d que engrosaron las filas opositoras despu\u00e9s de la crisis del campo desatada a partir de la resoluci\u00f3n 125 (entre ellos, Ricardo Buryaile y Jorge Chemes). En Proyecto Sur, deben renovar sus bancas su l\u00edder, Fernando \u201cPino\u201d Solanas, Alcira Argumedo (ex candidata presidencial en 2011) y Jorge Cardelli.<\/p>\n<p>4) El PRO de Mauricio Macri (uno de los dirigentes opositores que podr\u00eda ser candidato presidencial en 2015) se juega 8 de sus 11 diputados, casi todos por la Ciudad de Buenos Aires. Vencen, entre otros, los mandatos de Gabriela Michetti, Paula Bertol y Laura Alonso. Asimismo, esta fuerza tiene dificultades para definir candidaturas: a partir de la negativa de Gabriela Michetti (rehus\u00f3 competir en provincia de Buenos Aires y ser\u00eda candidata a senadora en Capital, dado que para 2015 quiere suceder a Macri en la jefatura de gobierno) Macri baraja un escenario con las candidaturas de Guillermo Montenegro y Carlos Melconi\u00e1n (a priori, candidatos mucho m\u00e1s d\u00e9biles que Michetti).<\/p>\n<p>5) Macri necesita hacer una buena elecci\u00f3n en ese distrito para mejorar su posicionamiento de cara al 2015, por lo que recela de un acuerdo con Francisco de Narv\u00e1ez (quien tiene sus propias ambiciones, lo que ya en el pasado distanci\u00f3 a ambos dirigentes). En funci\u00f3n de esa necesidad, incluso circula la hip\u00f3tesis de una suerte de \u201ccandidatura testimonial\u201d de Macri en provincia de Buenos Aires (tiene mandato como jefe de gobierno de la Capital hasta 2015). Macri ha logrado acercar algunos dirigentes radicales a su fuerza (como Silvana Gi\u00fadici) pero no ha tenido \u00e9xito con los peronistas.<\/p>\n","protected":false},"excerpt":{"rendered":"<p>Este a\u00f1o se eligen diputados y senadores nacionales y gobernadores en dos provincias. Se trata de un test electoral clave para el oficialismo.<\/p>\n","protected":false},"author":1,"featured_media":0,"comment_status":"open","ping_status":"open","sticky":false,"template":"","format":"standard","meta":{"_acf_changed":false,"footnotes":""},"categories":[3],"tags":[],"class_list":["post-1752","post","type-post","status-publish","format-standard","hentry","category-politica","et-doesnt-have-format-content","et_post_format-et-post-format-standard"],"acf":[],"_links":{"self":[{"href":"https:\/\/delfoscba.com.ar\/dev\/wp-json\/wp\/v2\/posts\/1752","targetHints":{"allow":["GET"]}}],"collection":[{"href":"https:\/\/delfoscba.com.ar\/dev\/wp-json\/wp\/v2\/posts"}],"about":[{"href":"https:\/\/delfoscba.com.ar\/dev\/wp-json\/wp\/v2\/types\/post"}],"author":[{"embeddable":true,"href":"https:\/\/delfoscba.com.ar\/dev\/wp-json\/wp\/v2\/users\/1"}],"replies":[{"embeddable":true,"href":"https:\/\/delfoscba.com.ar\/dev\/wp-json\/wp\/v2\/comments?post=1752"}],"version-history":[{"count":0,"href":"https:\/\/delfoscba.com.ar\/dev\/wp-json\/wp\/v2\/posts\/1752\/revisions"}],"wp:attachment":[{"href":"https:\/\/delfoscba.com.ar\/dev\/wp-json\/wp\/v2\/media?parent=1752"}],"wp:term":[{"taxonomy":"category","embeddable":true,"href":"https:\/\/delfoscba.com.ar\/dev\/wp-json\/wp\/v2\/categories?post=1752"},{"taxonomy":"post_tag","embeddable":true,"href":"https:\/\/delfoscba.com.ar\/dev\/wp-json\/wp\/v2\/tags?post=1752"}],"curies":[{"name":"wp","href":"https:\/\/api.w.org\/{rel}","templated":true}]}}