{"id":1955,"date":"2013-03-21T09:20:57","date_gmt":"2013-03-21T12:20:57","guid":{"rendered":"https:\/\/delfosold.exportech.com.ar\/?p=1955"},"modified":"2021-04-21T16:10:17","modified_gmt":"2021-04-21T16:10:17","slug":"otono-sin-banca-en-cordoba","status":"publish","type":"post","link":"https:\/\/delfoscba.com.ar\/dev\/el-dato-de-delfos\/otono-sin-banca-en-cordoba\/","title":{"rendered":"Oto\u00f1o sin banca en C\u00f3rdoba"},"content":{"rendered":"<p style=\"text-align: right;\"><img decoding=\"async\" class=\"size-full wp-image-1959\" title=\"santiago gomez\" src=\"https:\/\/delfoscba.com.ar\/\/dev\/\/wp-content\/uploads\/2013\/03\/santiago-gomez.jpeg\" alt=\"\" width=\"73\" height=\"73\" \/><\/p>\n<p style=\"text-align: right;\">Por Santiago G\u00f3mez | <span style=\"color: #800000;\">Delfos<\/span><\/p>\n<p style=\"text-align: right;\"><a class=\"twitter-follow-button\" href=\"https:\/\/twitter.com\/SantyGomez\"> @SantyGomez<\/a><\/p>\n<h3><script type=\"text\/javascript\">\/\/ <![CDATA[ !function(d,s,id){var js,fjs=d.getElementsByTagName(s)[0];if(!d.getElementById(id)){js=d.createElement(s);js.id=id;js.src=\"\/\/platform.twitter.com\/widgets.js\";fjs.parentNode.insertBefore(js,fjs);}}(document,\"script\",\"twitter-wjs\"); \/\/ ]]><\/script><\/h3>\n<p>La llegada del oto\u00f1o es recibida con una sonrisa por solo uno de cada 10 cordobeses (8%) \u00a0que la consideran su estaci\u00f3n predilecta del a\u00f1o.<\/p>\n<p>Esta tendencia es transversal a todas edades, sectores sociales y g\u00e9nero.<\/p>\n<p>El oto\u00f1o consigue el mayor porcentaje de banca entre la clase alta, donde llega al 13 por ciento.<\/p>\n<p><a href=\"https:\/\/delfoscba.com.ar\/\/dev\/\/wp-content\/uploads\/2013\/03\/otono-delfos.jpg\"><img fetchpriority=\"high\" decoding=\"async\" class=\"alignleft size-full wp-image-1966\" title=\"oto\u00f1o delfos\" src=\"https:\/\/delfoscba.com.ar\/\/dev\/\/wp-content\/uploads\/2013\/03\/otono-delfos.jpg\" alt=\"\" width=\"540\" height=\"304\" \/><\/a><\/p>\n<h3><\/h3>\n<h3><\/h3>\n<h3><\/h3>\n<h3><\/h3>\n<h3><\/h3>\n<h3><\/h3>\n<h3><\/h3>\n<h3><\/h3>\n<h3><\/h3>\n<h3><strong>\u00bfC\u00f3rdoba la rom\u00e1ntica?<\/strong><\/h3>\n<p>Las preferencias cordobesas est\u00e1n atravesadas por \u201cel amor y las flores\u201d, el 64 por ciento eligi\u00f3 a la primavera como su estaci\u00f3n favorita. La preferencia se profundiza entre las mujeres mayores de clase alta.<\/p>\n<h3><strong>El aguante a las vacaciones<\/strong><\/h3>\n<p>Un cuarto de la poblaci\u00f3n eligi\u00f3 al verano como su estaci\u00f3n favorita. La \u00e9poca del calor asociada a las vacaciones es la preferida fundamentalmente de los hombres de 30 a 49 a\u00f1os pertenecientes a la clase media.<\/p>\n<h3><strong>\u00bfInvierno?.. \u201cNo exist\u00eds\u201d<\/strong><\/h3>\n<p>La estaci\u00f3n del fr\u00edo est\u00e1 cerca de ser declarada no grata e C\u00f3rdoba. Apenas el tres por ciento de los entrevistados la eligi\u00f3 como su predilecta.<\/p>\n<h3>Fuente de Informaci\u00f3n<\/h3>\n<p>Relevamiento domiciliario realizado por la<span style=\"color: #3366ff;\"><a href=\"https:\/\/delfosold.exportech.com.ar\/\" target=\"_blank\" rel=\"noopener\"><span style=\"color: #3366ff;\"> Consultora Delfos<\/span><\/a>\u00a0<\/span>en C\u00f3rdoba Capital. <strong><span style=\"text-decoration: underline;\">Muestra<\/span><\/strong>: 735 casos.<\/p>\n<p>Seguinos en Facebook \u00a0&gt;&gt;&gt;\u00a0<span style=\"color: #3366ff;\"><a href=\"http:\/\/www.facebook.com\/pages\/Consultora-Delfos\/43615027542\" target=\"_blank\" rel=\"noopener\"><span style=\"color: #3366ff;\">Delfoscba<\/span><\/a><\/span><\/p>\n<p>Seguinos en Twitter \u00a0 \u00a0 \u00a0 &gt;&gt;&gt; <span style=\"color: #3366ff;\"><a href=\"https:\/\/twitter.com\/delfoscba\" target=\"_blank\" rel=\"noopener\"><span style=\"color: #3366ff;\">@Delfoscba<\/span><\/a><\/span><\/p>\n<p>&nbsp;<\/p>\n","protected":false},"excerpt":{"rendered":"<p>S\u00f3lo el ocho por ciento de los cordobeses consideran que es su estaci\u00f3n favorita, seg\u00fan una encuesta de Delfos.<\/p>\n","protected":false},"author":1,"featured_media":0,"comment_status":"open","ping_status":"open","sticky":false,"template":"","format":"standard","meta":{"_acf_changed":false,"footnotes":""},"categories":[90],"tags":[],"class_list":["post-1955","post","type-post","status-publish","format-standard","hentry","category-el-dato-de-delfos","et-doesnt-have-format-content","et_post_format-et-post-format-standard"],"acf":[],"_links":{"self":[{"href":"https:\/\/delfoscba.com.ar\/dev\/wp-json\/wp\/v2\/posts\/1955","targetHints":{"allow":["GET"]}}],"collection":[{"href":"https:\/\/delfoscba.com.ar\/dev\/wp-json\/wp\/v2\/posts"}],"about":[{"href":"https:\/\/delfoscba.com.ar\/dev\/wp-json\/wp\/v2\/types\/post"}],"author":[{"embeddable":true,"href":"https:\/\/delfoscba.com.ar\/dev\/wp-json\/wp\/v2\/users\/1"}],"replies":[{"embeddable":true,"href":"https:\/\/delfoscba.com.ar\/dev\/wp-json\/wp\/v2\/comments?post=1955"}],"version-history":[{"count":2,"href":"https:\/\/delfoscba.com.ar\/dev\/wp-json\/wp\/v2\/posts\/1955\/revisions"}],"predecessor-version":[{"id":10910,"href":"https:\/\/delfoscba.com.ar\/dev\/wp-json\/wp\/v2\/posts\/1955\/revisions\/10910"}],"wp:attachment":[{"href":"https:\/\/delfoscba.com.ar\/dev\/wp-json\/wp\/v2\/media?parent=1955"}],"wp:term":[{"taxonomy":"category","embeddable":true,"href":"https:\/\/delfoscba.com.ar\/dev\/wp-json\/wp\/v2\/categories?post=1955"},{"taxonomy":"post_tag","embeddable":true,"href":"https:\/\/delfoscba.com.ar\/dev\/wp-json\/wp\/v2\/tags?post=1955"}],"curies":[{"name":"wp","href":"https:\/\/api.w.org\/{rel}","templated":true}]}}