{"id":20204,"date":"2025-11-07T19:50:25","date_gmt":"2025-11-07T19:50:25","guid":{"rendered":"https:\/\/delfoscba.com.ar\/dev\/?p=20204"},"modified":"2025-11-13T19:26:23","modified_gmt":"2025-11-13T19:26:23","slug":"el-sindrome-del-joker-y-el-voto-a-milei","status":"publish","type":"post","link":"https:\/\/delfoscba.com.ar\/dev\/hero-slider\/el-sindrome-del-joker-y-el-voto-a-milei\/","title":{"rendered":"El \u201cs\u00edndrome del Joker\u201d y el voto a Milei"},"content":{"rendered":"<h2>NOTA DE OPINI\u00d3N<\/h2>\n<p class=\"elementor-author-box__name\">Luis Dall&#8217; Aglio | <em><strong>Director<\/strong><\/em><\/p>\n<p>&nbsp;<\/p>\n<p>El soci\u00f3logo brasile\u00f1o Jess\u00e9 Souza, en su obra El Pobre de Derecha, describe el llamado \u201cs\u00edndrome del Joker\u201d como un fen\u00f3meno social y psicol\u00f3gico en el que sectores excluidos y humillados acumulan resentimiento, pero en lugar de dirigirlo contra las \u00e9lites responsables de la desigualdad, lo redireccionan hacia otros sectores vulnerables.<\/p>\n<p>Esta din\u00e1mica, sostiene Souza, explica por qu\u00e9 amplios grupos populares terminan apoyando proyectos pol\u00edticos y econ\u00f3micos que refuerzan su propia exclusi\u00f3n.<\/p>\n<p>En Argentina, la elecci\u00f3n de Javier Milei como presidente en 2023 puede leerse en clave de este s\u00edndrome. Lejos de ser un hecho aislado, representa la canalizaci\u00f3n de un malestar profundo hacia la \u201ccasta pol\u00edtica tradicional\u201d, vista como corrupta, ineficiente y privilegiada.<\/p>\n<p>El discurso de ruptura propuesto por el actual presidente ofreci\u00f3 venganza contra la \u201ccasta pol\u00edtica\u201d a gran parte de la poblaci\u00f3n \u2014particularmente sectores medios y bajos golpeados por inflaci\u00f3n, precarizaci\u00f3n y falta de movilidad social\u2014prometiendo un futuro organizado en torno a principios meritocr\u00e1ticos.<\/p>\n<h2>Resentimiento acumulado<\/h2>\n<p>El Joker simboliza la humillaci\u00f3n repetida de los excluidos. En la pel\u00edcula, se trata de un personaje golpeado por un sistema que nunca le da lugar. Souza traslada esta idea a la sociedad: la desigualdad estructural genera un resentimiento que, si no encuentra salida pol\u00edtica emancipadora, se convierte en rabia ciega.<\/p>\n<p>En Argentina, tras a\u00f1os de crisis econ\u00f3mica, inflaci\u00f3n cr\u00f3nica y promesas incumplidas, gran parte de la poblaci\u00f3n sinti\u00f3 una humillaci\u00f3n similar. El relato de \u201cla casta\u201d que viven del Estado mientras \u201cel ciudadano de bien\u201d se empobrece, encontr\u00f3 un terreno f\u00e9rtil en ese sentimiento de bronca y decepci\u00f3n acumulada.<\/p>\n<h2>De la bronca a la expectativa<\/h2>\n<p>Seg\u00fan Souza, el \u201cs\u00edndrome del Joker\u201d implica un desv\u00edo de la rabia: los \u201cpobres\u201d no apuntan contra las \u00e9lites que concentran riqueza, sino contra otros grupos vulnerables.<\/p>\n<p>En Argentina, esa l\u00f3gica se tradujo en el enojo contra beneficiarios de planes sociales, sindicatos, el Estado como aparato burocr\u00e1tico y los propios pol\u00edticos tradicionales.<\/p>\n<p>Milei logr\u00f3 encarnar la idea de que \u201cel enemigo\u201d no eran las \u00e9lites econ\u00f3micas, sino una clase pol\u00edtica parasitaria que hab\u00eda \u201crobado el futuro\u201d. As\u00ed, usufructu\u00f3 y construy\u00f3 consentimiento popular transformando el resentimiento popular en odio que volc\u00f3 hacia abajo y hacia los costados, pero no hacia arriba.<\/p>\n<p>Para Souza, \u201cel pobre de derecha\u201d asume los valores de las clases dominantes \u2014meritocracia, individualismo, desprecio por los \u201cvagos\u201d\u2014 como una forma de sentirse simb\u00f3licamente superior a quienes percibe \u201cm\u00e1s abajo\u201d en la jerarqu\u00eda social.<\/p>\n<p>En la Argentina de 2023, muchos votantes adoptaron el discurso mile\u00edsta de que \u201ccada uno debe arregl\u00e1rselas solo\u201d y que \u201cel que fracasa, es porque no se esforz\u00f3 lo suficiente\u201d, profundizando la fragmentaci\u00f3n social y el individualismo.<\/p>\n<p>Este relato, profundamente neoliberal, fue asumido incluso por sectores que hist\u00f3ricamente depend\u00edan del Estado para sobrevivir. Se trat\u00f3 de un acto de identificaci\u00f3n aspiracional: la ilusi\u00f3n de que, con esfuerzo, pod\u00edan dejar de ser parte de los \u201cperdedores\u201d y ascender en un nuevo orden social.<\/p>\n<h2>La consecuencia pol\u00edtica<\/h2>\n<p>El resultado del s\u00edndrome del Joker es una base social para proyectos regresivos. El resentimiento genuino, en vez de transformarse en una demanda de justicia social, se convierte en apoyo a medidas que refuerzan la exclusi\u00f3n.<\/p>\n<p>El voto a Milei expres\u00f3 exactamente esto: la canalizaci\u00f3n de la frustraci\u00f3n hacia un discurso antisistema que no cuestiona la estructura de concentraci\u00f3n econ\u00f3mica, sino que promueve un ajuste radical en nombre de la moralidad, la disciplina y la meritocracia.<\/p>\n<p>El \u201csacrificio de hoy para progresar ma\u00f1ana\u201d fue asumido por sectores que, parad\u00f3jicamente, son los m\u00e1s golpeados por esas pol\u00edticas.<\/p>\n<p>El paralelismo entre el \u201cs\u00edndrome del Joker\u201d de Jess\u00e9 Souza y la elecci\u00f3n de Milei en 2023 es claro: en ambos casos, la bronca de los humillados por un sistema que les falt\u00f3 el respeto como personas sociales, no se orienta hacia quienes concentran el poder econ\u00f3mico y perpet\u00faan la desigualdad, sino que se desv\u00eda contra otros vulnerables y se canaliza en discursos de derecha.<br \/>\nEntonces, el desaf\u00edo pol\u00edtico ser\u00e1 construir narrativas capaces de repolitizar ese resentimiento, mostrando que la verdadera causa del sufrimiento es moral, estructural y colectivo.<\/p>\n<p>Solo as\u00ed se podr\u00e1 romper con el c\u00edrculo vicioso que transforma la humillaci\u00f3n en sumisi\u00f3n y el enojo en legitimaci\u00f3n de proyectos regresivos.<\/p>\n<p>El problema es que el pa\u00eds se enfrenta a otra inminente frustraci\u00f3n pol\u00edtica de \u201clos humillados\u201d, al decir de Souza, en caso que Milei no modifique el rumbo de su pol\u00edtica de gobierno y entienda que el problema es el d\u00eda a d\u00eda de los argentinos.<\/p>\n<h2>Seguinos en nuestras redes<\/h2>\n<p><a href=\"https:\/\/www.facebook.com\/ConsultoraDelfos\" target=\"_blank\" rel=\"noopener\"><br \/>\nFacebook-f<br \/>\n<\/a><br \/>\n<a href=\"https:\/\/twitter.com\/delfoscba\" target=\"_blank\" rel=\"noopener\"><br \/>\nTwitter<br \/>\n<\/a><br \/>\n<a target=\"_blank\"><br \/>\nLinkedin<br \/>\n<\/a><\/p>\n","protected":false},"excerpt":{"rendered":"<p>El resentimiento contra pares como combustible de una base social para proyectos regresivos<\/p>\n","protected":false},"author":2,"featured_media":20206,"comment_status":"open","ping_status":"open","sticky":false,"template":"","format":"standard","meta":{"_acf_changed":false,"footnotes":""},"categories":[1,3],"tags":[953,244,40,38,301,1519,45,348,128,806,97,246,929,230,138,1520,240,1508,1521,1522,569,547,282,188,247,56,31],"class_list":["post-20204","post","type-post","status-publish","format-standard","has-post-thumbnail","hentry","category-hero-slider","category-politica","tag-axel","tag-buenos-aires","tag-consultora","tag-cordoba","tag-corrupcion","tag-costo","tag-crisis","tag-datos","tag-delfos","tag-derrota","tag-elecciones","tag-encuestas","tag-espanol","tag-estadistica","tag-gestion","tag-insensibilidad","tag-legislativas","tag-luis-dall-aglio","tag-mercado","tag-mercancia","tag-milei","tag-nacional","tag-opinion","tag-opinion-publica","tag-paso","tag-politica","tag-sociedad","et-has-post-format-content","et_post_format-et-post-format-standard"],"acf":[],"_links":{"self":[{"href":"https:\/\/delfoscba.com.ar\/dev\/wp-json\/wp\/v2\/posts\/20204","targetHints":{"allow":["GET"]}}],"collection":[{"href":"https:\/\/delfoscba.com.ar\/dev\/wp-json\/wp\/v2\/posts"}],"about":[{"href":"https:\/\/delfoscba.com.ar\/dev\/wp-json\/wp\/v2\/types\/post"}],"author":[{"embeddable":true,"href":"https:\/\/delfoscba.com.ar\/dev\/wp-json\/wp\/v2\/users\/2"}],"replies":[{"embeddable":true,"href":"https:\/\/delfoscba.com.ar\/dev\/wp-json\/wp\/v2\/comments?post=20204"}],"version-history":[{"count":6,"href":"https:\/\/delfoscba.com.ar\/dev\/wp-json\/wp\/v2\/posts\/20204\/revisions"}],"predecessor-version":[{"id":20230,"href":"https:\/\/delfoscba.com.ar\/dev\/wp-json\/wp\/v2\/posts\/20204\/revisions\/20230"}],"wp:featuredmedia":[{"embeddable":true,"href":"https:\/\/delfoscba.com.ar\/dev\/wp-json\/wp\/v2\/media\/20206"}],"wp:attachment":[{"href":"https:\/\/delfoscba.com.ar\/dev\/wp-json\/wp\/v2\/media?parent=20204"}],"wp:term":[{"taxonomy":"category","embeddable":true,"href":"https:\/\/delfoscba.com.ar\/dev\/wp-json\/wp\/v2\/categories?post=20204"},{"taxonomy":"post_tag","embeddable":true,"href":"https:\/\/delfoscba.com.ar\/dev\/wp-json\/wp\/v2\/tags?post=20204"}],"curies":[{"name":"wp","href":"https:\/\/api.w.org\/{rel}","templated":true}]}}