{"id":20218,"date":"2025-10-07T19:16:43","date_gmt":"2025-10-07T19:16:43","guid":{"rendered":"https:\/\/delfoscba.com.ar\/dev\/?p=20218"},"modified":"2025-11-13T19:23:36","modified_gmt":"2025-11-13T19:23:36","slug":"la-situacion-politica-nacional-hoy-fragilidad-en-el-oficialismo-y-fluidez-para-la-oposicion","status":"publish","type":"post","link":"https:\/\/delfoscba.com.ar\/dev\/politica\/la-situacion-politica-nacional-hoy-fragilidad-en-el-oficialismo-y-fluidez-para-la-oposicion\/","title":{"rendered":"La situaci\u00f3n pol\u00edtica nacional hoy: fragilidad en el oficialismo y fluidez para la oposici\u00f3n"},"content":{"rendered":"<h2>NOTA DE OPINI\u00d3N<\/h2>\n<h4 class=\"elementor-author-box__name\">Luis Dall&#8217; Aglio | <em><strong>Director<\/strong><\/em><\/h4>\n<p>Los d\u00edas finales de setiembre e iniciales de octubre est\u00e1n signados por producir\u00a0<strong>m\u00faltiples \u201cpor primera vez\u2026\u201d\u00a0<\/strong>para la gesti\u00f3n nacional<strong>:<\/strong><\/p>\n<ol>\n<li>Por primera vez, la opini\u00f3n sobre el gobierno de Javier Milei alcanza el\u00a0<strong>60% de imagen negativa<\/strong>.<\/li>\n<li>Por primera vez, Milei tiene un\u00a0<strong>saldo negativo mayor que Cristina<\/strong>.<\/li>\n<li>Por primera vez,\u00a0<strong>Fuerza Patria se impone<\/strong>\u00a0por poco margen en la elecci\u00f3n nacional.<\/li>\n<li>Por primera vez,\u00a0<strong>Kicillof<\/strong>\u00a0\u2013ganador de las elecciones de septiembre- logra superar los 40 puntos y se transforma en el dirigente de mejor imagen.<\/li>\n<\/ol>\n<p>El\u00a0<strong>humor social<\/strong>\u00a0que presentan los datos est\u00e1 marcado por la demanda de resultados inmediatos en t\u00e9rminos econ\u00f3micos y de seguridad, lo cual se combina con una desconfianza creciente.<\/p>\n<p>Producto de esto, el\u00a0<strong>escenario electoral<\/strong>\u00a0para el oficialismo depender\u00e1 de diversos factores como: el ritmo visible de la evoluci\u00f3n\u00a0<strong>econ\u00f3mica<\/strong>\u00a0del pa\u00eds; la existencia o no de nuevos casos de\u00a0<strong>corrupci\u00f3n<\/strong>; y la posibilidad de generar\u00a0<strong>orden<\/strong>\u00a0p\u00fablico en los pr\u00f3ximos meses. Sin eso, lo m\u00e1s probable es que crezca el\u00a0<strong>voto castigo<\/strong>\u00a0y la\u00a0<strong>dispersi\u00f3n<\/strong>\u00a0hacia alternativas opositoras y provinciales.<\/p>\n<p>Por otro lado, este mes qued\u00f3 cristalizada la\u00a0<strong>p\u00e9rdida de<\/strong>\u00a0<strong>eficacia del discurso<\/strong>\u00a0y de las acciones del gobierno nacional. Todo lo que dicen o hacen los dirigentes del oficialismo se les vuelve en contra o se relativizan: el apoyo de Estados Unidos, la baja de las retenciones por 72 horas, el dato de inflaci\u00f3n o el de pobreza, etc.<\/p>\n<p>La causa detr\u00e1s de este fen\u00f3meno se asocia con la desintegraci\u00f3n paulatina de la\u00a0<strong>tolerancia social al sacrificio<\/strong>\u00a0sin mejoras palpables y las\u00a0<strong>expectativas<\/strong>\u00a0te\u00f1idas de escepticismo, preocupaci\u00f3n y frustraci\u00f3n. La instalaci\u00f3n de la idea de que el ajuste lo est\u00e1 pagando \u201cla gente com\u00fan\u201d y no \u201cla casta\u201d deslegitima el discurso oficialista.<\/p>\n<p>En este sentido, mientras Milei trabaja para estabilizar la macroeconom\u00eda, el problema de la sociedad es la micro, el malestar en el\u00a0<strong>ingreso familiar<\/strong>, lo que erosiona la narrativa que propone \u201csacrificio por estabilidad\u201d.<\/p>\n<p>Se puede decir que estamos a las puertas del desenlace de lo que se plante\u00f3 en abril como el inicio de la ponderaci\u00f3n de\u00a0<strong>resultados<\/strong>\u00a0por sobre las intenciones como criterio principal para\u00a0<strong>evaluar<\/strong>\u00a0la gesti\u00f3n.<\/p>\n<p>En s\u00edntesis, hoy la sociedad exige resultados inmediatos en\u00a0<strong>precios, empleo y seguridad<\/strong>, con\u00a0<strong>trasparencia<\/strong>\u00a0como tel\u00f3n de fondo.<\/p>\n<h2>Seguinos en nuestras redes<\/h2>\n<p><a href=\"https:\/\/www.facebook.com\/ConsultoraDelfos\" target=\"_blank\" rel=\"noopener\"><br \/>\nFacebook-f<br \/>\n<\/a><br \/>\n<a href=\"https:\/\/twitter.com\/delfoscba\" target=\"_blank\" rel=\"noopener\"><br \/>\nTwitter<br \/>\n<\/a><br \/>\n<a target=\"_blank\"><br \/>\nLinkedin<br \/>\n<\/a><\/p>\n","protected":false},"excerpt":{"rendered":"<p>Los yerros de la gesti\u00f3n se combinan con la falta de asertividad de sus pol\u00edticas para generar un panorama complejo para el oficialismo de cara a las elecciones de medio t\u00e9rmino.<\/p>\n","protected":false},"author":2,"featured_media":20219,"comment_status":"open","ping_status":"open","sticky":false,"template":"","format":"standard","meta":{"_acf_changed":false,"footnotes":""},"categories":[3],"tags":[953,244,40,38,301,1519,45,348,128,806,97,246,929,230,138,1520,240,1508,1521,1522,569,547,282,188,247,56,31],"class_list":["post-20218","post","type-post","status-publish","format-standard","has-post-thumbnail","hentry","category-politica","tag-axel","tag-buenos-aires","tag-consultora","tag-cordoba","tag-corrupcion","tag-costo","tag-crisis","tag-datos","tag-delfos","tag-derrota","tag-elecciones","tag-encuestas","tag-espanol","tag-estadistica","tag-gestion","tag-insensibilidad","tag-legislativas","tag-luis-dall-aglio","tag-mercado","tag-mercancia","tag-milei","tag-nacional","tag-opinion","tag-opinion-publica","tag-paso","tag-politica","tag-sociedad","et-has-post-format-content","et_post_format-et-post-format-standard"],"acf":[],"_links":{"self":[{"href":"https:\/\/delfoscba.com.ar\/dev\/wp-json\/wp\/v2\/posts\/20218","targetHints":{"allow":["GET"]}}],"collection":[{"href":"https:\/\/delfoscba.com.ar\/dev\/wp-json\/wp\/v2\/posts"}],"about":[{"href":"https:\/\/delfoscba.com.ar\/dev\/wp-json\/wp\/v2\/types\/post"}],"author":[{"embeddable":true,"href":"https:\/\/delfoscba.com.ar\/dev\/wp-json\/wp\/v2\/users\/2"}],"replies":[{"embeddable":true,"href":"https:\/\/delfoscba.com.ar\/dev\/wp-json\/wp\/v2\/comments?post=20218"}],"version-history":[{"count":2,"href":"https:\/\/delfoscba.com.ar\/dev\/wp-json\/wp\/v2\/posts\/20218\/revisions"}],"predecessor-version":[{"id":20226,"href":"https:\/\/delfoscba.com.ar\/dev\/wp-json\/wp\/v2\/posts\/20218\/revisions\/20226"}],"wp:featuredmedia":[{"embeddable":true,"href":"https:\/\/delfoscba.com.ar\/dev\/wp-json\/wp\/v2\/media\/20219"}],"wp:attachment":[{"href":"https:\/\/delfoscba.com.ar\/dev\/wp-json\/wp\/v2\/media?parent=20218"}],"wp:term":[{"taxonomy":"category","embeddable":true,"href":"https:\/\/delfoscba.com.ar\/dev\/wp-json\/wp\/v2\/categories?post=20218"},{"taxonomy":"post_tag","embeddable":true,"href":"https:\/\/delfoscba.com.ar\/dev\/wp-json\/wp\/v2\/tags?post=20218"}],"curies":[{"name":"wp","href":"https:\/\/api.w.org\/{rel}","templated":true}]}}