{"id":20221,"date":"2025-09-23T19:18:23","date_gmt":"2025-09-23T19:18:23","guid":{"rendered":"https:\/\/delfoscba.com.ar\/dev\/?p=20221"},"modified":"2025-11-13T19:23:51","modified_gmt":"2025-11-13T19:23:51","slug":"el-discurso-de-milei-pierde-eficacia-politica","status":"publish","type":"post","link":"https:\/\/delfoscba.com.ar\/dev\/politica\/el-discurso-de-milei-pierde-eficacia-politica\/","title":{"rendered":"El discurso de Milei pierde eficacia pol\u00edtica"},"content":{"rendered":"<h2>NOTA DE OPINI\u00d3N<\/h2>\n<h4 class=\"elementor-author-box__name\">Luis Dall&#8217; Aglio | <em><strong>Director<\/strong><\/em><\/h4>\n<p>El discurso pol\u00edtico de Javier Milei irrumpi\u00f3 en la escena nacional con una fuerza disruptiva que logr\u00f3 interpelar a vastos sectores de la sociedad argentina. Su narrativa contra la \u201ccasta\u201d y su promesa de encarnar un cambio radical le dieron identidad, potencia y legitimidad electoral.<\/p>\n<p>Esta posici\u00f3n le permiti\u00f3 convertir la frustraci\u00f3n en la que hab\u00eda ca\u00eddo el pueblo argentino en expectativa, bajo una nueva modalidad persuasiva: ser genuino y decir lo que se piensa.<\/p>\n<p>De este modo, el pedido de sacrificio que hizo al comienzo de su mandato encontr\u00f3 r\u00e1pidamente respuesta en una gran porci\u00f3n del electorado que prefiri\u00f3 priorizar el nuevo v\u00ednculo y dejar de lado o justificar sus formas irrespetuosas y discursos descalificadores.<\/p>\n<p>Esta novedosa relaci\u00f3n de la sociedad argentina con la pol\u00edtica se orden\u00f3 en torno a esta nueva \u00e9pica y, temporalmente, a dos momentos: el de los enunciados y el de los resultados.<\/p>\n<p>Cuando Milei planteo a fines de 2024 que lo peor ya hab\u00eda pasado y que a partir de all\u00ed ser\u00edan todas buenas noticias, la sociedad cambio de momento y se dispuso a comenzar a disfrutar y reformar sus creencias, a partir de los resultados de ese sacrificio. Para la gran mayor\u00eda esto no est\u00e1 ocurriendo.<\/p>\n<p>Por eso, a medida que avanz\u00f3 su gesti\u00f3n, esos pilares ret\u00f3ricos comenzaron a perder eficacia pol\u00edtica. No se trata solo de un desgaste por el transcurso del tiempo, sino tambi\u00e9n, por contradicciones internas que debilitan la coherencia de su relato.<\/p>\n<h2>1. El desv\u00edo del discurso anti casta<\/h2>\n<p>El coraz\u00f3n del mensaje mile\u00edsta se bas\u00f3 en la idea de enfrentar a una \u00e9lite privilegiada que viv\u00eda a expensas del pueblo. Pero esa bandera se desdibuja frente a hechos concretos: el intento de nombrar a Ariel Lijo en la Corte Suprema, la incorporaci\u00f3n de figuras hist\u00f3ricamente ligadas a la \u201ccasta\u201d \u2014como los Menem o Toto Caputo\u2014 y el hecho de que el ajuste econ\u00f3mico no recay\u00f3 sobre los sectores privilegiados sino sobre los m\u00e1s vulnerables, en particular jubilados y personas con discapacidad. De esta manera, la narrativa anti casta se volvi\u00f3 contradictoria, perdiendo fuerza como bandera moral y pol\u00edtica.<\/p>\n<h2>2. La transparencia en cuesti\u00f3n<\/h2>\n<p>Milei construy\u00f3 parte de su legitimidad sobre la base de acusar a sus adversarios \u2014principalmente el kirchnerismo\u2014 de corrupci\u00f3n, present\u00e1ndose a s\u00ed mismo como adalid de la transparencia. Sin embargo, los episodios en torno al caso Libra o los audios comprometedores que afectan a su entorno, generan dudas.<\/p>\n<p>No necesariamente lo implican directamente, pero s\u00ed involucran a su c\u00edrculo m\u00e1s cercano, al cual respalda. Esto erosiona la distancia moral que buscaba marcar frente a \u201clos chorros K\u201d y vuelve borroso el contraste que tanto le sirvi\u00f3 en campa\u00f1a.<\/p>\n<h2>3. La estabilidad sin bienestar<\/h2>\n<p>El gobierno logr\u00f3 cierta estabilidad econ\u00f3mica en t\u00e9rminos de inflaci\u00f3n y orden macroecon\u00f3mico. Pero ese nuevo estatus no se tradujo en capacidad de consumo ni en alivio cotidiano para las familias.<\/p>\n<p>Con precios menos desbordados, muchos hogares igualmente no llegan a fin de mes y, lo que en principio pod\u00eda exhibirse como un logro, se percibe ahora como un orden est\u00e9ril, incapaz de resolver hasta la urgencia de \u201cpoder comer\u201d.<\/p>\n<p>La desconexi\u00f3n entre indicadores macro y realidades micro mina la eficacia del discurso oficial.<\/p>\n<h2>4. El sacrificio sin horizonte<\/h2>\n<p>Milei apel\u00f3 desde el inicio a la ret\u00f3rica del sacrificio, convocando a la sociedad a soportar las dificultades actuales en pos de un futuro mejor. Pero cuando los sacrificios no muestran resultados tangibles que mejoren las expectativas sociales, esa narrativa pierde sentido.<\/p>\n<p>La paciencia ciudadana tiene l\u00edmites, y la ausencia de beneficios concretos vuelve el discurso de sacrificio una promesa vac\u00eda, incapaz de sostener adhesiones a largo plazo.<\/p>\n<p>De este modo, el discurso pol\u00edtico de Javier Milei que fue inicialmente un arma poderosa que moviliz\u00f3 adhesiones y gener\u00f3 identidad, hoy enfrenta una crisis de efectividad ya que se fue erosionando por contradicciones entre las palabras y los hechos, por la falta de resultados visibles en la vida cotidiana y por un desgaste simb\u00f3lico que desnuda las tensiones entre relato y realidad.<\/p>\n<p>Es por esta misma raz\u00f3n que, a pesar de pretender recuperar la centralidad pol\u00edtica con un nuevo presupuesto con mejoras para sectores vulnerables o la baja de la retenci\u00f3n hasta fin de mes, aumentan las contradicciones y queda en evidencia la falta de efectividad en t\u00e9rminos del efecto pol\u00edtico buscado.<\/p>\n<p>Si el gobierno no logra recomponer la coherencia de su narrativa con acciones concretas, el riesgo es que el discurso que lo llev\u00f3 al poder se convierta en la evidencia palpable de su declive pol\u00edtico.<\/p>\n<h2>Seguinos en nuestras redes<\/h2>\n<p><a href=\"https:\/\/www.facebook.com\/ConsultoraDelfos\" target=\"_blank\" rel=\"noopener\"><br \/>\nFacebook-f<br \/>\n<\/a><br \/>\n<a href=\"https:\/\/twitter.com\/delfoscba\" target=\"_blank\" rel=\"noopener\"><br \/>\nTwitter<br \/>\n<\/a><br \/>\n<a target=\"_blank\"><br \/>\nLinkedin<br \/>\n<\/a><\/p>\n","protected":false},"excerpt":{"rendered":"<p>La gesti\u00f3n comienza a pagar el costo de sus yerros con p\u00e9rdida de potencia y eficacia pol\u00edtica<\/p>\n","protected":false},"author":2,"featured_media":20223,"comment_status":"open","ping_status":"open","sticky":false,"template":"","format":"standard","meta":{"_acf_changed":false,"footnotes":""},"categories":[3],"tags":[953,244,40,38,301,1519,45,348,128,806,97,246,929,230,138,1520,240,1508,1521,1522,569,547,282,188,247,56,31],"class_list":["post-20221","post","type-post","status-publish","format-standard","has-post-thumbnail","hentry","category-politica","tag-axel","tag-buenos-aires","tag-consultora","tag-cordoba","tag-corrupcion","tag-costo","tag-crisis","tag-datos","tag-delfos","tag-derrota","tag-elecciones","tag-encuestas","tag-espanol","tag-estadistica","tag-gestion","tag-insensibilidad","tag-legislativas","tag-luis-dall-aglio","tag-mercado","tag-mercancia","tag-milei","tag-nacional","tag-opinion","tag-opinion-publica","tag-paso","tag-politica","tag-sociedad","et-has-post-format-content","et_post_format-et-post-format-standard"],"acf":[],"_links":{"self":[{"href":"https:\/\/delfoscba.com.ar\/dev\/wp-json\/wp\/v2\/posts\/20221","targetHints":{"allow":["GET"]}}],"collection":[{"href":"https:\/\/delfoscba.com.ar\/dev\/wp-json\/wp\/v2\/posts"}],"about":[{"href":"https:\/\/delfoscba.com.ar\/dev\/wp-json\/wp\/v2\/types\/post"}],"author":[{"embeddable":true,"href":"https:\/\/delfoscba.com.ar\/dev\/wp-json\/wp\/v2\/users\/2"}],"replies":[{"embeddable":true,"href":"https:\/\/delfoscba.com.ar\/dev\/wp-json\/wp\/v2\/comments?post=20221"}],"version-history":[{"count":3,"href":"https:\/\/delfoscba.com.ar\/dev\/wp-json\/wp\/v2\/posts\/20221\/revisions"}],"predecessor-version":[{"id":20227,"href":"https:\/\/delfoscba.com.ar\/dev\/wp-json\/wp\/v2\/posts\/20221\/revisions\/20227"}],"wp:featuredmedia":[{"embeddable":true,"href":"https:\/\/delfoscba.com.ar\/dev\/wp-json\/wp\/v2\/media\/20223"}],"wp:attachment":[{"href":"https:\/\/delfoscba.com.ar\/dev\/wp-json\/wp\/v2\/media?parent=20221"}],"wp:term":[{"taxonomy":"category","embeddable":true,"href":"https:\/\/delfoscba.com.ar\/dev\/wp-json\/wp\/v2\/categories?post=20221"},{"taxonomy":"post_tag","embeddable":true,"href":"https:\/\/delfoscba.com.ar\/dev\/wp-json\/wp\/v2\/tags?post=20221"}],"curies":[{"name":"wp","href":"https:\/\/api.w.org\/{rel}","templated":true}]}}