{"id":20260,"date":"2025-12-02T13:58:47","date_gmt":"2025-12-02T13:58:47","guid":{"rendered":"https:\/\/delfoscba.com.ar\/dev\/?p=20260"},"modified":"2025-12-02T17:40:00","modified_gmt":"2025-12-02T17:40:00","slug":"la-argentina-frente-a-la-ia-entre-la-curiosidad-el-miedo-y-el-desafio-de-no-quedarse-atras","status":"publish","type":"post","link":"https:\/\/delfoscba.com.ar\/dev\/hero-slider\/la-argentina-frente-a-la-ia-entre-la-curiosidad-el-miedo-y-el-desafio-de-no-quedarse-atras\/","title":{"rendered":"La Argentina frente a la IA: entre la curiosidad, el miedo y el desaf\u00edo de no quedarse atr\u00e1s"},"content":{"rendered":"<h2>NOTA DE OPINI\u00d3N<\/h2>\n<p class=\"elementor-author-box__name\">Luis Dall\u00b4Aglio | <em><strong>Director<\/strong><\/em><\/p>\n<p>&nbsp;<\/p>\n<p>La revoluci\u00f3n tecnol\u00f3gica ya no golpea la puerta: entr\u00f3 sin pedir permiso. Y lo hizo de manera silenciosa, mezclada entre tareas cotidianas, conversaciones laborales y b\u00fasquedas de informaci\u00f3n que antes parec\u00edan rutinarias. La inteligencia artificial (IA) se volvi\u00f3 parte de la vida de millones de argentinos, aun cuando muchos no terminan de entenderla o siguen desconfiando de ella.<\/p>\n<p>El nuevo informe nacional realizado por la Consultora Delfos entre 4.836 casos online en todo el pa\u00eds sobre IA muestra una foto elocuente: casi 4 de cada 10 adultos ya usaron herramientas de IA en 2025.<\/p>\n<p>Es decir, el perfil de uso revela que la IA es vista principalmente como un asistente cognitivo y laboral m\u00e1s que como un sustituto de procesos humanos.<\/p>\n<p>Los usuarios valoran la IA como aliada en el mundo laboral y creativo, porque permite ahorrar tiempo, mejorar redacci\u00f3n, generar borradores o producir insumos que luego son adaptados. Representa un uso instrumental, pr\u00e1ctico y directamente vinculado con la eficiencia.<\/p>\n<p>La curiosidad y la creatividad aparecen como dimensiones complementarias que refuerzan su atractivo.<\/p>\n<p>Que la cantidad de usuarios de IA no sea mayor no sorprende; lo que sorprende es la velocidad en que esta cifra creci\u00f3 en menos de dos a\u00f1os.<\/p>\n<p>La adopci\u00f3n, como ocurre siempre con las tecnolog\u00edas transformadoras, avanza de modo desigual: j\u00f3venes, personas con estudios altos y usuarios intensivos del mundo laboral lideran la tendencia.<\/p>\n<p>Por ejemplo, el 49 por ciento de los abogados de la provincia de C\u00f3rdoba dijo en una encuesta de diciembre de 2025 que usa la IA. Y el 54 por ciento de los arquitectos cordobeses indic\u00f3 que la usa. Es decir, son herramientas que est\u00e1n incorporadas en las tareas cotidianas de gran parte de los profesionales.<\/p>\n<p>Es un fen\u00f3meno global, plantea desaf\u00edos impostergables, debido a que, mientras la tecnolog\u00eda se expande el Estado, la escuela, las empresas y la ciudadan\u00eda a\u00fan discuten qu\u00e9 hacer con ella.<\/p>\n<p><strong>La brecha cultural: m\u00e1s profunda que la digital<\/strong><\/p>\n<p>El dato m\u00e1s revelador del informe no est\u00e1 en el porcentaje de usuarios, sino en el de quienes no usan IA: <strong>m\u00e1s de la mitad no la utiliza porque no le encuentra utilidad, no le interesa o no la necesita<\/strong>. No es falta de acceso ni de infraestructura: es falta de sentido.<\/p>\n<p>La famosa \u201cbrecha digital\u201d ya no es de conectividad, es <strong>una brecha cultural<\/strong>. La tecnolog\u00eda se volvi\u00f3 accesible, pero no necesariamente relevante para todos. Y en ese punto se juega el verdadero desaf\u00edo: c\u00f3mo demostrarle valor a quienes todav\u00eda la miran de lejos.<\/p>\n<p>El informe es contundente: s\u00f3lo un 19% dice conocer mucho sobre IA. El resto la usa \u201ca tientas\u201d, sin comprender realmente el alcance de lo que tiene entre manos. Usamos IA sin entender IA, y \u00e9se es un s\u00edntoma del tiempo.<\/p>\n<p>&nbsp;<\/p>\n<p><strong>Confianza limitada en un mundo que cambia r\u00e1pido<\/strong><\/p>\n<p>Otro dato que interpela: el 62% conf\u00eda poco o nada en la precisi\u00f3n de las respuestas de la IA. No es un rechazo a la tecnolog\u00eda, es una desconfianza razonable en un contexto donde la informaci\u00f3n es un terreno movedizo y la desinformaci\u00f3n florece. La IA amplifica dudas preexistentes: \u00bfqu\u00e9 es verdad?, \u00bfqui\u00e9n controla los datos?, \u00bfqu\u00e9 pasa con la privacidad?, \u00bfqu\u00e9 sesgos tiene el algoritmo?<\/p>\n<p>Parad\u00f3jicamente, esa desconfianza convive con el uso masivo de herramientas como ChatGPT, que lidera las preferencias con un 47%. La sociedad se relaciona con la IA como quien maneja un auto que no sabe del todo c\u00f3mo funciona, pero conf\u00eda en que lo llevar\u00e1 a destino. Un v\u00ednculo tan \u00fatil como fr\u00e1gil.<\/p>\n<p><strong>El fantasma del reemplazo laboral<\/strong><\/p>\n<p>Quiz\u00e1s el punto m\u00e1s delicado: uno de cada cinco trabajadores cree que la IA podr\u00eda reemplazarlo. No es un dato menor en un pa\u00eds con altos niveles de informalidad, incertidumbre econ\u00f3mica y reconversi\u00f3n laboral acelerada.<\/p>\n<p>Pero tambi\u00e9n puede leerse desde otra perspectiva: quienes temen ser reemplazados son, en su mayor\u00eda, quienes ya la usan. Es decir, quienes est\u00e1n un paso adelante. El miedo, en este caso, puede operar como motor de aprendizaje.<\/p>\n<p>El desaf\u00edo para el pa\u00eds es claro: <strong>formaci\u00f3n, reconversi\u00f3n, capacitaci\u00f3n continua<\/strong>. La IA no eliminar\u00e1 trabajos, pero s\u00ed los transformar\u00e1. Y la Argentina no puede darse el lujo de mirar esa transformaci\u00f3n desde la tribuna.<\/p>\n<p><strong>La oportunidad que todav\u00eda no vemos<\/strong><\/p>\n<p>La IA no es solo una herramienta tecnol\u00f3gica: es un nuevo modo de pensar los procesos de producci\u00f3n, de estudiar, de decidir. Ya cambi\u00f3 la forma en que escribimos, buscamos informaci\u00f3n, dise\u00f1amos, resolvemos problemas o encaramos tareas complejas. Pero para que esa transformaci\u00f3n sea inclusiva se necesita algo que todav\u00eda falta: <strong>pol\u00edtica p\u00fablica, estrategia educativa y visi\u00f3n de largo plazo<\/strong>.<\/p>\n<p>Es importante discutir regulaciones, incentivos, marcos \u00e9ticos y formaci\u00f3n desde edades tempranas, para comenzar el tr\u00e1nsito entre la fascinaci\u00f3n y la improvisaci\u00f3n, y la formalizaci\u00f3n de un nuevo momento en la construcci\u00f3n de conocimiento. El informe de la Consultora Delfos ratifica algo que pasa con las nuevas tecnolog\u00edas: la IA llega antes de preparados suficientemente.<\/p>\n<p>Es decir, estamos en la ventana precisa donde se decide si la IA ser\u00e1 una oportunidad democratizadora o un nuevo factor de desigualdad.<\/p>\n<p>La Argentina tiene una ventaja: la creatividad, la flexibilidad y la capacidad de adaptaci\u00f3n cultural que hist\u00f3ricamente la caracterizan. La IA no va a reemplazar eso. Pero s\u00ed puede potenciarlo, multiplicarlo o, si no hacemos nada, dejarlo obsoleto.<\/p>\n<p>La pregunta ya no es si la IA va a transformar la vida de los argentinos. La pregunta es c\u00f3mo sumamos esta herramienta a la transformaci\u00f3n del pa\u00eds.<\/p>\n<p>Y ah\u00ed no deciden los algoritmos: decidimos nosotros.<\/p>\n<h2>Seguinos en nuestras redes<\/h2>\n<p><a href=\"https:\/\/www.facebook.com\/ConsultoraDelfos\" target=\"_blank\" rel=\"noopener\"><br \/>\nFacebook-f<br \/>\n<\/a><br \/>\n<a href=\"https:\/\/twitter.com\/delfoscba\" target=\"_blank\" rel=\"noopener\"><br \/>\nTwitter<br \/>\n<\/a><br \/>\n<a target=\"_blank\"><br \/>\nLinkedin<br \/>\n<\/a><\/p>\n","protected":false},"excerpt":{"rendered":"<p>La inteligencia artificial ya es utilizada por casi 4 de cada 10 adultos en Argentina, principalmente como apoyo laboral y creativo. Aunque su adopci\u00f3n crece con rapidez, la mayor\u00eda a\u00fan desconf\u00eda de su precisi\u00f3n y muchos no la usan porque no le encuentran utilidad, evidenciando una brecha cultural m\u00e1s que digital. El desaf\u00edo, se\u00f1alan los analistas, es avanzar en formaci\u00f3n y pol\u00edticas p\u00fablicas que permitan integrar la IA sin profundizar desigualdades.<\/p>\n","protected":false},"author":2,"featured_media":20263,"comment_status":"open","ping_status":"open","sticky":false,"template":"","format":"standard","meta":{"_acf_changed":false,"footnotes":""},"categories":[1,5],"tags":[953,244,40,38,301,1519,45,348,128,806,97,246,929,230,138,1520,240,1508,1521,1522,569,547,282,188,247,56,31],"class_list":["post-20260","post","type-post","status-publish","format-standard","has-post-thumbnail","hentry","category-hero-slider","category-tecnologia","tag-axel","tag-buenos-aires","tag-consultora","tag-cordoba","tag-corrupcion","tag-costo","tag-crisis","tag-datos","tag-delfos","tag-derrota","tag-elecciones","tag-encuestas","tag-espanol","tag-estadistica","tag-gestion","tag-insensibilidad","tag-legislativas","tag-luis-dall-aglio","tag-mercado","tag-mercancia","tag-milei","tag-nacional","tag-opinion","tag-opinion-publica","tag-paso","tag-politica","tag-sociedad","et-has-post-format-content","et_post_format-et-post-format-standard"],"acf":[],"_links":{"self":[{"href":"https:\/\/delfoscba.com.ar\/dev\/wp-json\/wp\/v2\/posts\/20260","targetHints":{"allow":["GET"]}}],"collection":[{"href":"https:\/\/delfoscba.com.ar\/dev\/wp-json\/wp\/v2\/posts"}],"about":[{"href":"https:\/\/delfoscba.com.ar\/dev\/wp-json\/wp\/v2\/types\/post"}],"author":[{"embeddable":true,"href":"https:\/\/delfoscba.com.ar\/dev\/wp-json\/wp\/v2\/users\/2"}],"replies":[{"embeddable":true,"href":"https:\/\/delfoscba.com.ar\/dev\/wp-json\/wp\/v2\/comments?post=20260"}],"version-history":[{"count":2,"href":"https:\/\/delfoscba.com.ar\/dev\/wp-json\/wp\/v2\/posts\/20260\/revisions"}],"predecessor-version":[{"id":20264,"href":"https:\/\/delfoscba.com.ar\/dev\/wp-json\/wp\/v2\/posts\/20260\/revisions\/20264"}],"wp:featuredmedia":[{"embeddable":true,"href":"https:\/\/delfoscba.com.ar\/dev\/wp-json\/wp\/v2\/media\/20263"}],"wp:attachment":[{"href":"https:\/\/delfoscba.com.ar\/dev\/wp-json\/wp\/v2\/media?parent=20260"}],"wp:term":[{"taxonomy":"category","embeddable":true,"href":"https:\/\/delfoscba.com.ar\/dev\/wp-json\/wp\/v2\/categories?post=20260"},{"taxonomy":"post_tag","embeddable":true,"href":"https:\/\/delfoscba.com.ar\/dev\/wp-json\/wp\/v2\/tags?post=20260"}],"curies":[{"name":"wp","href":"https:\/\/api.w.org\/{rel}","templated":true}]}}