{"id":20274,"date":"2025-12-02T17:09:57","date_gmt":"2025-12-02T17:09:57","guid":{"rendered":"https:\/\/delfoscba.com.ar\/dev\/?p=20274"},"modified":"2025-12-02T18:35:01","modified_gmt":"2025-12-02T18:35:01","slug":"a-casi-dos-anos-de-gobierno-milei-conserva-su-nucleo-y-mantiene-el-reclamo-social","status":"publish","type":"post","link":"https:\/\/delfoscba.com.ar\/dev\/politica\/a-casi-dos-anos-de-gobierno-milei-conserva-su-nucleo-y-mantiene-el-reclamo-social\/","title":{"rendered":"A casi dos a\u00f1os de gobierno, Milei conserva  su n\u00facleo y mantiene el reclamo social"},"content":{"rendered":"\t\t<div data-elementor-type=\"wp-post\" data-elementor-id=\"20274\" class=\"elementor elementor-20274\" data-elementor-post-type=\"post\">\n\t\t\t\t\t\t<section class=\"elementor-section elementor-top-section elementor-element elementor-element-41498b4 elementor-section-height-min-height elementor-section-boxed elementor-section-height-default elementor-section-items-middle\" data-id=\"41498b4\" data-element_type=\"section\" data-e-type=\"section\" data-settings=\"{&quot;background_background&quot;:&quot;classic&quot;}\">\n\t\t\t\t\t\t\t<div class=\"elementor-background-overlay\"><\/div>\n\t\t\t\t\t\t\t<div class=\"elementor-container elementor-column-gap-no\">\n\t\t\t\t\t<div class=\"elementor-column elementor-col-100 elementor-top-column elementor-element elementor-element-a18ac89\" data-id=\"a18ac89\" data-element_type=\"column\" data-e-type=\"column\">\n\t\t\t<div class=\"elementor-widget-wrap elementor-element-populated\">\n\t\t\t\t\t\t<div class=\"elementor-element elementor-element-e493600 elementor-widget elementor-widget-heading\" data-id=\"e493600\" data-element_type=\"widget\" data-e-type=\"widget\" data-widget_type=\"heading.default\">\n\t\t\t\t\t<h2 class=\"elementor-heading-title elementor-size-large\">NOTA DE OPINI\u00d3N<\/h2>\t\t\t\t<\/div>\n\t\t\t\t\t<\/div>\n\t\t<\/div>\n\t\t\t\t\t<\/div>\n\t\t<\/section>\n\t\t\t\t<section class=\"elementor-section elementor-top-section elementor-element elementor-element-7dafb6e4 elementor-section-boxed elementor-section-height-default elementor-section-height-default\" data-id=\"7dafb6e4\" data-element_type=\"section\" data-e-type=\"section\">\n\t\t\t\t\t\t<div class=\"elementor-container elementor-column-gap-default\">\n\t\t\t\t\t<div class=\"elementor-column elementor-col-100 elementor-top-column elementor-element elementor-element-38ae5a14\" data-id=\"38ae5a14\" data-element_type=\"column\" data-e-type=\"column\">\n\t\t\t<div class=\"elementor-widget-wrap elementor-element-populated\">\n\t\t\t\t\t\t<div class=\"elementor-element elementor-element-f8a3207 elementor-widget elementor-widget-author-box\" data-id=\"f8a3207\" data-element_type=\"widget\" data-e-type=\"widget\" data-widget_type=\"author-box.default\">\n\t\t\t\t\t\t\t<div class=\"elementor-author-box\">\n\t\t\t\t\t\t\t<a href=\"https:\/\/delfoscba.com.ar\/\/dev\/\/nosotros\/\" class=\"elementor-author-box__avatar\">\n\t\t\t\t\t<img decoding=\"async\" src=\"https:\/\/delfoscba.com.ar\/dev\/wp-content\/uploads\/2021\/02\/luis-250x250-1.jpg\" alt=\"Picture of Luis Dall&#039; Aglio\" loading=\"lazy\">\n\t\t\t\t<\/a>\n\t\t\t\n\t\t\t<div class=\"elementor-author-box__text\">\n\t\t\t\t\t\t\t\t\t<a href=\"https:\/\/delfoscba.com.ar\/\/dev\/\/nosotros\/\">\n\t\t\t\t\t\t<h4 class=\"elementor-author-box__name\">\n\t\t\t\t\t\t\tLuis Dall' Aglio\t\t\t\t\t\t<\/h4>\n\t\t\t\t\t<\/a>\n\t\t\t\t\n\t\t\t\t\t\t\t\t\t<div class=\"elementor-author-box__bio\">\n\t\t\t\t\t\t<p>Director<\/p>\n\t\t\t\t\t<\/div>\n\t\t\t\t\n\t\t\t\t\t\t\t<\/div>\n\t\t<\/div>\n\t\t\t\t\t\t<\/div>\n\t\t\t\t<div class=\"elementor-element elementor-element-7aefe4b4 elementor-widget elementor-widget-text-editor\" data-id=\"7aefe4b4\" data-element_type=\"widget\" data-e-type=\"widget\" data-widget_type=\"text-editor.default\">\n\t\t\t\t\t\t\t\t\t<p>Argentina no tuvo elecciones PASO este a\u00f1o, pero los comicios de la Provincia de Buenos Aires cumplieron el mismo efecto pol\u00edtico que en otros agostos: dejar golpeado al Gobierno nacional.<\/p><p>Las urnas volvieron a marcar la cancha. A los ganadores, que corren con la historia en contra; y a los perdedores, que sufrieron una derrota que se vivi\u00f3 como un plebiscito a la gesti\u00f3n de Javier Milei.<\/p><p>El triunfo bonaerense se parece m\u00e1s a un castigo al Gobierno nacional que a un reconocimiento a la gesti\u00f3n de Axel Kicillof. Y la derrota de La Libertad Avanza, aun en alianza con el PRO, expone que la estrategia de nacionalizar la campa\u00f1a \u2014que en mayo les dio buenos resultados en la Capital Federal\u2014 esta vez se convirti\u00f3 en un lastre.<\/p><p>La diferencia entre aquellas elecciones del 18 de mayo y las de este 7 de septiembre es clara:<br \/>\u2022 Agudizaci\u00f3n de la crisis social.<br \/>\u2022 Esc\u00e1ndalos de corrupci\u00f3n que erosionan la credibilidad.<br \/>\u2022 Desgaste del relato anti-casta, cada vez menos eficaz.<br \/>\u2022 P\u00e9rdida del poder adquisitivo, que quit\u00f3 fuerza al discurso de la estabilidad.<\/p><p>La sociedad cambi\u00f3 de fase: pas\u00f3 de acompa\u00f1ar enunciados a exigir resultados. Y lo que recibi\u00f3 a cambio fue m\u00e1s \u201cmotosierra\u201d, profundizando otro de los rasgos de este modelo: la insensibilidad.<\/p><p>Creer que Argentina puede sostenerse como una \u201csociedad de mercado\u201d \u2014en vez de una sociedad con mercado\u2014 ya produjo costosas derrotas en la historia pol\u00edtica nacional. La l\u00f3gica de tratar a la sociedad como mercanc\u00eda o como un n\u00famero en un Excel vuelve a mostrar sus l\u00edmites.<\/p><p>Por \u00faltimo, se percibe un agotamiento del tiempo de la confrontaci\u00f3n y el odio como m\u00e9todo de persuasi\u00f3n. Esa estrategia, usada en los dos extremos de la grieta, empieza a perder eficacia electoral.<\/p>\t\t\t\t\t\t\t\t<\/div>\n\t\t\t\t\t<\/div>\n\t\t<\/div>\n\t\t\t\t\t<\/div>\n\t\t<\/section>\n\t\t\t\t<section class=\"elementor-section elementor-top-section elementor-element elementor-element-b28ac47 elementor-section-height-min-height elementor-section-boxed elementor-section-height-default elementor-section-items-middle\" data-id=\"b28ac47\" data-element_type=\"section\" data-e-type=\"section\" data-settings=\"{&quot;background_background&quot;:&quot;classic&quot;}\">\n\t\t\t\t\t\t\t<div class=\"elementor-background-overlay\"><\/div>\n\t\t\t\t\t\t\t<div class=\"elementor-container elementor-column-gap-default\">\n\t\t\t\t\t<div class=\"elementor-column elementor-col-100 elementor-top-column elementor-element elementor-element-88fba06\" data-id=\"88fba06\" data-element_type=\"column\" data-e-type=\"column\">\n\t\t\t<div class=\"elementor-widget-wrap elementor-element-populated\">\n\t\t\t\t\t\t<div class=\"elementor-element elementor-element-7e65226 elementor-widget elementor-widget-heading\" data-id=\"7e65226\" data-element_type=\"widget\" data-e-type=\"widget\" data-widget_type=\"heading.default\">\n\t\t\t\t\t<h2 class=\"elementor-heading-title elementor-size-large\">Seguinos en nuestras redes<\/h2>\t\t\t\t<\/div>\n\t\t\t\t<div class=\"elementor-element elementor-element-c37b7ef elementor-shape-circle e-grid-align-tablet-center e-grid-align-mobile-center e-grid-align-left elementor-grid-0 elementor-widget elementor-widget-social-icons\" data-id=\"c37b7ef\" data-element_type=\"widget\" data-e-type=\"widget\" data-widget_type=\"social-icons.default\">\n\t\t\t\t\t\t\t<div class=\"elementor-social-icons-wrapper elementor-grid\" role=\"list\">\n\t\t\t\t\t\t\t<span class=\"elementor-grid-item\" role=\"listitem\">\n\t\t\t\t\t<a class=\"elementor-icon elementor-social-icon elementor-social-icon-facebook-f elementor-repeater-item-lf5yt4c\" href=\"https:\/\/www.facebook.com\/ConsultoraDelfos\" target=\"_blank\">\n\t\t\t\t\t\t<span class=\"elementor-screen-only\">Facebook-f<\/span>\n\t\t\t\t\t\t<i aria-hidden=\"true\" class=\"fab fa-facebook-f\"><\/i>\t\t\t\t\t<\/a>\n\t\t\t\t<\/span>\n\t\t\t\t\t\t\t<span class=\"elementor-grid-item\" role=\"listitem\">\n\t\t\t\t\t<a class=\"elementor-icon elementor-social-icon elementor-social-icon-twitter elementor-repeater-item-01xie82\" href=\"https:\/\/twitter.com\/delfoscba\" target=\"_blank\">\n\t\t\t\t\t\t<span class=\"elementor-screen-only\">Twitter<\/span>\n\t\t\t\t\t\t<i aria-hidden=\"true\" class=\"fab fa-twitter\"><\/i>\t\t\t\t\t<\/a>\n\t\t\t\t<\/span>\n\t\t\t\t\t\t\t<span class=\"elementor-grid-item\" role=\"listitem\">\n\t\t\t\t\t<a class=\"elementor-icon elementor-social-icon elementor-social-icon-linkedin elementor-repeater-item-grhvqhn\" target=\"_blank\">\n\t\t\t\t\t\t<span class=\"elementor-screen-only\">Linkedin<\/span>\n\t\t\t\t\t\t<i aria-hidden=\"true\" class=\"fab fa-linkedin\"><\/i>\t\t\t\t\t<\/a>\n\t\t\t\t<\/span>\n\t\t\t\t\t<\/div>\n\t\t\t\t\t\t<\/div>\n\t\t\t\t\t<\/div>\n\t\t<\/div>\n\t\t\t\t\t<\/div>\n\t\t<\/section>\n\t\t\t\t<\/div>\n\t\t","protected":false},"excerpt":{"rendered":"<p>Una reciente encuesta nacional de la Consultora Delfos revela que, a casi dos a\u00f1os de la presidencia de Javier Milei, el Gobierno conserva un apoyo cercano al 40%, similar al obtenido en las elecciones, pero sin lograr expandirse m\u00e1s all\u00e1 de su base dura. El estudio muestra un clima social atravesado por la crisis econ\u00f3mica, el deterioro institucional y un creciente distanciamiento pol\u00edtico: la mayor\u00eda de los dirigentes, oficialistas y opositores, registran m\u00e1s imagen negativa que positiva. Aunque persiste un \u201ccr\u00e9dito extendido\u201d hacia el Presidente, las expectativas son bajas y el malestar econ\u00f3mico sigue siendo el principal factor de evaluaci\u00f3n ciudadana. La sociedad se mantiene expectante y exige resultados concretos ante un ajuste cuyo respaldo comienza a mostrar se\u00f1ales de agotamiento.<\/p>\n","protected":false},"author":2,"featured_media":20276,"comment_status":"open","ping_status":"open","sticky":false,"template":"","format":"standard","meta":{"_acf_changed":false,"footnotes":""},"categories":[3],"tags":[953,244,40,38,301,1519,45,348,128,806,97,246,929,230,138,1520,240,1508,1521,1522,569,547,282,188,247,56,31],"class_list":["post-20274","post","type-post","status-publish","format-standard","has-post-thumbnail","hentry","category-politica","tag-axel","tag-buenos-aires","tag-consultora","tag-cordoba","tag-corrupcion","tag-costo","tag-crisis","tag-datos","tag-delfos","tag-derrota","tag-elecciones","tag-encuestas","tag-espanol","tag-estadistica","tag-gestion","tag-insensibilidad","tag-legislativas","tag-luis-dall-aglio","tag-mercado","tag-mercancia","tag-milei","tag-nacional","tag-opinion","tag-opinion-publica","tag-paso","tag-politica","tag-sociedad","et-has-post-format-content","et_post_format-et-post-format-standard"],"acf":[],"_links":{"self":[{"href":"https:\/\/delfoscba.com.ar\/dev\/wp-json\/wp\/v2\/posts\/20274","targetHints":{"allow":["GET"]}}],"collection":[{"href":"https:\/\/delfoscba.com.ar\/dev\/wp-json\/wp\/v2\/posts"}],"about":[{"href":"https:\/\/delfoscba.com.ar\/dev\/wp-json\/wp\/v2\/types\/post"}],"author":[{"embeddable":true,"href":"https:\/\/delfoscba.com.ar\/dev\/wp-json\/wp\/v2\/users\/2"}],"replies":[{"embeddable":true,"href":"https:\/\/delfoscba.com.ar\/dev\/wp-json\/wp\/v2\/comments?post=20274"}],"version-history":[{"count":4,"href":"https:\/\/delfoscba.com.ar\/dev\/wp-json\/wp\/v2\/posts\/20274\/revisions"}],"predecessor-version":[{"id":20290,"href":"https:\/\/delfoscba.com.ar\/dev\/wp-json\/wp\/v2\/posts\/20274\/revisions\/20290"}],"wp:featuredmedia":[{"embeddable":true,"href":"https:\/\/delfoscba.com.ar\/dev\/wp-json\/wp\/v2\/media\/20276"}],"wp:attachment":[{"href":"https:\/\/delfoscba.com.ar\/dev\/wp-json\/wp\/v2\/media?parent=20274"}],"wp:term":[{"taxonomy":"category","embeddable":true,"href":"https:\/\/delfoscba.com.ar\/dev\/wp-json\/wp\/v2\/categories?post=20274"},{"taxonomy":"post_tag","embeddable":true,"href":"https:\/\/delfoscba.com.ar\/dev\/wp-json\/wp\/v2\/tags?post=20274"}],"curies":[{"name":"wp","href":"https:\/\/api.w.org\/{rel}","templated":true}]}}