{"id":20278,"date":"2025-12-02T17:19:52","date_gmt":"2025-12-02T17:19:52","guid":{"rendered":"https:\/\/delfoscba.com.ar\/dev\/?p=20278"},"modified":"2025-12-02T17:39:42","modified_gmt":"2025-12-02T17:39:42","slug":"el-perfil-ideologico-que-dejo-el-voto-cordobes","status":"publish","type":"post","link":"https:\/\/delfoscba.com.ar\/dev\/politica\/el-perfil-ideologico-que-dejo-el-voto-cordobes\/","title":{"rendered":"El perfil ideol\u00f3gico que dej\u00f3 el voto Cordob\u00e9s"},"content":{"rendered":"<h2>NOTA DE OPINI\u00d3N<\/h2>\n<p class=\"elementor-author-box__name\">Luis Dall\u00b4Aglio | <em><strong>Director<\/strong><\/em><\/p>\n<p>&nbsp;<\/p>\n<p>En las elecciones ejecutivas, las sociedades suelen votar priorizando aquello que necesitan de manera m\u00e1s inmediata, con un enfoque pragm\u00e1tico, utilitario y racional. En cambio, en las elecciones legislativas, las decisiones est\u00e1n m\u00e1s atravesadas por percepciones, valores y emociones.<\/p>\n<p>Tras los comicios del 26 de octubre, adem\u00e1s resultados, ganadores y perdedores, la sociedad cordobesa dej\u00f3 entrever un conjunto de se\u00f1ales claras sobre sus intenciones pol\u00edticas. A partir de ello es posible reconstruir un perfil ideol\u00f3gico que surge de lo que eligi\u00f3.<\/p>\n<p>Esta lectura se apoya en los pron\u00f3sticos realizados durante la \u00faltima semana previa a las elecciones, cuando las encuestas de la Consultora Delfos anticipaban una ventaja de 11 puntos a favor de La Libertad Avanza. A la luz de los resultados y en contraste con las mediciones domiciliarias realizadas en toda la provincia, analizamos qu\u00e9 ideas est\u00e1n votando los cordobeses cuando votan.<\/p>\n<p>El desempe\u00f1o de las fuerzas con mayor caudal electoral (LLA, Provincias Unidas, Defendamos C\u00f3rdoba y la UCR) permite delinear un perfil ideol\u00f3gico caracter\u00edstico de la provincia. En t\u00e9rminos generales, emerge un electorado predominantemente liberal-federal, con fuertes componentes identitarios y un marcado sentido de autonom\u00eda respecto de la pol\u00edtica nacional.<\/p>\n<p>Incluso puede rastrearse cierta continuidad con rasgos del hist\u00f3rico Partido Dem\u00f3crata que tuvo peso en C\u00f3rdoba a principios del siglo pasado, cuya impronta \u2014en alguna medida\u2014 persiste en la identidad pol\u00edtica provincial.<\/p>\n<p><strong>Este pensamiento liberal-federal se expresa en los siguientes rasgos:<\/strong><\/p>\n<ul>\n<li><em>Antiestatismo selectivo: demanda de orden, control del gasto y eficiencia p\u00fablica, pero tambi\u00e9n expectativas claras de protecci\u00f3n por parte del Estado provincial.<\/em><\/li>\n<li><em>Meritocracia y movilidad: fuerte adhesi\u00f3n a valores de esfuerzo individual, trabajo y educaci\u00f3n como motores de progreso.<\/em><\/li>\n<li><em>Federalismo y autonom\u00eda: rechazo a la centralizaci\u00f3n nacional y defensa activa del federalismo.<\/em><\/li>\n<li><em>Desconexi\u00f3n partidaria: descreimiento de los partidos tradicionales; preferencia por liderazgos personales y coaliciones flexibles.<\/em><\/li>\n<li><em>Tono ideol\u00f3gico: una centroderecha con matices: liberal en las clases medias-altas urbanas, y m\u00e1s provincialista y pragm\u00e1tica en sectores medios y populares.<\/em><\/li>\n<\/ul>\n<p>C\u00f3rdoba reafirma, adem\u00e1s, su condici\u00f3n de territorio refractario al \u201cpopulismo nacional\u201d, con un electorado que oscila entre el liberalismo econ\u00f3mico y un \u201ccordobesismo identitario\u201d. Su base social combina clases medias ascendentes sostenidas en el progreso econ\u00f3mico, j\u00f3venes fuertemente digitalizados y trabajadores aut\u00f3nomos.<\/p>\n<p>En t\u00e9rminos electorales, el voto cordob\u00e9s conjuga demandas de eficiencia econ\u00f3mica, baja presi\u00f3n fiscal y una s\u00f3lida identidad provincial. A la vez, mantiene un claro posicionamiento \u201canti K\u201d, con m\u00e1s del 70% del electorado optando por propuestas que rechazan esa corriente pol\u00edtica.<\/p>\n<p>Este perfil ideol\u00f3gico y pol\u00edtico puede comprenderse mejor a partir del marco cultural que define a la provincia. Seg\u00fan otro estudio reciente de la Consultora Delfos, C\u00f3rdoba se percibe a s\u00ed misma como una comunidad orgullosa, rebelde, trabajadora y contradictoria: combina alegr\u00eda popular con convicciones pol\u00edticas firmes, una identidad cultural vibrante y una mirada cr\u00edtica tanto hacia s\u00ed misma como hacia el pa\u00eds.<\/p>\n<p>La C\u00f3rdoba que emerge de ese estudio \u2014realizado tambi\u00e9n en octubre en toda la provincia\u2014 es libre y conservadora, moderna y tradicional, autocr\u00edtica y vanidosa, con un fuerte sentido de pertenencia y un deseo permanente de diferenciarse.<\/p>\n<h2>Seguinos en nuestras redes<\/h2>\n<p><a href=\"https:\/\/www.facebook.com\/ConsultoraDelfos\" target=\"_blank\" rel=\"noopener\"><br \/>\nFacebook-f<br \/>\n<\/a><br \/>\n<a href=\"https:\/\/twitter.com\/delfoscba\" target=\"_blank\" rel=\"noopener\"><br \/>\nTwitter<br \/>\n<\/a><br \/>\n<a target=\"_blank\"><br \/>\nLinkedin<br \/>\n<\/a><\/p>\n","protected":false},"excerpt":{"rendered":"<p>Las elecciones del 26 de octubre en C\u00f3rdoba revelaron un perfil ideol\u00f3gico marcado por un liberalismo de ra\u00edz provincial y un fuerte sentido de autonom\u00eda. Seg\u00fan estudios de la Consultora Delfos, el electorado cordob\u00e9s combina antiestatismo selectivo, meritocracia, defensa del federalismo y desconfianza hacia los partidos tradicionales. Con una identidad pol\u00edtica hist\u00f3ricamente refractaria al populismo nacional, la provincia reafirma un voto centrado en la eficiencia econ\u00f3mica, la baja presi\u00f3n fiscal y un marcado \u201ccordobesismo identitario\u201d. Este patr\u00f3n convive con una cultura local orgullosa, cr\u00edtica y fuertemente diferenciada del resto del pa\u00eds.<\/p>\n","protected":false},"author":2,"featured_media":20280,"comment_status":"open","ping_status":"open","sticky":false,"template":"","format":"standard","meta":{"_acf_changed":false,"footnotes":""},"categories":[3],"tags":[953,244,40,38,301,1519,45,348,128,806,97,246,929,230,138,1520,240,1508,1521,1522,569,547,282,188,247,56,31],"class_list":["post-20278","post","type-post","status-publish","format-standard","has-post-thumbnail","hentry","category-politica","tag-axel","tag-buenos-aires","tag-consultora","tag-cordoba","tag-corrupcion","tag-costo","tag-crisis","tag-datos","tag-delfos","tag-derrota","tag-elecciones","tag-encuestas","tag-espanol","tag-estadistica","tag-gestion","tag-insensibilidad","tag-legislativas","tag-luis-dall-aglio","tag-mercado","tag-mercancia","tag-milei","tag-nacional","tag-opinion","tag-opinion-publica","tag-paso","tag-politica","tag-sociedad","et-has-post-format-content","et_post_format-et-post-format-standard"],"acf":[],"_links":{"self":[{"href":"https:\/\/delfoscba.com.ar\/dev\/wp-json\/wp\/v2\/posts\/20278","targetHints":{"allow":["GET"]}}],"collection":[{"href":"https:\/\/delfoscba.com.ar\/dev\/wp-json\/wp\/v2\/posts"}],"about":[{"href":"https:\/\/delfoscba.com.ar\/dev\/wp-json\/wp\/v2\/types\/post"}],"author":[{"embeddable":true,"href":"https:\/\/delfoscba.com.ar\/dev\/wp-json\/wp\/v2\/users\/2"}],"replies":[{"embeddable":true,"href":"https:\/\/delfoscba.com.ar\/dev\/wp-json\/wp\/v2\/comments?post=20278"}],"version-history":[{"count":2,"href":"https:\/\/delfoscba.com.ar\/dev\/wp-json\/wp\/v2\/posts\/20278\/revisions"}],"predecessor-version":[{"id":20281,"href":"https:\/\/delfoscba.com.ar\/dev\/wp-json\/wp\/v2\/posts\/20278\/revisions\/20281"}],"wp:featuredmedia":[{"embeddable":true,"href":"https:\/\/delfoscba.com.ar\/dev\/wp-json\/wp\/v2\/media\/20280"}],"wp:attachment":[{"href":"https:\/\/delfoscba.com.ar\/dev\/wp-json\/wp\/v2\/media?parent=20278"}],"wp:term":[{"taxonomy":"category","embeddable":true,"href":"https:\/\/delfoscba.com.ar\/dev\/wp-json\/wp\/v2\/categories?post=20278"},{"taxonomy":"post_tag","embeddable":true,"href":"https:\/\/delfoscba.com.ar\/dev\/wp-json\/wp\/v2\/tags?post=20278"}],"curies":[{"name":"wp","href":"https:\/\/api.w.org\/{rel}","templated":true}]}}