{"id":2115,"date":"2011-07-20T17:38:03","date_gmt":"2011-07-20T20:38:03","guid":{"rendered":"https:\/\/delfosold.exportech.com.ar\/?p=532"},"modified":"2021-04-21T18:28:04","modified_gmt":"2021-04-21T18:28:04","slug":"amistad-entre-el-hombre-y-la-mujer","status":"publish","type":"post","link":"https:\/\/delfoscba.com.ar\/dev\/el-dato-de-delfos\/amistad-entre-el-hombre-y-la-mujer\/","title":{"rendered":"Amistad entre el Hombre y la Mujer"},"content":{"rendered":"<p>Uno de cada tres cordobeses no cree en la amistad entre el hombre y la mujer<\/p>\n<p>La investigaci\u00f3n realizada por la\u00a0<a href=\"https:\/\/delfosold.exportech.com.ar\/\" target=\"_blank\" rel=\"noopener\">consultora Delfos<\/a> en la provincia de C\u00f3rdoba muestra que el 27 por ciento de los consultados dijo no creer en la \u201camistad\u201d entre el hombre y la mujer.<\/p>\n<p>Si se toma en cuenta que la encuesta fue realizada a mayores de 18 a\u00f1os ser\u00edan m\u00e1s de 260 mil la cantidad de cordobeses que avalan la teor\u00eda de los \u201camigos con derecho\u201d.<\/p>\n<p>Por edades son los adultos de entre 30 a 49 a\u00f1os los que menos creen en la amistad entre el hombre y la mujer<\/p>\n<p>Por clase social es m\u00e1s com\u00fan encontrar \u201camigos con derecho\u00a0en la clase Baja donde el\u00a0\u00a030 por ciento no cree en una amistad sincera entre el hombre y la mujer. En la clase alta el mismo indicador es tres veces menor.<\/p>\n<p>Finalmente son los hombres los que menos creen: 29% \u00a0vs el 22% de las mujeres<\/p>\n\n\t\t<style>\n\t\t\t#gallery-1 {\n\t\t\t\tmargin: auto;\n\t\t\t}\n\t\t\t#gallery-1 .gallery-item {\n\t\t\t\tfloat: left;\n\t\t\t\tmargin-top: 10px;\n\t\t\t\ttext-align: center;\n\t\t\t\twidth: 50%;\n\t\t\t}\n\t\t\t#gallery-1 img {\n\t\t\t\tborder: 2px solid #cfcfcf;\n\t\t\t}\n\t\t\t#gallery-1 .gallery-caption {\n\t\t\t\tmargin-left: 0;\n\t\t\t}\n\t\t\t\/* see gallery_shortcode() in wp-includes\/media.php *\/\n\t\t<\/style>\n\t\t<div id='gallery-1' class='gallery galleryid-2115 gallery-columns-2 gallery-size-thumbnail'><dl class='gallery-item'>\n\t\t\t<dt class='gallery-icon landscape'>\n\t\t\t\t<a href='https:\/\/delfoscba.com.ar\/dev\/wp-content\/uploads\/2011\/07\/edadamistad.jpg'><img decoding=\"async\" width=\"150\" height=\"150\" src=\"https:\/\/delfoscba.com.ar\/dev\/wp-content\/uploads\/2011\/07\/edadamistad-150x150.jpg\" class=\"attachment-thumbnail size-thumbnail\" alt=\"\" srcset=\"https:\/\/delfoscba.com.ar\/dev\/wp-content\/uploads\/2011\/07\/edadamistad-150x150.jpg 150w, https:\/\/delfoscba.com.ar\/dev\/wp-content\/uploads\/2011\/07\/edadamistad-440x440.jpg 440w\" sizes=\"(max-width: 150px) 100vw, 150px\" \/><\/a>\n\t\t\t<\/dt><\/dl><dl class='gallery-item'>\n\t\t\t<dt class='gallery-icon landscape'>\n\t\t\t\t<a href='https:\/\/delfoscba.com.ar\/dev\/wp-content\/uploads\/2011\/07\/sexoamistad.jpg'><img decoding=\"async\" width=\"150\" height=\"150\" src=\"https:\/\/delfoscba.com.ar\/dev\/wp-content\/uploads\/2011\/07\/sexoamistad-150x150.jpg\" class=\"attachment-thumbnail size-thumbnail\" alt=\"\" \/><\/a>\n\t\t\t<\/dt><\/dl><br style=\"clear: both\" \/><dl class='gallery-item'>\n\t\t\t<dt class='gallery-icon landscape'>\n\t\t\t\t<a href='https:\/\/delfoscba.com.ar\/dev\/wp-content\/uploads\/2011\/07\/delfos_430x150_01-3.gif'><img decoding=\"async\" width=\"150\" height=\"150\" src=\"https:\/\/delfoscba.com.ar\/dev\/wp-content\/uploads\/2011\/07\/delfos_430x150_01-3-150x150.gif\" class=\"attachment-thumbnail size-thumbnail\" alt=\"\" \/><\/a>\n\t\t\t<\/dt><\/dl><dl class='gallery-item'>\n\t\t\t<dt class='gallery-icon landscape'>\n\t\t\t\t<a href='https:\/\/delfoscba.com.ar\/dev\/wp-content\/uploads\/2011\/07\/amistadclase.jpg'><img loading=\"lazy\" decoding=\"async\" width=\"150\" height=\"150\" src=\"https:\/\/delfoscba.com.ar\/dev\/wp-content\/uploads\/2011\/07\/amistadclase-150x150.jpg\" class=\"attachment-thumbnail size-thumbnail\" alt=\"\" srcset=\"https:\/\/delfoscba.com.ar\/dev\/wp-content\/uploads\/2011\/07\/amistadclase-150x150.jpg 150w, https:\/\/delfoscba.com.ar\/dev\/wp-content\/uploads\/2011\/07\/amistadclase-440x440.jpg 440w\" sizes=\"(max-width: 150px) 100vw, 150px\" \/><\/a>\n\t\t\t<\/dt><\/dl><br style=\"clear: both\" \/><dl class='gallery-item'>\n\t\t\t<dt class='gallery-icon landscape'>\n\t\t\t\t<a href='https:\/\/delfoscba.com.ar\/dev\/wp-content\/uploads\/2011\/07\/generalamistad.jpg'><img loading=\"lazy\" decoding=\"async\" width=\"150\" height=\"150\" src=\"https:\/\/delfoscba.com.ar\/dev\/wp-content\/uploads\/2011\/07\/generalamistad-150x150.jpg\" class=\"attachment-thumbnail size-thumbnail\" alt=\"\" srcset=\"https:\/\/delfoscba.com.ar\/dev\/wp-content\/uploads\/2011\/07\/generalamistad-150x150.jpg 150w, https:\/\/delfoscba.com.ar\/dev\/wp-content\/uploads\/2011\/07\/generalamistad-440x440.jpg 440w\" sizes=\"(max-width: 150px) 100vw, 150px\" \/><\/a>\n\t\t\t<\/dt><\/dl>\n\t\t\t<br style='clear: both' \/>\n\t\t<\/div>\n\n<p><strong><span style=\"text-decoration: underline;\">Ficha T\u00e9cnica<\/span><\/strong><\/p>\n<p>&#8211; 750 casos domiciliarios en la Ciudad de C\u00f3rdoba. Margen de error +\/- 3,5<\/p>\n<p>&#8211; Primer semana de julio 11.<\/p>\n<p>&#8211; Consultora Delfos &#8211; Rivadavia 85 &#8211; Tel: 5261127<\/p>\n<p>&#8211; <a href=\"http:\/\/twitter.com\/#!\/delfoscba\"><span style=\"color: #0000ff;\">@delfoscba<\/span><\/a><\/p>\n<p><a href=\"www.cordobaturismo.gov.ar\/\"><img loading=\"lazy\" decoding=\"async\" class=\"alignnone size-full wp-image-549\" title=\"delfos_430x150_01 (3)\" src=\"https:\/\/delfoscba.com.ar\/\/dev\/\/wp-content\/uploads\/2011\/07\/delfos_430x150_01-3.gif\" alt=\"\" width=\"430\" height=\"150\" \/><\/a><\/p>\n","protected":false},"excerpt":{"rendered":"<p>Uno de cada tres cordobeses no cree en la amistad entre el hombre y la mujer La investigaci\u00f3n realizada por la\u00a0consultora Delfos en la provincia de C\u00f3rdoba muestra que el 27 por ciento de los consultados dijo no creer en la \u201camistad\u201d entre el hombre y la mujer. Si se toma en cuenta que la [&hellip;]<\/p>\n","protected":false},"author":1,"featured_media":549,"comment_status":"open","ping_status":"open","sticky":false,"template":"","format":"standard","meta":{"_acf_changed":false,"footnotes":""},"categories":[90],"tags":[100,95],"class_list":["post-2115","post","type-post","status-publish","format-standard","has-post-thumbnail","hentry","category-el-dato-de-delfos","tag-amistad","tag-amor","et-has-post-format-content","et_post_format-et-post-format-standard"],"acf":[],"_links":{"self":[{"href":"https:\/\/delfoscba.com.ar\/dev\/wp-json\/wp\/v2\/posts\/2115","targetHints":{"allow":["GET"]}}],"collection":[{"href":"https:\/\/delfoscba.com.ar\/dev\/wp-json\/wp\/v2\/posts"}],"about":[{"href":"https:\/\/delfoscba.com.ar\/dev\/wp-json\/wp\/v2\/types\/post"}],"author":[{"embeddable":true,"href":"https:\/\/delfoscba.com.ar\/dev\/wp-json\/wp\/v2\/users\/1"}],"replies":[{"embeddable":true,"href":"https:\/\/delfoscba.com.ar\/dev\/wp-json\/wp\/v2\/comments?post=2115"}],"version-history":[{"count":2,"href":"https:\/\/delfoscba.com.ar\/dev\/wp-json\/wp\/v2\/posts\/2115\/revisions"}],"predecessor-version":[{"id":10966,"href":"https:\/\/delfoscba.com.ar\/dev\/wp-json\/wp\/v2\/posts\/2115\/revisions\/10966"}],"wp:featuredmedia":[{"embeddable":true,"href":"https:\/\/delfoscba.com.ar\/dev\/wp-json\/wp\/v2\/media\/549"}],"wp:attachment":[{"href":"https:\/\/delfoscba.com.ar\/dev\/wp-json\/wp\/v2\/media?parent=2115"}],"wp:term":[{"taxonomy":"category","embeddable":true,"href":"https:\/\/delfoscba.com.ar\/dev\/wp-json\/wp\/v2\/categories?post=2115"},{"taxonomy":"post_tag","embeddable":true,"href":"https:\/\/delfoscba.com.ar\/dev\/wp-json\/wp\/v2\/tags?post=2115"}],"curies":[{"name":"wp","href":"https:\/\/api.w.org\/{rel}","templated":true}]}}