{"id":2283,"date":"2014-01-13T18:29:32","date_gmt":"2014-01-13T21:29:32","guid":{"rendered":"https:\/\/delfosold.exportech.com.ar\/?p=2283"},"modified":"2021-04-21T19:31:45","modified_gmt":"2021-04-21T19:31:45","slug":"el-55-de-los-argentinos-vacacionara-en-casa","status":"publish","type":"post","link":"https:\/\/delfoscba.com.ar\/dev\/economia\/el-55-de-los-argentinos-vacacionara-en-casa\/","title":{"rendered":"El 55% de los argentinos \u201cvacacionar\u00e1\u201d en casa"},"content":{"rendered":"<p>M\u00e1s de la mitad de los argentinos pasar\u00e1 este a\u00f1o sus vacaciones en el hogar debido a los altos costos de viajar con la familia hasta un destino tur\u00edstico, seg\u00fan una encuesta privada.<\/p>\n<p>El 55% de los argentinos consultados asegur\u00f3 que no piensa en salir de vacaciones, mientras que un 34% dijo que viajar\u00e1 y otro 11% a\u00fan lo est\u00e1 evaluando.<\/p>\n<p>Los argentinos aspiran a poder tomarse un descanso y dentro de esa chance est\u00e1n dispuestos a realizar gastos estipulados, pero al ser excesivo en muchos casos provoc\u00f3 que m\u00e1s de la mitad de los encuestados se incline por permanecer en su casa.<\/p>\n<p>Seg\u00fan un sondeo de la consultora TNS Argentina, los planes para disfrutar de unas vacaciones durante el 2014 son mayores entre los hombres (38% contra 30% de las mujeres), los m\u00e1s j\u00f3venes (45% contra 25% de los mayores de 50 a\u00f1os), los sectores altos (74% contra 24% de los m\u00e1s bajos) y los porte\u00f1os (46% contra 39% del Gran Buenos Aires y 30% de los residentes del interior).<\/p>\n<p><strong>La falta de dinero<\/strong><\/p>\n<p>Entre quienes no saldr\u00e1n de vacaciones este a\u00f1o, la principal raz\u00f3n declarada es la falta de dinero, mencionada por casi 7 de cada 10 encuestados (67%), mientras que un 9% se\u00f1ala que debe quedarse trabajando, un 6% prefiere quedarse en su vivienda y un 4% no tiene tiempo. La falta de dinero es m\u00e1s destacada en los mayores de 50 a\u00f1os que en los m\u00e1s j\u00f3venes (72% contra 56%), quienes a su vez son los que, de tener un extra disponible, priorizan el gasto en vacaciones.<\/p>\n<p>Pero una de las principales barreras es el permanente aumento de los precios, que frenan cualquier posibilidad de programar las vacaciones.<\/p>\n<p>En tanto, la gran mayor\u00eda de los argentinos que saldr\u00e1 de vacaciones este a\u00f1o declar\u00f3 que viajar\u00e1 por su cuenta (78%) y de ese total, un 22% contratar\u00e1 sus vacaciones a trav\u00e9s de internet o telef\u00f3nicamente mientras que m\u00e1s de la mitad de los encuestados (56%) declara que improvisar\u00e1 y contratar\u00e1 sus vacaciones reci\u00e9n cuando lleguen a destino.<\/p>\n<p>El sondeo se\u00f1ala tambi\u00e9n que la conducta independiente e improvisada de contratar las vacaciones en el lugar es m\u00e1s com\u00fan entre los hombres que las mujeres (63% contra 47%), los m\u00e1s j\u00f3venes (60% vs. 54% de los adultos mayores de 65 a\u00f1os), los residentes del Gran Buenos Aires y el interior del pa\u00eds (60% y 57% respectivamente contra 41% de Capital Federal) y en los sectores m\u00e1s bajos (65% vs. 47% de los altos).<\/p>\n<p>Por otra parte, en el estudio tambi\u00e9n se indag\u00f3 acerca de cu\u00e1nto se piensa gastar por persona en estas vacaciones y en promedio, se estima que se invertir\u00e1n $3.360 por persona que viaje.<\/p>\n","protected":false},"excerpt":{"rendered":"<p>Los altos costos para viajar, la falta de dinero y el incremento de los precios son los principales obst\u00e1culos para las familias.<\/p>\n","protected":false},"author":1,"featured_media":2284,"comment_status":"open","ping_status":"open","sticky":false,"template":"","format":"standard","meta":{"_acf_changed":false,"footnotes":""},"categories":[2],"tags":[],"class_list":["post-2283","post","type-post","status-publish","format-standard","has-post-thumbnail","hentry","category-economia","et-has-post-format-content","et_post_format-et-post-format-standard"],"acf":[],"_links":{"self":[{"href":"https:\/\/delfoscba.com.ar\/dev\/wp-json\/wp\/v2\/posts\/2283","targetHints":{"allow":["GET"]}}],"collection":[{"href":"https:\/\/delfoscba.com.ar\/dev\/wp-json\/wp\/v2\/posts"}],"about":[{"href":"https:\/\/delfoscba.com.ar\/dev\/wp-json\/wp\/v2\/types\/post"}],"author":[{"embeddable":true,"href":"https:\/\/delfoscba.com.ar\/dev\/wp-json\/wp\/v2\/users\/1"}],"replies":[{"embeddable":true,"href":"https:\/\/delfoscba.com.ar\/dev\/wp-json\/wp\/v2\/comments?post=2283"}],"version-history":[{"count":1,"href":"https:\/\/delfoscba.com.ar\/dev\/wp-json\/wp\/v2\/posts\/2283\/revisions"}],"predecessor-version":[{"id":10989,"href":"https:\/\/delfoscba.com.ar\/dev\/wp-json\/wp\/v2\/posts\/2283\/revisions\/10989"}],"wp:featuredmedia":[{"embeddable":true,"href":"https:\/\/delfoscba.com.ar\/dev\/wp-json\/wp\/v2\/media\/2284"}],"wp:attachment":[{"href":"https:\/\/delfoscba.com.ar\/dev\/wp-json\/wp\/v2\/media?parent=2283"}],"wp:term":[{"taxonomy":"category","embeddable":true,"href":"https:\/\/delfoscba.com.ar\/dev\/wp-json\/wp\/v2\/categories?post=2283"},{"taxonomy":"post_tag","embeddable":true,"href":"https:\/\/delfoscba.com.ar\/dev\/wp-json\/wp\/v2\/tags?post=2283"}],"curies":[{"name":"wp","href":"https:\/\/api.w.org\/{rel}","templated":true}]}}