{"id":2305,"date":"2014-02-26T10:05:49","date_gmt":"2014-02-26T13:05:49","guid":{"rendered":"https:\/\/delfosold.exportech.com.ar\/?p=2305"},"modified":"2014-02-26T10:05:49","modified_gmt":"2014-02-26T13:05:49","slug":"en-cordoba-un-millon-de-personas-son-fumadores","status":"publish","type":"post","link":"https:\/\/delfoscba.com.ar\/dev\/sociedad\/en-cordoba-un-millon-de-personas-son-fumadores\/","title":{"rendered":"En C\u00f3rdoba hay un mill\u00f3n de fumadores"},"content":{"rendered":"<p>En la provincia de C\u00f3rdoba fuma el 35 por ciento de la poblaci\u00f3n lo que representa a 928.179 personas.<\/p>\n<p>Si se tiene en cuenta que la encuesta la respondieron mayores de 18 a\u00f1os y que hay muchos menores que fuman, se podr\u00eda asegurar la cifra de fumadores en C\u00f3rdoba se eleva a un mill\u00f3n de personas.<\/p>\n<p>En relaci\u00f3n al 2010 la cantidad de fumadores se estanc\u00f3.<\/p>\n<p><a href=\"https:\/\/delfoscba.com.ar\/\/dev\/\/wp-content\/uploads\/2014\/02\/fumadores.jpg\"><img fetchpriority=\"high\" decoding=\"async\" class=\"alignnone size-medium wp-image-2306\" title=\"fumadores\" src=\"https:\/\/delfoscba.com.ar\/\/dev\/\/wp-content\/uploads\/2014\/02\/fumadores-300x227.jpg\" alt=\"\" width=\"300\" height=\"227\" \/><\/a><\/p>\n\n\t\t<style>\n\t\t\t#gallery-1 {\n\t\t\t\tmargin: auto;\n\t\t\t}\n\t\t\t#gallery-1 .gallery-item {\n\t\t\t\tfloat: left;\n\t\t\t\tmargin-top: 10px;\n\t\t\t\ttext-align: center;\n\t\t\t\twidth: 100%;\n\t\t\t}\n\t\t\t#gallery-1 img {\n\t\t\t\tborder: 2px solid #cfcfcf;\n\t\t\t}\n\t\t\t#gallery-1 .gallery-caption {\n\t\t\t\tmargin-left: 0;\n\t\t\t}\n\t\t\t\/* see gallery_shortcode() in wp-includes\/media.php *\/\n\t\t<\/style>\n\t\t<div id='gallery-1' class='gallery galleryid-2305 gallery-columns-1 gallery-size-thumbnail'><dl class='gallery-item'>\n\t\t\t<dt class='gallery-icon landscape'>\n\t\t\t\t<a href='https:\/\/delfoscba.com.ar\/dev\/wp-content\/uploads\/2014\/02\/fumadores.jpg'><img decoding=\"async\" width=\"150\" height=\"150\" src=\"https:\/\/delfoscba.com.ar\/dev\/wp-content\/uploads\/2014\/02\/fumadores-150x150.jpg\" class=\"attachment-thumbnail size-thumbnail\" alt=\"\" \/><\/a>\n\t\t\t<\/dt><\/dl><br style=\"clear: both\" \/><dl class='gallery-item'>\n\t\t\t<dt class='gallery-icon landscape'>\n\t\t\t\t<a href='https:\/\/delfoscba.com.ar\/dev\/wp-content\/uploads\/2014\/02\/clase-social.jpg'><img decoding=\"async\" width=\"150\" height=\"150\" src=\"https:\/\/delfoscba.com.ar\/dev\/wp-content\/uploads\/2014\/02\/clase-social-150x150.jpg\" class=\"attachment-thumbnail size-thumbnail\" alt=\"\" \/><\/a>\n\t\t\t<\/dt><\/dl><br style=\"clear: both\" \/><dl class='gallery-item'>\n\t\t\t<dt class='gallery-icon landscape'>\n\t\t\t\t<a href='https:\/\/delfoscba.com.ar\/dev\/wp-content\/uploads\/2014\/02\/edad.jpg'><img loading=\"lazy\" decoding=\"async\" width=\"150\" height=\"150\" src=\"https:\/\/delfoscba.com.ar\/dev\/wp-content\/uploads\/2014\/02\/edad-150x150.jpg\" class=\"attachment-thumbnail size-thumbnail\" alt=\"\" \/><\/a>\n\t\t\t<\/dt><\/dl><br style=\"clear: both\" \/><dl class='gallery-item'>\n\t\t\t<dt class='gallery-icon landscape'>\n\t\t\t\t<a href='https:\/\/delfoscba.com.ar\/dev\/wp-content\/uploads\/2014\/02\/SEXO.jpg'><img loading=\"lazy\" decoding=\"async\" width=\"150\" height=\"150\" src=\"https:\/\/delfoscba.com.ar\/dev\/wp-content\/uploads\/2014\/02\/SEXO-150x150.jpg\" class=\"attachment-thumbnail size-thumbnail\" alt=\"\" \/><\/a>\n\t\t\t<\/dt><\/dl><br style=\"clear: both\" \/><dl class='gallery-item'>\n\t\t\t<dt class='gallery-icon landscape'>\n\t\t\t\t<a href='https:\/\/delfoscba.com.ar\/dev\/wp-content\/uploads\/2014\/02\/perfil.jpg'><img loading=\"lazy\" decoding=\"async\" width=\"150\" height=\"150\" src=\"https:\/\/delfoscba.com.ar\/dev\/wp-content\/uploads\/2014\/02\/perfil-150x150.jpg\" class=\"attachment-thumbnail size-thumbnail\" alt=\"\" \/><\/a>\n\t\t\t<\/dt><\/dl><br style=\"clear: both\" \/>\n\t\t<\/div>\n\n<p>Relevamiento cuantitativo realizado en la Provincia de C\u00f3rdoba sobre 1.800 casos domiciliarios.<\/p>\n<p>&nbsp;<\/p>\n<p>&nbsp;<\/p>\n","protected":false},"excerpt":{"rendered":"<p>La consultora Delfos realiz\u00f3 una investigaci\u00f3n sobre el perfil del fumador en la Provincia de la que surge que el 35% de los mayores de 18 a\u00f1os consume tabaco. <\/p>\n","protected":false},"author":1,"featured_media":0,"comment_status":"open","ping_status":"open","sticky":false,"template":"","format":"standard","meta":{"_acf_changed":false,"footnotes":""},"categories":[4],"tags":[],"class_list":["post-2305","post","type-post","status-publish","format-standard","hentry","category-sociedad","et-doesnt-have-format-content","et_post_format-et-post-format-standard"],"acf":[],"_links":{"self":[{"href":"https:\/\/delfoscba.com.ar\/dev\/wp-json\/wp\/v2\/posts\/2305","targetHints":{"allow":["GET"]}}],"collection":[{"href":"https:\/\/delfoscba.com.ar\/dev\/wp-json\/wp\/v2\/posts"}],"about":[{"href":"https:\/\/delfoscba.com.ar\/dev\/wp-json\/wp\/v2\/types\/post"}],"author":[{"embeddable":true,"href":"https:\/\/delfoscba.com.ar\/dev\/wp-json\/wp\/v2\/users\/1"}],"replies":[{"embeddable":true,"href":"https:\/\/delfoscba.com.ar\/dev\/wp-json\/wp\/v2\/comments?post=2305"}],"version-history":[{"count":0,"href":"https:\/\/delfoscba.com.ar\/dev\/wp-json\/wp\/v2\/posts\/2305\/revisions"}],"wp:attachment":[{"href":"https:\/\/delfoscba.com.ar\/dev\/wp-json\/wp\/v2\/media?parent=2305"}],"wp:term":[{"taxonomy":"category","embeddable":true,"href":"https:\/\/delfoscba.com.ar\/dev\/wp-json\/wp\/v2\/categories?post=2305"},{"taxonomy":"post_tag","embeddable":true,"href":"https:\/\/delfoscba.com.ar\/dev\/wp-json\/wp\/v2\/tags?post=2305"}],"curies":[{"name":"wp","href":"https:\/\/api.w.org\/{rel}","templated":true}]}}