{"id":2340,"date":"2014-03-05T11:51:12","date_gmt":"2014-03-05T14:51:12","guid":{"rendered":"https:\/\/delfosold.exportech.com.ar\/?p=2340"},"modified":"2014-03-05T11:51:12","modified_gmt":"2014-03-05T14:51:12","slug":"clase-media-duplica-a-la-clase-baja","status":"publish","type":"post","link":"https:\/\/delfoscba.com.ar\/dev\/headline\/clase-media-duplica-a-la-clase-baja\/","title":{"rendered":"Clase media duplica a la clase baja"},"content":{"rendered":"<div>\n<p>\u00a0Si tomamos a la movilidad social como un indicador de la buena o mala situaci\u00f3n socioecon\u00f3mica de la poblaci\u00f3n, deber\u00edamos decir que estamos bastante mejor que en 2006.<\/p>\n<p>Al comparar 2006 (cuando la Asociaci\u00f3n Argentina de Marketing renov\u00f3 el \u00edndice de nivel socioecon\u00f3mico) con 2013 se observa un claro crecimiento de la clase media y una reducci\u00f3n de la clase baja. En otras palabras, en los \u00faltimos siete a\u00f1os creci\u00f3 la cantidad de personas que mejoraron su situaci\u00f3n socioecon\u00f3mica en el pa\u00eds. El dato surge de comparar los resultados de una encuesta de alcance nacional realizada por la consultora Delfos en 2013 con los de un estudio de la Asociaci\u00f3n Argentina de Marketing (AAM), elaborado en 2006. De acuerdo a este an\u00e1lisis, mientras que en 2006, la clase media representaba al 24 por ciento de la poblaci\u00f3n, en 2013 el porcentaje se elev\u00f3 al 30 por ciento. Mientras, la sumatoria de las clases baja y marginal pas\u00f3 del 24 en 2006 al 16 por ciento el a\u00f1o pasado.<\/p>\n<p>Si se observa la evoluci\u00f3n en la clase alta top (ABC1), se aprecia que la misma apenas vari\u00f3 en los \u00faltimos siete a\u00f1os (pas\u00f3 del seis por ciento en 2006 al siete por ciento en 2013), la media alta (C2) creci\u00f3 (del 14 por ciento en 2006 al 16 por ciento en 2013) y la media baja (D1) apenas vari\u00f3 (del 32 por ciento en 2006 al 31 por ciento en 2013).<\/p>\n<p>As\u00ed, una lectura del proceso arroja que en los \u00faltimos siete a\u00f1os la pir\u00e1mide del Nivel Socioecon\u00f3mico (NSE) en el plano nacional acusa un proceso de movilidad social ascendente, con crecimiento de la clase media y reducci\u00f3n de la pobreza, de lo que resulta una menor polarizaci\u00f3n social relativa. Significativamente, los datos relevados por Luis Dall\u2019 Aglio y Norman Berra de Delfos coinciden de manera casi exacta con los calculados por la consultora W, del especialista en consumo Guillermo Oliveto, seg\u00fan los cuales la clase alta top alcanza el siete por ciento (ingreso familiar promedio de 66.500 pesos), la media alta el 17 por ciento, la media t\u00edpica el 30 por ciento, la media baja el 31 por ciento y la baja el 15 por ciento.<\/p>\n<p>Clase por clase<\/p>\n<p>Considerando los datos segmentaci\u00f3n econ\u00f3mica, se puede afirmar que la clase media estricta se corresponde con el segmento C3, es decir que tres de cada 10 argentinos pertenecen a la clase media t\u00edpica. En cambio, si se atienden criterios sociol\u00f3gicos, ese universo se ampl\u00eda, ya que el segmento C2 est\u00e1 por encima de la clase media t\u00edpica por variables econ\u00f3micas y poder de consumo, pero tiene comportamientos similares a esa clase en t\u00e9rminos sociales, educativos y culturales. Atendiendo a este matiz, la \u201cclase media\u201d abarcar\u00eda al 46 por ciento del total de la poblaci\u00f3n.<\/p>\n<p>Finalmente, si se contempla adem\u00e1s a la clase media baja (que en estos a\u00f1os pudo volver a consumir, despu\u00e9s de la crisis econ\u00f3mica y financiera de 2001), que sin ser clase media t\u00edpica tiende a identificarse con ella (de hecho, la tiene como \u201caspiracional\u201d), resultar\u00eda un universo del 77 por ciento, que sintom\u00e1ticamente coincide con el 80 por ciento de argentinos que se definen y sienten como de clase media, autopercepci\u00f3n que, por supuesto, excede a las definiciones estrictas de la estad\u00edstica.<\/p>\n<p><a href=\"https:\/\/delfoscba.com.ar\/\/dev\/\/wp-content\/uploads\/2014\/03\/INSE1.jpg\"><img fetchpriority=\"high\" decoding=\"async\" class=\"alignnone size-full wp-image-2342\" title=\"INSE\" src=\"https:\/\/delfoscba.com.ar\/\/dev\/\/wp-content\/uploads\/2014\/03\/INSE1.jpg\" alt=\"\" width=\"840\" height=\"359\" srcset=\"https:\/\/delfoscba.com.ar\/dev\/wp-content\/uploads\/2014\/03\/INSE1.jpg 840w, https:\/\/delfoscba.com.ar\/dev\/wp-content\/uploads\/2014\/03\/INSE1-300x128.jpg 300w, https:\/\/delfoscba.com.ar\/dev\/wp-content\/uploads\/2014\/03\/INSE1-768x328.jpg 768w\" sizes=\"(max-width: 840px) 100vw, 840px\" \/><\/a><\/p>\n<p>Fuente: La Voz del Interior<\/p>\n<\/div>\n<div><\/div>\n","protected":false},"excerpt":{"rendered":"<p>Entre 2006 y 2013, el segmento medio de la poblaci\u00f3n trep\u00f3 al 30 por ciento, mientras que el de menos recursos baj\u00f3 al 16 por ciento.<\/p>\n","protected":false},"author":1,"featured_media":0,"comment_status":"open","ping_status":"open","sticky":false,"template":"","format":"standard","meta":{"_acf_changed":false,"footnotes":""},"categories":[127],"tags":[],"class_list":["post-2340","post","type-post","status-publish","format-standard","hentry","category-headline","et-doesnt-have-format-content","et_post_format-et-post-format-standard"],"acf":[],"_links":{"self":[{"href":"https:\/\/delfoscba.com.ar\/dev\/wp-json\/wp\/v2\/posts\/2340","targetHints":{"allow":["GET"]}}],"collection":[{"href":"https:\/\/delfoscba.com.ar\/dev\/wp-json\/wp\/v2\/posts"}],"about":[{"href":"https:\/\/delfoscba.com.ar\/dev\/wp-json\/wp\/v2\/types\/post"}],"author":[{"embeddable":true,"href":"https:\/\/delfoscba.com.ar\/dev\/wp-json\/wp\/v2\/users\/1"}],"replies":[{"embeddable":true,"href":"https:\/\/delfoscba.com.ar\/dev\/wp-json\/wp\/v2\/comments?post=2340"}],"version-history":[{"count":0,"href":"https:\/\/delfoscba.com.ar\/dev\/wp-json\/wp\/v2\/posts\/2340\/revisions"}],"wp:attachment":[{"href":"https:\/\/delfoscba.com.ar\/dev\/wp-json\/wp\/v2\/media?parent=2340"}],"wp:term":[{"taxonomy":"category","embeddable":true,"href":"https:\/\/delfoscba.com.ar\/dev\/wp-json\/wp\/v2\/categories?post=2340"},{"taxonomy":"post_tag","embeddable":true,"href":"https:\/\/delfoscba.com.ar\/dev\/wp-json\/wp\/v2\/tags?post=2340"}],"curies":[{"name":"wp","href":"https:\/\/api.w.org\/{rel}","templated":true}]}}