{"id":2405,"date":"2015-02-18T12:17:15","date_gmt":"2015-02-18T15:17:15","guid":{"rendered":"https:\/\/delfosold.exportech.com.ar\/?p=2405"},"modified":"2021-04-21T20:09:33","modified_gmt":"2021-04-21T20:09:33","slug":"80-de-los-argentinos-aprueba-el-18f","status":"publish","type":"post","link":"https:\/\/delfoscba.com.ar\/dev\/politica\/80-de-los-argentinos-aprueba-el-18f\/","title":{"rendered":"80% de los argentinos aprueba el 18F"},"content":{"rendered":"<p><strong>M\u00e1s del 80%<\/strong>\u00a0de la poblaci\u00f3n est\u00e1 de acuerdo con la marcha de silencio del pr\u00f3ximo 18 de febrero para reclamar justicia tras la muerte del fiscal Alberto Nisman. As\u00ed se desprende de una encuesta realizada en la Capital Federal, el Gran Buenos Aires y 18 ciudades del interior del pa\u00eds por la consultora\u00a0<em>Polldata<\/em>.<\/p>\n<p>Concretamente, el\u00a0<strong>80,2%<\/strong>\u00a0de los consultados aprueba la realizaci\u00f3n de la marcha del #18F, m\u00e1s all\u00e1 de que concurra o no, el\u00a0<strong>16,7%\u00a0<\/strong>la desaprueba y el\u00a0<strong>3,1%<\/strong>\u00a0evit\u00f3 responder.<\/p>\n<div>\u00a0<iframe src=\"https:\/\/www.youtube.com\/embed\/3kJl9J-9l6I\" width=\"440\" height=\"390\" frameborder=\"0\"><\/iframe><\/div>\n<p><script async src=\"\/\/pagead2.googlesyndication.com\/pagead\/js\/adsbygoogle.js\"><\/script><br \/>\n<!-- delfos --><br \/>\n<ins class=\"adsbygoogle\" style=\"display: inline-block; width: 728px; height: 90px;\" data-ad-client=\"ca-pub-8566725049919255\" data-ad-slot=\"4500436125\"><\/ins><br \/>\n<script>\n(adsbygoogle = window.adsbygoogle || []).push({});\n<\/script><br \/>\n&#8212;&#8212;&#8212;&#8212;<br \/>\n<script async src=\"\/\/pagead2.googlesyndication.com\/pagead\/js\/adsbygoogle.js\"><\/script><br \/>\n<!-- delfos --><br \/>\n<ins class=\"adsbygoogle\" style=\"display: inline-block; width: 728px; height: 90px;\" data-ad-client=\"ca-pub-8566725049919255\" data-ad-slot=\"4500436125\"><\/ins><br \/>\n<script>\n(adsbygoogle = window.adsbygoogle || []).push({});\n<\/script><br \/>\n&#8212;&#8212;&#8212;&#8212;&#8212;&#8212;<\/p>\n","protected":false},"excerpt":{"rendered":"<p>Un relevamiento de una Consultora Nacional marca un amplio apoyo de los argentinos al 18F. <\/p>\n","protected":false},"author":1,"featured_media":2406,"comment_status":"open","ping_status":"open","sticky":false,"template":"","format":"standard","meta":{"_acf_changed":false,"footnotes":""},"categories":[3],"tags":[],"class_list":["post-2405","post","type-post","status-publish","format-standard","has-post-thumbnail","hentry","category-politica","et-has-post-format-content","et_post_format-et-post-format-standard"],"acf":[],"_links":{"self":[{"href":"https:\/\/delfoscba.com.ar\/dev\/wp-json\/wp\/v2\/posts\/2405","targetHints":{"allow":["GET"]}}],"collection":[{"href":"https:\/\/delfoscba.com.ar\/dev\/wp-json\/wp\/v2\/posts"}],"about":[{"href":"https:\/\/delfoscba.com.ar\/dev\/wp-json\/wp\/v2\/types\/post"}],"author":[{"embeddable":true,"href":"https:\/\/delfoscba.com.ar\/dev\/wp-json\/wp\/v2\/users\/1"}],"replies":[{"embeddable":true,"href":"https:\/\/delfoscba.com.ar\/dev\/wp-json\/wp\/v2\/comments?post=2405"}],"version-history":[{"count":1,"href":"https:\/\/delfoscba.com.ar\/dev\/wp-json\/wp\/v2\/posts\/2405\/revisions"}],"predecessor-version":[{"id":11044,"href":"https:\/\/delfoscba.com.ar\/dev\/wp-json\/wp\/v2\/posts\/2405\/revisions\/11044"}],"wp:featuredmedia":[{"embeddable":true,"href":"https:\/\/delfoscba.com.ar\/dev\/wp-json\/wp\/v2\/media\/2406"}],"wp:attachment":[{"href":"https:\/\/delfoscba.com.ar\/dev\/wp-json\/wp\/v2\/media?parent=2405"}],"wp:term":[{"taxonomy":"category","embeddable":true,"href":"https:\/\/delfoscba.com.ar\/dev\/wp-json\/wp\/v2\/categories?post=2405"},{"taxonomy":"post_tag","embeddable":true,"href":"https:\/\/delfoscba.com.ar\/dev\/wp-json\/wp\/v2\/tags?post=2405"}],"curies":[{"name":"wp","href":"https:\/\/api.w.org\/{rel}","templated":true}]}}