{"id":2513,"date":"2015-11-16T17:54:10","date_gmt":"2015-11-16T20:54:10","guid":{"rendered":"https:\/\/delfosold.exportech.com.ar\/?p=2513"},"modified":"2021-04-21T20:04:34","modified_gmt":"2021-04-21T20:04:34","slug":"indecisos-un-111-dice-que-no-tiene-definido-su-voto","status":"publish","type":"post","link":"https:\/\/delfoscba.com.ar\/dev\/politica\/indecisos-un-111-dice-que-no-tiene-definido-su-voto\/","title":{"rendered":"Indecisos: un 11,1% dice que no tiene definido su voto"},"content":{"rendered":"<p>Aunque falta poco m\u00e1s de una semana para el balotaje, un 11,1% de la poblaci\u00f3n todav\u00eda no tiene decidido a qui\u00e9n va a votar, seg\u00fan una encuesta de Management&amp;Fit que midi\u00f3 la intenci\u00f3n de voto a Presidente.<\/p>\n<p>Esa es la proporci\u00f3n de los argentinos que a\u00fan no decidi\u00f3 si le dar\u00e1 el voto a Daniel Scioli o a Mauricio Macri. En cambio, un 46,5% de los encuestados manifest\u00f3 que \u201ccree\u201d que votar\u00e1 al candidato del PRO (Macri), y un 39,9% supone que votar\u00e1 a Scioli, el candidato oficialista. Si se proyectan los indecisos, Macri llega al 52% y Scioli al 43,7%.<\/p>\n<p>De acuerdo con los datos del sondeo, un 2,1% de los consultados consider\u00f3 que votar\u00eda \u201cen blanco\u201d o que impugnar\u00eda el voto. Mientras que un 0,4% de la muestra contest\u00f3 que \u201cno ir\u00eda a votar\u201d.<\/p>\n<p>Al evaluar m\u00e1s en detalle el comportamiento de los votantes, seg\u00fan las distintas \u00e1reas geogr\u00e1ficos, se detectaron proporcionalmente m\u00e1s votantes optando por Macri en las regiones de Centro y Cuyo. En esta \u00faltima es d\u00f3nde se observ\u00f3 un mayor margen entre ambos candidatos.<\/p>\n<p>En el resto de las regiones, en tanto, donde el kirchnerismo gan\u00f3 hist\u00f3ricamente mayor cantidad de adeptos, el candidato oficialista le sacar\u00eda una diferencia considerable a Macri, seg\u00fan los resultados de la encuesta de m&amp;f.<\/p>\n<p>En este sentido, el 49,3% de los potenciales votantes en el NEA se inclin\u00f3 por Scioli, as\u00ed como el 47,8% en el NOA y el 48% en el Sur del pa\u00eds.<br \/>\nEl candidato opositor se alz\u00f3 con la intenci\u00f3n de voto del 49% en la regi\u00f3n Centro y con el 45,9% en la de Cuyo.<\/p>\n<p>En el escenario del inminente baloje, curiosamente, la mayor cantidad de indecisos a la hora de votar, se encuentra en las zonas Centro y Cuyo.<\/p>\n<p>Fuente: Clar\u00edn<\/p>\n","protected":false},"excerpt":{"rendered":"<p>Aunque falta poco m\u00e1s de una semana para el balotaje, un 11,1% de la poblaci\u00f3n todav\u00eda no tiene decidido a qui\u00e9n va a votar, seg\u00fan una encuesta de Management&#038;Fit que midi\u00f3 la intenci\u00f3n de voto a Presidente.<\/p>\n","protected":false},"author":1,"featured_media":2514,"comment_status":"open","ping_status":"open","sticky":false,"template":"","format":"standard","meta":{"_acf_changed":false,"footnotes":""},"categories":[3],"tags":[],"class_list":["post-2513","post","type-post","status-publish","format-standard","has-post-thumbnail","hentry","category-politica","et-has-post-format-content","et_post_format-et-post-format-standard"],"acf":[],"_links":{"self":[{"href":"https:\/\/delfoscba.com.ar\/dev\/wp-json\/wp\/v2\/posts\/2513","targetHints":{"allow":["GET"]}}],"collection":[{"href":"https:\/\/delfoscba.com.ar\/dev\/wp-json\/wp\/v2\/posts"}],"about":[{"href":"https:\/\/delfoscba.com.ar\/dev\/wp-json\/wp\/v2\/types\/post"}],"author":[{"embeddable":true,"href":"https:\/\/delfoscba.com.ar\/dev\/wp-json\/wp\/v2\/users\/1"}],"replies":[{"embeddable":true,"href":"https:\/\/delfoscba.com.ar\/dev\/wp-json\/wp\/v2\/comments?post=2513"}],"version-history":[{"count":1,"href":"https:\/\/delfoscba.com.ar\/dev\/wp-json\/wp\/v2\/posts\/2513\/revisions"}],"predecessor-version":[{"id":11034,"href":"https:\/\/delfoscba.com.ar\/dev\/wp-json\/wp\/v2\/posts\/2513\/revisions\/11034"}],"wp:featuredmedia":[{"embeddable":true,"href":"https:\/\/delfoscba.com.ar\/dev\/wp-json\/wp\/v2\/media\/2514"}],"wp:attachment":[{"href":"https:\/\/delfoscba.com.ar\/dev\/wp-json\/wp\/v2\/media?parent=2513"}],"wp:term":[{"taxonomy":"category","embeddable":true,"href":"https:\/\/delfoscba.com.ar\/dev\/wp-json\/wp\/v2\/categories?post=2513"},{"taxonomy":"post_tag","embeddable":true,"href":"https:\/\/delfoscba.com.ar\/dev\/wp-json\/wp\/v2\/tags?post=2513"}],"curies":[{"name":"wp","href":"https:\/\/api.w.org\/{rel}","templated":true}]}}