{"id":2582,"date":"2016-02-29T12:29:10","date_gmt":"2016-02-29T15:29:10","guid":{"rendered":"https:\/\/delfosold.exportech.com.ar\/?p=2582"},"modified":"2021-04-21T20:02:28","modified_gmt":"2021-04-21T20:02:28","slug":"58-de-los-brasilenos-pide-la-dimision-de-dilma-rousseff","status":"publish","type":"post","link":"https:\/\/delfoscba.com.ar\/dev\/politica\/58-de-los-brasilenos-pide-la-dimision-de-dilma-rousseff\/","title":{"rendered":"58% de los brasile\u00f1os pide la dimisi\u00f3n de Dilma Rousseff"},"content":{"rendered":"<p>Rousseff ha ido perdiendo apoyos desde marzo de 2013, cuando la popularidad de la mandataria lleg\u00f3 a alcanzar el 65%. En diciembre del a\u00f1o siguiente, en 2014, la cifra cay\u00f3 hasta el 42% en medio del esc\u00e1ndalo de la empresa estatal Petr\u00f3leos Brasile\u00f1os (Petrobras) que golpe\u00f3 y sigue golpeando al Partido de los Trabajadores (PT) de Rousseff.<\/p>\n<p>As\u00ed lo recogen los medios latinoamericanos, como la Iberoam\u00e9rica Central de Noticias (ICN), que pone el \u00e9nfasis en que tambi\u00e9n el presidente de Uruguay, Tabar\u00e9 V\u00e1zquez, solo consigue el 28% del apoyo seg\u00fan la encuesta de Opci\u00f3n Consultores. La econom\u00eda es la principal preocupaci\u00f3n de los uruguayos.<\/p>\n","protected":false},"excerpt":{"rendered":"<p>La \u00faltima encuesta de Datafolha ha estimado que la aprobaci\u00f3n a la presidenta de Brasil, Dilma Rousseff, ha ca\u00eddo hasta el 11%. <\/p>\n","protected":false},"author":1,"featured_media":2583,"comment_status":"open","ping_status":"open","sticky":false,"template":"","format":"standard","meta":{"_acf_changed":false,"footnotes":""},"categories":[3],"tags":[],"class_list":["post-2582","post","type-post","status-publish","format-standard","has-post-thumbnail","hentry","category-politica","et-has-post-format-content","et_post_format-et-post-format-standard"],"acf":[],"_links":{"self":[{"href":"https:\/\/delfoscba.com.ar\/dev\/wp-json\/wp\/v2\/posts\/2582","targetHints":{"allow":["GET"]}}],"collection":[{"href":"https:\/\/delfoscba.com.ar\/dev\/wp-json\/wp\/v2\/posts"}],"about":[{"href":"https:\/\/delfoscba.com.ar\/dev\/wp-json\/wp\/v2\/types\/post"}],"author":[{"embeddable":true,"href":"https:\/\/delfoscba.com.ar\/dev\/wp-json\/wp\/v2\/users\/1"}],"replies":[{"embeddable":true,"href":"https:\/\/delfoscba.com.ar\/dev\/wp-json\/wp\/v2\/comments?post=2582"}],"version-history":[{"count":1,"href":"https:\/\/delfoscba.com.ar\/dev\/wp-json\/wp\/v2\/posts\/2582\/revisions"}],"predecessor-version":[{"id":11030,"href":"https:\/\/delfoscba.com.ar\/dev\/wp-json\/wp\/v2\/posts\/2582\/revisions\/11030"}],"wp:featuredmedia":[{"embeddable":true,"href":"https:\/\/delfoscba.com.ar\/dev\/wp-json\/wp\/v2\/media\/2583"}],"wp:attachment":[{"href":"https:\/\/delfoscba.com.ar\/dev\/wp-json\/wp\/v2\/media?parent=2582"}],"wp:term":[{"taxonomy":"category","embeddable":true,"href":"https:\/\/delfoscba.com.ar\/dev\/wp-json\/wp\/v2\/categories?post=2582"},{"taxonomy":"post_tag","embeddable":true,"href":"https:\/\/delfoscba.com.ar\/dev\/wp-json\/wp\/v2\/tags?post=2582"}],"curies":[{"name":"wp","href":"https:\/\/api.w.org\/{rel}","templated":true}]}}