{"id":2689,"date":"2016-07-19T12:12:41","date_gmt":"2016-07-19T15:12:41","guid":{"rendered":"https:\/\/delfosold.exportech.com.ar\/?p=2689"},"modified":"2021-04-13T13:39:59","modified_gmt":"2021-04-13T13:39:59","slug":"el-primer-semestre-genero-mas-cordobeses-endeudados","status":"publish","type":"post","link":"https:\/\/delfoscba.com.ar\/dev\/economia\/el-primer-semestre-genero-mas-cordobeses-endeudados\/","title":{"rendered":"Encuesta | El primer semestre gener\u00f3 m\u00e1s cordobeses endeudados"},"content":{"rendered":"<p>Tambi\u00e9n aumentaron las deudas con bancos, con el Estado (impuestos) y con un prestamista o financiera.<\/p>\n<p>El endeudamiento peg\u00f3 m\u00e1s en la clase baja y en Capital.<\/p>\n<p>Se redujo levemente el endeudamiento con tarjetas de cr\u00e9ditos.<\/p>\n<p>De todos modos, esta situaci\u00f3n no modific\u00f3 sustancialmente la percepci\u00f3n de rendimiento de los ingresos familiares ya que las proporciones se mantienen en porcentajes similares respecto de febrero: el 56 por ciento vive con lo justo, a cerca del 35 no le alcanzan y poco menos del 10, incluso puede ahorrar.<\/p>\n<p>Los datos surgen de una encuesta domiciliaria, de 1.800 casos efectuada en Junio de 2016.<\/p>\n<p><a href=\"https:\/\/delfoscba.com.ar\/\/dev\/\/wp-content\/uploads\/2016\/07\/DEUDA-DELFOS-01.jpg\"><img fetchpriority=\"high\" decoding=\"async\" class=\"size-full wp-image-2691 aligncenter\" title=\"DEUDA DELFOS 01\" src=\"https:\/\/delfoscba.com.ar\/\/dev\/\/wp-content\/uploads\/2016\/07\/DEUDA-DELFOS-01.jpg\" alt=\"\" width=\"486\" height=\"295\" srcset=\"https:\/\/delfoscba.com.ar\/dev\/wp-content\/uploads\/2016\/07\/DEUDA-DELFOS-01.jpg 486w, https:\/\/delfoscba.com.ar\/dev\/wp-content\/uploads\/2016\/07\/DEUDA-DELFOS-01-300x182.jpg 300w\" sizes=\"(max-width: 486px) 100vw, 486px\" \/><\/a><\/p>\n<p><a href=\"https:\/\/delfoscba.com.ar\/\/dev\/\/wp-content\/uploads\/2016\/07\/DEUDA-DELFOS-021.jpg\"><img decoding=\"async\" class=\"size-full wp-image-2694 aligncenter\" title=\"DEUDA DELFOS 02\" src=\"https:\/\/delfoscba.com.ar\/\/dev\/\/wp-content\/uploads\/2016\/07\/DEUDA-DELFOS-021.jpg\" alt=\"\" width=\"486\" height=\"282\" srcset=\"https:\/\/delfoscba.com.ar\/dev\/wp-content\/uploads\/2016\/07\/DEUDA-DELFOS-021.jpg 486w, https:\/\/delfoscba.com.ar\/dev\/wp-content\/uploads\/2016\/07\/DEUDA-DELFOS-021-300x174.jpg 300w\" sizes=\"(max-width: 486px) 100vw, 486px\" \/><\/a><\/p>\n<p>&nbsp;<\/p>\n<p>&nbsp;<\/p>\n","protected":false},"excerpt":{"rendered":"<p>Entre diciembre y junio aument\u00f3 un 10 por ciento el endeudamiento de los cordobeses. La mayor\u00eda lo hizo con una empresa de servicios p\u00fablicos. Esto tiene directa relaci\u00f3n con el aumento de las tarifas. <\/p>\n","protected":false},"author":1,"featured_media":2690,"comment_status":"open","ping_status":"open","sticky":false,"template":"","format":"standard","meta":{"_acf_changed":false,"footnotes":""},"categories":[2],"tags":[],"class_list":["post-2689","post","type-post","status-publish","format-standard","has-post-thumbnail","hentry","category-economia","et-has-post-format-content","et_post_format-et-post-format-standard"],"acf":[],"_links":{"self":[{"href":"https:\/\/delfoscba.com.ar\/dev\/wp-json\/wp\/v2\/posts\/2689","targetHints":{"allow":["GET"]}}],"collection":[{"href":"https:\/\/delfoscba.com.ar\/dev\/wp-json\/wp\/v2\/posts"}],"about":[{"href":"https:\/\/delfoscba.com.ar\/dev\/wp-json\/wp\/v2\/types\/post"}],"author":[{"embeddable":true,"href":"https:\/\/delfoscba.com.ar\/dev\/wp-json\/wp\/v2\/users\/1"}],"replies":[{"embeddable":true,"href":"https:\/\/delfoscba.com.ar\/dev\/wp-json\/wp\/v2\/comments?post=2689"}],"version-history":[{"count":1,"href":"https:\/\/delfoscba.com.ar\/dev\/wp-json\/wp\/v2\/posts\/2689\/revisions"}],"predecessor-version":[{"id":10782,"href":"https:\/\/delfoscba.com.ar\/dev\/wp-json\/wp\/v2\/posts\/2689\/revisions\/10782"}],"wp:featuredmedia":[{"embeddable":true,"href":"https:\/\/delfoscba.com.ar\/dev\/wp-json\/wp\/v2\/media\/2690"}],"wp:attachment":[{"href":"https:\/\/delfoscba.com.ar\/dev\/wp-json\/wp\/v2\/media?parent=2689"}],"wp:term":[{"taxonomy":"category","embeddable":true,"href":"https:\/\/delfoscba.com.ar\/dev\/wp-json\/wp\/v2\/categories?post=2689"},{"taxonomy":"post_tag","embeddable":true,"href":"https:\/\/delfoscba.com.ar\/dev\/wp-json\/wp\/v2\/tags?post=2689"}],"curies":[{"name":"wp","href":"https:\/\/api.w.org\/{rel}","templated":true}]}}